{"id":3211,"date":"2025-06-13T14:45:32","date_gmt":"2025-06-13T20:45:32","guid":{"rendered":"https:\/\/theplayoffs.news\/mx\/?p=3211"},"modified":"2025-06-13T15:27:45","modified_gmt":"2025-06-13T21:27:45","slug":"neuer-celebra-su-participacion-en-el-mundial-de-clubes-es-especial","status":"publish","type":"post","link":"https:\/\/theplayoffs.news\/mx\/neuer-celebra-su-participacion-en-el-mundial-de-clubes-es-especial\/","title":{"rendered":"Neuer celebra su participaci\u00f3n en el Mundial de Clubes: &#8220;Es especial&#8221;"},"content":{"rendered":"<p>Campe&oacute;n del mundo con Alemania, el portero Manuel Neuer se mostr&oacute; entusiasmado por participar en la primera edici&oacute;n del Mundial de Clubes de la FIFA. En una entrevista con el diario <em>As<\/em> de Espa&ntilde;a, el guardameta afirm&oacute; que formar parte del torneo es algo &ldquo;especial&rdquo;. El Bayern llega a la competici&oacute;n como uno de los grandes candidatos al t&iacute;tulo.<\/p><h2 class=\"wp-block-heading\"><strong>Neuer est&aacute; motivado para disputar el Mundial de Clubes de la FIFA<\/strong><\/h2><p>En su exitosa carrera, Manuel Neuer se ha destacado como uno de los mejores porteros en la historia de Alemania, conquistando la Copa del Mundo de 2014 en Brasil. Adem&aacute;s, el guardameta es toda una leyenda del Bayern M&uacute;nich, club con el que ha ganado numerosos t&iacute;tulos, incluida la UEFA Champions League. Sin embargo, incluso con un historial impresionante, el jugador a&uacute;n desea seguir haciendo historia.<\/p><p>Ahora, con el Mundial de Clubes de la FIFA acerc&aacute;ndose, Neuer se ha mostrado motivado por conquistar un trofeo in&eacute;dito con el gigante del f&uacute;tbol alem&aacute;n. Describiendo la oportunidad de disputar el torneo como algo especial, el arquero afirm&oacute; que muchos clubes quisieran estar en esa misma posici&oacute;n. Tambi&eacute;n expres&oacute; su curiosidad por el prestigio que la competici&oacute;n alcanzar&aacute; en el futuro.<\/p><p><strong>&ldquo;Creo que es especial participar en este Mundial de Clubes. Hay equipos que no est&aacute;n aqu&iacute;, y eso los perjudica. Probablemente tambi&eacute;n les gustar&iacute;a jugar este torneo. Veremos, dentro de algunos a&ntilde;os o d&eacute;cadas, el prestigio que tendr&aacute; este formato. Es dif&iacute;cil decirlo ahora, porque es la primera vez que se juega,&rdquo;<\/strong> declar&oacute; Neuer.<\/p><h2 class=\"wp-block-heading\"><strong>Debut del Bayern<\/strong><\/h2><p>El Bayern M&uacute;nich comenzar&aacute; su campa&ntilde;a en el Mundial de Clubes de la FIFA el pr&oacute;ximo domingo, 15 de junio. En la primera jornada de la fase de grupos del torneo, el equipo alem&aacute;n se enfrentar&aacute; al Auckland City, de Nueva Zelanda. El Benfica, de Portugal, y Boca Juniors, de Argentina, completan el Grupo C de la competici&oacute;n.<\/p>\n","protected":false},"excerpt":{"rendered":"","protected":false},"author":16,"featured_media":3212,"comment_status":"closed","ping_status":"closed","sticky":false,"template":"","format":"standard","meta":{"_acf_changed":false,"tpgb_global_settings":"","kia_subtitle":"","_mux_skip_reasons":[],"proofreadBy":0,"footnotes":""},"categories":[124,1],"tags":[],"class_list":["post-3211","post","type-post","status-publish","format-standard","has-post-thumbnail","hentry","category-deportes","category-uncategorized"],"acf":[],"yoast_head":"<!-- This site is optimized with the Yoast SEO plugin v24.1 - https:\/\/yoast.com\/wordpress\/plugins\/seo\/ -->\n<title>Neuer celebra su participaci&oacute;n en el Mundial de Clubes: &quot;Es especial&quot; - ThePlayoffs - MX<\/title>\n<meta name=\"description\" content=\"Neuer, campe&oacute;n del mundo con Alemania, est&aacute; motivado para disputar el Mundial de Clubes de la FIFA con el Bayern M&uacute;nich.\" \/>\n<meta name=\"robots\" content=\"index, follow, max-snippet:-1, max-image-preview:large, max-video-preview:-1\" \/>\n<link rel=\"canonical\" href=\"https:\/\/theplayoffs.news\/mx\/neuer-celebra-su-participacion-en-el-mundial-de-clubes-es-especial\/\" \/>\n<meta property=\"og:locale\" content=\"es_MX\" \/>\n<meta property=\"og:type\" content=\"article\" \/>\n<meta property=\"og:title\" content=\"Neuer celebra su participaci&oacute;n en el Mundial de Clubes: &quot;Es especial&quot; - ThePlayoffs - MX\" \/>\n<meta property=\"og:description\" content=\"Neuer, campe&oacute;n del mundo con Alemania, est&aacute; motivado para disputar el Mundial de Clubes de la FIFA con el Bayern M&uacute;nich.\" \/>\n<meta property=\"og:url\" content=\"https:\/\/theplayoffs.news\/mx\/neuer-celebra-su-participacion-en-el-mundial-de-clubes-es-especial\/\" \/>\n<meta property=\"og:site_name\" content=\"ThePlayoffs - MX\" \/>\n<meta property=\"article:modified_time\" content=\"2025-06-13T21:27:45+00:00\" \/>\n<meta property=\"og:image\" content=\"https:\/\/theplayoffs.news\/mx\/wp-content\/uploads\/2025\/06\/Neuer-celebra-participacao-na-Copa-do-Mundo-de-Cubes.webp\" \/>\n\t<meta property=\"og:image:width\" content=\"2048\" \/>\n\t<meta property=\"og:image:height\" content=\"1464\" \/>\n\t<meta property=\"og:image:type\" content=\"image\/webp\" \/>\n<meta name=\"author\" content=\"mateus\" \/>\n<meta name=\"twitter:card\" content=\"summary_large_image\" \/>\n<meta name=\"twitter:label1\" content=\"Escrito por\" \/>\n\t<meta name=\"twitter:data1\" content=\"mateus\" \/>\n\t<meta name=\"twitter:label2\" content=\"Tiempo de lectura\" \/>\n\t<meta name=\"twitter:data2\" content=\"2 minutos\" \/>\n<script type=\"application\/ld+json\" class=\"yoast-schema-graph\">{\"@context\":\"https:\/\/schema.org\",\"@graph\":[{\"@type\":\"WebPage\",\"@id\":\"https:\/\/theplayoffs.news\/mx\/neuer-celebra-su-participacion-en-el-mundial-de-clubes-es-especial\/\",\"url\":\"https:\/\/theplayoffs.news\/mx\/neuer-celebra-su-participacion-en-el-mundial-de-clubes-es-especial\/\",\"name\":\"Neuer celebra su participaci\u00f3n en el Mundial de Clubes: \\\\\\\"Es especial\\\\\\\" - ThePlayoffs - MX\",\"isPartOf\":{\"@id\":\"https:\/\/theplayoffs.news\/mx\/#website\"},\"primaryImageOfPage\":{\"@id\":\"https:\/\/theplayoffs.news\/mx\/neuer-celebra-su-participacion-en-el-mundial-de-clubes-es-especial\/#primaryimage\"},\"image\":{\"@id\":\"https:\/\/theplayoffs.news\/mx\/neuer-celebra-su-participacion-en-el-mundial-de-clubes-es-especial\/#primaryimage\"},\"thumbnailUrl\":\"https:\/\/theplayoffs.news\/mx\/wp-content\/uploads\/2025\/06\/Neuer-celebra-participacao-na-Copa-do-Mundo-de-Cubes.webp\",\"datePublished\":\"2025-06-13T20:45:32+00:00\",\"dateModified\":\"2025-06-13T21:27:45+00:00\",\"author\":{\"@id\":\"https:\/\/theplayoffs.news\/mx\/#\/schema\/person\/90d1bae6715f215bf58ff10fa3a5f399\"},\"description\":\"Neuer, campe\u00f3n del mundo con Alemania, est\u00e1 motivado para disputar el Mundial de Clubes de la FIFA con el Bayern M\u00fanich.\",\"breadcrumb\":{\"@id\":\"https:\/\/theplayoffs.news\/mx\/neuer-celebra-su-participacion-en-el-mundial-de-clubes-es-especial\/#breadcrumb\"},\"inLanguage\":\"es-MX\",\"potentialAction\":[{\"@type\":\"ReadAction\",\"target\":[\"https:\/\/theplayoffs.news\/mx\/neuer-celebra-su-participacion-en-el-mundial-de-clubes-es-especial\/\"]}]},{\"@type\":\"ImageObject\",\"inLanguage\":\"es-MX\",\"@id\":\"https:\/\/theplayoffs.news\/mx\/neuer-celebra-su-participacion-en-el-mundial-de-clubes-es-especial\/#primaryimage\",\"url\":\"https:\/\/theplayoffs.news\/mx\/wp-content\/uploads\/2025\/06\/Neuer-celebra-participacao-na-Copa-do-Mundo-de-Cubes.webp\",\"contentUrl\":\"https:\/\/theplayoffs.news\/mx\/wp-content\/uploads\/2025\/06\/Neuer-celebra-participacao-na-Copa-do-Mundo-de-Cubes.webp\",\"width\":2048,\"height\":1464},{\"@type\":\"BreadcrumbList\",\"@id\":\"https:\/\/theplayoffs.news\/mx\/neuer-celebra-su-participacion-en-el-mundial-de-clubes-es-especial\/#breadcrumb\",\"itemListElement\":[{\"@type\":\"ListItem\",\"position\":1,\"name\":\"Home\",\"item\":\"https:\/\/theplayoffs.news\/mx\/\"},{\"@type\":\"ListItem\",\"position\":2,\"name\":\"Neuer celebra su participaci\u00f3n en el Mundial de Clubes: &#8220;Es especial&#8221;\"}]},{\"@type\":\"WebSite\",\"@id\":\"https:\/\/theplayoffs.news\/mx\/#website\",\"url\":\"https:\/\/theplayoffs.news\/mx\/\",\"name\":\"ThePlayoffs - MX\",\"description\":\"Comparte tu pasi\u00f3n por los deportes y las apuestas\",\"potentialAction\":[{\"@type\":\"SearchAction\",\"target\":{\"@type\":\"EntryPoint\",\"urlTemplate\":\"https:\/\/theplayoffs.news\/mx\/?s={search_term_string}\"},\"query-input\":{\"@type\":\"PropertyValueSpecification\",\"valueRequired\":true,\"valueName\":\"search_term_string\"}}],\"inLanguage\":\"es-MX\"},{\"@type\":\"Person\",\"@id\":\"https:\/\/theplayoffs.news\/mx\/#\/schema\/person\/90d1bae6715f215bf58ff10fa3a5f399\",\"name\":\"mateus\",\"image\":{\"@type\":\"ImageObject\",\"inLanguage\":\"es-MX\",\"@id\":\"https:\/\/theplayoffs.news\/mx\/#\/schema\/person\/image\/\",\"url\":\"https:\/\/secure.gravatar.com\/avatar\/b2d5663296347ddf333b69a8bf6d4e9a1202fa182d2affae1aba0412fd16b0e3?s=96&d=mm&r=g\",\"contentUrl\":\"https:\/\/secure.gravatar.com\/avatar\/b2d5663296347ddf333b69a8bf6d4e9a1202fa182d2affae1aba0412fd16b0e3?s=96&d=mm&r=g\",\"caption\":\"mateus\"},\"url\":\"https:\/\/theplayoffs.news\/mx\/author\/mateus\/\"}]}<\/script>\n<!-- \/ Yoast SEO plugin. -->","yoast_head_json":{"title":"Neuer celebra su participaci&oacute;n en el Mundial de Clubes: &quot;Es especial&quot; - ThePlayoffs - MX","description":"Neuer, campe&oacute;n del mundo con Alemania, est&aacute; motivado para disputar el Mundial de Clubes de la FIFA con el Bayern M&uacute;nich.","robots":{"index":"index","follow":"follow","max-snippet":"max-snippet:-1","max-image-preview":"max-image-preview:large","max-video-preview":"max-video-preview:-1"},"canonical":"https:\/\/theplayoffs.news\/mx\/neuer-celebra-su-participacion-en-el-mundial-de-clubes-es-especial\/","og_locale":"es_MX","og_type":"article","og_title":"Neuer celebra su participaci&oacute;n en el Mundial de Clubes: &quot;Es especial&quot; - ThePlayoffs - MX","og_description":"Neuer, campe&oacute;n del mundo con Alemania, est&aacute; motivado para disputar el Mundial de Clubes de la FIFA con el Bayern M&uacute;nich.","og_url":"https:\/\/theplayoffs.news\/mx\/neuer-celebra-su-participacion-en-el-mundial-de-clubes-es-especial\/","og_site_name":"ThePlayoffs - MX","article_modified_time":"2025-06-13T21:27:45+00:00","og_image":[{"width":2048,"height":1464,"url":"https:\/\/theplayoffs.news\/mx\/wp-content\/uploads\/2025\/06\/Neuer-celebra-participacao-na-Copa-do-Mundo-de-Cubes.webp","type":"image\/webp"}],"author":"mateus","twitter_card":"summary_large_image","twitter_misc":{"Escrito por":"mateus","Tiempo de lectura":"2 minutos"},"schema":{"@context":"https:\/\/schema.org","@graph":[{"@type":"WebPage","@id":"https:\/\/theplayoffs.news\/mx\/neuer-celebra-su-participacion-en-el-mundial-de-clubes-es-especial\/","url":"https:\/\/theplayoffs.news\/mx\/neuer-celebra-su-participacion-en-el-mundial-de-clubes-es-especial\/","name":"Neuer celebra su participaci\u00f3n en el Mundial de Clubes: \\\"Es especial\\\" - ThePlayoffs - MX","isPartOf":{"@id":"https:\/\/theplayoffs.news\/mx\/#website"},"primaryImageOfPage":{"@id":"https:\/\/theplayoffs.news\/mx\/neuer-celebra-su-participacion-en-el-mundial-de-clubes-es-especial\/#primaryimage"},"image":{"@id":"https:\/\/theplayoffs.news\/mx\/neuer-celebra-su-participacion-en-el-mundial-de-clubes-es-especial\/#primaryimage"},"thumbnailUrl":"https:\/\/theplayoffs.news\/mx\/wp-content\/uploads\/2025\/06\/Neuer-celebra-participacao-na-Copa-do-Mundo-de-Cubes.webp","datePublished":"2025-06-13T20:45:32+00:00","dateModified":"2025-06-13T21:27:45+00:00","author":{"@id":"https:\/\/theplayoffs.news\/mx\/#\/schema\/person\/90d1bae6715f215bf58ff10fa3a5f399"},"description":"Neuer, campe\u00f3n del mundo con Alemania, est\u00e1 motivado para disputar el Mundial de Clubes de la FIFA con el Bayern M\u00fanich.","breadcrumb":{"@id":"https:\/\/theplayoffs.news\/mx\/neuer-celebra-su-participacion-en-el-mundial-de-clubes-es-especial\/#breadcrumb"},"inLanguage":"es-MX","potentialAction":[{"@type":"ReadAction","target":["https:\/\/theplayoffs.news\/mx\/neuer-celebra-su-participacion-en-el-mundial-de-clubes-es-especial\/"]}]},{"@type":"ImageObject","inLanguage":"es-MX","@id":"https:\/\/theplayoffs.news\/mx\/neuer-celebra-su-participacion-en-el-mundial-de-clubes-es-especial\/#primaryimage","url":"https:\/\/theplayoffs.news\/mx\/wp-content\/uploads\/2025\/06\/Neuer-celebra-participacao-na-Copa-do-Mundo-de-Cubes.webp","contentUrl":"https:\/\/theplayoffs.news\/mx\/wp-content\/uploads\/2025\/06\/Neuer-celebra-participacao-na-Copa-do-Mundo-de-Cubes.webp","width":2048,"height":1464},{"@type":"BreadcrumbList","@id":"https:\/\/theplayoffs.news\/mx\/neuer-celebra-su-participacion-en-el-mundial-de-clubes-es-especial\/#breadcrumb","itemListElement":[{"@type":"ListItem","position":1,"name":"Home","item":"https:\/\/theplayoffs.news\/mx\/"},{"@type":"ListItem","position":2,"name":"Neuer celebra su participaci\u00f3n en el Mundial de Clubes: &#8220;Es especial&#8221;"}]},{"@type":"WebSite","@id":"https:\/\/theplayoffs.news\/mx\/#website","url":"https:\/\/theplayoffs.news\/mx\/","name":"ThePlayoffs - MX","description":"Comparte tu pasi\u00f3n por los deportes y las apuestas","potentialAction":[{"@type":"SearchAction","target":{"@type":"EntryPoint","urlTemplate":"https:\/\/theplayoffs.news\/mx\/?s={search_term_string}"},"query-input":{"@type":"PropertyValueSpecification","valueRequired":true,"valueName":"search_term_string"}}],"inLanguage":"es-MX"},{"@type":"Person","@id":"https:\/\/theplayoffs.news\/mx\/#\/schema\/person\/90d1bae6715f215bf58ff10fa3a5f399","name":"mateus","image":{"@type":"ImageObject","inLanguage":"es-MX","@id":"https:\/\/theplayoffs.news\/mx\/#\/schema\/person\/image\/","url":"https:\/\/secure.gravatar.com\/avatar\/b2d5663296347ddf333b69a8bf6d4e9a1202fa182d2affae1aba0412fd16b0e3?s=96&d=mm&r=g","contentUrl":"https:\/\/secure.gravatar.com\/avatar\/b2d5663296347ddf333b69a8bf6d4e9a1202fa182d2affae1aba0412fd16b0e3?s=96&d=mm&r=g","caption":"mateus"},"url":"https:\/\/theplayoffs.news\/mx\/author\/mateus\/"}]}},"tpgb_featured_images":{"full":["https:\/\/theplayoffs.news\/mx\/wp-content\/uploads\/2025\/06\/Neuer-celebra-participacao-na-Copa-do-Mundo-de-Cubes.webp",2048,1464,false],"tp-image-grid":["https:\/\/theplayoffs.news\/mx\/wp-content\/uploads\/2025\/06\/Neuer-celebra-participacao-na-Copa-do-Mundo-de-Cubes-700x700.webp",700,700,true],"thumbnail":["https:\/\/theplayoffs.news\/mx\/wp-content\/uploads\/2025\/06\/Neuer-celebra-participacao-na-Copa-do-Mundo-de-Cubes-150x150.webp",150,150,true],"medium":["https:\/\/theplayoffs.news\/mx\/wp-content\/uploads\/2025\/06\/Neuer-celebra-participacao-na-Copa-do-Mundo-de-Cubes-600x429.webp",600,429,true],"medium_large":["https:\/\/theplayoffs.news\/mx\/wp-content\/uploads\/2025\/06\/Neuer-celebra-participacao-na-Copa-do-Mundo-de-Cubes-768x549.webp",768,549,true],"large":["https:\/\/theplayoffs.news\/mx\/wp-content\/uploads\/2025\/06\/Neuer-celebra-participacao-na-Copa-do-Mundo-de-Cubes-1200x858.webp",1200,858,true],"default":"https:\/\/theplayoffs.news\/mx\/wp-content\/plugins\/the-plus-addons-for-block-editor\/assets\/images\/tpgb-placeholder.jpg"},"tpgb_post_meta_info":{"get_date":"junio 13, 2025","category_list":{"category":[{"term_id":124,"name":"DEPORTES","slug":"deportes","term_group":0,"term_taxonomy_id":124,"taxonomy":"category","description":"","parent":0,"count":42,"filter":"raw"},{"term_id":1,"name":"Uncategorized","slug":"uncategorized","term_group":0,"term_taxonomy_id":1,"taxonomy":"category","description":"","parent":0,"count":14,"filter":"raw"}],"post_tag":false},"author_name":"mateus","author_url":"https:\/\/theplayoffs.news\/mx\/author\/mateus\/","author_email":"mateus.lacerda@moveup.media","author_website":"","author_description":"","author_facebook":"","author_twitter":"","author_instagram":"","author_role":["editor"],"author_firstname":"","author_lastname":"","user_login":"mateus","author_avatar":"<img alt='' src='https:\/\/secure.gravatar.com\/avatar\/b2d5663296347ddf333b69a8bf6d4e9a1202fa182d2affae1aba0412fd16b0e3?s=200&#038;d=mm&#038;r=g' srcset='https:\/\/secure.gravatar.com\/avatar\/b2d5663296347ddf333b69a8bf6d4e9a1202fa182d2affae1aba0412fd16b0e3?s=400&#038;d=mm&#038;r=g 2x' class='avatar avatar-200 photo' height='200' width='200' loading='lazy' decoding='async'\/>","author_avatar_url":"https:\/\/secure.gravatar.com\/avatar\/b2d5663296347ddf333b69a8bf6d4e9a1202fa182d2affae1aba0412fd16b0e3?s=96&d=mm&r=g","comment_count":0,"post_likes":0,"post_views":0},"tpgb_post_category":{"category":"<a href=\"https:\/\/theplayoffs.news\/mx\/deportes\/\" alt=\"DEPORTES\" class=\"category-deportes\">DEPORTES<\/a> <a href=\"https:\/\/theplayoffs.news\/mx\/uncategorized\/\" alt=\"Uncategorized\" class=\"category-uncategorized\">Uncategorized<\/a> "},"rttpg_featured_image_url":{"full":["https:\/\/theplayoffs.news\/mx\/wp-content\/uploads\/2025\/06\/Neuer-celebra-participacao-na-Copa-do-Mundo-de-Cubes.webp",2048,1464,false],"landscape":["https:\/\/theplayoffs.news\/mx\/wp-content\/uploads\/2025\/06\/Neuer-celebra-participacao-na-Copa-do-Mundo-de-Cubes.webp",2048,1464,false],"portraits":["https:\/\/theplayoffs.news\/mx\/wp-content\/uploads\/2025\/06\/Neuer-celebra-participacao-na-Copa-do-Mundo-de-Cubes.webp",2048,1464,false],"thumbnail":["https:\/\/theplayoffs.news\/mx\/wp-content\/uploads\/2025\/06\/Neuer-celebra-participacao-na-Copa-do-Mundo-de-Cubes-150x150.webp",150,150,true],"medium":["https:\/\/theplayoffs.news\/mx\/wp-content\/uploads\/2025\/06\/Neuer-celebra-participacao-na-Copa-do-Mundo-de-Cubes-600x429.webp",600,429,true],"large":["https:\/\/theplayoffs.news\/mx\/wp-content\/uploads\/2025\/06\/Neuer-celebra-participacao-na-Copa-do-Mundo-de-Cubes-1200x858.webp",1200,858,true],"1536x1536":["https:\/\/theplayoffs.news\/mx\/wp-content\/uploads\/2025\/06\/Neuer-celebra-participacao-na-Copa-do-Mundo-de-Cubes-1536x1098.webp",1536,1098,true],"2048x2048":["https:\/\/theplayoffs.news\/mx\/wp-content\/uploads\/2025\/06\/Neuer-celebra-participacao-na-Copa-do-Mundo-de-Cubes.webp",2048,1464,false],"tp-image-grid":["https:\/\/theplayoffs.news\/mx\/wp-content\/uploads\/2025\/06\/Neuer-celebra-participacao-na-Copa-do-Mundo-de-Cubes-700x700.webp",700,700,true]},"rttpg_author":{"display_name":"mateus","author_link":"https:\/\/theplayoffs.news\/mx\/author\/mateus\/"},"rttpg_comment":0,"rttpg_category":"<a href=\"https:\/\/theplayoffs.news\/mx\/deportes\/\" rel=\"category tag\">DEPORTES<\/a> <a href=\"https:\/\/theplayoffs.news\/mx\/uncategorized\/\" rel=\"category tag\">Uncategorized<\/a>","rttpg_excerpt":null,"_links":{"self":[{"href":"https:\/\/theplayoffs.news\/mx\/wp-json\/wp\/v2\/posts\/3211","targetHints":{"allow":["GET"]}}],"collection":[{"href":"https:\/\/theplayoffs.news\/mx\/wp-json\/wp\/v2\/posts"}],"about":[{"href":"https:\/\/theplayoffs.news\/mx\/wp-json\/wp\/v2\/types\/post"}],"author":[{"embeddable":true,"href":"https:\/\/theplayoffs.news\/mx\/wp-json\/wp\/v2\/users\/16"}],"replies":[{"embeddable":true,"href":"https:\/\/theplayoffs.news\/mx\/wp-json\/wp\/v2\/comments?post=3211"}],"version-history":[{"count":1,"href":"https:\/\/theplayoffs.news\/mx\/wp-json\/wp\/v2\/posts\/3211\/revisions"}],"predecessor-version":[{"id":3213,"href":"https:\/\/theplayoffs.news\/mx\/wp-json\/wp\/v2\/posts\/3211\/revisions\/3213"}],"wp:featuredmedia":[{"embeddable":true,"href":"https:\/\/theplayoffs.news\/mx\/wp-json\/wp\/v2\/media\/3212"}],"wp:attachment":[{"href":"https:\/\/theplayoffs.news\/mx\/wp-json\/wp\/v2\/media?parent=3211"}],"wp:term":[{"taxonomy":"category","embeddable":true,"href":"https:\/\/theplayoffs.news\/mx\/wp-json\/wp\/v2\/categories?post=3211"},{"taxonomy":"post_tag","embeddable":true,"href":"https:\/\/theplayoffs.news\/mx\/wp-json\/wp\/v2\/tags?post=3211"}],"curies":[{"name":"wp","href":"https:\/\/api.w.org\/{rel}","templated":true}]}}