{"id":2434,"date":"2025-04-29T07:52:04","date_gmt":"2025-04-29T13:52:04","guid":{"rendered":"https:\/\/theplayoffs.news\/mx\/?p=2434"},"modified":"2025-04-29T08:51:24","modified_gmt":"2025-04-29T14:51:24","slug":"durant-o-giannis-junto-a-victor-wembanyama-la-proxima-temporada","status":"publish","type":"post","link":"https:\/\/theplayoffs.news\/mx\/durant-o-giannis-junto-a-victor-wembanyama-la-proxima-temporada\/","title":{"rendered":"\u00bfDurant o Giannis junto a Victor Wembanyama la pr\u00f3xima temporada?"},"content":{"rendered":"<p>Despu&eacute;s de una temporada irregular, San Antonio apunta a un ascenso en la pr&oacute;xima campa&ntilde;a. La organizaci&oacute;n texana habr&iacute;a puesto el foco en Kevin Durant y Giannis Antetokounmpo como posibles incorporaciones clave para acompa&ntilde;ar a Victor Wembanyama.<\/p><p>Con un r&eacute;cord de 34 victorias y 48 derrotas, los Spurs terminaron en la 13&ordf; posici&oacute;n de la Conferencia Oeste. A&uacute;n en la lucha por el play-in despu&eacute;s de la llegada de De&rsquo;Aaron Fox en la fecha l&iacute;mite de intercambios, la franquicia vio c&oacute;mo se desplomaban sus esperanzas despu&eacute;s del All-Star Game de la NBA, cuando Victor Wembanyama se vio obligado a terminar su temporada debido a un co&aacute;gulo de sangre en el hombro.<\/p><p>Seg&uacute;n Jake Fischer, un insider bien informado del mercado de la NBA, los Spurs estar&iacute;an preparando activamente la temporada baja y se mostrar&iacute;an como contendientes cre&iacute;bles para atraer a Kevin Durant o Giannis Antetokounmpo. El equipo ya cuenta con una base prometedora, compuesta por Stephon Castle, Devin Vassell, Jeremy Sochan, adem&aacute;s de las dos estrellas: Victor Wembanyama y De&rsquo;Aaron Fox.<\/p><blockquote class=\"twitter-tweet\"><p lang=\"en\" dir=\"ltr\">There have been whispers around the league that the San Antonio Spurs could be a potential landing spot for Kevin Durant, per <a href=\"https:\/\/twitter.com\/JakeLFischer?ref_src=twsrc%5Etfw\" class=\"trk-cta-link\" data-cta-trk='{\"ctaType\":\"Link\",\"ctaSubType\":\"main\"}'>@JakeLFischer<\/a> <br><br>(Via <a href=\"https:\/\/twitter.com\/BleacherReport?ref_src=twsrc%5Etfw\" class=\"trk-cta-link\" data-cta-trk='{\"ctaType\":\"Link\",\"ctaSubType\":\"main\"}'>@BleacherReport<\/a> \/ h\/t <a href=\"https:\/\/twitter.com\/SpursInteracti1?ref_src=twsrc%5Etfw\" class=\"trk-cta-link\" data-cta-trk='{\"ctaType\":\"Link\",\"ctaSubType\":\"main\"}'>@SpursInteracti1<\/a>) <a href=\"https:\/\/t.co\/CHHA6JslCc\" class=\"trk-cta-link\" data-cta-trk='{\"ctaType\":\"Link\",\"ctaSubType\":\"main\"}'>pic.twitter.com\/CHHA6JslCc<\/a><\/p>&mdash; NBACentral (@TheDunkCentral) <a href=\"https:\/\/twitter.com\/TheDunkCentral\/status\/1916982759534236089?ref_src=twsrc%5Etfw\" class=\"trk-cta-link\" data-cta-trk='{\"ctaType\":\"Link\",\"ctaSubType\":\"main\"}'>April 28, 2025<\/a><\/blockquote><script async src=\"https:\/\/platform.twitter.com\/widgets.js\" charset=\"utf-8\"><\/script><p>Esta estrategia refleja una clara ambici&oacute;n: construir un equipo capaz de luchar por el t&iacute;tulo alrededor de Wembanyama. Un refuerzo como Durant o Antetokounmpo redefinir&iacute;a inmediatamente los contornos del proyecto texano.<\/p><p><em>Cr&eacute;dito: Kyle Terada-USA TODAY Sports<\/em><\/p>\n","protected":false},"excerpt":{"rendered":"","protected":false},"author":17,"featured_media":2435,"comment_status":"closed","ping_status":"closed","sticky":false,"template":"","format":"standard","meta":{"_acf_changed":false,"tpgb_global_settings":"","kia_subtitle":"","_mux_skip_reasons":[],"proofreadBy":0,"footnotes":""},"categories":[124,103],"tags":[104],"class_list":["post-2434","post","type-post","status-publish","format-standard","has-post-thumbnail","hentry","category-deportes","category-nba","tag-nba"],"acf":[],"yoast_head":"<!-- This site is optimized with the Yoast SEO plugin v24.1 - https:\/\/yoast.com\/wordpress\/plugins\/seo\/ -->\n<title>&iquest;Durant o Giannis junto a Victor Wembanyama?<\/title>\n<meta name=\"description\" content=\"Kevin Durant y Giannis Antetokounmpo ser&iacute;an las prioridades de los Spurs este verano para acompa&ntilde;ar a Victor Wembanyama desde la pr&oacute;xima temporada.\" \/>\n<meta name=\"robots\" content=\"index, follow, max-snippet:-1, max-image-preview:large, max-video-preview:-1\" \/>\n<link rel=\"canonical\" href=\"https:\/\/theplayoffs.news\/mx\/durant-o-giannis-junto-a-victor-wembanyama-la-proxima-temporada\/\" \/>\n<meta property=\"og:locale\" content=\"es_MX\" \/>\n<meta property=\"og:type\" content=\"article\" \/>\n<meta property=\"og:title\" content=\"&iquest;Durant o Giannis junto a Victor Wembanyama?\" \/>\n<meta property=\"og:description\" content=\"Kevin Durant y Giannis Antetokounmpo ser&iacute;an las prioridades de los Spurs este verano para acompa&ntilde;ar a Victor Wembanyama desde la pr&oacute;xima temporada.\" \/>\n<meta property=\"og:url\" content=\"https:\/\/theplayoffs.news\/mx\/durant-o-giannis-junto-a-victor-wembanyama-la-proxima-temporada\/\" \/>\n<meta property=\"og:site_name\" content=\"ThePlayoffs - MX\" \/>\n<meta property=\"article:modified_time\" content=\"2025-04-29T14:51:24+00:00\" \/>\n<meta property=\"og:image\" content=\"https:\/\/theplayoffs.news\/mx\/wp-content\/uploads\/2025\/04\/Durant-ou-Giannis-aux-cotes-de-Victor-Wembanyama-la-saison-prochaine.webp\" \/>\n\t<meta property=\"og:image:width\" content=\"1920\" \/>\n\t<meta property=\"og:image:height\" content=\"1280\" \/>\n\t<meta property=\"og:image:type\" content=\"image\/webp\" \/>\n<meta name=\"author\" content=\"Gonzalo\" \/>\n<meta name=\"twitter:card\" content=\"summary_large_image\" \/>\n<meta name=\"twitter:label1\" content=\"Escrito por\" \/>\n\t<meta name=\"twitter:data1\" content=\"Gonzalo\" \/>\n\t<meta name=\"twitter:label2\" content=\"Tiempo de lectura\" \/>\n\t<meta name=\"twitter:data2\" content=\"2 minutos\" \/>\n<script type=\"application\/ld+json\" class=\"yoast-schema-graph\">{\"@context\":\"https:\/\/schema.org\",\"@graph\":[{\"@type\":\"WebPage\",\"@id\":\"https:\/\/theplayoffs.news\/mx\/durant-o-giannis-junto-a-victor-wembanyama-la-proxima-temporada\/\",\"url\":\"https:\/\/theplayoffs.news\/mx\/durant-o-giannis-junto-a-victor-wembanyama-la-proxima-temporada\/\",\"name\":\"\u00bfDurant o Giannis junto a Victor Wembanyama?\",\"isPartOf\":{\"@id\":\"https:\/\/theplayoffs.news\/mx\/#website\"},\"primaryImageOfPage\":{\"@id\":\"https:\/\/theplayoffs.news\/mx\/durant-o-giannis-junto-a-victor-wembanyama-la-proxima-temporada\/#primaryimage\"},\"image\":{\"@id\":\"https:\/\/theplayoffs.news\/mx\/durant-o-giannis-junto-a-victor-wembanyama-la-proxima-temporada\/#primaryimage\"},\"thumbnailUrl\":\"https:\/\/theplayoffs.news\/mx\/wp-content\/uploads\/2025\/04\/Durant-ou-Giannis-aux-cotes-de-Victor-Wembanyama-la-saison-prochaine.webp\",\"datePublished\":\"2025-04-29T13:52:04+00:00\",\"dateModified\":\"2025-04-29T14:51:24+00:00\",\"author\":{\"@id\":\"https:\/\/theplayoffs.news\/mx\/#\/schema\/person\/da9e625fdfa4de07defd050e4a34e6f3\"},\"description\":\"Kevin Durant y Giannis Antetokounmpo ser\u00edan las prioridades de los Spurs este verano para acompa\u00f1ar a Victor Wembanyama desde la pr\u00f3xima temporada.\",\"breadcrumb\":{\"@id\":\"https:\/\/theplayoffs.news\/mx\/durant-o-giannis-junto-a-victor-wembanyama-la-proxima-temporada\/#breadcrumb\"},\"inLanguage\":\"es-MX\",\"potentialAction\":[{\"@type\":\"ReadAction\",\"target\":[\"https:\/\/theplayoffs.news\/mx\/durant-o-giannis-junto-a-victor-wembanyama-la-proxima-temporada\/\"]}]},{\"@type\":\"ImageObject\",\"inLanguage\":\"es-MX\",\"@id\":\"https:\/\/theplayoffs.news\/mx\/durant-o-giannis-junto-a-victor-wembanyama-la-proxima-temporada\/#primaryimage\",\"url\":\"https:\/\/theplayoffs.news\/mx\/wp-content\/uploads\/2025\/04\/Durant-ou-Giannis-aux-cotes-de-Victor-Wembanyama-la-saison-prochaine.webp\",\"contentUrl\":\"https:\/\/theplayoffs.news\/mx\/wp-content\/uploads\/2025\/04\/Durant-ou-Giannis-aux-cotes-de-Victor-Wembanyama-la-saison-prochaine.webp\",\"width\":1920,\"height\":1280},{\"@type\":\"BreadcrumbList\",\"@id\":\"https:\/\/theplayoffs.news\/mx\/durant-o-giannis-junto-a-victor-wembanyama-la-proxima-temporada\/#breadcrumb\",\"itemListElement\":[{\"@type\":\"ListItem\",\"position\":1,\"name\":\"Home\",\"item\":\"https:\/\/theplayoffs.news\/mx\/\"},{\"@type\":\"ListItem\",\"position\":2,\"name\":\"\u00bfDurant o Giannis junto a Victor Wembanyama la pr\u00f3xima temporada?\"}]},{\"@type\":\"WebSite\",\"@id\":\"https:\/\/theplayoffs.news\/mx\/#website\",\"url\":\"https:\/\/theplayoffs.news\/mx\/\",\"name\":\"ThePlayoffs - MX\",\"description\":\"Comparte tu pasi\u00f3n por los deportes y las apuestas\",\"potentialAction\":[{\"@type\":\"SearchAction\",\"target\":{\"@type\":\"EntryPoint\",\"urlTemplate\":\"https:\/\/theplayoffs.news\/mx\/?s={search_term_string}\"},\"query-input\":{\"@type\":\"PropertyValueSpecification\",\"valueRequired\":true,\"valueName\":\"search_term_string\"}}],\"inLanguage\":\"es-MX\"},{\"@type\":\"Person\",\"@id\":\"https:\/\/theplayoffs.news\/mx\/#\/schema\/person\/da9e625fdfa4de07defd050e4a34e6f3\",\"name\":\"Gonzalo\",\"image\":{\"@type\":\"ImageObject\",\"inLanguage\":\"es-MX\",\"@id\":\"https:\/\/theplayoffs.news\/mx\/#\/schema\/person\/image\/\",\"url\":\"https:\/\/secure.gravatar.com\/avatar\/ea55fbf6cf4c3fa668a39c9b0378f1354628e39a7df230f5b096926dc82ffe38?s=96&d=mm&r=g\",\"contentUrl\":\"https:\/\/secure.gravatar.com\/avatar\/ea55fbf6cf4c3fa668a39c9b0378f1354628e39a7df230f5b096926dc82ffe38?s=96&d=mm&r=g\",\"caption\":\"Gonzalo\"},\"url\":\"https:\/\/theplayoffs.news\/mx\/author\/gonzalo\/\"}]}<\/script>\n<!-- \/ Yoast SEO plugin. -->","yoast_head_json":{"title":"&iquest;Durant o Giannis junto a Victor Wembanyama?","description":"Kevin Durant y Giannis Antetokounmpo ser&iacute;an las prioridades de los Spurs este verano para acompa&ntilde;ar a Victor Wembanyama desde la pr&oacute;xima temporada.","robots":{"index":"index","follow":"follow","max-snippet":"max-snippet:-1","max-image-preview":"max-image-preview:large","max-video-preview":"max-video-preview:-1"},"canonical":"https:\/\/theplayoffs.news\/mx\/durant-o-giannis-junto-a-victor-wembanyama-la-proxima-temporada\/","og_locale":"es_MX","og_type":"article","og_title":"&iquest;Durant o Giannis junto a Victor Wembanyama?","og_description":"Kevin Durant y Giannis Antetokounmpo ser&iacute;an las prioridades de los Spurs este verano para acompa&ntilde;ar a Victor Wembanyama desde la pr&oacute;xima temporada.","og_url":"https:\/\/theplayoffs.news\/mx\/durant-o-giannis-junto-a-victor-wembanyama-la-proxima-temporada\/","og_site_name":"ThePlayoffs - MX","article_modified_time":"2025-04-29T14:51:24+00:00","og_image":[{"width":1920,"height":1280,"url":"https:\/\/theplayoffs.news\/mx\/wp-content\/uploads\/2025\/04\/Durant-ou-Giannis-aux-cotes-de-Victor-Wembanyama-la-saison-prochaine.webp","type":"image\/webp"}],"author":"Gonzalo","twitter_card":"summary_large_image","twitter_misc":{"Escrito por":"Gonzalo","Tiempo de lectura":"2 minutos"},"schema":{"@context":"https:\/\/schema.org","@graph":[{"@type":"WebPage","@id":"https:\/\/theplayoffs.news\/mx\/durant-o-giannis-junto-a-victor-wembanyama-la-proxima-temporada\/","url":"https:\/\/theplayoffs.news\/mx\/durant-o-giannis-junto-a-victor-wembanyama-la-proxima-temporada\/","name":"\u00bfDurant o Giannis junto a Victor Wembanyama?","isPartOf":{"@id":"https:\/\/theplayoffs.news\/mx\/#website"},"primaryImageOfPage":{"@id":"https:\/\/theplayoffs.news\/mx\/durant-o-giannis-junto-a-victor-wembanyama-la-proxima-temporada\/#primaryimage"},"image":{"@id":"https:\/\/theplayoffs.news\/mx\/durant-o-giannis-junto-a-victor-wembanyama-la-proxima-temporada\/#primaryimage"},"thumbnailUrl":"https:\/\/theplayoffs.news\/mx\/wp-content\/uploads\/2025\/04\/Durant-ou-Giannis-aux-cotes-de-Victor-Wembanyama-la-saison-prochaine.webp","datePublished":"2025-04-29T13:52:04+00:00","dateModified":"2025-04-29T14:51:24+00:00","author":{"@id":"https:\/\/theplayoffs.news\/mx\/#\/schema\/person\/da9e625fdfa4de07defd050e4a34e6f3"},"description":"Kevin Durant y Giannis Antetokounmpo ser\u00edan las prioridades de los Spurs este verano para acompa\u00f1ar a Victor Wembanyama desde la pr\u00f3xima temporada.","breadcrumb":{"@id":"https:\/\/theplayoffs.news\/mx\/durant-o-giannis-junto-a-victor-wembanyama-la-proxima-temporada\/#breadcrumb"},"inLanguage":"es-MX","potentialAction":[{"@type":"ReadAction","target":["https:\/\/theplayoffs.news\/mx\/durant-o-giannis-junto-a-victor-wembanyama-la-proxima-temporada\/"]}]},{"@type":"ImageObject","inLanguage":"es-MX","@id":"https:\/\/theplayoffs.news\/mx\/durant-o-giannis-junto-a-victor-wembanyama-la-proxima-temporada\/#primaryimage","url":"https:\/\/theplayoffs.news\/mx\/wp-content\/uploads\/2025\/04\/Durant-ou-Giannis-aux-cotes-de-Victor-Wembanyama-la-saison-prochaine.webp","contentUrl":"https:\/\/theplayoffs.news\/mx\/wp-content\/uploads\/2025\/04\/Durant-ou-Giannis-aux-cotes-de-Victor-Wembanyama-la-saison-prochaine.webp","width":1920,"height":1280},{"@type":"BreadcrumbList","@id":"https:\/\/theplayoffs.news\/mx\/durant-o-giannis-junto-a-victor-wembanyama-la-proxima-temporada\/#breadcrumb","itemListElement":[{"@type":"ListItem","position":1,"name":"Home","item":"https:\/\/theplayoffs.news\/mx\/"},{"@type":"ListItem","position":2,"name":"\u00bfDurant o Giannis junto a Victor Wembanyama la pr\u00f3xima temporada?"}]},{"@type":"WebSite","@id":"https:\/\/theplayoffs.news\/mx\/#website","url":"https:\/\/theplayoffs.news\/mx\/","name":"ThePlayoffs - MX","description":"Comparte tu pasi\u00f3n por los deportes y las apuestas","potentialAction":[{"@type":"SearchAction","target":{"@type":"EntryPoint","urlTemplate":"https:\/\/theplayoffs.news\/mx\/?s={search_term_string}"},"query-input":{"@type":"PropertyValueSpecification","valueRequired":true,"valueName":"search_term_string"}}],"inLanguage":"es-MX"},{"@type":"Person","@id":"https:\/\/theplayoffs.news\/mx\/#\/schema\/person\/da9e625fdfa4de07defd050e4a34e6f3","name":"Gonzalo","image":{"@type":"ImageObject","inLanguage":"es-MX","@id":"https:\/\/theplayoffs.news\/mx\/#\/schema\/person\/image\/","url":"https:\/\/secure.gravatar.com\/avatar\/ea55fbf6cf4c3fa668a39c9b0378f1354628e39a7df230f5b096926dc82ffe38?s=96&d=mm&r=g","contentUrl":"https:\/\/secure.gravatar.com\/avatar\/ea55fbf6cf4c3fa668a39c9b0378f1354628e39a7df230f5b096926dc82ffe38?s=96&d=mm&r=g","caption":"Gonzalo"},"url":"https:\/\/theplayoffs.news\/mx\/author\/gonzalo\/"}]}},"tpgb_featured_images":{"full":["https:\/\/theplayoffs.news\/mx\/wp-content\/uploads\/2025\/04\/Durant-ou-Giannis-aux-cotes-de-Victor-Wembanyama-la-saison-prochaine.webp",1920,1280,false],"tp-image-grid":["https:\/\/theplayoffs.news\/mx\/wp-content\/uploads\/2025\/04\/Durant-ou-Giannis-aux-cotes-de-Victor-Wembanyama-la-saison-prochaine-700x700.webp",700,700,true],"thumbnail":["https:\/\/theplayoffs.news\/mx\/wp-content\/uploads\/2025\/04\/Durant-ou-Giannis-aux-cotes-de-Victor-Wembanyama-la-saison-prochaine-150x150.webp",150,150,true],"medium":["https:\/\/theplayoffs.news\/mx\/wp-content\/uploads\/2025\/04\/Durant-ou-Giannis-aux-cotes-de-Victor-Wembanyama-la-saison-prochaine-600x400.webp",600,400,true],"medium_large":["https:\/\/theplayoffs.news\/mx\/wp-content\/uploads\/2025\/04\/Durant-ou-Giannis-aux-cotes-de-Victor-Wembanyama-la-saison-prochaine-768x512.webp",768,512,true],"large":["https:\/\/theplayoffs.news\/mx\/wp-content\/uploads\/2025\/04\/Durant-ou-Giannis-aux-cotes-de-Victor-Wembanyama-la-saison-prochaine-1200x800.webp",1200,800,true],"default":"https:\/\/theplayoffs.news\/mx\/wp-content\/plugins\/the-plus-addons-for-block-editor\/assets\/images\/tpgb-placeholder.jpg"},"tpgb_post_meta_info":{"get_date":"abril 29, 2025","category_list":{"category":[{"term_id":124,"name":"DEPORTES","slug":"deportes","term_group":0,"term_taxonomy_id":124,"taxonomy":"category","description":"","parent":0,"count":42,"filter":"raw"},{"term_id":103,"name":"NBA","slug":"nba","term_group":0,"term_taxonomy_id":103,"taxonomy":"category","description":"<p class=\"p1\"><b>Descubre lo mejor de la NBA en nuestra secci\u00f3n dedicada: resultados, an\u00e1lisis, noticias, traspasos, rumores y todo lo que necesitas saber sobre la mejor liga de baloncesto del mundo. \u00a1Sigue a tus equipos y jugadores favoritos con contenido actualizado diariamente!<\/b><b><\/b><\/p>","parent":124,"count":42,"filter":"raw"}],"post_tag":[{"term_id":104,"name":"NBA","slug":"nba","term_group":0,"term_taxonomy_id":104,"taxonomy":"post_tag","description":"","parent":0,"count":34,"filter":"raw"}]},"author_name":"Gonzalo","author_url":"https:\/\/theplayoffs.news\/mx\/author\/gonzalo\/","author_email":"gonzalo.ballesteros@moveup.media","author_website":"","author_description":"","author_facebook":"","author_twitter":"","author_instagram":"","author_role":["editor"],"author_firstname":"","author_lastname":"","user_login":"gonzalo","author_avatar":"<img alt='' src='https:\/\/secure.gravatar.com\/avatar\/ea55fbf6cf4c3fa668a39c9b0378f1354628e39a7df230f5b096926dc82ffe38?s=200&#038;d=mm&#038;r=g' srcset='https:\/\/secure.gravatar.com\/avatar\/ea55fbf6cf4c3fa668a39c9b0378f1354628e39a7df230f5b096926dc82ffe38?s=400&#038;d=mm&#038;r=g 2x' class='avatar avatar-200 photo' height='200' width='200' loading='lazy' decoding='async'\/>","author_avatar_url":"https:\/\/secure.gravatar.com\/avatar\/ea55fbf6cf4c3fa668a39c9b0378f1354628e39a7df230f5b096926dc82ffe38?s=96&d=mm&r=g","comment_count":0,"post_likes":0,"post_views":0},"tpgb_post_category":{"category":"<a href=\"https:\/\/theplayoffs.news\/mx\/deportes\/\" alt=\"DEPORTES\" class=\"category-deportes\">DEPORTES<\/a> <a href=\"https:\/\/theplayoffs.news\/mx\/deportes\/nba\/\" alt=\"NBA\" class=\"category-nba\">NBA<\/a> ","post_tag":"<a href=\"https:\/\/theplayoffs.news\/mx\/tag\/nba\/\" alt=\"NBA\" class=\"post_tag-nba\">NBA<\/a> "},"rttpg_featured_image_url":{"full":["https:\/\/theplayoffs.news\/mx\/wp-content\/uploads\/2025\/04\/Durant-ou-Giannis-aux-cotes-de-Victor-Wembanyama-la-saison-prochaine.webp",1920,1280,false],"landscape":["https:\/\/theplayoffs.news\/mx\/wp-content\/uploads\/2025\/04\/Durant-ou-Giannis-aux-cotes-de-Victor-Wembanyama-la-saison-prochaine.webp",1920,1280,false],"portraits":["https:\/\/theplayoffs.news\/mx\/wp-content\/uploads\/2025\/04\/Durant-ou-Giannis-aux-cotes-de-Victor-Wembanyama-la-saison-prochaine.webp",1920,1280,false],"thumbnail":["https:\/\/theplayoffs.news\/mx\/wp-content\/uploads\/2025\/04\/Durant-ou-Giannis-aux-cotes-de-Victor-Wembanyama-la-saison-prochaine-150x150.webp",150,150,true],"medium":["https:\/\/theplayoffs.news\/mx\/wp-content\/uploads\/2025\/04\/Durant-ou-Giannis-aux-cotes-de-Victor-Wembanyama-la-saison-prochaine-600x400.webp",600,400,true],"large":["https:\/\/theplayoffs.news\/mx\/wp-content\/uploads\/2025\/04\/Durant-ou-Giannis-aux-cotes-de-Victor-Wembanyama-la-saison-prochaine-1200x800.webp",1200,800,true],"1536x1536":["https:\/\/theplayoffs.news\/mx\/wp-content\/uploads\/2025\/04\/Durant-ou-Giannis-aux-cotes-de-Victor-Wembanyama-la-saison-prochaine-1536x1024.webp",1536,1024,true],"2048x2048":["https:\/\/theplayoffs.news\/mx\/wp-content\/uploads\/2025\/04\/Durant-ou-Giannis-aux-cotes-de-Victor-Wembanyama-la-saison-prochaine.webp",1920,1280,false],"tp-image-grid":["https:\/\/theplayoffs.news\/mx\/wp-content\/uploads\/2025\/04\/Durant-ou-Giannis-aux-cotes-de-Victor-Wembanyama-la-saison-prochaine-700x700.webp",700,700,true]},"rttpg_author":{"display_name":"Gonzalo","author_link":"https:\/\/theplayoffs.news\/mx\/author\/gonzalo\/"},"rttpg_comment":0,"rttpg_category":"<a href=\"https:\/\/theplayoffs.news\/mx\/deportes\/\" rel=\"category tag\">DEPORTES<\/a> <a href=\"https:\/\/theplayoffs.news\/mx\/deportes\/nba\/\" rel=\"category tag\">NBA<\/a>","rttpg_excerpt":null,"_links":{"self":[{"href":"https:\/\/theplayoffs.news\/mx\/wp-json\/wp\/v2\/posts\/2434","targetHints":{"allow":["GET"]}}],"collection":[{"href":"https:\/\/theplayoffs.news\/mx\/wp-json\/wp\/v2\/posts"}],"about":[{"href":"https:\/\/theplayoffs.news\/mx\/wp-json\/wp\/v2\/types\/post"}],"author":[{"embeddable":true,"href":"https:\/\/theplayoffs.news\/mx\/wp-json\/wp\/v2\/users\/17"}],"replies":[{"embeddable":true,"href":"https:\/\/theplayoffs.news\/mx\/wp-json\/wp\/v2\/comments?post=2434"}],"version-history":[{"count":1,"href":"https:\/\/theplayoffs.news\/mx\/wp-json\/wp\/v2\/posts\/2434\/revisions"}],"predecessor-version":[{"id":2436,"href":"https:\/\/theplayoffs.news\/mx\/wp-json\/wp\/v2\/posts\/2434\/revisions\/2436"}],"wp:featuredmedia":[{"embeddable":true,"href":"https:\/\/theplayoffs.news\/mx\/wp-json\/wp\/v2\/media\/2435"}],"wp:attachment":[{"href":"https:\/\/theplayoffs.news\/mx\/wp-json\/wp\/v2\/media?parent=2434"}],"wp:term":[{"taxonomy":"category","embeddable":true,"href":"https:\/\/theplayoffs.news\/mx\/wp-json\/wp\/v2\/categories?post=2434"},{"taxonomy":"post_tag","embeddable":true,"href":"https:\/\/theplayoffs.news\/mx\/wp-json\/wp\/v2\/tags?post=2434"}],"curies":[{"name":"wp","href":"https:\/\/api.w.org\/{rel}","templated":true}]}}