{"id":997737,"date":"2023-10-18T10:40:27","date_gmt":"2023-10-18T08:40:27","guid":{"rendered":"https:\/\/theplayoffs.news\/fr\/?p=997737"},"modified":"2023-10-18T10:44:07","modified_gmt":"2023-10-18T08:44:07","slug":"james-harden-pourrait-debuter-saison-avec-76ers","status":"publish","type":"post","link":"https:\/\/theplayoffs.news\/fr\/actualite-nba\/james-harden-pourrait-debuter-saison-avec-76ers\/","title":{"rendered":"James Harden pourrait d\u00e9buter la saison avec les 76ers"},"content":{"rendered":"<h2>&Agrave; l&rsquo;aube de la nouvelle saison de la NBA, le sort de la star James Harden reste incertain.<\/h2><p>Alors que les Philadelphia 76ers et les Los Angeles Clippers sont en pleine discussion, des questions se posent.<\/p><h3>L&rsquo;impasse commerciale : Un test de patience et de strat&eacute;gie<\/h3><p>Il est clair que les 76ers souhaitent obtenir le meilleur retour possible pour leur joueur vedette, <a href=\"https:\/\/theplayoffs.news\/fr\/joueur\/james-harden-philadelphia-76ers-nba\/\" class=\"trk-cta-link\" data-cta-trk='{\"ctaType\":\"Link\",\"ctaSubType\":\"main\"}'><strong>James Harden<\/strong><\/a>. Les Clippers, l&rsquo;un des principaux pr&eacute;tendants, sont en pourparlers avec Philadelphie depuis des mois. Pourtant, les termes d&rsquo;un &eacute;ventuel &eacute;change restent flous.<\/p><p>Daryl Morey, le GM des 76ers, cherche &agrave; obtenir un paquet comprenant Terance Mann et plusieurs choix du premier tour. Une telle offre permettrait &agrave; Philadelphie de b&eacute;n&eacute;ficier d&rsquo;un joueur d&rsquo;impact imm&eacute;diat sur le terrain en la personne de Mann et d&rsquo;un potentiel de croissance future gr&acirc;ce &agrave; des choix de premier tour. Cependant, les Clippers se sont montr&eacute;s h&eacute;sitants. Leur offre initiale aurait inclus un choix du premier tour non prot&eacute;g&eacute;, un &eacute;change de choix et les salaires de joueurs comme Marcus Morris et Robert Covington.<\/p><p>En outre, les Clippers explorent des pistes pour renforcer leur offre, comme la vente de leur choix du premier tour 2028 afin d&rsquo;en obtenir deux. Cela indique une volont&eacute; de compromis, mais aussi une r&eacute;ticence &agrave; se s&eacute;parer de Mann comme <a href=\"https:\/\/twitter.com\/JakeLFischer\/status\/1714457343948189918\" class=\"trk-cta-link\" data-cta-trk='{\"ctaType\":\"Link\",\"ctaSubType\":\"main\"}'>le rapporte Jake Fisher<\/a>.&nbsp;L&rsquo;impasse dans laquelle se trouvent les deux &eacute;quipes dresse un portrait classique des tactiques de n&eacute;gociation et de la politique de la corde raide.<\/p><h3>La position de Harden : Le silence en dit long<\/h3><p>Au milieu des rumeurs d&rsquo;&eacute;change, la position et le comportement de James Harden ont ajout&eacute; une nouvelle couche d&rsquo;intrigue. La question n&rsquo;est plus seulement de savoir o&ugrave; il pourrait finir, mais s&rsquo;il est pr&ecirc;t &agrave; jouer pour les 76ers si un &eacute;change ne se concr&eacute;tise pas rapidement.<\/p><p>Lors de la pr&eacute;paration de la pr&eacute;-saison, l&rsquo;absence de Harden a &eacute;t&eacute; remarqu&eacute;e. Le fait qu&rsquo;il n&rsquo;ait assist&eacute; &agrave; aucun des trois matches de pr&eacute;-saison des 76ers et qu&rsquo;il n&rsquo;ait particip&eacute; qu&rsquo;&agrave; une seul match &agrave; cinq contre cinq depuis le d&eacute;but du camp d&rsquo;entra&icirc;nement est un message clair de son &eacute;tat d&rsquo;esprit actuel. Il ne s&rsquo;agit pas seulement du manque de temps pass&eacute; sur le terrain ; sa d&eacute;cision de ne pas participer aux activit&eacute;s de l&rsquo;&eacute;quipe, comme le shoot around, souligne sa d&eacute;connexion avec la franchise.<\/p><p>&nbsp;<\/p><p>Credit: Brian Westerholt-USA TODAY Sports<\/p>\n","protected":false},"excerpt":{"rendered":"","protected":false},"author":13,"featured_media":997762,"comment_status":"open","ping_status":"closed","sticky":false,"template":"","format":"standard","meta":{"inline_featured_image":false,"kia_subtitle":"","_mux_skip_reasons":[],"proofreadBy":0,"footnotes":""},"categories":[110,10],"tags":[140,632],"sport":[],"saison":[],"class_list":["post-997737","post","type-post","status-publish","format-standard","has-post-thumbnail","hentry","category-actualite-nba","category-nba","tag-james-harden","tag-philadelphia-76ers"],"acf":[],"yoast_head":"<!-- This site is optimized with the Yoast SEO plugin v24.2 - https:\/\/yoast.com\/wordpress\/plugins\/seo\/ -->\n<title>James Harden pourrait d&eacute;buter la saison avec les 76ers - The Playoffs FR<\/title>\n<meta name=\"robots\" content=\"index, follow, max-snippet:-1, max-image-preview:large, max-video-preview:-1\" \/>\n<link rel=\"canonical\" href=\"https:\/\/theplayoffs.news\/fr\/actualite-nba\/james-harden-pourrait-debuter-saison-avec-76ers\/\" \/>\n<meta property=\"og:locale\" content=\"fr_FR\" \/>\n<meta property=\"og:type\" content=\"article\" \/>\n<meta property=\"og:title\" content=\"James Harden pourrait d&eacute;buter la saison avec les 76ers - The Playoffs FR\" \/>\n<meta property=\"og:url\" content=\"https:\/\/theplayoffs.news\/fr\/actualite-nba\/james-harden-pourrait-debuter-saison-avec-76ers\/\" \/>\n<meta property=\"og:site_name\" content=\"The Playoffs FR\" \/>\n<meta property=\"article:publisher\" content=\"https:\/\/www.facebook.com\/TheFreeAgentFR\/\" \/>\n<meta property=\"article:modified_time\" content=\"2023-10-18T10:44:07+02:00\" \/>\n<meta property=\"og:image\" content=\"https:\/\/theplayoffs.news\/fr\/wp-content\/uploads\/2023\/10\/USATSI_20255847.jpg\" \/>\n\t<meta property=\"og:image:width\" content=\"1920\" \/>\n\t<meta property=\"og:image:height\" content=\"1280\" \/>\n\t<meta property=\"og:image:type\" content=\"image\/jpeg\" \/>\n<meta name=\"author\" content=\"Charles Taudin\" \/>\n<meta name=\"twitter:card\" content=\"summary_large_image\" \/>\n<meta name=\"twitter:creator\" content=\"@TheFreeAgentFR\" \/>\n<meta name=\"twitter:site\" content=\"@TheFreeAgentFR\" \/>\n<meta name=\"twitter:label1\" content=\"\u00c9crit par\" \/>\n\t<meta name=\"twitter:data1\" content=\"Charles Taudin\" \/>\n\t<meta name=\"twitter:label2\" content=\"Dur\u00e9e de lecture estim\u00e9e\" \/>\n\t<meta name=\"twitter:data2\" content=\"2 minutes\" \/>\n<script type=\"application\/ld+json\" class=\"yoast-schema-graph\">{\"@context\":\"https:\/\/schema.org\",\"@graph\":[{\"@type\":\"WebPage\",\"@id\":\"https:\/\/theplayoffs.news\/fr\/actualite-nba\/james-harden-pourrait-debuter-saison-avec-76ers\/\",\"url\":\"https:\/\/theplayoffs.news\/fr\/actualite-nba\/james-harden-pourrait-debuter-saison-avec-76ers\/\",\"name\":\"James Harden pourrait d\u00e9buter la saison avec les 76ers - The Playoffs FR\",\"isPartOf\":{\"@id\":\"https:\/\/theplayoffs.news\/fr\/#website\"},\"primaryImageOfPage\":{\"@id\":\"https:\/\/theplayoffs.news\/fr\/actualite-nba\/james-harden-pourrait-debuter-saison-avec-76ers\/#primaryimage\"},\"image\":{\"@id\":\"https:\/\/theplayoffs.news\/fr\/actualite-nba\/james-harden-pourrait-debuter-saison-avec-76ers\/#primaryimage\"},\"thumbnailUrl\":\"https:\/\/theplayoffs.news\/fr\/wp-content\/uploads\/2023\/10\/USATSI_20255847.jpg\",\"datePublished\":\"2023-10-18T08:40:27+00:00\",\"dateModified\":\"2023-10-18T08:44:07+00:00\",\"author\":{\"@id\":\"https:\/\/theplayoffs.news\/fr\/#\/schema\/person\/eee5b69ad5d3c51cabe881c839dbe133\"},\"breadcrumb\":{\"@id\":\"https:\/\/theplayoffs.news\/fr\/actualite-nba\/james-harden-pourrait-debuter-saison-avec-76ers\/#breadcrumb\"},\"inLanguage\":\"fr-FR\",\"potentialAction\":[{\"@type\":\"ReadAction\",\"target\":[\"https:\/\/theplayoffs.news\/fr\/actualite-nba\/james-harden-pourrait-debuter-saison-avec-76ers\/\"]}]},{\"@type\":\"ImageObject\",\"inLanguage\":\"fr-FR\",\"@id\":\"https:\/\/theplayoffs.news\/fr\/actualite-nba\/james-harden-pourrait-debuter-saison-avec-76ers\/#primaryimage\",\"url\":\"https:\/\/theplayoffs.news\/fr\/wp-content\/uploads\/2023\/10\/USATSI_20255847.jpg\",\"contentUrl\":\"https:\/\/theplayoffs.news\/fr\/wp-content\/uploads\/2023\/10\/USATSI_20255847.jpg\",\"width\":1920,\"height\":1280,\"caption\":\"Mar 17, 2023; Charlotte, North Carolina, USA; Philadelphia 76ers guard James Harden (1) warms up prior to the game against the Charlotte Hornets at Spectrum Center. Mandatory Credit: Brian Westerholt-USA TODAY Sports\"},{\"@type\":\"BreadcrumbList\",\"@id\":\"https:\/\/theplayoffs.news\/fr\/actualite-nba\/james-harden-pourrait-debuter-saison-avec-76ers\/#breadcrumb\",\"itemListElement\":[{\"@type\":\"ListItem\",\"position\":1,\"name\":\"Accueil\",\"item\":\"https:\/\/theplayoffs.news\/fr\/\"},{\"@type\":\"ListItem\",\"position\":2,\"name\":\"James Harden pourrait d\u00e9buter la saison avec les 76ers\"}]},{\"@type\":\"WebSite\",\"@id\":\"https:\/\/theplayoffs.news\/fr\/#website\",\"url\":\"https:\/\/theplayoffs.news\/fr\/\",\"name\":\"The Playoffs FR\",\"description\":\"NBA-NFL-NHL-MLB\",\"potentialAction\":[{\"@type\":\"SearchAction\",\"target\":{\"@type\":\"EntryPoint\",\"urlTemplate\":\"https:\/\/theplayoffs.news\/fr\/?s={search_term_string}\"},\"query-input\":{\"@type\":\"PropertyValueSpecification\",\"valueRequired\":true,\"valueName\":\"search_term_string\"}}],\"inLanguage\":\"fr-FR\"},{\"@type\":\"Person\",\"@id\":\"https:\/\/theplayoffs.news\/fr\/#\/schema\/person\/eee5b69ad5d3c51cabe881c839dbe133\",\"name\":\"Charles Taudin\",\"image\":{\"@type\":\"ImageObject\",\"inLanguage\":\"fr-FR\",\"@id\":\"https:\/\/theplayoffs.news\/fr\/#\/schema\/person\/image\/\",\"url\":\"https:\/\/secure.gravatar.com\/avatar\/59a1e772205ce9fd255edfcafc93013736822e20261f294c5753b20c41ede9f2?s=96&d=mm&r=g\",\"contentUrl\":\"https:\/\/secure.gravatar.com\/avatar\/59a1e772205ce9fd255edfcafc93013736822e20261f294c5753b20c41ede9f2?s=96&d=mm&r=g\",\"caption\":\"Charles Taudin\"},\"description\":\"R\u00e9dacteur en chef global de The Playoffs, j\u2019ai cr\u00e9\u00e9 The Free Agent, devenu The Playoffs FR, en 2020 durant la pand\u00e9mie. Amoureux depuis des ann\u00e9es des 4 sports majeurs am\u00e9ricains, j\u2019organise maintenant la strat\u00e9gie \u00e9ditoriale et les r\u00e9seaux sociaux de l\u2019ensemble des versions de The Playoffs. Il m\u2019arrive encore d\u2019\u00e9crire sur certains sports que j\u2019affectionne particuli\u00e8rement comme la NFL ou la MLB. Si vous devez retenir qu\u2019une chose : Eli Manning est le vrai GOAT pour avoir battu deux fois Tom Brady.\",\"sameAs\":[\"https:\/\/www.instagram.com\/ctaudin_\/\"],\"url\":\"https:\/\/theplayoffs.news\/fr\/author\/charles-taudin\/\"}]}<\/script>\n<!-- \/ Yoast SEO plugin. -->","yoast_head_json":{"title":"James Harden pourrait d&eacute;buter la saison avec les 76ers - The Playoffs FR","robots":{"index":"index","follow":"follow","max-snippet":"max-snippet:-1","max-image-preview":"max-image-preview:large","max-video-preview":"max-video-preview:-1"},"canonical":"https:\/\/theplayoffs.news\/fr\/actualite-nba\/james-harden-pourrait-debuter-saison-avec-76ers\/","og_locale":"fr_FR","og_type":"article","og_title":"James Harden pourrait d&eacute;buter la saison avec les 76ers - The Playoffs FR","og_url":"https:\/\/theplayoffs.news\/fr\/actualite-nba\/james-harden-pourrait-debuter-saison-avec-76ers\/","og_site_name":"The Playoffs FR","article_publisher":"https:\/\/www.facebook.com\/TheFreeAgentFR\/","article_modified_time":"2023-10-18T08:44:07+00:00","og_image":[{"width":1920,"height":1280,"url":"https:\/\/theplayoffs.news\/fr\/wp-content\/uploads\/2023\/10\/USATSI_20255847.jpg","type":"image\/jpeg"}],"author":"Charles Taudin","twitter_card":"summary_large_image","twitter_creator":"@TheFreeAgentFR","twitter_site":"@TheFreeAgentFR","twitter_misc":{"\u00c9crit par":"Charles Taudin","Dur\u00e9e de lecture estim\u00e9e":"2 minutes"},"schema":{"@context":"https:\/\/schema.org","@graph":[{"@type":"WebPage","@id":"https:\/\/theplayoffs.news\/fr\/actualite-nba\/james-harden-pourrait-debuter-saison-avec-76ers\/","url":"https:\/\/theplayoffs.news\/fr\/actualite-nba\/james-harden-pourrait-debuter-saison-avec-76ers\/","name":"James Harden pourrait d\u00e9buter la saison avec les 76ers - The Playoffs FR","isPartOf":{"@id":"https:\/\/theplayoffs.news\/fr\/#website"},"primaryImageOfPage":{"@id":"https:\/\/theplayoffs.news\/fr\/actualite-nba\/james-harden-pourrait-debuter-saison-avec-76ers\/#primaryimage"},"image":{"@id":"https:\/\/theplayoffs.news\/fr\/actualite-nba\/james-harden-pourrait-debuter-saison-avec-76ers\/#primaryimage"},"thumbnailUrl":"https:\/\/theplayoffs.news\/fr\/wp-content\/uploads\/2023\/10\/USATSI_20255847.jpg","datePublished":"2023-10-18T08:40:27+00:00","dateModified":"2023-10-18T08:44:07+00:00","author":{"@id":"https:\/\/theplayoffs.news\/fr\/#\/schema\/person\/eee5b69ad5d3c51cabe881c839dbe133"},"breadcrumb":{"@id":"https:\/\/theplayoffs.news\/fr\/actualite-nba\/james-harden-pourrait-debuter-saison-avec-76ers\/#breadcrumb"},"inLanguage":"fr-FR","potentialAction":[{"@type":"ReadAction","target":["https:\/\/theplayoffs.news\/fr\/actualite-nba\/james-harden-pourrait-debuter-saison-avec-76ers\/"]}]},{"@type":"ImageObject","inLanguage":"fr-FR","@id":"https:\/\/theplayoffs.news\/fr\/actualite-nba\/james-harden-pourrait-debuter-saison-avec-76ers\/#primaryimage","url":"https:\/\/theplayoffs.news\/fr\/wp-content\/uploads\/2023\/10\/USATSI_20255847.jpg","contentUrl":"https:\/\/theplayoffs.news\/fr\/wp-content\/uploads\/2023\/10\/USATSI_20255847.jpg","width":1920,"height":1280,"caption":"Mar 17, 2023; Charlotte, North Carolina, USA; Philadelphia 76ers guard James Harden (1) warms up prior to the game against the Charlotte Hornets at Spectrum Center. Mandatory Credit: Brian Westerholt-USA TODAY Sports"},{"@type":"BreadcrumbList","@id":"https:\/\/theplayoffs.news\/fr\/actualite-nba\/james-harden-pourrait-debuter-saison-avec-76ers\/#breadcrumb","itemListElement":[{"@type":"ListItem","position":1,"name":"Accueil","item":"https:\/\/theplayoffs.news\/fr\/"},{"@type":"ListItem","position":2,"name":"James Harden pourrait d\u00e9buter la saison avec les 76ers"}]},{"@type":"WebSite","@id":"https:\/\/theplayoffs.news\/fr\/#website","url":"https:\/\/theplayoffs.news\/fr\/","name":"The Playoffs FR","description":"NBA-NFL-NHL-MLB","potentialAction":[{"@type":"SearchAction","target":{"@type":"EntryPoint","urlTemplate":"https:\/\/theplayoffs.news\/fr\/?s={search_term_string}"},"query-input":{"@type":"PropertyValueSpecification","valueRequired":true,"valueName":"search_term_string"}}],"inLanguage":"fr-FR"},{"@type":"Person","@id":"https:\/\/theplayoffs.news\/fr\/#\/schema\/person\/eee5b69ad5d3c51cabe881c839dbe133","name":"Charles Taudin","image":{"@type":"ImageObject","inLanguage":"fr-FR","@id":"https:\/\/theplayoffs.news\/fr\/#\/schema\/person\/image\/","url":"https:\/\/secure.gravatar.com\/avatar\/59a1e772205ce9fd255edfcafc93013736822e20261f294c5753b20c41ede9f2?s=96&d=mm&r=g","contentUrl":"https:\/\/secure.gravatar.com\/avatar\/59a1e772205ce9fd255edfcafc93013736822e20261f294c5753b20c41ede9f2?s=96&d=mm&r=g","caption":"Charles Taudin"},"description":"R\u00e9dacteur en chef global de The Playoffs, j\u2019ai cr\u00e9\u00e9 The Free Agent, devenu The Playoffs FR, en 2020 durant la pand\u00e9mie. Amoureux depuis des ann\u00e9es des 4 sports majeurs am\u00e9ricains, j\u2019organise maintenant la strat\u00e9gie \u00e9ditoriale et les r\u00e9seaux sociaux de l\u2019ensemble des versions de The Playoffs. Il m\u2019arrive encore d\u2019\u00e9crire sur certains sports que j\u2019affectionne particuli\u00e8rement comme la NFL ou la MLB. Si vous devez retenir qu\u2019une chose : Eli Manning est le vrai GOAT pour avoir battu deux fois Tom Brady.","sameAs":["https:\/\/www.instagram.com\/ctaudin_\/"],"url":"https:\/\/theplayoffs.news\/fr\/author\/charles-taudin\/"}]}},"_links":{"self":[{"href":"https:\/\/theplayoffs.news\/fr\/wp-json\/wp\/v2\/posts\/997737","targetHints":{"allow":["GET"]}}],"collection":[{"href":"https:\/\/theplayoffs.news\/fr\/wp-json\/wp\/v2\/posts"}],"about":[{"href":"https:\/\/theplayoffs.news\/fr\/wp-json\/wp\/v2\/types\/post"}],"author":[{"embeddable":true,"href":"https:\/\/theplayoffs.news\/fr\/wp-json\/wp\/v2\/users\/13"}],"replies":[{"embeddable":true,"href":"https:\/\/theplayoffs.news\/fr\/wp-json\/wp\/v2\/comments?post=997737"}],"version-history":[{"count":2,"href":"https:\/\/theplayoffs.news\/fr\/wp-json\/wp\/v2\/posts\/997737\/revisions"}],"predecessor-version":[{"id":997784,"href":"https:\/\/theplayoffs.news\/fr\/wp-json\/wp\/v2\/posts\/997737\/revisions\/997784"}],"wp:featuredmedia":[{"embeddable":true,"href":"https:\/\/theplayoffs.news\/fr\/wp-json\/wp\/v2\/media\/997762"}],"wp:attachment":[{"href":"https:\/\/theplayoffs.news\/fr\/wp-json\/wp\/v2\/media?parent=997737"}],"wp:term":[{"taxonomy":"category","embeddable":true,"href":"https:\/\/theplayoffs.news\/fr\/wp-json\/wp\/v2\/categories?post=997737"},{"taxonomy":"post_tag","embeddable":true,"href":"https:\/\/theplayoffs.news\/fr\/wp-json\/wp\/v2\/tags?post=997737"},{"taxonomy":"sport","embeddable":true,"href":"https:\/\/theplayoffs.news\/fr\/wp-json\/wp\/v2\/sport?post=997737"},{"taxonomy":"saison","embeddable":true,"href":"https:\/\/theplayoffs.news\/fr\/wp-json\/wp\/v2\/saison?post=997737"}],"curies":[{"name":"wp","href":"https:\/\/api.w.org\/{rel}","templated":true}]}}