{"id":996375,"date":"2023-10-18T09:41:09","date_gmt":"2023-10-18T07:41:09","guid":{"rendered":"https:\/\/theplayoffs.news\/fr\/?p=996375"},"modified":"2023-10-18T09:44:06","modified_gmt":"2023-10-18T07:44:06","slug":"stephen-curry-confiant-sur-lintegration-de-chris-paul","status":"publish","type":"post","link":"https:\/\/theplayoffs.news\/fr\/actualite-nba\/stephen-curry-confiant-sur-lintegration-de-chris-paul\/","title":{"rendered":"Stephen Curry confiant sur l&rsquo;int\u00e9gration de Chris Paul."},"content":{"rendered":"<h2>L&rsquo;arriv&eacute;e de Chris Paul avec les Warriors fut &agrave; n&rsquo;en pas douter un des &eacute;v&egrave;nements majeurs de cette intersaison NBA.&nbsp; Une question plane cependant depuis l&rsquo;arriv&eacute;e retentissante de CP3 : Comment ce dernier s&rsquo;int&egrave;grera-t-il &agrave; sa nouvelle &eacute;quipe ?<\/h2><p>La superstar des <a href=\"https:\/\/theplayoffs.news\/fr\/equipe\/golden-state-warriors-nba\/\" class=\"trk-cta-link\" data-cta-trk='{\"ctaType\":\"Link\",\"ctaSubType\":\"main\"}'>Warriors<\/a>, Steph Curry, s&rsquo;est entretenu dans le dernier &eacute;pisode du podcast &laquo;&nbsp;<a href=\"https:\/\/sports.yahoo.com\/excites-steph-curry-most-warriors-191703369.html\" class=\"trk-cta-link\" data-cta-trk='{\"ctaType\":\"Link\",\"ctaSubType\":\"main\"}'>Dubs Talk<\/a>&nbsp;&raquo; de NBC Sports et a expliqu&eacute; comment il envisage les choses avec Chris Paul d&eacute;sormais dans l&rsquo;&eacute;quipe :<\/p><blockquote><p>Le point essentiel, c&rsquo;est qu&rsquo;il est un gars qui a rendu meilleur les joueurs autour de lui. Partout o&ugrave; il est pass&eacute;, depuis La Nouvelle-Orl&eacute;ans jusqu&rsquo;&agrave; Los Angeles, Houston, Oklahoma City ou encore Phoenix. Nous partons donc avec ce postulat et nous sommes confiants qu&rsquo;il puisse faire la m&ecirc;me chose ici.<\/p><\/blockquote><p>\n<div id=\"attachment_993425\" style=\"width: 1930px\" class=\"wp-caption alignnone\"><img loading=\"lazy\" decoding=\"async\" aria-describedby=\"caption-attachment-993425\" class=\"size-full wp-image-993425\" src=\"https:\/\/theplayoffs.news\/fr\/wp-content\/uploads\/2023\/10\/USATSI_21556329.jpg\" alt=\"Stephen Curry la star des Warriors\" width=\"1920\" height=\"1280\" srcset=\"https:\/\/theplayoffs.news\/fr\/wp-content\/uploads\/2023\/10\/USATSI_21556329.jpg 1920w, https:\/\/theplayoffs.news\/fr\/wp-content\/uploads\/2023\/10\/USATSI_21556329-300x200.jpg 300w, https:\/\/theplayoffs.news\/fr\/wp-content\/uploads\/2023\/10\/USATSI_21556329-1030x687.jpg 1030w, https:\/\/theplayoffs.news\/fr\/wp-content\/uploads\/2023\/10\/USATSI_21556329-768x512.jpg 768w, https:\/\/theplayoffs.news\/fr\/wp-content\/uploads\/2023\/10\/USATSI_21556329-1536x1024.jpg 1536w, https:\/\/theplayoffs.news\/fr\/wp-content\/uploads\/2023\/10\/USATSI_21556329-1500x1000.jpg 1500w, https:\/\/theplayoffs.news\/fr\/wp-content\/uploads\/2023\/10\/USATSI_21556329-705x470.jpg 705w, https:\/\/theplayoffs.news\/fr\/wp-content\/uploads\/2023\/10\/USATSI_21556329-1320x880.jpg 1320w\" sizes=\"auto, (max-width: 1920px) 100vw, 1920px\" \/><p id=\"caption-attachment-993425\" class=\"wp-caption-text\">Credit: Cary Edmondson-USA TODAY Sports<\/p><\/div>\n<\/p><p>&nbsp;<\/p><p>Les Warriors ont une histoire commune avec Chris Paul et des affrontements enflamm&eacute;s par le pass&eacute;. Cependant, les deux parties sont d&eacute;sormais concentr&eacute;es sur le pr&eacute;sent et sur tout ce qu&rsquo;il faut faire pour gagner.<\/p><blockquote><p>C&rsquo;est un gars avec un grand QI basket. Rien que son nom en lui-m&ecirc;me et notre histoire ajoute un peu d&rsquo;&eacute;clat et un peu de piquant &agrave; cette nouvelle histoire.<\/p><\/blockquote><p><iframe loading=\"lazy\" title=\"Steph Curry vs. Chris Paul | Best Rivalry Moments\" width=\"500\" height=\"281\" src=\"https:\/\/www.youtube.com\/embed\/eTG1CJx6_P8?feature=oembed\" frameborder=\"0\" allow=\"accelerometer; autoplay; clipboard-write; encrypted-media; gyroscope; picture-in-picture; web-share\" referrerpolicy=\"strict-origin-when-cross-origin\" allowfullscreen><\/iframe><\/p><h3>Retrouver une vraie coh&eacute;sion dans le vestiaire.<\/h3><p>Souvenez vous, lors de la derni&egrave;re intersaison, les Warriors avaient fait parler d&rsquo;eux pour des tensions rendues publiques entre Draymond Green et Jordan Poole.<\/p><p>Une des priorit&eacute;s pour cette ann&eacute;e est d&rsquo;&eacute;viter les m&ecirc;mes d&eacute;boires, et sur ce point, la franchise de San Francisco est parvenu &agrave; ces objectifs.<\/p><p>Le <em>Chef Curry<\/em> l&rsquo;a abord&eacute; lors de cette interview :<\/p><blockquote><p>Cet &eacute;t&eacute;, c&rsquo;&eacute;tait g&eacute;nial parce que nous nous sommes tous r&eacute;unis, avons jou&eacute; quelques matches amicaux, fait des activit&eacute;s ludiques en dehors du terrain pour renforcer cette alchimie collective, et nous esp&eacute;rons que cet &eacute;lan se poursuive lors du camp d&rsquo;entra&icirc;nement.<\/p><\/blockquote><p>&nbsp;<\/p><p>Il reste &eacute;videmment beaucoup de choses &agrave; r&eacute;gler avant que la saison ne d&eacute;bute pour Golden State.<\/p><p>Mais il n&rsquo;y a aucun doute dans l&rsquo;esprit du num&eacute;ro 30 des Warriors que la pr&eacute;sence du v&eacute;t&eacute;ran 12 fois All-Star contribuera certainement &agrave; atteindre les objectifs ambitieux des Warriors pour cet exercice 2023-24.<\/p><p>\n<div id=\"attachment_993428\" style=\"width: 1930px\" class=\"wp-caption alignnone\"><img loading=\"lazy\" decoding=\"async\" aria-describedby=\"caption-attachment-993428\" class=\"size-full wp-image-993428\" src=\"https:\/\/theplayoffs.news\/fr\/wp-content\/uploads\/2023\/10\/USATSI_21556162.jpg\" alt=\"Chris Paul le nouveau des Warriors\" width=\"1920\" height=\"1280\" srcset=\"https:\/\/theplayoffs.news\/fr\/wp-content\/uploads\/2023\/10\/USATSI_21556162.jpg 1920w, https:\/\/theplayoffs.news\/fr\/wp-content\/uploads\/2023\/10\/USATSI_21556162-300x200.jpg 300w, https:\/\/theplayoffs.news\/fr\/wp-content\/uploads\/2023\/10\/USATSI_21556162-1030x687.jpg 1030w, https:\/\/theplayoffs.news\/fr\/wp-content\/uploads\/2023\/10\/USATSI_21556162-768x512.jpg 768w, https:\/\/theplayoffs.news\/fr\/wp-content\/uploads\/2023\/10\/USATSI_21556162-1536x1024.jpg 1536w, https:\/\/theplayoffs.news\/fr\/wp-content\/uploads\/2023\/10\/USATSI_21556162-1500x1000.jpg 1500w, https:\/\/theplayoffs.news\/fr\/wp-content\/uploads\/2023\/10\/USATSI_21556162-705x470.jpg 705w, https:\/\/theplayoffs.news\/fr\/wp-content\/uploads\/2023\/10\/USATSI_21556162-1320x880.jpg 1320w\" sizes=\"auto, (max-width: 1920px) 100vw, 1920px\" \/><p id=\"caption-attachment-993428\" class=\"wp-caption-text\">Credit: Cary Edmondson-USA TODAY Sports<\/p><\/div>\n<\/p>\n","protected":false},"excerpt":{"rendered":"","protected":false},"author":180310001,"featured_media":996376,"comment_status":"open","ping_status":"closed","sticky":false,"template":"","format":"standard","meta":{"inline_featured_image":false,"kia_subtitle":"","_mux_skip_reasons":[],"proofreadBy":0,"footnotes":""},"categories":[110,10],"tags":[237,1097,68],"sport":[2783],"saison":[3453],"class_list":["post-996375","post","type-post","status-publish","format-standard","has-post-thumbnail","hentry","category-actualite-nba","category-nba","tag-chris-paul","tag-golden-state-warriors","tag-stephen-curry","sport-nba","saison-3453"],"acf":[],"yoast_head":"<!-- This site is optimized with the Yoast SEO plugin v24.2 - https:\/\/yoast.com\/wordpress\/plugins\/seo\/ -->\n<title>Stephen Curry confiant sur l&#039;int&eacute;gration de Chris Paul. - The Playoffs FR<\/title>\n<meta name=\"robots\" content=\"index, follow, max-snippet:-1, max-image-preview:large, max-video-preview:-1\" \/>\n<link rel=\"canonical\" href=\"https:\/\/theplayoffs.news\/fr\/actualite-nba\/stephen-curry-confiant-sur-lintegration-de-chris-paul\/\" \/>\n<meta property=\"og:locale\" content=\"fr_FR\" \/>\n<meta property=\"og:type\" content=\"article\" \/>\n<meta property=\"og:title\" content=\"Stephen Curry confiant sur l&#039;int&eacute;gration de Chris Paul. - The Playoffs FR\" \/>\n<meta property=\"og:url\" content=\"https:\/\/theplayoffs.news\/fr\/actualite-nba\/stephen-curry-confiant-sur-lintegration-de-chris-paul\/\" \/>\n<meta property=\"og:site_name\" content=\"The Playoffs FR\" \/>\n<meta property=\"article:publisher\" content=\"https:\/\/www.facebook.com\/TheFreeAgentFR\/\" \/>\n<meta property=\"article:modified_time\" content=\"2023-10-18T09:44:06+02:00\" \/>\n<meta property=\"og:image\" content=\"https:\/\/theplayoffs.news\/fr\/wp-content\/uploads\/2023\/10\/USATSI_21646416_168402440_lowres.jpg\" \/>\n\t<meta property=\"og:image:width\" content=\"1920\" \/>\n\t<meta property=\"og:image:height\" content=\"1280\" \/>\n\t<meta property=\"og:image:type\" content=\"image\/jpeg\" \/>\n<meta name=\"author\" content=\"Christopher Marrec-Top\" \/>\n<meta name=\"twitter:card\" content=\"summary_large_image\" \/>\n<meta name=\"twitter:creator\" content=\"@TheFreeAgentFR\" \/>\n<meta name=\"twitter:site\" content=\"@TheFreeAgentFR\" \/>\n<meta name=\"twitter:label1\" content=\"\u00c9crit par\" \/>\n\t<meta name=\"twitter:data1\" content=\"Christopher Marrec-Top\" \/>\n\t<meta name=\"twitter:label2\" content=\"Dur\u00e9e de lecture estim\u00e9e\" \/>\n\t<meta name=\"twitter:data2\" content=\"2 minutes\" \/>\n<script type=\"application\/ld+json\" class=\"yoast-schema-graph\">{\"@context\":\"https:\/\/schema.org\",\"@graph\":[{\"@type\":\"WebPage\",\"@id\":\"https:\/\/theplayoffs.news\/fr\/actualite-nba\/stephen-curry-confiant-sur-lintegration-de-chris-paul\/\",\"url\":\"https:\/\/theplayoffs.news\/fr\/actualite-nba\/stephen-curry-confiant-sur-lintegration-de-chris-paul\/\",\"name\":\"Stephen Curry confiant sur l\\\\'int\u00e9gration de Chris Paul. - The Playoffs FR\",\"isPartOf\":{\"@id\":\"https:\/\/theplayoffs.news\/fr\/#website\"},\"primaryImageOfPage\":{\"@id\":\"https:\/\/theplayoffs.news\/fr\/actualite-nba\/stephen-curry-confiant-sur-lintegration-de-chris-paul\/#primaryimage\"},\"image\":{\"@id\":\"https:\/\/theplayoffs.news\/fr\/actualite-nba\/stephen-curry-confiant-sur-lintegration-de-chris-paul\/#primaryimage\"},\"thumbnailUrl\":\"https:\/\/theplayoffs.news\/fr\/wp-content\/uploads\/2023\/10\/USATSI_21646416_168402440_lowres.jpg\",\"datePublished\":\"2023-10-18T07:41:09+00:00\",\"dateModified\":\"2023-10-18T07:44:06+00:00\",\"author\":{\"@id\":\"https:\/\/theplayoffs.news\/fr\/#\/schema\/person\/863ce84969b07bfc09ef81750720e42a\"},\"breadcrumb\":{\"@id\":\"https:\/\/theplayoffs.news\/fr\/actualite-nba\/stephen-curry-confiant-sur-lintegration-de-chris-paul\/#breadcrumb\"},\"inLanguage\":\"fr-FR\",\"potentialAction\":[{\"@type\":\"ReadAction\",\"target\":[\"https:\/\/theplayoffs.news\/fr\/actualite-nba\/stephen-curry-confiant-sur-lintegration-de-chris-paul\/\"]}]},{\"@type\":\"ImageObject\",\"inLanguage\":\"fr-FR\",\"@id\":\"https:\/\/theplayoffs.news\/fr\/actualite-nba\/stephen-curry-confiant-sur-lintegration-de-chris-paul\/#primaryimage\",\"url\":\"https:\/\/theplayoffs.news\/fr\/wp-content\/uploads\/2023\/10\/USATSI_21646416_168402440_lowres.jpg\",\"contentUrl\":\"https:\/\/theplayoffs.news\/fr\/wp-content\/uploads\/2023\/10\/USATSI_21646416_168402440_lowres.jpg\",\"width\":1920,\"height\":1280,\"caption\":\"Oct 13, 2023; Los Angeles, California, USA; Golden State Warriors guard Stephen Curry (30) talks to guard Chris Paul (3) during the second half against the Los Angeles Lakers at Crypto.com Arena. Mandatory Credit: Kiyoshi Mio-USA TODAY Sports\"},{\"@type\":\"BreadcrumbList\",\"@id\":\"https:\/\/theplayoffs.news\/fr\/actualite-nba\/stephen-curry-confiant-sur-lintegration-de-chris-paul\/#breadcrumb\",\"itemListElement\":[{\"@type\":\"ListItem\",\"position\":1,\"name\":\"Accueil\",\"item\":\"https:\/\/theplayoffs.news\/fr\/\"},{\"@type\":\"ListItem\",\"position\":2,\"name\":\"Stephen Curry confiant sur l&rsquo;int\u00e9gration de Chris Paul.\"}]},{\"@type\":\"WebSite\",\"@id\":\"https:\/\/theplayoffs.news\/fr\/#website\",\"url\":\"https:\/\/theplayoffs.news\/fr\/\",\"name\":\"The Playoffs FR\",\"description\":\"NBA-NFL-NHL-MLB\",\"potentialAction\":[{\"@type\":\"SearchAction\",\"target\":{\"@type\":\"EntryPoint\",\"urlTemplate\":\"https:\/\/theplayoffs.news\/fr\/?s={search_term_string}\"},\"query-input\":{\"@type\":\"PropertyValueSpecification\",\"valueRequired\":true,\"valueName\":\"search_term_string\"}}],\"inLanguage\":\"fr-FR\"},{\"@type\":\"Person\",\"@id\":\"https:\/\/theplayoffs.news\/fr\/#\/schema\/person\/863ce84969b07bfc09ef81750720e42a\",\"name\":\"Christopher Marrec-Top\",\"image\":{\"@type\":\"ImageObject\",\"inLanguage\":\"fr-FR\",\"@id\":\"https:\/\/theplayoffs.news\/fr\/#\/schema\/person\/image\/\",\"url\":\"https:\/\/secure.gravatar.com\/avatar\/3102192a417211661aecac9ec415c973058438e49145f224d4e3273853f80021?s=96&d=mm&r=g\",\"contentUrl\":\"https:\/\/secure.gravatar.com\/avatar\/3102192a417211661aecac9ec415c973058438e49145f224d4e3273853f80021?s=96&d=mm&r=g\",\"caption\":\"Christopher Marrec-Top\"},\"description\":\"Christopher, 37 ans et biberonn\u00e9 au cidre et aux cr\u00eapes (rien de plus normal pour un breton). Animateur du podcast \\\\\\\"And One\\\\\\\", d\u00e9di\u00e9 \u00e0 l\u2019univers du basket (NBA, WNBA, Draft), et r\u00e9dacteur pour le site ThePlayoffs. Je suis entr\u00e9 dans le monde des m\u00e9dias il y a quelques ann\u00e9es en tant que novice, mais ma passion pour le sport m\u2019anime au quotidien. Admirateur inconditionnel d\\\\'un certain \\\\\\\"Chosen One\\\\\\\", je l\\\\'ai particuli\u00e8rement suivi avec un maillot noir orn\u00e9 d\\\\'un grand C (avec le maillot \\\\\\\"purple and gold\\\\\\\" il se d\u00e9brouille toujours pas trop mal). Amoureux du sport am\u00e9ricain dans son ensemble, je reste fid\u00e8le \u00e0 la discipline fond\u00e9e par James Naismith. ENJOY !! Et longue vie \u00e0 ThePlayoffs !\",\"url\":\"https:\/\/theplayoffs.news\/fr\/author\/christophertop\/\"}]}<\/script>\n<!-- \/ Yoast SEO plugin. -->","yoast_head_json":{"title":"Stephen Curry confiant sur l&#039;int&eacute;gration de Chris Paul. - The Playoffs FR","robots":{"index":"index","follow":"follow","max-snippet":"max-snippet:-1","max-image-preview":"max-image-preview:large","max-video-preview":"max-video-preview:-1"},"canonical":"https:\/\/theplayoffs.news\/fr\/actualite-nba\/stephen-curry-confiant-sur-lintegration-de-chris-paul\/","og_locale":"fr_FR","og_type":"article","og_title":"Stephen Curry confiant sur l&#039;int&eacute;gration de Chris Paul. - The Playoffs FR","og_url":"https:\/\/theplayoffs.news\/fr\/actualite-nba\/stephen-curry-confiant-sur-lintegration-de-chris-paul\/","og_site_name":"The Playoffs FR","article_publisher":"https:\/\/www.facebook.com\/TheFreeAgentFR\/","article_modified_time":"2023-10-18T07:44:06+00:00","og_image":[{"width":1920,"height":1280,"url":"https:\/\/theplayoffs.news\/fr\/wp-content\/uploads\/2023\/10\/USATSI_21646416_168402440_lowres.jpg","type":"image\/jpeg"}],"author":"Christopher Marrec-Top","twitter_card":"summary_large_image","twitter_creator":"@TheFreeAgentFR","twitter_site":"@TheFreeAgentFR","twitter_misc":{"\u00c9crit par":"Christopher Marrec-Top","Dur\u00e9e de lecture estim\u00e9e":"2 minutes"},"schema":{"@context":"https:\/\/schema.org","@graph":[{"@type":"WebPage","@id":"https:\/\/theplayoffs.news\/fr\/actualite-nba\/stephen-curry-confiant-sur-lintegration-de-chris-paul\/","url":"https:\/\/theplayoffs.news\/fr\/actualite-nba\/stephen-curry-confiant-sur-lintegration-de-chris-paul\/","name":"Stephen Curry confiant sur l\\'int\u00e9gration de Chris Paul. - The Playoffs FR","isPartOf":{"@id":"https:\/\/theplayoffs.news\/fr\/#website"},"primaryImageOfPage":{"@id":"https:\/\/theplayoffs.news\/fr\/actualite-nba\/stephen-curry-confiant-sur-lintegration-de-chris-paul\/#primaryimage"},"image":{"@id":"https:\/\/theplayoffs.news\/fr\/actualite-nba\/stephen-curry-confiant-sur-lintegration-de-chris-paul\/#primaryimage"},"thumbnailUrl":"https:\/\/theplayoffs.news\/fr\/wp-content\/uploads\/2023\/10\/USATSI_21646416_168402440_lowres.jpg","datePublished":"2023-10-18T07:41:09+00:00","dateModified":"2023-10-18T07:44:06+00:00","author":{"@id":"https:\/\/theplayoffs.news\/fr\/#\/schema\/person\/863ce84969b07bfc09ef81750720e42a"},"breadcrumb":{"@id":"https:\/\/theplayoffs.news\/fr\/actualite-nba\/stephen-curry-confiant-sur-lintegration-de-chris-paul\/#breadcrumb"},"inLanguage":"fr-FR","potentialAction":[{"@type":"ReadAction","target":["https:\/\/theplayoffs.news\/fr\/actualite-nba\/stephen-curry-confiant-sur-lintegration-de-chris-paul\/"]}]},{"@type":"ImageObject","inLanguage":"fr-FR","@id":"https:\/\/theplayoffs.news\/fr\/actualite-nba\/stephen-curry-confiant-sur-lintegration-de-chris-paul\/#primaryimage","url":"https:\/\/theplayoffs.news\/fr\/wp-content\/uploads\/2023\/10\/USATSI_21646416_168402440_lowres.jpg","contentUrl":"https:\/\/theplayoffs.news\/fr\/wp-content\/uploads\/2023\/10\/USATSI_21646416_168402440_lowres.jpg","width":1920,"height":1280,"caption":"Oct 13, 2023; Los Angeles, California, USA; Golden State Warriors guard Stephen Curry (30) talks to guard Chris Paul (3) during the second half against the Los Angeles Lakers at Crypto.com Arena. Mandatory Credit: Kiyoshi Mio-USA TODAY Sports"},{"@type":"BreadcrumbList","@id":"https:\/\/theplayoffs.news\/fr\/actualite-nba\/stephen-curry-confiant-sur-lintegration-de-chris-paul\/#breadcrumb","itemListElement":[{"@type":"ListItem","position":1,"name":"Accueil","item":"https:\/\/theplayoffs.news\/fr\/"},{"@type":"ListItem","position":2,"name":"Stephen Curry confiant sur l&rsquo;int\u00e9gration de Chris Paul."}]},{"@type":"WebSite","@id":"https:\/\/theplayoffs.news\/fr\/#website","url":"https:\/\/theplayoffs.news\/fr\/","name":"The Playoffs FR","description":"NBA-NFL-NHL-MLB","potentialAction":[{"@type":"SearchAction","target":{"@type":"EntryPoint","urlTemplate":"https:\/\/theplayoffs.news\/fr\/?s={search_term_string}"},"query-input":{"@type":"PropertyValueSpecification","valueRequired":true,"valueName":"search_term_string"}}],"inLanguage":"fr-FR"},{"@type":"Person","@id":"https:\/\/theplayoffs.news\/fr\/#\/schema\/person\/863ce84969b07bfc09ef81750720e42a","name":"Christopher Marrec-Top","image":{"@type":"ImageObject","inLanguage":"fr-FR","@id":"https:\/\/theplayoffs.news\/fr\/#\/schema\/person\/image\/","url":"https:\/\/secure.gravatar.com\/avatar\/3102192a417211661aecac9ec415c973058438e49145f224d4e3273853f80021?s=96&d=mm&r=g","contentUrl":"https:\/\/secure.gravatar.com\/avatar\/3102192a417211661aecac9ec415c973058438e49145f224d4e3273853f80021?s=96&d=mm&r=g","caption":"Christopher Marrec-Top"},"description":"Christopher, 37 ans et biberonn\u00e9 au cidre et aux cr\u00eapes (rien de plus normal pour un breton). Animateur du podcast \\\"And One\\\", d\u00e9di\u00e9 \u00e0 l\u2019univers du basket (NBA, WNBA, Draft), et r\u00e9dacteur pour le site ThePlayoffs. Je suis entr\u00e9 dans le monde des m\u00e9dias il y a quelques ann\u00e9es en tant que novice, mais ma passion pour le sport m\u2019anime au quotidien. Admirateur inconditionnel d\\'un certain \\\"Chosen One\\\", je l\\'ai particuli\u00e8rement suivi avec un maillot noir orn\u00e9 d\\'un grand C (avec le maillot \\\"purple and gold\\\" il se d\u00e9brouille toujours pas trop mal). Amoureux du sport am\u00e9ricain dans son ensemble, je reste fid\u00e8le \u00e0 la discipline fond\u00e9e par James Naismith. ENJOY !! Et longue vie \u00e0 ThePlayoffs !","url":"https:\/\/theplayoffs.news\/fr\/author\/christophertop\/"}]}},"_links":{"self":[{"href":"https:\/\/theplayoffs.news\/fr\/wp-json\/wp\/v2\/posts\/996375","targetHints":{"allow":["GET"]}}],"collection":[{"href":"https:\/\/theplayoffs.news\/fr\/wp-json\/wp\/v2\/posts"}],"about":[{"href":"https:\/\/theplayoffs.news\/fr\/wp-json\/wp\/v2\/types\/post"}],"author":[{"embeddable":true,"href":"https:\/\/theplayoffs.news\/fr\/wp-json\/wp\/v2\/users\/180310001"}],"replies":[{"embeddable":true,"href":"https:\/\/theplayoffs.news\/fr\/wp-json\/wp\/v2\/comments?post=996375"}],"version-history":[{"count":7,"href":"https:\/\/theplayoffs.news\/fr\/wp-json\/wp\/v2\/posts\/996375\/revisions"}],"predecessor-version":[{"id":997534,"href":"https:\/\/theplayoffs.news\/fr\/wp-json\/wp\/v2\/posts\/996375\/revisions\/997534"}],"wp:featuredmedia":[{"embeddable":true,"href":"https:\/\/theplayoffs.news\/fr\/wp-json\/wp\/v2\/media\/996376"}],"wp:attachment":[{"href":"https:\/\/theplayoffs.news\/fr\/wp-json\/wp\/v2\/media?parent=996375"}],"wp:term":[{"taxonomy":"category","embeddable":true,"href":"https:\/\/theplayoffs.news\/fr\/wp-json\/wp\/v2\/categories?post=996375"},{"taxonomy":"post_tag","embeddable":true,"href":"https:\/\/theplayoffs.news\/fr\/wp-json\/wp\/v2\/tags?post=996375"},{"taxonomy":"sport","embeddable":true,"href":"https:\/\/theplayoffs.news\/fr\/wp-json\/wp\/v2\/sport?post=996375"},{"taxonomy":"saison","embeddable":true,"href":"https:\/\/theplayoffs.news\/fr\/wp-json\/wp\/v2\/saison?post=996375"}],"curies":[{"name":"wp","href":"https:\/\/api.w.org\/{rel}","templated":true}]}}