{"id":995192,"date":"2023-10-17T12:57:20","date_gmt":"2023-10-17T10:57:20","guid":{"rendered":"https:\/\/theplayoffs.news\/fr\/?p=995192"},"modified":"2023-10-17T13:17:41","modified_gmt":"2023-10-17T11:17:41","slug":"draymond-green-incertain-pour-la-reprise-nba","status":"publish","type":"post","link":"https:\/\/theplayoffs.news\/fr\/actualite-nba\/draymond-green-incertain-pour-la-reprise-nba\/","title":{"rendered":"Draymond Green incertain pour la reprise NBA ?"},"content":{"rendered":"<h2>Les Warriors, qui entameront leur reprise de saison NBA le 25 Octobre avec un choc face aux Suns de Phoenix, devront ils subir l&rsquo;absence de Draymond Green ? Faisons le point.<\/h2><p>Alors que Draymond Green continue de se remettre d&rsquo;une blessure &agrave; la cheville, sa participation au match d&rsquo;ouverture de la saison des Warriors contre les Phoenix Suns semble de plus en plus compromise si on en croit les dires de Steve Kerr.<\/p><p>Steve Kerr, le coach de <a href=\"https:\/\/theplayoffs.news\/fr\/nba-basketball\/pourquoi-warriors-interessants-a-suivre-nba\/\" class=\"trk-cta-link\" data-cta-trk='{\"ctaType\":\"Link\",\"ctaSubType\":\"main\"}'>Golden State<\/a>, &agrave; d&eacute;clar&eacute; ce lundi sur l&rsquo;&eacute;mission &laquo;&nbsp;<a href=\"https:\/\/sports.yahoo.com\/kerr-states-draymond-questionable-warriors-013717991.html?guccounter=1&amp;guce_referrer=aHR0cHM6Ly93d3cuaW5vcmVhZGVyLmNvbS8&amp;guce_referrer_sig=AQAAACPpdguOd1MHjJoHuTBg_vSITMw2nhV8-f0tMrpN_az2hO47kwMG3cEaj26BXiv7-wSI4x1nwdVGaketq0gj2GB65LGTSvaHuobnuHM-ipY29lB0EMmfVb59KcLTo1tNrAg_pVmDOBSH02DRdjb1bycjEZfzuKlxDH7EXJtCzJmu\" class=\"trk-cta-link\" data-cta-trk='{\"ctaType\":\"Link\",\"ctaSubType\":\"main\"}'>Willard and Dibs&nbsp;&raquo; de 95.7 The Game<\/a>.<\/p><blockquote><p>&laquo;&nbsp;Je pense que la soir&eacute;e d&rsquo;ouverture est incertaine. Il ne jouera pas cette semaine. Mais il se porte vraiment bien. Il se d&eacute;place beaucoup mieux ; il est parti en d&eacute;placement avec nous le week-end dernier et a effectu&eacute; des entra&icirc;nements individuels.&nbsp;&raquo;<\/p><\/blockquote><p>Draymond Green s&rsquo;est bless&eacute; &agrave; la cheville gauche en atterrissant sur le pied de son co&eacute;quipier Jonathan Kuminga lors d&rsquo;un match au Chase Center &agrave; la fin du mois de septembre. Depuis, il a &eacute;t&eacute; limit&eacute; lors du camp d&rsquo;entra&icirc;nement de la franchise. Alors que les Warriors traversent leur calendrier de pr&eacute;-saison de cinq matchs (trois succ&egrave;s en autant de rencontres) l&rsquo;inqui&eacute;tude monte.<\/p><p>\n<div id=\"attachment_995245\" style=\"width: 1930px\" class=\"wp-caption alignnone\"><img loading=\"lazy\" decoding=\"async\" aria-describedby=\"caption-attachment-995245\" class=\"size-full wp-image-995245\" src=\"https:\/\/theplayoffs.news\/fr\/wp-content\/uploads\/2023\/10\/USATSI_20657018_168402440_lowres.jpg\" alt=\"\" width=\"1920\" height=\"1291\" srcset=\"https:\/\/theplayoffs.news\/fr\/wp-content\/uploads\/2023\/10\/USATSI_20657018_168402440_lowres.jpg 1920w, https:\/\/theplayoffs.news\/fr\/wp-content\/uploads\/2023\/10\/USATSI_20657018_168402440_lowres-300x202.jpg 300w, https:\/\/theplayoffs.news\/fr\/wp-content\/uploads\/2023\/10\/USATSI_20657018_168402440_lowres-1030x693.jpg 1030w, https:\/\/theplayoffs.news\/fr\/wp-content\/uploads\/2023\/10\/USATSI_20657018_168402440_lowres-768x516.jpg 768w, https:\/\/theplayoffs.news\/fr\/wp-content\/uploads\/2023\/10\/USATSI_20657018_168402440_lowres-1536x1033.jpg 1536w, https:\/\/theplayoffs.news\/fr\/wp-content\/uploads\/2023\/10\/USATSI_20657018_168402440_lowres-1500x1009.jpg 1500w, https:\/\/theplayoffs.news\/fr\/wp-content\/uploads\/2023\/10\/USATSI_20657018_168402440_lowres-705x474.jpg 705w, https:\/\/theplayoffs.news\/fr\/wp-content\/uploads\/2023\/10\/USATSI_20657018_168402440_lowres-1320x888.jpg 1320w\" sizes=\"auto, (max-width: 1920px) 100vw, 1920px\" \/><p id=\"caption-attachment-995245\" class=\"wp-caption-text\">Credit: Jayne Kamin-Oncea-USA TODAY Sports<\/p><\/div>\n<\/p><p>&nbsp;<\/p><p>Mais c&ocirc;t&eacute; Warriors, l&rsquo;heure n&rsquo;est pas &agrave; la pr&eacute;cipitation pour le retour de leur &acirc;me d&eacute;fensive :<\/p><blockquote><p>Je ne suis pas excessivement pr&eacute;occup&eacute; par le fait qu&rsquo;il joue lors du match d&rsquo;ouverture ou la deuxi&egrave;me semaine de la saison, quand cela viendra&nbsp;&raquo;<\/p>\n<p>&laquo;&nbsp;C&rsquo;est une longue ann&eacute;e. Nous voulons simplement que Draymond soit en bonne sant&eacute;, car &eacute;videmment, nous avons besoin de lui. Lorsqu&rsquo;il est sur le terrain, nous devenons l&rsquo;une des meilleures &eacute;quipes d&eacute;fensives de la ligue.<\/p>\n<p>&laquo;&nbsp;S&rsquo;il n&rsquo;est pas l&agrave; au d&eacute;but, ce n&rsquo;est pas grave. Nous avons beaucoup de profondeur et nous sommes enthousiastes &agrave; ce sujet. Je pense que nous serons beaucoup plus capables cette ann&eacute;e de faire face aux blessures que nous ne l&rsquo;&eacute;tions il y a un an.<\/p><\/blockquote><p>&nbsp;<\/p><h3>Un 5 remodel&eacute;<\/h3><p>Avec l&rsquo;absence de Draymond Green, les Warriors n&rsquo;ont eu d&rsquo;autres choix que d&rsquo;aligner Chris Paul, Steph Curry, Andrew Wiggins, Klay Thompson et Kevon Looney lors de deux matchs de pr&eacute;-saison. Si on extrapole pour le match d&rsquo;ouverture du 24 octobre prochain, il se pourrait que ce soit ce 5 majeur qui soit align&eacute; face &agrave;au Big Three de Phoenix.<\/p><p><a href=\"https:\/\/www.youtube.com\/watch?v=Ol2HyECRvf4\" class=\"trk-cta-link\" data-cta-trk='{\"ctaType\":\"Link\",\"ctaSubType\":\"main\"}'>https:\/\/www.youtube.com\/watch?v=Ol2HyECRvf4<\/a><\/p><p>&nbsp;<\/p><p>&nbsp;<\/p><p>Credit: Cary Edmondson-USA TODAY Sports<\/p>\n","protected":false},"excerpt":{"rendered":"","protected":false},"author":180310001,"featured_media":995260,"comment_status":"open","ping_status":"closed","sticky":false,"template":"","format":"standard","meta":{"inline_featured_image":false,"kia_subtitle":"","_mux_skip_reasons":[],"proofreadBy":0,"footnotes":""},"categories":[110,10],"tags":[1097],"sport":[2783],"saison":[3453],"class_list":["post-995192","post","type-post","status-publish","format-standard","has-post-thumbnail","hentry","category-actualite-nba","category-nba","tag-golden-state-warriors","sport-nba","saison-3453"],"acf":[],"yoast_head":"<!-- This site is optimized with the Yoast SEO plugin v24.2 - https:\/\/yoast.com\/wordpress\/plugins\/seo\/ -->\n<title>Draymond Green incertain pour la reprise NBA ? - The Playoffs FR<\/title>\n<meta name=\"robots\" content=\"index, follow, max-snippet:-1, max-image-preview:large, max-video-preview:-1\" \/>\n<link rel=\"canonical\" href=\"https:\/\/theplayoffs.news\/fr\/actualite-nba\/draymond-green-incertain-pour-la-reprise-nba\/\" \/>\n<meta property=\"og:locale\" content=\"fr_FR\" \/>\n<meta property=\"og:type\" content=\"article\" \/>\n<meta property=\"og:title\" content=\"Draymond Green incertain pour la reprise NBA ? - The Playoffs FR\" \/>\n<meta property=\"og:url\" content=\"https:\/\/theplayoffs.news\/fr\/actualite-nba\/draymond-green-incertain-pour-la-reprise-nba\/\" \/>\n<meta property=\"og:site_name\" content=\"The Playoffs FR\" \/>\n<meta property=\"article:publisher\" content=\"https:\/\/www.facebook.com\/TheFreeAgentFR\/\" \/>\n<meta property=\"article:modified_time\" content=\"2023-10-17T13:17:41+02:00\" \/>\n<meta property=\"og:image\" content=\"https:\/\/theplayoffs.news\/fr\/wp-content\/uploads\/2023\/10\/USATSI_21556306_168402440_lowres.jpg\" \/>\n\t<meta property=\"og:image:width\" content=\"1920\" \/>\n\t<meta property=\"og:image:height\" content=\"1280\" \/>\n\t<meta property=\"og:image:type\" content=\"image\/jpeg\" \/>\n<meta name=\"author\" content=\"Christopher Marrec-Top\" \/>\n<meta name=\"twitter:card\" content=\"summary_large_image\" \/>\n<meta name=\"twitter:creator\" content=\"@TheFreeAgentFR\" \/>\n<meta name=\"twitter:site\" content=\"@TheFreeAgentFR\" \/>\n<meta name=\"twitter:label1\" content=\"\u00c9crit par\" \/>\n\t<meta name=\"twitter:data1\" content=\"Christopher Marrec-Top\" \/>\n\t<meta name=\"twitter:label2\" content=\"Dur\u00e9e de lecture estim\u00e9e\" \/>\n\t<meta name=\"twitter:data2\" content=\"2 minutes\" \/>\n<script type=\"application\/ld+json\" class=\"yoast-schema-graph\">{\"@context\":\"https:\/\/schema.org\",\"@graph\":[{\"@type\":\"WebPage\",\"@id\":\"https:\/\/theplayoffs.news\/fr\/actualite-nba\/draymond-green-incertain-pour-la-reprise-nba\/\",\"url\":\"https:\/\/theplayoffs.news\/fr\/actualite-nba\/draymond-green-incertain-pour-la-reprise-nba\/\",\"name\":\"Draymond Green incertain pour la reprise NBA ? - The Playoffs FR\",\"isPartOf\":{\"@id\":\"https:\/\/theplayoffs.news\/fr\/#website\"},\"primaryImageOfPage\":{\"@id\":\"https:\/\/theplayoffs.news\/fr\/actualite-nba\/draymond-green-incertain-pour-la-reprise-nba\/#primaryimage\"},\"image\":{\"@id\":\"https:\/\/theplayoffs.news\/fr\/actualite-nba\/draymond-green-incertain-pour-la-reprise-nba\/#primaryimage\"},\"thumbnailUrl\":\"https:\/\/theplayoffs.news\/fr\/wp-content\/uploads\/2023\/10\/USATSI_21556306_168402440_lowres.jpg\",\"datePublished\":\"2023-10-17T10:57:20+00:00\",\"dateModified\":\"2023-10-17T11:17:41+00:00\",\"author\":{\"@id\":\"https:\/\/theplayoffs.news\/fr\/#\/schema\/person\/863ce84969b07bfc09ef81750720e42a\"},\"breadcrumb\":{\"@id\":\"https:\/\/theplayoffs.news\/fr\/actualite-nba\/draymond-green-incertain-pour-la-reprise-nba\/#breadcrumb\"},\"inLanguage\":\"fr-FR\",\"potentialAction\":[{\"@type\":\"ReadAction\",\"target\":[\"https:\/\/theplayoffs.news\/fr\/actualite-nba\/draymond-green-incertain-pour-la-reprise-nba\/\"]}]},{\"@type\":\"ImageObject\",\"inLanguage\":\"fr-FR\",\"@id\":\"https:\/\/theplayoffs.news\/fr\/actualite-nba\/draymond-green-incertain-pour-la-reprise-nba\/#primaryimage\",\"url\":\"https:\/\/theplayoffs.news\/fr\/wp-content\/uploads\/2023\/10\/USATSI_21556306_168402440_lowres.jpg\",\"contentUrl\":\"https:\/\/theplayoffs.news\/fr\/wp-content\/uploads\/2023\/10\/USATSI_21556306_168402440_lowres.jpg\",\"width\":1920,\"height\":1280,\"caption\":\"Oct 2, 2023; San Francisco, CA, USA; Golden State Warriors forward Draymond Green (23) during Media Day at the Chase Center. Mandatory Credit: Cary Edmondson-USA TODAY Sports\"},{\"@type\":\"BreadcrumbList\",\"@id\":\"https:\/\/theplayoffs.news\/fr\/actualite-nba\/draymond-green-incertain-pour-la-reprise-nba\/#breadcrumb\",\"itemListElement\":[{\"@type\":\"ListItem\",\"position\":1,\"name\":\"Accueil\",\"item\":\"https:\/\/theplayoffs.news\/fr\/\"},{\"@type\":\"ListItem\",\"position\":2,\"name\":\"Draymond Green incertain pour la reprise NBA ?\"}]},{\"@type\":\"WebSite\",\"@id\":\"https:\/\/theplayoffs.news\/fr\/#website\",\"url\":\"https:\/\/theplayoffs.news\/fr\/\",\"name\":\"The Playoffs FR\",\"description\":\"NBA-NFL-NHL-MLB\",\"potentialAction\":[{\"@type\":\"SearchAction\",\"target\":{\"@type\":\"EntryPoint\",\"urlTemplate\":\"https:\/\/theplayoffs.news\/fr\/?s={search_term_string}\"},\"query-input\":{\"@type\":\"PropertyValueSpecification\",\"valueRequired\":true,\"valueName\":\"search_term_string\"}}],\"inLanguage\":\"fr-FR\"},{\"@type\":\"Person\",\"@id\":\"https:\/\/theplayoffs.news\/fr\/#\/schema\/person\/863ce84969b07bfc09ef81750720e42a\",\"name\":\"Christopher Marrec-Top\",\"image\":{\"@type\":\"ImageObject\",\"inLanguage\":\"fr-FR\",\"@id\":\"https:\/\/theplayoffs.news\/fr\/#\/schema\/person\/image\/\",\"url\":\"https:\/\/secure.gravatar.com\/avatar\/3102192a417211661aecac9ec415c973058438e49145f224d4e3273853f80021?s=96&d=mm&r=g\",\"contentUrl\":\"https:\/\/secure.gravatar.com\/avatar\/3102192a417211661aecac9ec415c973058438e49145f224d4e3273853f80021?s=96&d=mm&r=g\",\"caption\":\"Christopher Marrec-Top\"},\"description\":\"Christopher, 37 ans et biberonn\u00e9 au cidre et aux cr\u00eapes (rien de plus normal pour un breton). Animateur du podcast \\\\\\\"And One\\\\\\\", d\u00e9di\u00e9 \u00e0 l\u2019univers du basket (NBA, WNBA, Draft), et r\u00e9dacteur pour le site ThePlayoffs. Je suis entr\u00e9 dans le monde des m\u00e9dias il y a quelques ann\u00e9es en tant que novice, mais ma passion pour le sport m\u2019anime au quotidien. Admirateur inconditionnel d\\\\'un certain \\\\\\\"Chosen One\\\\\\\", je l\\\\'ai particuli\u00e8rement suivi avec un maillot noir orn\u00e9 d\\\\'un grand C (avec le maillot \\\\\\\"purple and gold\\\\\\\" il se d\u00e9brouille toujours pas trop mal). Amoureux du sport am\u00e9ricain dans son ensemble, je reste fid\u00e8le \u00e0 la discipline fond\u00e9e par James Naismith. ENJOY !! Et longue vie \u00e0 ThePlayoffs !\",\"url\":\"https:\/\/theplayoffs.news\/fr\/author\/christophertop\/\"}]}<\/script>\n<!-- \/ Yoast SEO plugin. -->","yoast_head_json":{"title":"Draymond Green incertain pour la reprise NBA ? - The Playoffs FR","robots":{"index":"index","follow":"follow","max-snippet":"max-snippet:-1","max-image-preview":"max-image-preview:large","max-video-preview":"max-video-preview:-1"},"canonical":"https:\/\/theplayoffs.news\/fr\/actualite-nba\/draymond-green-incertain-pour-la-reprise-nba\/","og_locale":"fr_FR","og_type":"article","og_title":"Draymond Green incertain pour la reprise NBA ? - The Playoffs FR","og_url":"https:\/\/theplayoffs.news\/fr\/actualite-nba\/draymond-green-incertain-pour-la-reprise-nba\/","og_site_name":"The Playoffs FR","article_publisher":"https:\/\/www.facebook.com\/TheFreeAgentFR\/","article_modified_time":"2023-10-17T11:17:41+00:00","og_image":[{"width":1920,"height":1280,"url":"https:\/\/theplayoffs.news\/fr\/wp-content\/uploads\/2023\/10\/USATSI_21556306_168402440_lowres.jpg","type":"image\/jpeg"}],"author":"Christopher Marrec-Top","twitter_card":"summary_large_image","twitter_creator":"@TheFreeAgentFR","twitter_site":"@TheFreeAgentFR","twitter_misc":{"\u00c9crit par":"Christopher Marrec-Top","Dur\u00e9e de lecture estim\u00e9e":"2 minutes"},"schema":{"@context":"https:\/\/schema.org","@graph":[{"@type":"WebPage","@id":"https:\/\/theplayoffs.news\/fr\/actualite-nba\/draymond-green-incertain-pour-la-reprise-nba\/","url":"https:\/\/theplayoffs.news\/fr\/actualite-nba\/draymond-green-incertain-pour-la-reprise-nba\/","name":"Draymond Green incertain pour la reprise NBA ? - The Playoffs FR","isPartOf":{"@id":"https:\/\/theplayoffs.news\/fr\/#website"},"primaryImageOfPage":{"@id":"https:\/\/theplayoffs.news\/fr\/actualite-nba\/draymond-green-incertain-pour-la-reprise-nba\/#primaryimage"},"image":{"@id":"https:\/\/theplayoffs.news\/fr\/actualite-nba\/draymond-green-incertain-pour-la-reprise-nba\/#primaryimage"},"thumbnailUrl":"https:\/\/theplayoffs.news\/fr\/wp-content\/uploads\/2023\/10\/USATSI_21556306_168402440_lowres.jpg","datePublished":"2023-10-17T10:57:20+00:00","dateModified":"2023-10-17T11:17:41+00:00","author":{"@id":"https:\/\/theplayoffs.news\/fr\/#\/schema\/person\/863ce84969b07bfc09ef81750720e42a"},"breadcrumb":{"@id":"https:\/\/theplayoffs.news\/fr\/actualite-nba\/draymond-green-incertain-pour-la-reprise-nba\/#breadcrumb"},"inLanguage":"fr-FR","potentialAction":[{"@type":"ReadAction","target":["https:\/\/theplayoffs.news\/fr\/actualite-nba\/draymond-green-incertain-pour-la-reprise-nba\/"]}]},{"@type":"ImageObject","inLanguage":"fr-FR","@id":"https:\/\/theplayoffs.news\/fr\/actualite-nba\/draymond-green-incertain-pour-la-reprise-nba\/#primaryimage","url":"https:\/\/theplayoffs.news\/fr\/wp-content\/uploads\/2023\/10\/USATSI_21556306_168402440_lowres.jpg","contentUrl":"https:\/\/theplayoffs.news\/fr\/wp-content\/uploads\/2023\/10\/USATSI_21556306_168402440_lowres.jpg","width":1920,"height":1280,"caption":"Oct 2, 2023; San Francisco, CA, USA; Golden State Warriors forward Draymond Green (23) during Media Day at the Chase Center. Mandatory Credit: Cary Edmondson-USA TODAY Sports"},{"@type":"BreadcrumbList","@id":"https:\/\/theplayoffs.news\/fr\/actualite-nba\/draymond-green-incertain-pour-la-reprise-nba\/#breadcrumb","itemListElement":[{"@type":"ListItem","position":1,"name":"Accueil","item":"https:\/\/theplayoffs.news\/fr\/"},{"@type":"ListItem","position":2,"name":"Draymond Green incertain pour la reprise NBA ?"}]},{"@type":"WebSite","@id":"https:\/\/theplayoffs.news\/fr\/#website","url":"https:\/\/theplayoffs.news\/fr\/","name":"The Playoffs FR","description":"NBA-NFL-NHL-MLB","potentialAction":[{"@type":"SearchAction","target":{"@type":"EntryPoint","urlTemplate":"https:\/\/theplayoffs.news\/fr\/?s={search_term_string}"},"query-input":{"@type":"PropertyValueSpecification","valueRequired":true,"valueName":"search_term_string"}}],"inLanguage":"fr-FR"},{"@type":"Person","@id":"https:\/\/theplayoffs.news\/fr\/#\/schema\/person\/863ce84969b07bfc09ef81750720e42a","name":"Christopher Marrec-Top","image":{"@type":"ImageObject","inLanguage":"fr-FR","@id":"https:\/\/theplayoffs.news\/fr\/#\/schema\/person\/image\/","url":"https:\/\/secure.gravatar.com\/avatar\/3102192a417211661aecac9ec415c973058438e49145f224d4e3273853f80021?s=96&d=mm&r=g","contentUrl":"https:\/\/secure.gravatar.com\/avatar\/3102192a417211661aecac9ec415c973058438e49145f224d4e3273853f80021?s=96&d=mm&r=g","caption":"Christopher Marrec-Top"},"description":"Christopher, 37 ans et biberonn\u00e9 au cidre et aux cr\u00eapes (rien de plus normal pour un breton). Animateur du podcast \\\"And One\\\", d\u00e9di\u00e9 \u00e0 l\u2019univers du basket (NBA, WNBA, Draft), et r\u00e9dacteur pour le site ThePlayoffs. Je suis entr\u00e9 dans le monde des m\u00e9dias il y a quelques ann\u00e9es en tant que novice, mais ma passion pour le sport m\u2019anime au quotidien. Admirateur inconditionnel d\\'un certain \\\"Chosen One\\\", je l\\'ai particuli\u00e8rement suivi avec un maillot noir orn\u00e9 d\\'un grand C (avec le maillot \\\"purple and gold\\\" il se d\u00e9brouille toujours pas trop mal). Amoureux du sport am\u00e9ricain dans son ensemble, je reste fid\u00e8le \u00e0 la discipline fond\u00e9e par James Naismith. ENJOY !! Et longue vie \u00e0 ThePlayoffs !","url":"https:\/\/theplayoffs.news\/fr\/author\/christophertop\/"}]}},"_links":{"self":[{"href":"https:\/\/theplayoffs.news\/fr\/wp-json\/wp\/v2\/posts\/995192","targetHints":{"allow":["GET"]}}],"collection":[{"href":"https:\/\/theplayoffs.news\/fr\/wp-json\/wp\/v2\/posts"}],"about":[{"href":"https:\/\/theplayoffs.news\/fr\/wp-json\/wp\/v2\/types\/post"}],"author":[{"embeddable":true,"href":"https:\/\/theplayoffs.news\/fr\/wp-json\/wp\/v2\/users\/180310001"}],"replies":[{"embeddable":true,"href":"https:\/\/theplayoffs.news\/fr\/wp-json\/wp\/v2\/comments?post=995192"}],"version-history":[{"count":6,"href":"https:\/\/theplayoffs.news\/fr\/wp-json\/wp\/v2\/posts\/995192\/revisions"}],"predecessor-version":[{"id":995392,"href":"https:\/\/theplayoffs.news\/fr\/wp-json\/wp\/v2\/posts\/995192\/revisions\/995392"}],"wp:featuredmedia":[{"embeddable":true,"href":"https:\/\/theplayoffs.news\/fr\/wp-json\/wp\/v2\/media\/995260"}],"wp:attachment":[{"href":"https:\/\/theplayoffs.news\/fr\/wp-json\/wp\/v2\/media?parent=995192"}],"wp:term":[{"taxonomy":"category","embeddable":true,"href":"https:\/\/theplayoffs.news\/fr\/wp-json\/wp\/v2\/categories?post=995192"},{"taxonomy":"post_tag","embeddable":true,"href":"https:\/\/theplayoffs.news\/fr\/wp-json\/wp\/v2\/tags?post=995192"},{"taxonomy":"sport","embeddable":true,"href":"https:\/\/theplayoffs.news\/fr\/wp-json\/wp\/v2\/sport?post=995192"},{"taxonomy":"saison","embeddable":true,"href":"https:\/\/theplayoffs.news\/fr\/wp-json\/wp\/v2\/saison?post=995192"}],"curies":[{"name":"wp","href":"https:\/\/api.w.org\/{rel}","templated":true}]}}