{"id":978467,"date":"2023-10-11T11:09:07","date_gmt":"2023-10-11T09:09:07","guid":{"rendered":"https:\/\/theplayoffs.news\/fr\/?p=978467"},"modified":"2023-10-11T11:12:10","modified_gmt":"2023-10-11T09:12:10","slug":"austin-ekeler-est-pret-a-revenir-les-chargers-se-preparent-a-affronter-les-cowboys","status":"publish","type":"post","link":"https:\/\/theplayoffs.news\/fr\/actualite-nfl\/austin-ekeler-est-pret-a-revenir-les-chargers-se-preparent-a-affronter-les-cowboys\/","title":{"rendered":"Austin Ekeler est pr\u00eat \u00e0 revenir, les Chargers se pr\u00e9parent \u00e0 affronter les Cowboys"},"content":{"rendered":"<h2>Le running back Austin Ekeler a fait part de sa ferme intention de faire son retour lors du match de la semaine 6 contre les Dallas Cowboys.<\/h2><p>Apr&egrave;s une longue interruption due &agrave; une entorse de la cheville subie lors de la premi&egrave;re semaine, Austin Ekeler a d&eacute;clar&eacute; avec confiance qu&rsquo;il avait &laquo;&nbsp;99 % de chances&nbsp;&raquo; d&rsquo;&ecirc;tre de retour sur le terrain lundi soir.<\/p><p>Il ne s&rsquo;agit pas de n&rsquo;importe quel retour pour <a href=\"https:\/\/theplayoffs.news\/fr\/joueur\/austin-ekeler-nfl-6136534\/\" class=\"trk-cta-link\" data-cta-trk='{\"ctaType\":\"Link\",\"ctaSubType\":\"main\"}'><strong>Austin Ekeler<\/strong><\/a>.<\/p><p>La d&eacute;faite des Chargers en semaine 1 face aux Dolphins a &eacute;t&eacute; le t&eacute;moin de sa mise &agrave; l&rsquo;&eacute;cart. Cependant, mardi, Ekeler a redonn&eacute; espoir &agrave; l&rsquo;&eacute;quipe et aux fans en participant activement aux s&eacute;ances d&rsquo;entra&icirc;nement, sans l&rsquo;attelle &agrave; la cheville. Sa performance sur le terrain a d&eacute;montr&eacute; qu&rsquo;il est en train de revenir &agrave; son meilleur niveau, montrant son agilit&eacute; caract&eacute;ristique avec des juke moves et en attrapant des passes, ne semblant rien d&rsquo;autre que son dynamisme habituel.<\/p><p>Lors d&rsquo;une conversation avec les m&eacute;dias, Austin Ekeler a &eacute;voqu&eacute; les progr&egrave;s r&eacute;alis&eacute;s depuis sa blessure.<\/p><blockquote><p>&laquo;&nbsp;Il a fallu un peu de temps pour se remettre &agrave; jouer au football&hellip; Mais c&rsquo;est quelque chose que nous allons travailler cette semaine et &ecirc;tre pr&ecirc;ts &agrave; partir&nbsp;&raquo;, <a href=\"https:\/\/www.espn.com\/nfl\/story\/_\/id\/38626779\/chargers-austin-ekeler-99-chance-return-vs-cowboys\" class=\"trk-cta-link\" data-cta-trk='{\"ctaType\":\"Link\",\"ctaSubType\":\"main\"}'>a-t-il d&eacute;clar&eacute; via ESPN<\/a><\/p><\/blockquote><h3>La situation dans son ensemble : Les blessures des Chargers<\/h3><p>Malgr&eacute; le retour optimiste d&rsquo;Austin Ekeler, les Chargers doivent encore faire face &agrave; d&rsquo;importants d&eacute;fis. Les probl&egrave;mes de sant&eacute; de l&rsquo;&eacute;quipe sont devenus un sujet de pr&eacute;occupation, en particulier avec plusieurs de ses joueurs vedettes mis &agrave; l&rsquo;&eacute;cart &agrave; cause de divers maux.<\/p><p>Mike Williams, l&rsquo;un des piliers de l&rsquo;attaque des Chargers la saison derni&egrave;re, souffre d&rsquo;une grave d&eacute;chirure du ligament crois&eacute; ant&eacute;rieur. Son absence souligne l&rsquo;importance du retour d&rsquo;Ekeler, qui non seulement compl&egrave;te le jeu au sol, mais a &eacute;galement &eacute;t&eacute; un &eacute;l&eacute;ment essentiel de l&rsquo;attaque a&eacute;rienne des Chargers la saison derni&egrave;re, menant l&rsquo;&eacute;quipe &agrave; la fois en termes de cibles et de r&eacute;ceptions.<\/p><p>Par ailleurs, d&rsquo;autres joueurs cl&eacute;s restent sous le coup d&rsquo;une blessure. Le quarterback Justin Herbert s&rsquo;est r&eacute;cemment fractur&eacute; le majeur de sa main gauche. Bien qu&rsquo;il se soit entra&icirc;n&eacute; avec un gant de protection, le tight end Donald Parham Jr, un &eacute;l&eacute;ment crucial de la configuration offensive, s&rsquo;est entra&icirc;n&eacute; avec une attelle apr&egrave;s avoir quitt&eacute; pr&eacute;matur&eacute;ment le match contre les Raiders en raison d&rsquo;une blessure au poignet.<\/p><p>En ce qui concerne la d&eacute;fense, l&rsquo;absence de Joey Bosa &agrave; l&rsquo;entra&icirc;nement depuis le match de la semaine 3 contre les Vikings laisse pr&eacute;sager des difficult&eacute;s pour la ligne d&eacute;fensive des Chargers.<\/p><p>&nbsp;<\/p><p>Credit: Jayne Kamin-Oncea-USA TODAY Sports<\/p>\n","protected":false},"excerpt":{"rendered":"","protected":false},"author":13,"featured_media":978491,"comment_status":"open","ping_status":"closed","sticky":false,"template":"","format":"standard","meta":{"inline_featured_image":false,"kia_subtitle":"","_mux_skip_reasons":[],"proofreadBy":0,"footnotes":""},"categories":[118,40],"tags":[2836,759],"sport":[],"saison":[],"class_list":["post-978467","post","type-post","status-publish","format-standard","has-post-thumbnail","hentry","category-actualite-nfl","category-nfl","tag-austin-ekeler","tag-los-angeles-chargers"],"acf":[],"yoast_head":"<!-- This site is optimized with the Yoast SEO plugin v24.2 - https:\/\/yoast.com\/wordpress\/plugins\/seo\/ -->\n<title>Austin Ekeler est pr&ecirc;t &agrave; revenir, les Chargers se pr&eacute;parent &agrave; affronter les Cowboys - The Playoffs FR<\/title>\n<meta name=\"robots\" content=\"index, follow, max-snippet:-1, max-image-preview:large, max-video-preview:-1\" \/>\n<link rel=\"canonical\" href=\"https:\/\/theplayoffs.news\/fr\/actualite-nfl\/austin-ekeler-est-pret-a-revenir-les-chargers-se-preparent-a-affronter-les-cowboys\/\" \/>\n<meta property=\"og:locale\" content=\"fr_FR\" \/>\n<meta property=\"og:type\" content=\"article\" \/>\n<meta property=\"og:title\" content=\"Austin Ekeler est pr&ecirc;t &agrave; revenir, les Chargers se pr&eacute;parent &agrave; affronter les Cowboys - The Playoffs FR\" \/>\n<meta property=\"og:url\" content=\"https:\/\/theplayoffs.news\/fr\/actualite-nfl\/austin-ekeler-est-pret-a-revenir-les-chargers-se-preparent-a-affronter-les-cowboys\/\" \/>\n<meta property=\"og:site_name\" content=\"The Playoffs FR\" \/>\n<meta property=\"article:publisher\" content=\"https:\/\/www.facebook.com\/TheFreeAgentFR\/\" \/>\n<meta property=\"article:modified_time\" content=\"2023-10-11T11:12:10+02:00\" \/>\n<meta property=\"og:image\" content=\"https:\/\/theplayoffs.news\/fr\/wp-content\/uploads\/2023\/10\/USATSI_21391805.jpg\" \/>\n\t<meta property=\"og:image:width\" content=\"1920\" \/>\n\t<meta property=\"og:image:height\" content=\"1377\" \/>\n\t<meta property=\"og:image:type\" content=\"image\/jpeg\" \/>\n<meta name=\"author\" content=\"Charles Taudin\" \/>\n<meta name=\"twitter:card\" content=\"summary_large_image\" \/>\n<meta name=\"twitter:creator\" content=\"@TheFreeAgentFR\" \/>\n<meta name=\"twitter:site\" content=\"@TheFreeAgentFR\" \/>\n<meta name=\"twitter:label1\" content=\"\u00c9crit par\" \/>\n\t<meta name=\"twitter:data1\" content=\"Charles Taudin\" \/>\n\t<meta name=\"twitter:label2\" content=\"Dur\u00e9e de lecture estim\u00e9e\" \/>\n\t<meta name=\"twitter:data2\" content=\"2 minutes\" \/>\n<script type=\"application\/ld+json\" class=\"yoast-schema-graph\">{\"@context\":\"https:\/\/schema.org\",\"@graph\":[{\"@type\":\"WebPage\",\"@id\":\"https:\/\/theplayoffs.news\/fr\/actualite-nfl\/austin-ekeler-est-pret-a-revenir-les-chargers-se-preparent-a-affronter-les-cowboys\/\",\"url\":\"https:\/\/theplayoffs.news\/fr\/actualite-nfl\/austin-ekeler-est-pret-a-revenir-les-chargers-se-preparent-a-affronter-les-cowboys\/\",\"name\":\"Austin Ekeler est pr\u00eat \u00e0 revenir, les Chargers se pr\u00e9parent \u00e0 affronter les Cowboys - The Playoffs FR\",\"isPartOf\":{\"@id\":\"https:\/\/theplayoffs.news\/fr\/#website\"},\"primaryImageOfPage\":{\"@id\":\"https:\/\/theplayoffs.news\/fr\/actualite-nfl\/austin-ekeler-est-pret-a-revenir-les-chargers-se-preparent-a-affronter-les-cowboys\/#primaryimage\"},\"image\":{\"@id\":\"https:\/\/theplayoffs.news\/fr\/actualite-nfl\/austin-ekeler-est-pret-a-revenir-les-chargers-se-preparent-a-affronter-les-cowboys\/#primaryimage\"},\"thumbnailUrl\":\"https:\/\/theplayoffs.news\/fr\/wp-content\/uploads\/2023\/10\/USATSI_21391805.jpg\",\"datePublished\":\"2023-10-11T09:09:07+00:00\",\"dateModified\":\"2023-10-11T09:12:10+00:00\",\"author\":{\"@id\":\"https:\/\/theplayoffs.news\/fr\/#\/schema\/person\/eee5b69ad5d3c51cabe881c839dbe133\"},\"breadcrumb\":{\"@id\":\"https:\/\/theplayoffs.news\/fr\/actualite-nfl\/austin-ekeler-est-pret-a-revenir-les-chargers-se-preparent-a-affronter-les-cowboys\/#breadcrumb\"},\"inLanguage\":\"fr-FR\",\"potentialAction\":[{\"@type\":\"ReadAction\",\"target\":[\"https:\/\/theplayoffs.news\/fr\/actualite-nfl\/austin-ekeler-est-pret-a-revenir-les-chargers-se-preparent-a-affronter-les-cowboys\/\"]}]},{\"@type\":\"ImageObject\",\"inLanguage\":\"fr-FR\",\"@id\":\"https:\/\/theplayoffs.news\/fr\/actualite-nfl\/austin-ekeler-est-pret-a-revenir-les-chargers-se-preparent-a-affronter-les-cowboys\/#primaryimage\",\"url\":\"https:\/\/theplayoffs.news\/fr\/wp-content\/uploads\/2023\/10\/USATSI_21391805.jpg\",\"contentUrl\":\"https:\/\/theplayoffs.news\/fr\/wp-content\/uploads\/2023\/10\/USATSI_21391805.jpg\",\"width\":1920,\"height\":1377,\"caption\":\"Sep 10, 2023; Inglewood, California, USA; Los Angeles Chargers running back Austin Ekeler (30) celebrates after a touchdown in the first half against the Miami Dolphins at SoFi Stadium. Mandatory Credit: Jayne Kamin-Oncea-USA TODAY Sports\"},{\"@type\":\"BreadcrumbList\",\"@id\":\"https:\/\/theplayoffs.news\/fr\/actualite-nfl\/austin-ekeler-est-pret-a-revenir-les-chargers-se-preparent-a-affronter-les-cowboys\/#breadcrumb\",\"itemListElement\":[{\"@type\":\"ListItem\",\"position\":1,\"name\":\"Accueil\",\"item\":\"https:\/\/theplayoffs.news\/fr\/\"},{\"@type\":\"ListItem\",\"position\":2,\"name\":\"Austin Ekeler est pr\u00eat \u00e0 revenir, les Chargers se pr\u00e9parent \u00e0 affronter les Cowboys\"}]},{\"@type\":\"WebSite\",\"@id\":\"https:\/\/theplayoffs.news\/fr\/#website\",\"url\":\"https:\/\/theplayoffs.news\/fr\/\",\"name\":\"The Playoffs FR\",\"description\":\"NBA-NFL-NHL-MLB\",\"potentialAction\":[{\"@type\":\"SearchAction\",\"target\":{\"@type\":\"EntryPoint\",\"urlTemplate\":\"https:\/\/theplayoffs.news\/fr\/?s={search_term_string}\"},\"query-input\":{\"@type\":\"PropertyValueSpecification\",\"valueRequired\":true,\"valueName\":\"search_term_string\"}}],\"inLanguage\":\"fr-FR\"},{\"@type\":\"Person\",\"@id\":\"https:\/\/theplayoffs.news\/fr\/#\/schema\/person\/eee5b69ad5d3c51cabe881c839dbe133\",\"name\":\"Charles Taudin\",\"image\":{\"@type\":\"ImageObject\",\"inLanguage\":\"fr-FR\",\"@id\":\"https:\/\/theplayoffs.news\/fr\/#\/schema\/person\/image\/\",\"url\":\"https:\/\/secure.gravatar.com\/avatar\/59a1e772205ce9fd255edfcafc93013736822e20261f294c5753b20c41ede9f2?s=96&d=mm&r=g\",\"contentUrl\":\"https:\/\/secure.gravatar.com\/avatar\/59a1e772205ce9fd255edfcafc93013736822e20261f294c5753b20c41ede9f2?s=96&d=mm&r=g\",\"caption\":\"Charles Taudin\"},\"description\":\"R\u00e9dacteur en chef global de The Playoffs, j\u2019ai cr\u00e9\u00e9 The Free Agent, devenu The Playoffs FR, en 2020 durant la pand\u00e9mie. Amoureux depuis des ann\u00e9es des 4 sports majeurs am\u00e9ricains, j\u2019organise maintenant la strat\u00e9gie \u00e9ditoriale et les r\u00e9seaux sociaux de l\u2019ensemble des versions de The Playoffs. Il m\u2019arrive encore d\u2019\u00e9crire sur certains sports que j\u2019affectionne particuli\u00e8rement comme la NFL ou la MLB. Si vous devez retenir qu\u2019une chose : Eli Manning est le vrai GOAT pour avoir battu deux fois Tom Brady.\",\"sameAs\":[\"https:\/\/www.instagram.com\/ctaudin_\/\"],\"url\":\"https:\/\/theplayoffs.news\/fr\/author\/charles-taudin\/\"}]}<\/script>\n<!-- \/ Yoast SEO plugin. -->","yoast_head_json":{"title":"Austin Ekeler est pr&ecirc;t &agrave; revenir, les Chargers se pr&eacute;parent &agrave; affronter les Cowboys - The Playoffs FR","robots":{"index":"index","follow":"follow","max-snippet":"max-snippet:-1","max-image-preview":"max-image-preview:large","max-video-preview":"max-video-preview:-1"},"canonical":"https:\/\/theplayoffs.news\/fr\/actualite-nfl\/austin-ekeler-est-pret-a-revenir-les-chargers-se-preparent-a-affronter-les-cowboys\/","og_locale":"fr_FR","og_type":"article","og_title":"Austin Ekeler est pr&ecirc;t &agrave; revenir, les Chargers se pr&eacute;parent &agrave; affronter les Cowboys - The Playoffs FR","og_url":"https:\/\/theplayoffs.news\/fr\/actualite-nfl\/austin-ekeler-est-pret-a-revenir-les-chargers-se-preparent-a-affronter-les-cowboys\/","og_site_name":"The Playoffs FR","article_publisher":"https:\/\/www.facebook.com\/TheFreeAgentFR\/","article_modified_time":"2023-10-11T09:12:10+00:00","og_image":[{"width":1920,"height":1377,"url":"https:\/\/theplayoffs.news\/fr\/wp-content\/uploads\/2023\/10\/USATSI_21391805.jpg","type":"image\/jpeg"}],"author":"Charles Taudin","twitter_card":"summary_large_image","twitter_creator":"@TheFreeAgentFR","twitter_site":"@TheFreeAgentFR","twitter_misc":{"\u00c9crit par":"Charles Taudin","Dur\u00e9e de lecture estim\u00e9e":"2 minutes"},"schema":{"@context":"https:\/\/schema.org","@graph":[{"@type":"WebPage","@id":"https:\/\/theplayoffs.news\/fr\/actualite-nfl\/austin-ekeler-est-pret-a-revenir-les-chargers-se-preparent-a-affronter-les-cowboys\/","url":"https:\/\/theplayoffs.news\/fr\/actualite-nfl\/austin-ekeler-est-pret-a-revenir-les-chargers-se-preparent-a-affronter-les-cowboys\/","name":"Austin Ekeler est pr\u00eat \u00e0 revenir, les Chargers se pr\u00e9parent \u00e0 affronter les Cowboys - The Playoffs FR","isPartOf":{"@id":"https:\/\/theplayoffs.news\/fr\/#website"},"primaryImageOfPage":{"@id":"https:\/\/theplayoffs.news\/fr\/actualite-nfl\/austin-ekeler-est-pret-a-revenir-les-chargers-se-preparent-a-affronter-les-cowboys\/#primaryimage"},"image":{"@id":"https:\/\/theplayoffs.news\/fr\/actualite-nfl\/austin-ekeler-est-pret-a-revenir-les-chargers-se-preparent-a-affronter-les-cowboys\/#primaryimage"},"thumbnailUrl":"https:\/\/theplayoffs.news\/fr\/wp-content\/uploads\/2023\/10\/USATSI_21391805.jpg","datePublished":"2023-10-11T09:09:07+00:00","dateModified":"2023-10-11T09:12:10+00:00","author":{"@id":"https:\/\/theplayoffs.news\/fr\/#\/schema\/person\/eee5b69ad5d3c51cabe881c839dbe133"},"breadcrumb":{"@id":"https:\/\/theplayoffs.news\/fr\/actualite-nfl\/austin-ekeler-est-pret-a-revenir-les-chargers-se-preparent-a-affronter-les-cowboys\/#breadcrumb"},"inLanguage":"fr-FR","potentialAction":[{"@type":"ReadAction","target":["https:\/\/theplayoffs.news\/fr\/actualite-nfl\/austin-ekeler-est-pret-a-revenir-les-chargers-se-preparent-a-affronter-les-cowboys\/"]}]},{"@type":"ImageObject","inLanguage":"fr-FR","@id":"https:\/\/theplayoffs.news\/fr\/actualite-nfl\/austin-ekeler-est-pret-a-revenir-les-chargers-se-preparent-a-affronter-les-cowboys\/#primaryimage","url":"https:\/\/theplayoffs.news\/fr\/wp-content\/uploads\/2023\/10\/USATSI_21391805.jpg","contentUrl":"https:\/\/theplayoffs.news\/fr\/wp-content\/uploads\/2023\/10\/USATSI_21391805.jpg","width":1920,"height":1377,"caption":"Sep 10, 2023; Inglewood, California, USA; Los Angeles Chargers running back Austin Ekeler (30) celebrates after a touchdown in the first half against the Miami Dolphins at SoFi Stadium. Mandatory Credit: Jayne Kamin-Oncea-USA TODAY Sports"},{"@type":"BreadcrumbList","@id":"https:\/\/theplayoffs.news\/fr\/actualite-nfl\/austin-ekeler-est-pret-a-revenir-les-chargers-se-preparent-a-affronter-les-cowboys\/#breadcrumb","itemListElement":[{"@type":"ListItem","position":1,"name":"Accueil","item":"https:\/\/theplayoffs.news\/fr\/"},{"@type":"ListItem","position":2,"name":"Austin Ekeler est pr\u00eat \u00e0 revenir, les Chargers se pr\u00e9parent \u00e0 affronter les Cowboys"}]},{"@type":"WebSite","@id":"https:\/\/theplayoffs.news\/fr\/#website","url":"https:\/\/theplayoffs.news\/fr\/","name":"The Playoffs FR","description":"NBA-NFL-NHL-MLB","potentialAction":[{"@type":"SearchAction","target":{"@type":"EntryPoint","urlTemplate":"https:\/\/theplayoffs.news\/fr\/?s={search_term_string}"},"query-input":{"@type":"PropertyValueSpecification","valueRequired":true,"valueName":"search_term_string"}}],"inLanguage":"fr-FR"},{"@type":"Person","@id":"https:\/\/theplayoffs.news\/fr\/#\/schema\/person\/eee5b69ad5d3c51cabe881c839dbe133","name":"Charles Taudin","image":{"@type":"ImageObject","inLanguage":"fr-FR","@id":"https:\/\/theplayoffs.news\/fr\/#\/schema\/person\/image\/","url":"https:\/\/secure.gravatar.com\/avatar\/59a1e772205ce9fd255edfcafc93013736822e20261f294c5753b20c41ede9f2?s=96&d=mm&r=g","contentUrl":"https:\/\/secure.gravatar.com\/avatar\/59a1e772205ce9fd255edfcafc93013736822e20261f294c5753b20c41ede9f2?s=96&d=mm&r=g","caption":"Charles Taudin"},"description":"R\u00e9dacteur en chef global de The Playoffs, j\u2019ai cr\u00e9\u00e9 The Free Agent, devenu The Playoffs FR, en 2020 durant la pand\u00e9mie. Amoureux depuis des ann\u00e9es des 4 sports majeurs am\u00e9ricains, j\u2019organise maintenant la strat\u00e9gie \u00e9ditoriale et les r\u00e9seaux sociaux de l\u2019ensemble des versions de The Playoffs. Il m\u2019arrive encore d\u2019\u00e9crire sur certains sports que j\u2019affectionne particuli\u00e8rement comme la NFL ou la MLB. Si vous devez retenir qu\u2019une chose : Eli Manning est le vrai GOAT pour avoir battu deux fois Tom Brady.","sameAs":["https:\/\/www.instagram.com\/ctaudin_\/"],"url":"https:\/\/theplayoffs.news\/fr\/author\/charles-taudin\/"}]}},"_links":{"self":[{"href":"https:\/\/theplayoffs.news\/fr\/wp-json\/wp\/v2\/posts\/978467","targetHints":{"allow":["GET"]}}],"collection":[{"href":"https:\/\/theplayoffs.news\/fr\/wp-json\/wp\/v2\/posts"}],"about":[{"href":"https:\/\/theplayoffs.news\/fr\/wp-json\/wp\/v2\/types\/post"}],"author":[{"embeddable":true,"href":"https:\/\/theplayoffs.news\/fr\/wp-json\/wp\/v2\/users\/13"}],"replies":[{"embeddable":true,"href":"https:\/\/theplayoffs.news\/fr\/wp-json\/wp\/v2\/comments?post=978467"}],"version-history":[{"count":3,"href":"https:\/\/theplayoffs.news\/fr\/wp-json\/wp\/v2\/posts\/978467\/revisions"}],"predecessor-version":[{"id":978502,"href":"https:\/\/theplayoffs.news\/fr\/wp-json\/wp\/v2\/posts\/978467\/revisions\/978502"}],"wp:featuredmedia":[{"embeddable":true,"href":"https:\/\/theplayoffs.news\/fr\/wp-json\/wp\/v2\/media\/978491"}],"wp:attachment":[{"href":"https:\/\/theplayoffs.news\/fr\/wp-json\/wp\/v2\/media?parent=978467"}],"wp:term":[{"taxonomy":"category","embeddable":true,"href":"https:\/\/theplayoffs.news\/fr\/wp-json\/wp\/v2\/categories?post=978467"},{"taxonomy":"post_tag","embeddable":true,"href":"https:\/\/theplayoffs.news\/fr\/wp-json\/wp\/v2\/tags?post=978467"},{"taxonomy":"sport","embeddable":true,"href":"https:\/\/theplayoffs.news\/fr\/wp-json\/wp\/v2\/sport?post=978467"},{"taxonomy":"saison","embeddable":true,"href":"https:\/\/theplayoffs.news\/fr\/wp-json\/wp\/v2\/saison?post=978467"}],"curies":[{"name":"wp","href":"https:\/\/api.w.org\/{rel}","templated":true}]}}