{"id":976919,"date":"2023-10-10T20:05:06","date_gmt":"2023-10-10T18:05:06","guid":{"rendered":"https:\/\/theplayoffs.news\/fr\/?p=976919"},"modified":"2023-10-10T20:05:07","modified_gmt":"2023-10-10T18:05:07","slug":"van-jefferson-rejoint-les-falcons","status":"publish","type":"post","link":"https:\/\/theplayoffs.news\/fr\/actualite-nfl\/van-jefferson-rejoint-les-falcons\/","title":{"rendered":"Van Jefferson rejoint les Falcons"},"content":{"rendered":"<h2>L&rsquo;ancien receveur des Rams de Los Angeles, Van Jefferson, va s&rsquo;engager avec les Falcons d&rsquo;Atlanta pour la fin de la saison 2023.<\/h2><p>Au centre des rumeurs de trade depuis plusieurs heures, <a href=\"https:\/\/theplayoffs.news\/fr\/joueur\/van-jefferson-nfl-7860132\/\" class=\"trk-cta-link\" data-cta-trk='{\"ctaType\":\"Link\",\"ctaSubType\":\"main\"}'>Van Jefferson<\/a> s&rsquo;est finalement trouv&eacute; un nouveau point de chute dans la ligue. Et son atterissage est pr&eacute;vu dans l&rsquo;Etat de G&eacute;orgie et plus particuli&egrave;rement chez les Falcons d&rsquo;Atlanta. D&rsquo;apr&egrave;s Ian Rapoport, les Falcons ont <a href=\"https:\/\/twitter.com\/RapSheet\/status\/1711798349593026838\" class=\"trk-cta-link\" data-cta-trk='{\"ctaType\":\"Link\",\"ctaSubType\":\"main\"}'>&eacute;chang&eacute; le receveur de 27 ans contre un 6e et un 7e tour de draft<\/a> lors de l&rsquo;ann&eacute;e 2025.<\/p><blockquote class=\"twitter-tweet\" data-width=\"500\" data-dnt=\"true\">\n<p lang=\"en\" dir=\"ltr\">Sources: The <a href=\"https:\/\/twitter.com\/hashtag\/Falcons?src=hash&amp;ref_src=twsrc%5Etfw\" class=\"trk-cta-link\" data-cta-trk='{\"ctaType\":\"Link\",\"ctaSubType\":\"main\"}'>#Falcons<\/a> have agreed to trade for <a href=\"https:\/\/twitter.com\/hashtag\/Rams?src=hash&amp;ref_src=twsrc%5Etfw\" class=\"trk-cta-link\" data-cta-trk='{\"ctaType\":\"Link\",\"ctaSubType\":\"main\"}'>#Rams<\/a> WR Van Jefferson. It&rsquo;s a 2025 pick swap &mdash; 6th and 7th rounders. They hope to recapture his play from 2021. A low-risk, high-reward deal.<\/p>\n<p>&mdash; Ian Rapoport (@RapSheet) <a href=\"https:\/\/twitter.com\/RapSheet\/status\/1711798349593026838?ref_src=twsrc%5Etfw\" class=\"trk-cta-link\" data-cta-trk='{\"ctaType\":\"Link\",\"ctaSubType\":\"main\"}'>October 10, 2023<\/a><\/p><\/blockquote><p><script async src=\"https:\/\/platform.twitter.com\/widgets.js\" charset=\"utf-8\"><\/script><\/p><p>Choisi au deuxi&egrave;me tour de la draft 2020, Van Jefferson explosera aux yeux du grand public lors de la saison 2021. Pendant cette ann&eacute;e faste, il r&eacute;ussira 50 r&eacute;ceptions pour 802 yards et 6 touchdowns en saison r&eacute;guli&egrave;re et sera un &eacute;l&eacute;ment important dans l&rsquo;effectif des Rams qui ira conqu&eacute;rir le Super Bowl &agrave; domicile au terme de cette saison. Bless&eacute; pendant une partie de la saison 2022, Jefferson a &eacute;t&eacute; quelque peu &eacute;clips&eacute; par le retour de Cooper Kupp et l&rsquo;&eacute;closion de Puka Nacua lors de l&rsquo;entame de cette saison 2023.<\/p><p>Les Falcons d&rsquo;Atlanta, qui r&eacute;alise un d&eacute;but de saison prometteur avec un bilan de 3 victoires et 2 d&eacute;faites qui leur permet d&rsquo;&ecirc;tre en lutte pour la t&ecirc;te de la division NFC Sud, misent donc sur un retour en forme de l&rsquo;ancien receveur des Rams pour dynamiser une attaque a&eacute;rienne qui n&rsquo;est pour l&rsquo;heure que 23e en NFL en nombre de yards gagn&eacute;s dans les airs. Si le pari, peu risqu&eacute;, est r&eacute;ussi, alors les Falcons pourraient bien se retrouver dans une situation id&eacute;ale pour le titre de leur division qui demeure plus ouverte que jamais.<\/p><p><em>Cr&eacute;dit photo: Kirby Lee-USA TODAY Sports<\/em><\/p>\n","protected":false},"excerpt":{"rendered":"","protected":false},"author":180309964,"featured_media":976921,"comment_status":"open","ping_status":"closed","sticky":false,"template":"","format":"standard","meta":{"inline_featured_image":false,"kia_subtitle":"","_mux_skip_reasons":[],"proofreadBy":0,"footnotes":""},"categories":[118,40],"tags":[920,695,3258],"sport":[2785],"saison":[3453],"class_list":["post-976919","post","type-post","status-publish","format-standard","has-post-thumbnail","hentry","category-actualite-nfl","category-nfl","tag-atlanta-falcons","tag-los-angeles-rams","tag-van-jefferson","sport-nfl","saison-3453"],"acf":[],"yoast_head":"<!-- This site is optimized with the Yoast SEO plugin v24.2 - https:\/\/yoast.com\/wordpress\/plugins\/seo\/ -->\n<title>Van Jefferson rejoint les Falcons - The Playoffs FR<\/title>\n<meta name=\"robots\" content=\"index, follow, max-snippet:-1, max-image-preview:large, max-video-preview:-1\" \/>\n<link rel=\"canonical\" href=\"https:\/\/theplayoffs.news\/fr\/actualite-nfl\/van-jefferson-rejoint-les-falcons\/\" \/>\n<meta property=\"og:locale\" content=\"fr_FR\" \/>\n<meta property=\"og:type\" content=\"article\" \/>\n<meta property=\"og:title\" content=\"Van Jefferson rejoint les Falcons - The Playoffs FR\" \/>\n<meta property=\"og:url\" content=\"https:\/\/theplayoffs.news\/fr\/actualite-nfl\/van-jefferson-rejoint-les-falcons\/\" \/>\n<meta property=\"og:site_name\" content=\"The Playoffs FR\" \/>\n<meta property=\"article:publisher\" content=\"https:\/\/www.facebook.com\/TheFreeAgentFR\/\" \/>\n<meta property=\"article:modified_time\" content=\"2023-10-10T20:05:07+02:00\" \/>\n<meta property=\"og:image\" content=\"https:\/\/theplayoffs.news\/fr\/wp-content\/uploads\/2023\/10\/USATSI_19591089.jpg\" \/>\n\t<meta property=\"og:image:width\" content=\"1920\" \/>\n\t<meta property=\"og:image:height\" content=\"1280\" \/>\n\t<meta property=\"og:image:type\" content=\"image\/jpeg\" \/>\n<meta name=\"author\" content=\"Flavien Jumeau\" \/>\n<meta name=\"twitter:card\" content=\"summary_large_image\" \/>\n<meta name=\"twitter:creator\" content=\"@TheFreeAgentFR\" \/>\n<meta name=\"twitter:site\" content=\"@TheFreeAgentFR\" \/>\n<meta name=\"twitter:label1\" content=\"\u00c9crit par\" \/>\n\t<meta name=\"twitter:data1\" content=\"Flavien Jumeau\" \/>\n\t<meta name=\"twitter:label2\" content=\"Dur\u00e9e de lecture estim\u00e9e\" \/>\n\t<meta name=\"twitter:data2\" content=\"1 minute\" \/>\n<script type=\"application\/ld+json\" class=\"yoast-schema-graph\">{\"@context\":\"https:\/\/schema.org\",\"@graph\":[{\"@type\":\"WebPage\",\"@id\":\"https:\/\/theplayoffs.news\/fr\/actualite-nfl\/van-jefferson-rejoint-les-falcons\/\",\"url\":\"https:\/\/theplayoffs.news\/fr\/actualite-nfl\/van-jefferson-rejoint-les-falcons\/\",\"name\":\"Van Jefferson rejoint les Falcons - The Playoffs FR\",\"isPartOf\":{\"@id\":\"https:\/\/theplayoffs.news\/fr\/#website\"},\"primaryImageOfPage\":{\"@id\":\"https:\/\/theplayoffs.news\/fr\/actualite-nfl\/van-jefferson-rejoint-les-falcons\/#primaryimage\"},\"image\":{\"@id\":\"https:\/\/theplayoffs.news\/fr\/actualite-nfl\/van-jefferson-rejoint-les-falcons\/#primaryimage\"},\"thumbnailUrl\":\"https:\/\/theplayoffs.news\/fr\/wp-content\/uploads\/2023\/10\/USATSI_19591089.jpg\",\"datePublished\":\"2023-10-10T18:05:06+00:00\",\"dateModified\":\"2023-10-10T18:05:07+00:00\",\"author\":{\"@id\":\"https:\/\/theplayoffs.news\/fr\/#\/schema\/person\/def63bc6746dc5957469b75feb99e66d\"},\"breadcrumb\":{\"@id\":\"https:\/\/theplayoffs.news\/fr\/actualite-nfl\/van-jefferson-rejoint-les-falcons\/#breadcrumb\"},\"inLanguage\":\"fr-FR\",\"potentialAction\":[{\"@type\":\"ReadAction\",\"target\":[\"https:\/\/theplayoffs.news\/fr\/actualite-nfl\/van-jefferson-rejoint-les-falcons\/\"]}]},{\"@type\":\"ImageObject\",\"inLanguage\":\"fr-FR\",\"@id\":\"https:\/\/theplayoffs.news\/fr\/actualite-nfl\/van-jefferson-rejoint-les-falcons\/#primaryimage\",\"url\":\"https:\/\/theplayoffs.news\/fr\/wp-content\/uploads\/2023\/10\/USATSI_19591089.jpg\",\"contentUrl\":\"https:\/\/theplayoffs.news\/fr\/wp-content\/uploads\/2023\/10\/USATSI_19591089.jpg\",\"width\":1920,\"height\":1280,\"caption\":\"Dec 8, 2022; Inglewood, California, USA; Los Angeles Rams wide receiver Van Jefferson (12) celebrates after the game against the Las Vegas Raiders at SoFi Stadium. Mandatory Credit: Kirby Lee-USA TODAY Sports\"},{\"@type\":\"BreadcrumbList\",\"@id\":\"https:\/\/theplayoffs.news\/fr\/actualite-nfl\/van-jefferson-rejoint-les-falcons\/#breadcrumb\",\"itemListElement\":[{\"@type\":\"ListItem\",\"position\":1,\"name\":\"Accueil\",\"item\":\"https:\/\/theplayoffs.news\/fr\/\"},{\"@type\":\"ListItem\",\"position\":2,\"name\":\"Van Jefferson rejoint les Falcons\"}]},{\"@type\":\"WebSite\",\"@id\":\"https:\/\/theplayoffs.news\/fr\/#website\",\"url\":\"https:\/\/theplayoffs.news\/fr\/\",\"name\":\"The Playoffs FR\",\"description\":\"NBA-NFL-NHL-MLB\",\"potentialAction\":[{\"@type\":\"SearchAction\",\"target\":{\"@type\":\"EntryPoint\",\"urlTemplate\":\"https:\/\/theplayoffs.news\/fr\/?s={search_term_string}\"},\"query-input\":{\"@type\":\"PropertyValueSpecification\",\"valueRequired\":true,\"valueName\":\"search_term_string\"}}],\"inLanguage\":\"fr-FR\"},{\"@type\":\"Person\",\"@id\":\"https:\/\/theplayoffs.news\/fr\/#\/schema\/person\/def63bc6746dc5957469b75feb99e66d\",\"name\":\"Flavien Jumeau\",\"image\":{\"@type\":\"ImageObject\",\"inLanguage\":\"fr-FR\",\"@id\":\"https:\/\/theplayoffs.news\/fr\/#\/schema\/person\/image\/\",\"url\":\"https:\/\/secure.gravatar.com\/avatar\/e7fa8ba5a4b7e4ce35fe152f083f352db28ad0acce692004ed88a7a7d78893f7?s=96&d=mm&r=g\",\"contentUrl\":\"https:\/\/secure.gravatar.com\/avatar\/e7fa8ba5a4b7e4ce35fe152f083f352db28ad0acce692004ed88a7a7d78893f7?s=96&d=mm&r=g\",\"caption\":\"Flavien Jumeau\"},\"description\":\"Amoureux du sport (et de vraiment tous les sports) depuis mon plus jeune \u00e2ge, j\u2019ai longtemps h\u00e9site entre le snooker et le curling. Finalement c\u2019est le foot US que j\u2019ai d\u00e9cid\u00e9 de choisir! Responsable foot US sur TPO et animateur du podcast Tailgate j\u2019ai pour mission de vous faire d\u00e9couvrir ce sport passionnant si ce n\u2019est pas encore fait et de vous donner les derni\u00e8res actus. Le tout dans la bonne humeur et avec toujours un jeu de mots ou deux savamment distill\u00e9s! Fan des Saints, pour moi Drew Brees est le vrai GOAT!\",\"url\":\"https:\/\/theplayoffs.news\/fr\/author\/flavien-jumeaugmail-com\/\"}]}<\/script>\n<!-- \/ Yoast SEO plugin. -->","yoast_head_json":{"title":"Van Jefferson rejoint les Falcons - The Playoffs FR","robots":{"index":"index","follow":"follow","max-snippet":"max-snippet:-1","max-image-preview":"max-image-preview:large","max-video-preview":"max-video-preview:-1"},"canonical":"https:\/\/theplayoffs.news\/fr\/actualite-nfl\/van-jefferson-rejoint-les-falcons\/","og_locale":"fr_FR","og_type":"article","og_title":"Van Jefferson rejoint les Falcons - The Playoffs FR","og_url":"https:\/\/theplayoffs.news\/fr\/actualite-nfl\/van-jefferson-rejoint-les-falcons\/","og_site_name":"The Playoffs FR","article_publisher":"https:\/\/www.facebook.com\/TheFreeAgentFR\/","article_modified_time":"2023-10-10T18:05:07+00:00","og_image":[{"width":1920,"height":1280,"url":"https:\/\/theplayoffs.news\/fr\/wp-content\/uploads\/2023\/10\/USATSI_19591089.jpg","type":"image\/jpeg"}],"author":"Flavien Jumeau","twitter_card":"summary_large_image","twitter_creator":"@TheFreeAgentFR","twitter_site":"@TheFreeAgentFR","twitter_misc":{"\u00c9crit par":"Flavien Jumeau","Dur\u00e9e de lecture estim\u00e9e":"1 minute"},"schema":{"@context":"https:\/\/schema.org","@graph":[{"@type":"WebPage","@id":"https:\/\/theplayoffs.news\/fr\/actualite-nfl\/van-jefferson-rejoint-les-falcons\/","url":"https:\/\/theplayoffs.news\/fr\/actualite-nfl\/van-jefferson-rejoint-les-falcons\/","name":"Van Jefferson rejoint les Falcons - The Playoffs FR","isPartOf":{"@id":"https:\/\/theplayoffs.news\/fr\/#website"},"primaryImageOfPage":{"@id":"https:\/\/theplayoffs.news\/fr\/actualite-nfl\/van-jefferson-rejoint-les-falcons\/#primaryimage"},"image":{"@id":"https:\/\/theplayoffs.news\/fr\/actualite-nfl\/van-jefferson-rejoint-les-falcons\/#primaryimage"},"thumbnailUrl":"https:\/\/theplayoffs.news\/fr\/wp-content\/uploads\/2023\/10\/USATSI_19591089.jpg","datePublished":"2023-10-10T18:05:06+00:00","dateModified":"2023-10-10T18:05:07+00:00","author":{"@id":"https:\/\/theplayoffs.news\/fr\/#\/schema\/person\/def63bc6746dc5957469b75feb99e66d"},"breadcrumb":{"@id":"https:\/\/theplayoffs.news\/fr\/actualite-nfl\/van-jefferson-rejoint-les-falcons\/#breadcrumb"},"inLanguage":"fr-FR","potentialAction":[{"@type":"ReadAction","target":["https:\/\/theplayoffs.news\/fr\/actualite-nfl\/van-jefferson-rejoint-les-falcons\/"]}]},{"@type":"ImageObject","inLanguage":"fr-FR","@id":"https:\/\/theplayoffs.news\/fr\/actualite-nfl\/van-jefferson-rejoint-les-falcons\/#primaryimage","url":"https:\/\/theplayoffs.news\/fr\/wp-content\/uploads\/2023\/10\/USATSI_19591089.jpg","contentUrl":"https:\/\/theplayoffs.news\/fr\/wp-content\/uploads\/2023\/10\/USATSI_19591089.jpg","width":1920,"height":1280,"caption":"Dec 8, 2022; Inglewood, California, USA; Los Angeles Rams wide receiver Van Jefferson (12) celebrates after the game against the Las Vegas Raiders at SoFi Stadium. Mandatory Credit: Kirby Lee-USA TODAY Sports"},{"@type":"BreadcrumbList","@id":"https:\/\/theplayoffs.news\/fr\/actualite-nfl\/van-jefferson-rejoint-les-falcons\/#breadcrumb","itemListElement":[{"@type":"ListItem","position":1,"name":"Accueil","item":"https:\/\/theplayoffs.news\/fr\/"},{"@type":"ListItem","position":2,"name":"Van Jefferson rejoint les Falcons"}]},{"@type":"WebSite","@id":"https:\/\/theplayoffs.news\/fr\/#website","url":"https:\/\/theplayoffs.news\/fr\/","name":"The Playoffs FR","description":"NBA-NFL-NHL-MLB","potentialAction":[{"@type":"SearchAction","target":{"@type":"EntryPoint","urlTemplate":"https:\/\/theplayoffs.news\/fr\/?s={search_term_string}"},"query-input":{"@type":"PropertyValueSpecification","valueRequired":true,"valueName":"search_term_string"}}],"inLanguage":"fr-FR"},{"@type":"Person","@id":"https:\/\/theplayoffs.news\/fr\/#\/schema\/person\/def63bc6746dc5957469b75feb99e66d","name":"Flavien Jumeau","image":{"@type":"ImageObject","inLanguage":"fr-FR","@id":"https:\/\/theplayoffs.news\/fr\/#\/schema\/person\/image\/","url":"https:\/\/secure.gravatar.com\/avatar\/e7fa8ba5a4b7e4ce35fe152f083f352db28ad0acce692004ed88a7a7d78893f7?s=96&d=mm&r=g","contentUrl":"https:\/\/secure.gravatar.com\/avatar\/e7fa8ba5a4b7e4ce35fe152f083f352db28ad0acce692004ed88a7a7d78893f7?s=96&d=mm&r=g","caption":"Flavien Jumeau"},"description":"Amoureux du sport (et de vraiment tous les sports) depuis mon plus jeune \u00e2ge, j\u2019ai longtemps h\u00e9site entre le snooker et le curling. Finalement c\u2019est le foot US que j\u2019ai d\u00e9cid\u00e9 de choisir! Responsable foot US sur TPO et animateur du podcast Tailgate j\u2019ai pour mission de vous faire d\u00e9couvrir ce sport passionnant si ce n\u2019est pas encore fait et de vous donner les derni\u00e8res actus. Le tout dans la bonne humeur et avec toujours un jeu de mots ou deux savamment distill\u00e9s! Fan des Saints, pour moi Drew Brees est le vrai GOAT!","url":"https:\/\/theplayoffs.news\/fr\/author\/flavien-jumeaugmail-com\/"}]}},"_links":{"self":[{"href":"https:\/\/theplayoffs.news\/fr\/wp-json\/wp\/v2\/posts\/976919","targetHints":{"allow":["GET"]}}],"collection":[{"href":"https:\/\/theplayoffs.news\/fr\/wp-json\/wp\/v2\/posts"}],"about":[{"href":"https:\/\/theplayoffs.news\/fr\/wp-json\/wp\/v2\/types\/post"}],"author":[{"embeddable":true,"href":"https:\/\/theplayoffs.news\/fr\/wp-json\/wp\/v2\/users\/180309964"}],"replies":[{"embeddable":true,"href":"https:\/\/theplayoffs.news\/fr\/wp-json\/wp\/v2\/comments?post=976919"}],"version-history":[{"count":2,"href":"https:\/\/theplayoffs.news\/fr\/wp-json\/wp\/v2\/posts\/976919\/revisions"}],"predecessor-version":[{"id":976926,"href":"https:\/\/theplayoffs.news\/fr\/wp-json\/wp\/v2\/posts\/976919\/revisions\/976926"}],"wp:featuredmedia":[{"embeddable":true,"href":"https:\/\/theplayoffs.news\/fr\/wp-json\/wp\/v2\/media\/976921"}],"wp:attachment":[{"href":"https:\/\/theplayoffs.news\/fr\/wp-json\/wp\/v2\/media?parent=976919"}],"wp:term":[{"taxonomy":"category","embeddable":true,"href":"https:\/\/theplayoffs.news\/fr\/wp-json\/wp\/v2\/categories?post=976919"},{"taxonomy":"post_tag","embeddable":true,"href":"https:\/\/theplayoffs.news\/fr\/wp-json\/wp\/v2\/tags?post=976919"},{"taxonomy":"sport","embeddable":true,"href":"https:\/\/theplayoffs.news\/fr\/wp-json\/wp\/v2\/sport?post=976919"},{"taxonomy":"saison","embeddable":true,"href":"https:\/\/theplayoffs.news\/fr\/wp-json\/wp\/v2\/saison?post=976919"}],"curies":[{"name":"wp","href":"https:\/\/api.w.org\/{rel}","templated":true}]}}