{"id":976907,"date":"2023-10-10T19:30:07","date_gmt":"2023-10-10T17:30:07","guid":{"rendered":"https:\/\/theplayoffs.news\/fr\/?p=976907"},"modified":"2023-10-10T19:30:08","modified_gmt":"2023-10-10T17:30:08","slug":"ligue-des-nations-france-serbie-le-29-octobre-a-avignon","status":"publish","type":"post","link":"https:\/\/theplayoffs.news\/fr\/d1\/ligue-des-nations-france-serbie-le-29-octobre-a-avignon\/","title":{"rendered":"Ligue des Nations : France-Serbie le 29 octobre \u00e0 Avignon"},"content":{"rendered":"<h2><strong>L&rsquo;&eacute;quipe de&nbsp;France de football am&eacute;ricain affronte la Serbie&nbsp;&agrave;&nbsp;Avignon le 29 octobre 2023<\/strong><\/h2><p>L&rsquo;&Eacute;quipe de France de Football Am&eacute;ricain vous donne RDV le dimanche 29 octobre 2023 &agrave; 14h au Parc des Sports d&rsquo;Avignon pour une rencontre internationale avec la Serbie pour le dernier match de Ligue des Nations de l&rsquo;&eacute;dition actuelle. Ce match d&eacute;cidera de la poule des Bleus lors de la prochaine &eacute;dition de la Ligue des Nations.<\/p><p>Des noms que vous connaissez probablement seront pr&eacute;sents tels que L&eacute;o Cr&eacute;mades, Adel Bafdile, Amir Kilani, Hugo Tekedam, Florian Larose, Fran&ccedil;ois Bremond, Cheikou Sow, S&eacute;bastien Jallier et Max Gaye.<\/p><p>R&eacute;servez d&rsquo;ores-et-d&eacute;j&agrave; votre dimanche 29 octobre afin de supporter l&rsquo;&Eacute;quipe de France de Football Am&eacute;ricain &agrave; la maison. Une billetterie grand public a &eacute;t&eacute; publi&eacute;e sur le site de la F&eacute;d&eacute;ration Fran&ccedil;aise de Football Am&eacute;ricain avec un tarif sp&eacute;cial licenci&eacute;(e) de la FFFA. Plus d&rsquo;infos sur le site de la FFFA :&nbsp;<a href=\"https:\/\/www.fffa.org\/football-americain\/france-serbie-a-avignon\/\" class=\"trk-cta-link\" data-cta-trk='{\"ctaType\":\"Link\",\"ctaSubType\":\"main\"}'>ici<\/a><\/p><p style=\"text-align: center;\"><strong>LA BILLETTERIE UNIQUEMENT EN LIGNE EST &Agrave; RETTROUVER&nbsp;<\/strong><a href=\"https:\/\/my.weezevent.com\/france-serbie?_gl=1*1c2s0he*_gcl_au*MjA3NDQzMzIyMy4xNjk0MDczNjE1*_ga*MTUwMzY2Mzc5OC4xNjk0MDcyNzQ2*_ga_39H9VBFX7G*MTY5NDYxODY5MS4xNS4xLjE2OTQ2MTkwNTkuNDEuMC4w\" class=\"trk-cta-link\" data-cta-trk='{\"ctaType\":\"Link\",\"ctaSubType\":\"main\"}'><strong>ICI<\/strong><\/a><\/p><p>&nbsp;<\/p><p>&nbsp;<\/p><p>Cr&eacute;dit Photo : FFFA<\/p>\n","protected":false},"excerpt":{"rendered":"","protected":false},"author":13,"featured_media":976909,"comment_status":"open","ping_status":"closed","sticky":false,"template":"","format":"standard","meta":{"inline_featured_image":false,"kia_subtitle":"","_mux_skip_reasons":[],"proofreadBy":0,"footnotes":""},"categories":[3324,10,40],"tags":[4799],"sport":[],"saison":[],"class_list":["post-976907","post","type-post","status-publish","format-standard","has-post-thumbnail","hentry","category-d1","category-nba","category-nfl","tag-ligue-des-nations"],"acf":[],"yoast_head":"<!-- This site is optimized with the Yoast SEO plugin v24.2 - https:\/\/yoast.com\/wordpress\/plugins\/seo\/ -->\n<title>Ligue des Nations : France-Serbie le 29 octobre &agrave; Avignon - The Playoffs FR<\/title>\n<meta name=\"robots\" content=\"index, follow, max-snippet:-1, max-image-preview:large, max-video-preview:-1\" \/>\n<link rel=\"canonical\" href=\"https:\/\/theplayoffs.news\/fr\/d1\/ligue-des-nations-france-serbie-le-29-octobre-a-avignon\/\" \/>\n<meta property=\"og:locale\" content=\"fr_FR\" \/>\n<meta property=\"og:type\" content=\"article\" \/>\n<meta property=\"og:title\" content=\"Ligue des Nations : France-Serbie le 29 octobre &agrave; Avignon - The Playoffs FR\" \/>\n<meta property=\"og:url\" content=\"https:\/\/theplayoffs.news\/fr\/d1\/ligue-des-nations-france-serbie-le-29-octobre-a-avignon\/\" \/>\n<meta property=\"og:site_name\" content=\"The Playoffs FR\" \/>\n<meta property=\"article:publisher\" content=\"https:\/\/www.facebook.com\/TheFreeAgentFR\/\" \/>\n<meta property=\"article:modified_time\" content=\"2023-10-10T19:30:08+02:00\" \/>\n<meta property=\"og:image\" content=\"https:\/\/theplayoffs.news\/fr\/wp-content\/uploads\/2023\/10\/53233877310_23da1a86d2_k.jpg\" \/>\n\t<meta property=\"og:image:width\" content=\"1920\" \/>\n\t<meta property=\"og:image:height\" content=\"1280\" \/>\n\t<meta property=\"og:image:type\" content=\"image\/jpeg\" \/>\n<meta name=\"author\" content=\"Charles Taudin\" \/>\n<meta name=\"twitter:card\" content=\"summary_large_image\" \/>\n<meta name=\"twitter:creator\" content=\"@TheFreeAgentFR\" \/>\n<meta name=\"twitter:site\" content=\"@TheFreeAgentFR\" \/>\n<meta name=\"twitter:label1\" content=\"\u00c9crit par\" \/>\n\t<meta name=\"twitter:data1\" content=\"Charles Taudin\" \/>\n\t<meta name=\"twitter:label2\" content=\"Dur\u00e9e de lecture estim\u00e9e\" \/>\n\t<meta name=\"twitter:data2\" content=\"1 minute\" \/>\n<script type=\"application\/ld+json\" class=\"yoast-schema-graph\">{\"@context\":\"https:\/\/schema.org\",\"@graph\":[{\"@type\":\"WebPage\",\"@id\":\"https:\/\/theplayoffs.news\/fr\/d1\/ligue-des-nations-france-serbie-le-29-octobre-a-avignon\/\",\"url\":\"https:\/\/theplayoffs.news\/fr\/d1\/ligue-des-nations-france-serbie-le-29-octobre-a-avignon\/\",\"name\":\"Ligue des Nations : France-Serbie le 29 octobre \u00e0 Avignon - The Playoffs FR\",\"isPartOf\":{\"@id\":\"https:\/\/theplayoffs.news\/fr\/#website\"},\"primaryImageOfPage\":{\"@id\":\"https:\/\/theplayoffs.news\/fr\/d1\/ligue-des-nations-france-serbie-le-29-octobre-a-avignon\/#primaryimage\"},\"image\":{\"@id\":\"https:\/\/theplayoffs.news\/fr\/d1\/ligue-des-nations-france-serbie-le-29-octobre-a-avignon\/#primaryimage\"},\"thumbnailUrl\":\"https:\/\/theplayoffs.news\/fr\/wp-content\/uploads\/2023\/10\/53233877310_23da1a86d2_k.jpg\",\"datePublished\":\"2023-10-10T17:30:07+00:00\",\"dateModified\":\"2023-10-10T17:30:08+00:00\",\"author\":{\"@id\":\"https:\/\/theplayoffs.news\/fr\/#\/schema\/person\/eee5b69ad5d3c51cabe881c839dbe133\"},\"breadcrumb\":{\"@id\":\"https:\/\/theplayoffs.news\/fr\/d1\/ligue-des-nations-france-serbie-le-29-octobre-a-avignon\/#breadcrumb\"},\"inLanguage\":\"fr-FR\",\"potentialAction\":[{\"@type\":\"ReadAction\",\"target\":[\"https:\/\/theplayoffs.news\/fr\/d1\/ligue-des-nations-france-serbie-le-29-octobre-a-avignon\/\"]}]},{\"@type\":\"ImageObject\",\"inLanguage\":\"fr-FR\",\"@id\":\"https:\/\/theplayoffs.news\/fr\/d1\/ligue-des-nations-france-serbie-le-29-octobre-a-avignon\/#primaryimage\",\"url\":\"https:\/\/theplayoffs.news\/fr\/wp-content\/uploads\/2023\/10\/53233877310_23da1a86d2_k.jpg\",\"contentUrl\":\"https:\/\/theplayoffs.news\/fr\/wp-content\/uploads\/2023\/10\/53233877310_23da1a86d2_k.jpg\",\"width\":1920,\"height\":1280,\"caption\":\"Ligue des Nations\"},{\"@type\":\"BreadcrumbList\",\"@id\":\"https:\/\/theplayoffs.news\/fr\/d1\/ligue-des-nations-france-serbie-le-29-octobre-a-avignon\/#breadcrumb\",\"itemListElement\":[{\"@type\":\"ListItem\",\"position\":1,\"name\":\"Accueil\",\"item\":\"https:\/\/theplayoffs.news\/fr\/\"},{\"@type\":\"ListItem\",\"position\":2,\"name\":\"Ligue des Nations : France-Serbie le 29 octobre \u00e0 Avignon\"}]},{\"@type\":\"WebSite\",\"@id\":\"https:\/\/theplayoffs.news\/fr\/#website\",\"url\":\"https:\/\/theplayoffs.news\/fr\/\",\"name\":\"The Playoffs FR\",\"description\":\"NBA-NFL-NHL-MLB\",\"potentialAction\":[{\"@type\":\"SearchAction\",\"target\":{\"@type\":\"EntryPoint\",\"urlTemplate\":\"https:\/\/theplayoffs.news\/fr\/?s={search_term_string}\"},\"query-input\":{\"@type\":\"PropertyValueSpecification\",\"valueRequired\":true,\"valueName\":\"search_term_string\"}}],\"inLanguage\":\"fr-FR\"},{\"@type\":\"Person\",\"@id\":\"https:\/\/theplayoffs.news\/fr\/#\/schema\/person\/eee5b69ad5d3c51cabe881c839dbe133\",\"name\":\"Charles Taudin\",\"image\":{\"@type\":\"ImageObject\",\"inLanguage\":\"fr-FR\",\"@id\":\"https:\/\/theplayoffs.news\/fr\/#\/schema\/person\/image\/\",\"url\":\"https:\/\/secure.gravatar.com\/avatar\/59a1e772205ce9fd255edfcafc93013736822e20261f294c5753b20c41ede9f2?s=96&d=mm&r=g\",\"contentUrl\":\"https:\/\/secure.gravatar.com\/avatar\/59a1e772205ce9fd255edfcafc93013736822e20261f294c5753b20c41ede9f2?s=96&d=mm&r=g\",\"caption\":\"Charles Taudin\"},\"description\":\"R\u00e9dacteur en chef global de The Playoffs, j\u2019ai cr\u00e9\u00e9 The Free Agent, devenu The Playoffs FR, en 2020 durant la pand\u00e9mie. Amoureux depuis des ann\u00e9es des 4 sports majeurs am\u00e9ricains, j\u2019organise maintenant la strat\u00e9gie \u00e9ditoriale et les r\u00e9seaux sociaux de l\u2019ensemble des versions de The Playoffs. Il m\u2019arrive encore d\u2019\u00e9crire sur certains sports que j\u2019affectionne particuli\u00e8rement comme la NFL ou la MLB. Si vous devez retenir qu\u2019une chose : Eli Manning est le vrai GOAT pour avoir battu deux fois Tom Brady.\",\"sameAs\":[\"https:\/\/www.instagram.com\/ctaudin_\/\"],\"url\":\"https:\/\/theplayoffs.news\/fr\/author\/charles-taudin\/\"}]}<\/script>\n<!-- \/ Yoast SEO plugin. -->","yoast_head_json":{"title":"Ligue des Nations : France-Serbie le 29 octobre &agrave; Avignon - The Playoffs FR","robots":{"index":"index","follow":"follow","max-snippet":"max-snippet:-1","max-image-preview":"max-image-preview:large","max-video-preview":"max-video-preview:-1"},"canonical":"https:\/\/theplayoffs.news\/fr\/d1\/ligue-des-nations-france-serbie-le-29-octobre-a-avignon\/","og_locale":"fr_FR","og_type":"article","og_title":"Ligue des Nations : France-Serbie le 29 octobre &agrave; Avignon - The Playoffs FR","og_url":"https:\/\/theplayoffs.news\/fr\/d1\/ligue-des-nations-france-serbie-le-29-octobre-a-avignon\/","og_site_name":"The Playoffs FR","article_publisher":"https:\/\/www.facebook.com\/TheFreeAgentFR\/","article_modified_time":"2023-10-10T17:30:08+00:00","og_image":[{"width":1920,"height":1280,"url":"https:\/\/theplayoffs.news\/fr\/wp-content\/uploads\/2023\/10\/53233877310_23da1a86d2_k.jpg","type":"image\/jpeg"}],"author":"Charles Taudin","twitter_card":"summary_large_image","twitter_creator":"@TheFreeAgentFR","twitter_site":"@TheFreeAgentFR","twitter_misc":{"\u00c9crit par":"Charles Taudin","Dur\u00e9e de lecture estim\u00e9e":"1 minute"},"schema":{"@context":"https:\/\/schema.org","@graph":[{"@type":"WebPage","@id":"https:\/\/theplayoffs.news\/fr\/d1\/ligue-des-nations-france-serbie-le-29-octobre-a-avignon\/","url":"https:\/\/theplayoffs.news\/fr\/d1\/ligue-des-nations-france-serbie-le-29-octobre-a-avignon\/","name":"Ligue des Nations : France-Serbie le 29 octobre \u00e0 Avignon - The Playoffs FR","isPartOf":{"@id":"https:\/\/theplayoffs.news\/fr\/#website"},"primaryImageOfPage":{"@id":"https:\/\/theplayoffs.news\/fr\/d1\/ligue-des-nations-france-serbie-le-29-octobre-a-avignon\/#primaryimage"},"image":{"@id":"https:\/\/theplayoffs.news\/fr\/d1\/ligue-des-nations-france-serbie-le-29-octobre-a-avignon\/#primaryimage"},"thumbnailUrl":"https:\/\/theplayoffs.news\/fr\/wp-content\/uploads\/2023\/10\/53233877310_23da1a86d2_k.jpg","datePublished":"2023-10-10T17:30:07+00:00","dateModified":"2023-10-10T17:30:08+00:00","author":{"@id":"https:\/\/theplayoffs.news\/fr\/#\/schema\/person\/eee5b69ad5d3c51cabe881c839dbe133"},"breadcrumb":{"@id":"https:\/\/theplayoffs.news\/fr\/d1\/ligue-des-nations-france-serbie-le-29-octobre-a-avignon\/#breadcrumb"},"inLanguage":"fr-FR","potentialAction":[{"@type":"ReadAction","target":["https:\/\/theplayoffs.news\/fr\/d1\/ligue-des-nations-france-serbie-le-29-octobre-a-avignon\/"]}]},{"@type":"ImageObject","inLanguage":"fr-FR","@id":"https:\/\/theplayoffs.news\/fr\/d1\/ligue-des-nations-france-serbie-le-29-octobre-a-avignon\/#primaryimage","url":"https:\/\/theplayoffs.news\/fr\/wp-content\/uploads\/2023\/10\/53233877310_23da1a86d2_k.jpg","contentUrl":"https:\/\/theplayoffs.news\/fr\/wp-content\/uploads\/2023\/10\/53233877310_23da1a86d2_k.jpg","width":1920,"height":1280,"caption":"Ligue des Nations"},{"@type":"BreadcrumbList","@id":"https:\/\/theplayoffs.news\/fr\/d1\/ligue-des-nations-france-serbie-le-29-octobre-a-avignon\/#breadcrumb","itemListElement":[{"@type":"ListItem","position":1,"name":"Accueil","item":"https:\/\/theplayoffs.news\/fr\/"},{"@type":"ListItem","position":2,"name":"Ligue des Nations : France-Serbie le 29 octobre \u00e0 Avignon"}]},{"@type":"WebSite","@id":"https:\/\/theplayoffs.news\/fr\/#website","url":"https:\/\/theplayoffs.news\/fr\/","name":"The Playoffs FR","description":"NBA-NFL-NHL-MLB","potentialAction":[{"@type":"SearchAction","target":{"@type":"EntryPoint","urlTemplate":"https:\/\/theplayoffs.news\/fr\/?s={search_term_string}"},"query-input":{"@type":"PropertyValueSpecification","valueRequired":true,"valueName":"search_term_string"}}],"inLanguage":"fr-FR"},{"@type":"Person","@id":"https:\/\/theplayoffs.news\/fr\/#\/schema\/person\/eee5b69ad5d3c51cabe881c839dbe133","name":"Charles Taudin","image":{"@type":"ImageObject","inLanguage":"fr-FR","@id":"https:\/\/theplayoffs.news\/fr\/#\/schema\/person\/image\/","url":"https:\/\/secure.gravatar.com\/avatar\/59a1e772205ce9fd255edfcafc93013736822e20261f294c5753b20c41ede9f2?s=96&d=mm&r=g","contentUrl":"https:\/\/secure.gravatar.com\/avatar\/59a1e772205ce9fd255edfcafc93013736822e20261f294c5753b20c41ede9f2?s=96&d=mm&r=g","caption":"Charles Taudin"},"description":"R\u00e9dacteur en chef global de The Playoffs, j\u2019ai cr\u00e9\u00e9 The Free Agent, devenu The Playoffs FR, en 2020 durant la pand\u00e9mie. Amoureux depuis des ann\u00e9es des 4 sports majeurs am\u00e9ricains, j\u2019organise maintenant la strat\u00e9gie \u00e9ditoriale et les r\u00e9seaux sociaux de l\u2019ensemble des versions de The Playoffs. Il m\u2019arrive encore d\u2019\u00e9crire sur certains sports que j\u2019affectionne particuli\u00e8rement comme la NFL ou la MLB. Si vous devez retenir qu\u2019une chose : Eli Manning est le vrai GOAT pour avoir battu deux fois Tom Brady.","sameAs":["https:\/\/www.instagram.com\/ctaudin_\/"],"url":"https:\/\/theplayoffs.news\/fr\/author\/charles-taudin\/"}]}},"_links":{"self":[{"href":"https:\/\/theplayoffs.news\/fr\/wp-json\/wp\/v2\/posts\/976907","targetHints":{"allow":["GET"]}}],"collection":[{"href":"https:\/\/theplayoffs.news\/fr\/wp-json\/wp\/v2\/posts"}],"about":[{"href":"https:\/\/theplayoffs.news\/fr\/wp-json\/wp\/v2\/types\/post"}],"author":[{"embeddable":true,"href":"https:\/\/theplayoffs.news\/fr\/wp-json\/wp\/v2\/users\/13"}],"replies":[{"embeddable":true,"href":"https:\/\/theplayoffs.news\/fr\/wp-json\/wp\/v2\/comments?post=976907"}],"version-history":[{"count":3,"href":"https:\/\/theplayoffs.news\/fr\/wp-json\/wp\/v2\/posts\/976907\/revisions"}],"predecessor-version":[{"id":976912,"href":"https:\/\/theplayoffs.news\/fr\/wp-json\/wp\/v2\/posts\/976907\/revisions\/976912"}],"wp:featuredmedia":[{"embeddable":true,"href":"https:\/\/theplayoffs.news\/fr\/wp-json\/wp\/v2\/media\/976909"}],"wp:attachment":[{"href":"https:\/\/theplayoffs.news\/fr\/wp-json\/wp\/v2\/media?parent=976907"}],"wp:term":[{"taxonomy":"category","embeddable":true,"href":"https:\/\/theplayoffs.news\/fr\/wp-json\/wp\/v2\/categories?post=976907"},{"taxonomy":"post_tag","embeddable":true,"href":"https:\/\/theplayoffs.news\/fr\/wp-json\/wp\/v2\/tags?post=976907"},{"taxonomy":"sport","embeddable":true,"href":"https:\/\/theplayoffs.news\/fr\/wp-json\/wp\/v2\/sport?post=976907"},{"taxonomy":"saison","embeddable":true,"href":"https:\/\/theplayoffs.news\/fr\/wp-json\/wp\/v2\/saison?post=976907"}],"curies":[{"name":"wp","href":"https:\/\/api.w.org\/{rel}","templated":true}]}}