{"id":975400,"date":"2023-10-10T11:13:15","date_gmt":"2023-10-10T09:13:15","guid":{"rendered":"https:\/\/theplayoffs.news\/fr\/?p=975400"},"modified":"2023-10-10T11:13:16","modified_gmt":"2023-10-10T09:13:16","slug":"jets-de-winnipeg-prolongent-mark-scheifele","status":"publish","type":"post","link":"https:\/\/theplayoffs.news\/fr\/actualite-nhl\/jets-de-winnipeg-prolongent-mark-scheifele\/","title":{"rendered":"Les Jets de Winnipeg prolongent Mark Scheifele et Connor Hellebuyck"},"content":{"rendered":"<h2>La franchise de NHL des Jets a d&eacute;cid&eacute; de prolonger pendant sept ans Mark Scheifele et Connor Hellebuyck.<\/h2><p>Les <a href=\"https:\/\/theplayoffs.news\/fr\/equipe\/winnipeg-jets-nhl\/\" class=\"trk-cta-link\" data-cta-trk='{\"ctaType\":\"Link\",\"ctaSubType\":\"main\"}'>Jets<\/a> ont donc pris la d&eacute;cision de prolonger leur centre et leur gardien de but sur du long terme. Les deux joueurs ont sign&eacute; un contrat identique d&rsquo;une valeur de 8.5 millions de dollars par an sur sept saisons. Le contrat de ces deux joueurs importants pour Winnipeg commencera d&egrave;s la saison 2024-2025.<\/p><p>Ces prolongations peuvent para&icirc;tre surprenantes venant de ces deux v&eacute;t&eacute;rans, surtout sur le tr&egrave;s long terme. La franchise manitobaine compte clairement sur ses deux v&eacute;t&eacute;rans pour faire progresser cette &eacute;quipe.<\/p><p>Scheifele, 30 ans, a &eacute;t&eacute; draft&eacute; en quatri&egrave;me positions lors de la draft de 2011. Le centre canadien de l&rsquo;Ontario a r&eacute;colt&eacute; un total de 645 points dans sa carri&egrave;re. La saison derni&egrave;re, il a r&eacute;alis&eacute; sa meilleure saison avec un total de 42 points.<\/p><p>\n<div id=\"attachment_975450\" style=\"width: 310px\" class=\"wp-caption alignnone\"><img loading=\"lazy\" decoding=\"async\" aria-describedby=\"caption-attachment-975450\" class=\"size-medium wp-image-975450\" src=\"https:\/\/theplayoffs.news\/fr\/wp-content\/uploads\/2023\/10\/USATSI_20445393-300x200.jpg\" alt=\"Mark Scheifele des Jets\" width=\"300\" height=\"200\" srcset=\"https:\/\/theplayoffs.news\/fr\/wp-content\/uploads\/2023\/10\/USATSI_20445393-300x200.jpg 300w, https:\/\/theplayoffs.news\/fr\/wp-content\/uploads\/2023\/10\/USATSI_20445393-1030x687.jpg 1030w, https:\/\/theplayoffs.news\/fr\/wp-content\/uploads\/2023\/10\/USATSI_20445393-768x512.jpg 768w, https:\/\/theplayoffs.news\/fr\/wp-content\/uploads\/2023\/10\/USATSI_20445393-1536x1024.jpg 1536w, https:\/\/theplayoffs.news\/fr\/wp-content\/uploads\/2023\/10\/USATSI_20445393-1500x1000.jpg 1500w, https:\/\/theplayoffs.news\/fr\/wp-content\/uploads\/2023\/10\/USATSI_20445393-705x470.jpg 705w, https:\/\/theplayoffs.news\/fr\/wp-content\/uploads\/2023\/10\/USATSI_20445393-1320x880.jpg 1320w, https:\/\/theplayoffs.news\/fr\/wp-content\/uploads\/2023\/10\/USATSI_20445393.jpg 1920w\" sizes=\"auto, (max-width: 300px) 100vw, 300px\" \/><p id=\"caption-attachment-975450\" class=\"wp-caption-text\">Cr&eacute;dit : Nick Wosika &ndash; USA Today<\/p><\/div>\n<\/p><p>Hellebuyck, ayant &eacute;galement 30 ans, a &eacute;t&eacute; draft&eacute; au cinqui&egrave;me tour de la draft de 2012 en 130e position par Winnipeg. Le gardien de but am&eacute;ricain en provenance du Michigan a notamment &eacute;t&eacute; finaliste pour l&rsquo;obtention du troph&eacute;e V&eacute;zina la saison derni&egrave;re. Il avait gagn&eacute; ce troph&eacute;e en 2020. Il a &eacute;galement &eacute;t&eacute; finaliste au titre de gardien de l&rsquo;ann&eacute;e en <a href=\"https:\/\/www.rds.ca\/\" class=\"trk-cta-link\" data-cta-trk='{\"ctaType\":\"Link\",\"ctaSubType\":\"main\"}'>NHL<\/a> en 2018.<\/p><p>\n<div id=\"attachment_975484\" style=\"width: 310px\" class=\"wp-caption alignnone\"><img loading=\"lazy\" decoding=\"async\" aria-describedby=\"caption-attachment-975484\" class=\"size-medium wp-image-975484\" src=\"https:\/\/theplayoffs.news\/fr\/wp-content\/uploads\/2023\/10\/USATSI_21556717-300x200.jpg\" alt=\"Connor Hellebuyck des Jets\" width=\"300\" height=\"200\" srcset=\"https:\/\/theplayoffs.news\/fr\/wp-content\/uploads\/2023\/10\/USATSI_21556717-300x200.jpg 300w, https:\/\/theplayoffs.news\/fr\/wp-content\/uploads\/2023\/10\/USATSI_21556717-1030x687.jpg 1030w, https:\/\/theplayoffs.news\/fr\/wp-content\/uploads\/2023\/10\/USATSI_21556717-768x512.jpg 768w, https:\/\/theplayoffs.news\/fr\/wp-content\/uploads\/2023\/10\/USATSI_21556717-1536x1025.jpg 1536w, https:\/\/theplayoffs.news\/fr\/wp-content\/uploads\/2023\/10\/USATSI_21556717-1500x1001.jpg 1500w, https:\/\/theplayoffs.news\/fr\/wp-content\/uploads\/2023\/10\/USATSI_21556717-705x470.jpg 705w, https:\/\/theplayoffs.news\/fr\/wp-content\/uploads\/2023\/10\/USATSI_21556717-1320x881.jpg 1320w, https:\/\/theplayoffs.news\/fr\/wp-content\/uploads\/2023\/10\/USATSI_21556717.jpg 1920w\" sizes=\"auto, (max-width: 300px) 100vw, 300px\" \/><p id=\"caption-attachment-975484\" class=\"wp-caption-text\">Cr&eacute;dit : Sergei Belski &ndash; USA Today<\/p><\/div>\n<\/p><p>Les Winnipeg Jets commenceront leur campagne 2023-2024 de NHL dans la nuit de mercredi &agrave; jeudi en affrontant les Calgary Flames dans la province d&rsquo;Alberta.<\/p><p>&nbsp;<\/p>\n","protected":false},"excerpt":{"rendered":"","protected":false},"author":180310178,"featured_media":975494,"comment_status":"open","ping_status":"closed","sticky":false,"template":"","format":"standard","meta":{"inline_featured_image":false,"kia_subtitle":"","_mux_skip_reasons":[],"proofreadBy":0,"footnotes":""},"categories":[187,26],"tags":[5557,221,6531,24,365],"sport":[2784],"saison":[3453],"class_list":["post-975400","post","type-post","status-publish","format-standard","has-post-thumbnail","hentry","category-actualite-nhl","category-nhl","tag-connor-hellebuyck","tag-lnh","tag-mark-scheifele","tag-nhl","tag-winnipeg-jets","sport-nhl","saison-3453"],"acf":[],"yoast_head":"<!-- This site is optimized with the Yoast SEO plugin v24.2 - https:\/\/yoast.com\/wordpress\/plugins\/seo\/ -->\n<title>Les Jets de Winnipeg prolongent Mark Scheifele et Connor Hellebuyck - The Playoffs FR<\/title>\n<meta name=\"robots\" content=\"index, follow, max-snippet:-1, max-image-preview:large, max-video-preview:-1\" \/>\n<link rel=\"canonical\" href=\"https:\/\/theplayoffs.news\/fr\/actualite-nhl\/jets-de-winnipeg-prolongent-mark-scheifele\/\" \/>\n<meta property=\"og:locale\" content=\"fr_FR\" \/>\n<meta property=\"og:type\" content=\"article\" \/>\n<meta property=\"og:title\" content=\"Les Jets de Winnipeg prolongent Mark Scheifele et Connor Hellebuyck - The Playoffs FR\" \/>\n<meta property=\"og:url\" content=\"https:\/\/theplayoffs.news\/fr\/actualite-nhl\/jets-de-winnipeg-prolongent-mark-scheifele\/\" \/>\n<meta property=\"og:site_name\" content=\"The Playoffs FR\" \/>\n<meta property=\"article:publisher\" content=\"https:\/\/www.facebook.com\/TheFreeAgentFR\/\" \/>\n<meta property=\"article:modified_time\" content=\"2023-10-10T11:13:16+02:00\" \/>\n<meta property=\"og:image\" content=\"https:\/\/theplayoffs.news\/fr\/wp-content\/uploads\/2023\/10\/USATSI_15902994.jpg\" \/>\n\t<meta property=\"og:image:width\" content=\"1920\" \/>\n\t<meta property=\"og:image:height\" content=\"1440\" \/>\n\t<meta property=\"og:image:type\" content=\"image\/jpeg\" \/>\n<meta name=\"author\" content=\"Arthur Berlemont\" \/>\n<meta name=\"twitter:card\" content=\"summary_large_image\" \/>\n<meta name=\"twitter:creator\" content=\"@TheFreeAgentFR\" \/>\n<meta name=\"twitter:site\" content=\"@TheFreeAgentFR\" \/>\n<meta name=\"twitter:label1\" content=\"\u00c9crit par\" \/>\n\t<meta name=\"twitter:data1\" content=\"Arthur Berlemont\" \/>\n\t<meta name=\"twitter:label2\" content=\"Dur\u00e9e de lecture estim\u00e9e\" \/>\n\t<meta name=\"twitter:data2\" content=\"1 minute\" \/>\n<script type=\"application\/ld+json\" class=\"yoast-schema-graph\">{\"@context\":\"https:\/\/schema.org\",\"@graph\":[{\"@type\":\"WebPage\",\"@id\":\"https:\/\/theplayoffs.news\/fr\/actualite-nhl\/jets-de-winnipeg-prolongent-mark-scheifele\/\",\"url\":\"https:\/\/theplayoffs.news\/fr\/actualite-nhl\/jets-de-winnipeg-prolongent-mark-scheifele\/\",\"name\":\"Les Jets de Winnipeg prolongent Mark Scheifele et Connor Hellebuyck - The Playoffs FR\",\"isPartOf\":{\"@id\":\"https:\/\/theplayoffs.news\/fr\/#website\"},\"primaryImageOfPage\":{\"@id\":\"https:\/\/theplayoffs.news\/fr\/actualite-nhl\/jets-de-winnipeg-prolongent-mark-scheifele\/#primaryimage\"},\"image\":{\"@id\":\"https:\/\/theplayoffs.news\/fr\/actualite-nhl\/jets-de-winnipeg-prolongent-mark-scheifele\/#primaryimage\"},\"thumbnailUrl\":\"https:\/\/theplayoffs.news\/fr\/wp-content\/uploads\/2023\/10\/USATSI_15902994.jpg\",\"datePublished\":\"2023-10-10T09:13:15+00:00\",\"dateModified\":\"2023-10-10T09:13:16+00:00\",\"author\":{\"@id\":\"https:\/\/theplayoffs.news\/fr\/#\/schema\/person\/b6b04a451dab03a5ab75cec8912e8942\"},\"breadcrumb\":{\"@id\":\"https:\/\/theplayoffs.news\/fr\/actualite-nhl\/jets-de-winnipeg-prolongent-mark-scheifele\/#breadcrumb\"},\"inLanguage\":\"fr-FR\",\"potentialAction\":[{\"@type\":\"ReadAction\",\"target\":[\"https:\/\/theplayoffs.news\/fr\/actualite-nhl\/jets-de-winnipeg-prolongent-mark-scheifele\/\"]}]},{\"@type\":\"ImageObject\",\"inLanguage\":\"fr-FR\",\"@id\":\"https:\/\/theplayoffs.news\/fr\/actualite-nhl\/jets-de-winnipeg-prolongent-mark-scheifele\/#primaryimage\",\"url\":\"https:\/\/theplayoffs.news\/fr\/wp-content\/uploads\/2023\/10\/USATSI_15902994.jpg\",\"contentUrl\":\"https:\/\/theplayoffs.news\/fr\/wp-content\/uploads\/2023\/10\/USATSI_15902994.jpg\",\"width\":1920,\"height\":1440,\"caption\":\"Apr 15, 2021; Toronto, Ontario, CAN; Winnipeg Jets forward Mark Scheifele (55) congratulates goaltender Connor Hellebuyck (37) on a win over the Toronto Maple Leafs during the third period at Scotiabank Arena. Mandatory Credit: John E. Sokolowski-USA TODAY Sports\"},{\"@type\":\"BreadcrumbList\",\"@id\":\"https:\/\/theplayoffs.news\/fr\/actualite-nhl\/jets-de-winnipeg-prolongent-mark-scheifele\/#breadcrumb\",\"itemListElement\":[{\"@type\":\"ListItem\",\"position\":1,\"name\":\"Accueil\",\"item\":\"https:\/\/theplayoffs.news\/fr\/\"},{\"@type\":\"ListItem\",\"position\":2,\"name\":\"Les Jets de Winnipeg prolongent Mark Scheifele et Connor Hellebuyck\"}]},{\"@type\":\"WebSite\",\"@id\":\"https:\/\/theplayoffs.news\/fr\/#website\",\"url\":\"https:\/\/theplayoffs.news\/fr\/\",\"name\":\"The Playoffs FR\",\"description\":\"NBA-NFL-NHL-MLB\",\"potentialAction\":[{\"@type\":\"SearchAction\",\"target\":{\"@type\":\"EntryPoint\",\"urlTemplate\":\"https:\/\/theplayoffs.news\/fr\/?s={search_term_string}\"},\"query-input\":{\"@type\":\"PropertyValueSpecification\",\"valueRequired\":true,\"valueName\":\"search_term_string\"}}],\"inLanguage\":\"fr-FR\"},{\"@type\":\"Person\",\"@id\":\"https:\/\/theplayoffs.news\/fr\/#\/schema\/person\/b6b04a451dab03a5ab75cec8912e8942\",\"name\":\"Arthur Berlemont\",\"image\":{\"@type\":\"ImageObject\",\"inLanguage\":\"fr-FR\",\"@id\":\"https:\/\/theplayoffs.news\/fr\/#\/schema\/person\/image\/\",\"url\":\"https:\/\/secure.gravatar.com\/avatar\/19ddab1d62ab0a19b186b86cee130432b120dd6f085625a6a6757dd1aa90a5f3?s=96&d=mm&r=g\",\"contentUrl\":\"https:\/\/secure.gravatar.com\/avatar\/19ddab1d62ab0a19b186b86cee130432b120dd6f085625a6a6757dd1aa90a5f3?s=96&d=mm&r=g\",\"caption\":\"Arthur Berlemont\"},\"description\":\"Etudiant passionn\u00e9 de sport, avant tout m\u00e9caniques, j\\\\'ai d\u00e9couvert les sports US il y a quelques ann\u00e9es. J\\\\'ai tout de suite accroch\u00e9 pour la ville de Cincinnati et ses franchises de NFL et MLB. Aujourd\\\\'hui, je suis l\u00e0 par passion dans la r\u00e9daction d\\\\'articles sur divers sports que j\\\\'affectionne.\",\"url\":\"https:\/\/theplayoffs.news\/fr\/author\/arthur-berlemontgmail-com\/\"}]}<\/script>\n<!-- \/ Yoast SEO plugin. -->","yoast_head_json":{"title":"Les Jets de Winnipeg prolongent Mark Scheifele et Connor Hellebuyck - The Playoffs FR","robots":{"index":"index","follow":"follow","max-snippet":"max-snippet:-1","max-image-preview":"max-image-preview:large","max-video-preview":"max-video-preview:-1"},"canonical":"https:\/\/theplayoffs.news\/fr\/actualite-nhl\/jets-de-winnipeg-prolongent-mark-scheifele\/","og_locale":"fr_FR","og_type":"article","og_title":"Les Jets de Winnipeg prolongent Mark Scheifele et Connor Hellebuyck - The Playoffs FR","og_url":"https:\/\/theplayoffs.news\/fr\/actualite-nhl\/jets-de-winnipeg-prolongent-mark-scheifele\/","og_site_name":"The Playoffs FR","article_publisher":"https:\/\/www.facebook.com\/TheFreeAgentFR\/","article_modified_time":"2023-10-10T09:13:16+00:00","og_image":[{"width":1920,"height":1440,"url":"https:\/\/theplayoffs.news\/fr\/wp-content\/uploads\/2023\/10\/USATSI_15902994.jpg","type":"image\/jpeg"}],"author":"Arthur Berlemont","twitter_card":"summary_large_image","twitter_creator":"@TheFreeAgentFR","twitter_site":"@TheFreeAgentFR","twitter_misc":{"\u00c9crit par":"Arthur Berlemont","Dur\u00e9e de lecture estim\u00e9e":"1 minute"},"schema":{"@context":"https:\/\/schema.org","@graph":[{"@type":"WebPage","@id":"https:\/\/theplayoffs.news\/fr\/actualite-nhl\/jets-de-winnipeg-prolongent-mark-scheifele\/","url":"https:\/\/theplayoffs.news\/fr\/actualite-nhl\/jets-de-winnipeg-prolongent-mark-scheifele\/","name":"Les Jets de Winnipeg prolongent Mark Scheifele et Connor Hellebuyck - The Playoffs FR","isPartOf":{"@id":"https:\/\/theplayoffs.news\/fr\/#website"},"primaryImageOfPage":{"@id":"https:\/\/theplayoffs.news\/fr\/actualite-nhl\/jets-de-winnipeg-prolongent-mark-scheifele\/#primaryimage"},"image":{"@id":"https:\/\/theplayoffs.news\/fr\/actualite-nhl\/jets-de-winnipeg-prolongent-mark-scheifele\/#primaryimage"},"thumbnailUrl":"https:\/\/theplayoffs.news\/fr\/wp-content\/uploads\/2023\/10\/USATSI_15902994.jpg","datePublished":"2023-10-10T09:13:15+00:00","dateModified":"2023-10-10T09:13:16+00:00","author":{"@id":"https:\/\/theplayoffs.news\/fr\/#\/schema\/person\/b6b04a451dab03a5ab75cec8912e8942"},"breadcrumb":{"@id":"https:\/\/theplayoffs.news\/fr\/actualite-nhl\/jets-de-winnipeg-prolongent-mark-scheifele\/#breadcrumb"},"inLanguage":"fr-FR","potentialAction":[{"@type":"ReadAction","target":["https:\/\/theplayoffs.news\/fr\/actualite-nhl\/jets-de-winnipeg-prolongent-mark-scheifele\/"]}]},{"@type":"ImageObject","inLanguage":"fr-FR","@id":"https:\/\/theplayoffs.news\/fr\/actualite-nhl\/jets-de-winnipeg-prolongent-mark-scheifele\/#primaryimage","url":"https:\/\/theplayoffs.news\/fr\/wp-content\/uploads\/2023\/10\/USATSI_15902994.jpg","contentUrl":"https:\/\/theplayoffs.news\/fr\/wp-content\/uploads\/2023\/10\/USATSI_15902994.jpg","width":1920,"height":1440,"caption":"Apr 15, 2021; Toronto, Ontario, CAN; Winnipeg Jets forward Mark Scheifele (55) congratulates goaltender Connor Hellebuyck (37) on a win over the Toronto Maple Leafs during the third period at Scotiabank Arena. Mandatory Credit: John E. Sokolowski-USA TODAY Sports"},{"@type":"BreadcrumbList","@id":"https:\/\/theplayoffs.news\/fr\/actualite-nhl\/jets-de-winnipeg-prolongent-mark-scheifele\/#breadcrumb","itemListElement":[{"@type":"ListItem","position":1,"name":"Accueil","item":"https:\/\/theplayoffs.news\/fr\/"},{"@type":"ListItem","position":2,"name":"Les Jets de Winnipeg prolongent Mark Scheifele et Connor Hellebuyck"}]},{"@type":"WebSite","@id":"https:\/\/theplayoffs.news\/fr\/#website","url":"https:\/\/theplayoffs.news\/fr\/","name":"The Playoffs FR","description":"NBA-NFL-NHL-MLB","potentialAction":[{"@type":"SearchAction","target":{"@type":"EntryPoint","urlTemplate":"https:\/\/theplayoffs.news\/fr\/?s={search_term_string}"},"query-input":{"@type":"PropertyValueSpecification","valueRequired":true,"valueName":"search_term_string"}}],"inLanguage":"fr-FR"},{"@type":"Person","@id":"https:\/\/theplayoffs.news\/fr\/#\/schema\/person\/b6b04a451dab03a5ab75cec8912e8942","name":"Arthur Berlemont","image":{"@type":"ImageObject","inLanguage":"fr-FR","@id":"https:\/\/theplayoffs.news\/fr\/#\/schema\/person\/image\/","url":"https:\/\/secure.gravatar.com\/avatar\/19ddab1d62ab0a19b186b86cee130432b120dd6f085625a6a6757dd1aa90a5f3?s=96&d=mm&r=g","contentUrl":"https:\/\/secure.gravatar.com\/avatar\/19ddab1d62ab0a19b186b86cee130432b120dd6f085625a6a6757dd1aa90a5f3?s=96&d=mm&r=g","caption":"Arthur Berlemont"},"description":"Etudiant passionn\u00e9 de sport, avant tout m\u00e9caniques, j\\'ai d\u00e9couvert les sports US il y a quelques ann\u00e9es. J\\'ai tout de suite accroch\u00e9 pour la ville de Cincinnati et ses franchises de NFL et MLB. Aujourd\\'hui, je suis l\u00e0 par passion dans la r\u00e9daction d\\'articles sur divers sports que j\\'affectionne.","url":"https:\/\/theplayoffs.news\/fr\/author\/arthur-berlemontgmail-com\/"}]}},"_links":{"self":[{"href":"https:\/\/theplayoffs.news\/fr\/wp-json\/wp\/v2\/posts\/975400","targetHints":{"allow":["GET"]}}],"collection":[{"href":"https:\/\/theplayoffs.news\/fr\/wp-json\/wp\/v2\/posts"}],"about":[{"href":"https:\/\/theplayoffs.news\/fr\/wp-json\/wp\/v2\/types\/post"}],"author":[{"embeddable":true,"href":"https:\/\/theplayoffs.news\/fr\/wp-json\/wp\/v2\/users\/180310178"}],"replies":[{"embeddable":true,"href":"https:\/\/theplayoffs.news\/fr\/wp-json\/wp\/v2\/comments?post=975400"}],"version-history":[{"count":3,"href":"https:\/\/theplayoffs.news\/fr\/wp-json\/wp\/v2\/posts\/975400\/revisions"}],"predecessor-version":[{"id":975503,"href":"https:\/\/theplayoffs.news\/fr\/wp-json\/wp\/v2\/posts\/975400\/revisions\/975503"}],"wp:featuredmedia":[{"embeddable":true,"href":"https:\/\/theplayoffs.news\/fr\/wp-json\/wp\/v2\/media\/975494"}],"wp:attachment":[{"href":"https:\/\/theplayoffs.news\/fr\/wp-json\/wp\/v2\/media?parent=975400"}],"wp:term":[{"taxonomy":"category","embeddable":true,"href":"https:\/\/theplayoffs.news\/fr\/wp-json\/wp\/v2\/categories?post=975400"},{"taxonomy":"post_tag","embeddable":true,"href":"https:\/\/theplayoffs.news\/fr\/wp-json\/wp\/v2\/tags?post=975400"},{"taxonomy":"sport","embeddable":true,"href":"https:\/\/theplayoffs.news\/fr\/wp-json\/wp\/v2\/sport?post=975400"},{"taxonomy":"saison","embeddable":true,"href":"https:\/\/theplayoffs.news\/fr\/wp-json\/wp\/v2\/saison?post=975400"}],"curies":[{"name":"wp","href":"https:\/\/api.w.org\/{rel}","templated":true}]}}