{"id":973919,"date":"2023-10-09T21:14:48","date_gmt":"2023-10-09T19:14:48","guid":{"rendered":"https:\/\/theplayoffs.news\/fr\/?p=973919"},"modified":"2023-10-09T21:14:49","modified_gmt":"2023-10-09T19:14:49","slug":"alexandre-texier-dans-roster-blue-jackets","status":"publish","type":"post","link":"https:\/\/theplayoffs.news\/fr\/actualite-nhl\/alexandre-texier-dans-roster-blue-jackets\/","title":{"rendered":"Alexandre Texier confirm\u00e9 dans le roster des Blue Jackets"},"content":{"rendered":"<h2>Le joueur fran&ccedil;ais Alexandre Texier a &eacute;t&eacute; confirm&eacute; dans le roster de 23 joueurs des Blue Jackets.<\/h2><p>Alexandre Texier fait parti des 23 joueurs du roster des Blue Jackets pour la saison 2023-2024. Il est parmi les 14 attaquants dans la liste. A quelques jours de leur d&eacute;but de saison, les <a href=\"https:\/\/theplayoffs.news\/fr\/equipe\/columbus-blue-jackets-nhl\/\" class=\"trk-cta-link\" data-cta-trk='{\"ctaType\":\"Link\",\"ctaSubType\":\"main\"}'>Colombus Blue Jackets<\/a> se pr&eacute;parent &agrave; entamer leur 23e saison r&eacute;guli&egrave;re. Ils joueront leur match d&rsquo;ouverture face aux Flyers cette semaine.<\/p><p>\n<div id=\"attachment_973922\" style=\"width: 310px\" class=\"wp-caption alignnone\"><img loading=\"lazy\" decoding=\"async\" aria-describedby=\"caption-attachment-973922\" class=\"size-medium wp-image-973922\" src=\"https:\/\/theplayoffs.news\/fr\/wp-content\/uploads\/2023\/10\/USATSI_17206105-300x221.jpg\" alt=\"Alexandre Texier chez les Blue Jackets\" width=\"300\" height=\"221\" srcset=\"https:\/\/theplayoffs.news\/fr\/wp-content\/uploads\/2023\/10\/USATSI_17206105-300x221.jpg 300w, https:\/\/theplayoffs.news\/fr\/wp-content\/uploads\/2023\/10\/USATSI_17206105-1030x757.jpg 1030w, https:\/\/theplayoffs.news\/fr\/wp-content\/uploads\/2023\/10\/USATSI_17206105-768x565.jpg 768w, https:\/\/theplayoffs.news\/fr\/wp-content\/uploads\/2023\/10\/USATSI_17206105-1536x1130.jpg 1536w, https:\/\/theplayoffs.news\/fr\/wp-content\/uploads\/2023\/10\/USATSI_17206105-1500x1103.jpg 1500w, https:\/\/theplayoffs.news\/fr\/wp-content\/uploads\/2023\/10\/USATSI_17206105-705x518.jpg 705w, https:\/\/theplayoffs.news\/fr\/wp-content\/uploads\/2023\/10\/USATSI_17206105-1320x971.jpg 1320w, https:\/\/theplayoffs.news\/fr\/wp-content\/uploads\/2023\/10\/USATSI_17206105.jpg 1920w\" sizes=\"auto, (max-width: 300px) 100vw, 300px\" \/><p id=\"caption-attachment-973922\" class=\"wp-caption-text\">Cr&eacute;dit : Stephen R. Sylvanie &ndash; USA Today<\/p><\/div>\n<\/p><p>Texier se pr&eacute;pare &agrave; faire son retour en NFL. Reste &agrave; voir le temps de jeu que me fran&ccedil;ais aura durant ces premiers matchs de la saison r&eacute;guli&egrave;re de la NHL.<\/p><p>Alexandre Texier a &eacute;t&eacute; draft&eacute; en 2017 par les <a href=\"https:\/\/www.nhl.com\/bluejackets\" class=\"trk-cta-link\" data-cta-trk='{\"ctaType\":\"Link\",\"ctaSubType\":\"main\"}'>Blue Jackets<\/a>. Il s&rsquo;est &eacute;loign&eacute; de la NHL et des Etats-Unis la saison derni&egrave;re. Quand il avait 23 ans, dans la ligue, il avait d&eacute;j&agrave; disput&eacute; un total de 123 matchs pour 49 points.<\/p><p>\n<div id=\"attachment_973921\" style=\"width: 310px\" class=\"wp-caption alignnone\"><img loading=\"lazy\" decoding=\"async\" aria-describedby=\"caption-attachment-973921\" class=\"size-medium wp-image-973921\" src=\"https:\/\/theplayoffs.news\/fr\/wp-content\/uploads\/2023\/10\/USATSI_17536365-300x192.jpg\" alt=\"Alexandre Texier &agrave; Colombus\" width=\"300\" height=\"192\" srcset=\"https:\/\/theplayoffs.news\/fr\/wp-content\/uploads\/2023\/10\/USATSI_17536365-300x192.jpg 300w, https:\/\/theplayoffs.news\/fr\/wp-content\/uploads\/2023\/10\/USATSI_17536365-1030x660.jpg 1030w, https:\/\/theplayoffs.news\/fr\/wp-content\/uploads\/2023\/10\/USATSI_17536365-768x492.jpg 768w, https:\/\/theplayoffs.news\/fr\/wp-content\/uploads\/2023\/10\/USATSI_17536365-1536x984.jpg 1536w, https:\/\/theplayoffs.news\/fr\/wp-content\/uploads\/2023\/10\/USATSI_17536365-1500x961.jpg 1500w, https:\/\/theplayoffs.news\/fr\/wp-content\/uploads\/2023\/10\/USATSI_17536365-705x452.jpg 705w, https:\/\/theplayoffs.news\/fr\/wp-content\/uploads\/2023\/10\/USATSI_17536365-1320x846.jpg 1320w, https:\/\/theplayoffs.news\/fr\/wp-content\/uploads\/2023\/10\/USATSI_17536365.jpg 1920w\" sizes=\"auto, (max-width: 300px) 100vw, 300px\" \/><p id=\"caption-attachment-973921\" class=\"wp-caption-text\">Cr&eacute;dit : Eric Hartline &ndash; USA Today<\/p><\/div>\n<\/p><p>&nbsp;<\/p>\n","protected":false},"excerpt":{"rendered":"","protected":false},"author":180310178,"featured_media":973920,"comment_status":"open","ping_status":"closed","sticky":false,"template":"","format":"standard","meta":{"inline_featured_image":false,"kia_subtitle":"","_mux_skip_reasons":[],"proofreadBy":0,"footnotes":""},"categories":[187,26],"tags":[943,783],"sport":[2784],"saison":[3453],"class_list":["post-973919","post","type-post","status-publish","format-standard","has-post-thumbnail","hentry","category-actualite-nhl","category-nhl","tag-alexandre-texier","tag-colombus-blue-jackets","sport-nhl","saison-3453"],"acf":[],"yoast_head":"<!-- This site is optimized with the Yoast SEO plugin v24.2 - https:\/\/yoast.com\/wordpress\/plugins\/seo\/ -->\n<title>Alexandre Texier confirm&eacute; dans le roster des Blue Jackets - The Playoffs FR<\/title>\n<meta name=\"robots\" content=\"index, follow, max-snippet:-1, max-image-preview:large, max-video-preview:-1\" \/>\n<link rel=\"canonical\" href=\"https:\/\/theplayoffs.news\/fr\/actualite-nhl\/alexandre-texier-dans-roster-blue-jackets\/\" \/>\n<meta property=\"og:locale\" content=\"fr_FR\" \/>\n<meta property=\"og:type\" content=\"article\" \/>\n<meta property=\"og:title\" content=\"Alexandre Texier confirm&eacute; dans le roster des Blue Jackets - The Playoffs FR\" \/>\n<meta property=\"og:url\" content=\"https:\/\/theplayoffs.news\/fr\/actualite-nhl\/alexandre-texier-dans-roster-blue-jackets\/\" \/>\n<meta property=\"og:site_name\" content=\"The Playoffs FR\" \/>\n<meta property=\"article:publisher\" content=\"https:\/\/www.facebook.com\/TheFreeAgentFR\/\" \/>\n<meta property=\"article:modified_time\" content=\"2023-10-09T21:14:49+02:00\" \/>\n<meta property=\"og:image\" content=\"https:\/\/theplayoffs.news\/fr\/wp-content\/uploads\/2023\/10\/USATSI_21509901.jpg\" \/>\n\t<meta property=\"og:image:width\" content=\"1920\" \/>\n\t<meta property=\"og:image:height\" content=\"1280\" \/>\n\t<meta property=\"og:image:type\" content=\"image\/jpeg\" \/>\n<meta name=\"author\" content=\"Arthur Berlemont\" \/>\n<meta name=\"twitter:card\" content=\"summary_large_image\" \/>\n<meta name=\"twitter:creator\" content=\"@TheFreeAgentFR\" \/>\n<meta name=\"twitter:site\" content=\"@TheFreeAgentFR\" \/>\n<meta name=\"twitter:label1\" content=\"\u00c9crit par\" \/>\n\t<meta name=\"twitter:data1\" content=\"Arthur Berlemont\" \/>\n\t<meta name=\"twitter:label2\" content=\"Dur\u00e9e de lecture estim\u00e9e\" \/>\n\t<meta name=\"twitter:data2\" content=\"1 minute\" \/>\n<script type=\"application\/ld+json\" class=\"yoast-schema-graph\">{\"@context\":\"https:\/\/schema.org\",\"@graph\":[{\"@type\":\"WebPage\",\"@id\":\"https:\/\/theplayoffs.news\/fr\/actualite-nhl\/alexandre-texier-dans-roster-blue-jackets\/\",\"url\":\"https:\/\/theplayoffs.news\/fr\/actualite-nhl\/alexandre-texier-dans-roster-blue-jackets\/\",\"name\":\"Alexandre Texier confirm\u00e9 dans le roster des Blue Jackets - The Playoffs FR\",\"isPartOf\":{\"@id\":\"https:\/\/theplayoffs.news\/fr\/#website\"},\"primaryImageOfPage\":{\"@id\":\"https:\/\/theplayoffs.news\/fr\/actualite-nhl\/alexandre-texier-dans-roster-blue-jackets\/#primaryimage\"},\"image\":{\"@id\":\"https:\/\/theplayoffs.news\/fr\/actualite-nhl\/alexandre-texier-dans-roster-blue-jackets\/#primaryimage\"},\"thumbnailUrl\":\"https:\/\/theplayoffs.news\/fr\/wp-content\/uploads\/2023\/10\/USATSI_21509901.jpg\",\"datePublished\":\"2023-10-09T19:14:48+00:00\",\"dateModified\":\"2023-10-09T19:14:49+00:00\",\"author\":{\"@id\":\"https:\/\/theplayoffs.news\/fr\/#\/schema\/person\/b6b04a451dab03a5ab75cec8912e8942\"},\"breadcrumb\":{\"@id\":\"https:\/\/theplayoffs.news\/fr\/actualite-nhl\/alexandre-texier-dans-roster-blue-jackets\/#breadcrumb\"},\"inLanguage\":\"fr-FR\",\"potentialAction\":[{\"@type\":\"ReadAction\",\"target\":[\"https:\/\/theplayoffs.news\/fr\/actualite-nhl\/alexandre-texier-dans-roster-blue-jackets\/\"]}]},{\"@type\":\"ImageObject\",\"inLanguage\":\"fr-FR\",\"@id\":\"https:\/\/theplayoffs.news\/fr\/actualite-nhl\/alexandre-texier-dans-roster-blue-jackets\/#primaryimage\",\"url\":\"https:\/\/theplayoffs.news\/fr\/wp-content\/uploads\/2023\/10\/USATSI_21509901.jpg\",\"contentUrl\":\"https:\/\/theplayoffs.news\/fr\/wp-content\/uploads\/2023\/10\/USATSI_21509901.jpg\",\"width\":1920,\"height\":1280,\"caption\":\"Sep 26, 2023; St. Louis, Missouri, USA; Columbus Blue Jackets center Alexandre Texier (42) controls the puck from the St. Louis Blues during the first period at Enterprise Center. Mandatory Credit: Jeff Le-USA TODAY Sports\"},{\"@type\":\"BreadcrumbList\",\"@id\":\"https:\/\/theplayoffs.news\/fr\/actualite-nhl\/alexandre-texier-dans-roster-blue-jackets\/#breadcrumb\",\"itemListElement\":[{\"@type\":\"ListItem\",\"position\":1,\"name\":\"Accueil\",\"item\":\"https:\/\/theplayoffs.news\/fr\/\"},{\"@type\":\"ListItem\",\"position\":2,\"name\":\"Alexandre Texier confirm\u00e9 dans le roster des Blue Jackets\"}]},{\"@type\":\"WebSite\",\"@id\":\"https:\/\/theplayoffs.news\/fr\/#website\",\"url\":\"https:\/\/theplayoffs.news\/fr\/\",\"name\":\"The Playoffs FR\",\"description\":\"NBA-NFL-NHL-MLB\",\"potentialAction\":[{\"@type\":\"SearchAction\",\"target\":{\"@type\":\"EntryPoint\",\"urlTemplate\":\"https:\/\/theplayoffs.news\/fr\/?s={search_term_string}\"},\"query-input\":{\"@type\":\"PropertyValueSpecification\",\"valueRequired\":true,\"valueName\":\"search_term_string\"}}],\"inLanguage\":\"fr-FR\"},{\"@type\":\"Person\",\"@id\":\"https:\/\/theplayoffs.news\/fr\/#\/schema\/person\/b6b04a451dab03a5ab75cec8912e8942\",\"name\":\"Arthur Berlemont\",\"image\":{\"@type\":\"ImageObject\",\"inLanguage\":\"fr-FR\",\"@id\":\"https:\/\/theplayoffs.news\/fr\/#\/schema\/person\/image\/\",\"url\":\"https:\/\/secure.gravatar.com\/avatar\/19ddab1d62ab0a19b186b86cee130432b120dd6f085625a6a6757dd1aa90a5f3?s=96&d=mm&r=g\",\"contentUrl\":\"https:\/\/secure.gravatar.com\/avatar\/19ddab1d62ab0a19b186b86cee130432b120dd6f085625a6a6757dd1aa90a5f3?s=96&d=mm&r=g\",\"caption\":\"Arthur Berlemont\"},\"description\":\"Etudiant passionn\u00e9 de sport, avant tout m\u00e9caniques, j\\\\'ai d\u00e9couvert les sports US il y a quelques ann\u00e9es. J\\\\'ai tout de suite accroch\u00e9 pour la ville de Cincinnati et ses franchises de NFL et MLB. Aujourd\\\\'hui, je suis l\u00e0 par passion dans la r\u00e9daction d\\\\'articles sur divers sports que j\\\\'affectionne.\",\"url\":\"https:\/\/theplayoffs.news\/fr\/author\/arthur-berlemontgmail-com\/\"}]}<\/script>\n<!-- \/ Yoast SEO plugin. -->","yoast_head_json":{"title":"Alexandre Texier confirm&eacute; dans le roster des Blue Jackets - The Playoffs FR","robots":{"index":"index","follow":"follow","max-snippet":"max-snippet:-1","max-image-preview":"max-image-preview:large","max-video-preview":"max-video-preview:-1"},"canonical":"https:\/\/theplayoffs.news\/fr\/actualite-nhl\/alexandre-texier-dans-roster-blue-jackets\/","og_locale":"fr_FR","og_type":"article","og_title":"Alexandre Texier confirm&eacute; dans le roster des Blue Jackets - The Playoffs FR","og_url":"https:\/\/theplayoffs.news\/fr\/actualite-nhl\/alexandre-texier-dans-roster-blue-jackets\/","og_site_name":"The Playoffs FR","article_publisher":"https:\/\/www.facebook.com\/TheFreeAgentFR\/","article_modified_time":"2023-10-09T19:14:49+00:00","og_image":[{"width":1920,"height":1280,"url":"https:\/\/theplayoffs.news\/fr\/wp-content\/uploads\/2023\/10\/USATSI_21509901.jpg","type":"image\/jpeg"}],"author":"Arthur Berlemont","twitter_card":"summary_large_image","twitter_creator":"@TheFreeAgentFR","twitter_site":"@TheFreeAgentFR","twitter_misc":{"\u00c9crit par":"Arthur Berlemont","Dur\u00e9e de lecture estim\u00e9e":"1 minute"},"schema":{"@context":"https:\/\/schema.org","@graph":[{"@type":"WebPage","@id":"https:\/\/theplayoffs.news\/fr\/actualite-nhl\/alexandre-texier-dans-roster-blue-jackets\/","url":"https:\/\/theplayoffs.news\/fr\/actualite-nhl\/alexandre-texier-dans-roster-blue-jackets\/","name":"Alexandre Texier confirm\u00e9 dans le roster des Blue Jackets - The Playoffs FR","isPartOf":{"@id":"https:\/\/theplayoffs.news\/fr\/#website"},"primaryImageOfPage":{"@id":"https:\/\/theplayoffs.news\/fr\/actualite-nhl\/alexandre-texier-dans-roster-blue-jackets\/#primaryimage"},"image":{"@id":"https:\/\/theplayoffs.news\/fr\/actualite-nhl\/alexandre-texier-dans-roster-blue-jackets\/#primaryimage"},"thumbnailUrl":"https:\/\/theplayoffs.news\/fr\/wp-content\/uploads\/2023\/10\/USATSI_21509901.jpg","datePublished":"2023-10-09T19:14:48+00:00","dateModified":"2023-10-09T19:14:49+00:00","author":{"@id":"https:\/\/theplayoffs.news\/fr\/#\/schema\/person\/b6b04a451dab03a5ab75cec8912e8942"},"breadcrumb":{"@id":"https:\/\/theplayoffs.news\/fr\/actualite-nhl\/alexandre-texier-dans-roster-blue-jackets\/#breadcrumb"},"inLanguage":"fr-FR","potentialAction":[{"@type":"ReadAction","target":["https:\/\/theplayoffs.news\/fr\/actualite-nhl\/alexandre-texier-dans-roster-blue-jackets\/"]}]},{"@type":"ImageObject","inLanguage":"fr-FR","@id":"https:\/\/theplayoffs.news\/fr\/actualite-nhl\/alexandre-texier-dans-roster-blue-jackets\/#primaryimage","url":"https:\/\/theplayoffs.news\/fr\/wp-content\/uploads\/2023\/10\/USATSI_21509901.jpg","contentUrl":"https:\/\/theplayoffs.news\/fr\/wp-content\/uploads\/2023\/10\/USATSI_21509901.jpg","width":1920,"height":1280,"caption":"Sep 26, 2023; St. Louis, Missouri, USA; Columbus Blue Jackets center Alexandre Texier (42) controls the puck from the St. Louis Blues during the first period at Enterprise Center. Mandatory Credit: Jeff Le-USA TODAY Sports"},{"@type":"BreadcrumbList","@id":"https:\/\/theplayoffs.news\/fr\/actualite-nhl\/alexandre-texier-dans-roster-blue-jackets\/#breadcrumb","itemListElement":[{"@type":"ListItem","position":1,"name":"Accueil","item":"https:\/\/theplayoffs.news\/fr\/"},{"@type":"ListItem","position":2,"name":"Alexandre Texier confirm\u00e9 dans le roster des Blue Jackets"}]},{"@type":"WebSite","@id":"https:\/\/theplayoffs.news\/fr\/#website","url":"https:\/\/theplayoffs.news\/fr\/","name":"The Playoffs FR","description":"NBA-NFL-NHL-MLB","potentialAction":[{"@type":"SearchAction","target":{"@type":"EntryPoint","urlTemplate":"https:\/\/theplayoffs.news\/fr\/?s={search_term_string}"},"query-input":{"@type":"PropertyValueSpecification","valueRequired":true,"valueName":"search_term_string"}}],"inLanguage":"fr-FR"},{"@type":"Person","@id":"https:\/\/theplayoffs.news\/fr\/#\/schema\/person\/b6b04a451dab03a5ab75cec8912e8942","name":"Arthur Berlemont","image":{"@type":"ImageObject","inLanguage":"fr-FR","@id":"https:\/\/theplayoffs.news\/fr\/#\/schema\/person\/image\/","url":"https:\/\/secure.gravatar.com\/avatar\/19ddab1d62ab0a19b186b86cee130432b120dd6f085625a6a6757dd1aa90a5f3?s=96&d=mm&r=g","contentUrl":"https:\/\/secure.gravatar.com\/avatar\/19ddab1d62ab0a19b186b86cee130432b120dd6f085625a6a6757dd1aa90a5f3?s=96&d=mm&r=g","caption":"Arthur Berlemont"},"description":"Etudiant passionn\u00e9 de sport, avant tout m\u00e9caniques, j\\'ai d\u00e9couvert les sports US il y a quelques ann\u00e9es. J\\'ai tout de suite accroch\u00e9 pour la ville de Cincinnati et ses franchises de NFL et MLB. Aujourd\\'hui, je suis l\u00e0 par passion dans la r\u00e9daction d\\'articles sur divers sports que j\\'affectionne.","url":"https:\/\/theplayoffs.news\/fr\/author\/arthur-berlemontgmail-com\/"}]}},"_links":{"self":[{"href":"https:\/\/theplayoffs.news\/fr\/wp-json\/wp\/v2\/posts\/973919","targetHints":{"allow":["GET"]}}],"collection":[{"href":"https:\/\/theplayoffs.news\/fr\/wp-json\/wp\/v2\/posts"}],"about":[{"href":"https:\/\/theplayoffs.news\/fr\/wp-json\/wp\/v2\/types\/post"}],"author":[{"embeddable":true,"href":"https:\/\/theplayoffs.news\/fr\/wp-json\/wp\/v2\/users\/180310178"}],"replies":[{"embeddable":true,"href":"https:\/\/theplayoffs.news\/fr\/wp-json\/wp\/v2\/comments?post=973919"}],"version-history":[{"count":3,"href":"https:\/\/theplayoffs.news\/fr\/wp-json\/wp\/v2\/posts\/973919\/revisions"}],"predecessor-version":[{"id":973925,"href":"https:\/\/theplayoffs.news\/fr\/wp-json\/wp\/v2\/posts\/973919\/revisions\/973925"}],"wp:featuredmedia":[{"embeddable":true,"href":"https:\/\/theplayoffs.news\/fr\/wp-json\/wp\/v2\/media\/973920"}],"wp:attachment":[{"href":"https:\/\/theplayoffs.news\/fr\/wp-json\/wp\/v2\/media?parent=973919"}],"wp:term":[{"taxonomy":"category","embeddable":true,"href":"https:\/\/theplayoffs.news\/fr\/wp-json\/wp\/v2\/categories?post=973919"},{"taxonomy":"post_tag","embeddable":true,"href":"https:\/\/theplayoffs.news\/fr\/wp-json\/wp\/v2\/tags?post=973919"},{"taxonomy":"sport","embeddable":true,"href":"https:\/\/theplayoffs.news\/fr\/wp-json\/wp\/v2\/sport?post=973919"},{"taxonomy":"saison","embeddable":true,"href":"https:\/\/theplayoffs.news\/fr\/wp-json\/wp\/v2\/saison?post=973919"}],"curies":[{"name":"wp","href":"https:\/\/api.w.org\/{rel}","templated":true}]}}