{"id":952906,"date":"2023-10-03T11:18:03","date_gmt":"2023-10-03T09:18:03","guid":{"rendered":"https:\/\/theplayoffs.news\/fr\/?p=952906"},"modified":"2023-10-03T11:20:08","modified_gmt":"2023-10-03T09:20:08","slug":"lebron-james-jen-ai-encore-sous-le-capot","status":"publish","type":"post","link":"https:\/\/theplayoffs.news\/fr\/actualite-nba\/lebron-james-jen-ai-encore-sous-le-capot\/","title":{"rendered":"LeBron James : \u00ab\u00a0J&rsquo;en ai encore sous le capot\u00a0\u00bb"},"content":{"rendered":"<h2>&Agrave; l&rsquo;aube de sa 21&egrave; saison en NBA, LeBron James semble infatigable, in&eacute;puisable et pr&ecirc;t &agrave; jouer encore plusieurs ann&eacute;es.<\/h2><p>Apr&egrave;s une allusion &agrave; la retraite lors de son dernier entretien avec la presse, les fans se sont retrouv&eacute;s aux prises avec l&rsquo;id&eacute;e d&rsquo;une NBA sans King James. Cependant, 133 jours plus tard, lors de la journ&eacute;e des M&eacute;dias des Lakers, LeBron a apport&eacute; quelques &eacute;claircissements.<\/p><p>La r&eacute;ponse &eacute;tait simple, mais profonde. <a href=\"https:\/\/www.youtube.com\/watch?v=AciBMWc4nnU&amp;pp=ygUQbGFrZXJzIG1lZGlhIGRheQ%3D%3D\" class=\"trk-cta-link\" data-cta-trk='{\"ctaType\":\"Link\",\"ctaSubType\":\"main\"}'>LeBron James a d&eacute;clar&eacute;<\/a> :<\/p><blockquote><p>&laquo;&nbsp;J&rsquo;ai l&rsquo;impression que j&rsquo;ai encore beaucoup &agrave; donner.&nbsp;&raquo;<\/p><\/blockquote><p>Mais sa d&eacute;cision n&rsquo;est pas seulement motiv&eacute;e par l&rsquo;ambition professionnelle. Ses deux fils, Bronny et Bryce, qui progressent dans leur propre carri&egrave;re de basketteur, ont jou&eacute; un r&ocirc;le d&eacute;terminant. La trag&eacute;die a frapp&eacute; la famille James lorsque Bronny a &eacute;t&eacute; victime d&rsquo;un arr&ecirc;t cardiaque, mais la r&eacute;silience du jeune homme est &eacute;vidente alors qu&rsquo;il se remet sur pied apr&egrave;s une intervention chirurgicale r&eacute;ussie.<\/p><p>Le fait que <a href=\"https:\/\/theplayoffs.news\/fr\/joueur\/lebron-james-nba-3932\/\" class=\"trk-cta-link\" data-cta-trk='{\"ctaType\":\"Link\",\"ctaSubType\":\"main\"}'><strong>LeBron James<\/strong><\/a> ait d&eacute;di&eacute; la prochaine saison &agrave; Bronny t&eacute;moigne du lien qui les unit.<\/p><h3>L&rsquo;incertitude, les Jeux olympiques et l&rsquo;h&eacute;ritage des blessures<\/h3><p>Si le soulagement du retour de LeBron est palpable, des questions subsistent quant &agrave; sa long&eacute;vit&eacute; dans le jeu. Avec une option de 51,4 millions de dollars pour la saison 2024-25, LeBron James semble adopter une attitude attentiste. Lorsqu&rsquo;on l&rsquo;interroge sur son avenir, sa r&eacute;ponse est franche : &laquo;&nbsp;Je ne sais pas&nbsp;&raquo;.<\/p><p>Cependant, les Jeux olympiques semblent &ecirc;tre une autre paire de manches. L&rsquo;int&eacute;r&ecirc;t de LeBron pour une nouvelle repr&eacute;sentation de l&rsquo;&eacute;quipe olympique masculine des &Eacute;tats-Unis est &eacute;vident, mais il ne s&rsquo;engage pas. En analysant ses propos, on peut penser que, bien qu&rsquo;il ait le c&oelig;ur &agrave; l&rsquo;ouvrage, il est parfaitement conscient de l&rsquo;impact physique qu&rsquo;exerce le basket-ball professionnel.<\/p><blockquote><p>&laquo;&nbsp;Je suis int&eacute;ress&eacute;&nbsp;&raquo;, a d&eacute;clar&eacute; James. &laquo;&nbsp;Nous verrons ce qui se passera. Mais pour ce qui est de l&rsquo;impact physique, je ne sais pas, nous verrons comment je me sentirai &agrave; la fin de la saison. Mais d&rsquo;apr&egrave;s les joueurs que nous avons ici et qui pourraient remplir cet effectif, je ne pense pas que ce soit trop p&eacute;nible physiquement. Je n&rsquo;aurais pas grand-chose &agrave; faire. Je veux dire, rebondir un peu, passer un peu, d&eacute;fendre, bloquer quelques tirs, vous savez. Mais nous verrons bien. Nous verrons ce qui se passera.&nbsp;&raquo;<\/p><\/blockquote><p>L&rsquo;histoire des blessures de LeBron James jette une ombre sur son illustre carri&egrave;re. La derni&egrave;re saison a &eacute;t&eacute; particuli&egrave;rement difficile, marqu&eacute;e par une blessure importante qui l&rsquo;a vu se d&eacute;chirer un tendon du pied. Ce contretemps met en lumi&egrave;re les 111 matchs qu&rsquo;il a manqu&eacute;s pour cause de blessure au cours de ses cinq saisons avec les Lakers.<\/p><p>Mais LeBron reste optimiste, ses r&eacute;cents commentaires sugg&eacute;rant une trajectoire de r&eacute;tablissement positive.<\/p><p>&nbsp;<\/p><p>Credit: Gary A. Vasquez-USA TODAY Sports<\/p>\n","protected":false},"excerpt":{"rendered":"","protected":false},"author":13,"featured_media":952923,"comment_status":"open","ping_status":"closed","sticky":false,"template":"","format":"standard","meta":{"inline_featured_image":false,"kia_subtitle":"","_mux_skip_reasons":[],"proofreadBy":0,"footnotes":""},"categories":[110,10],"tags":[116,117],"sport":[],"saison":[],"class_list":["post-952906","post","type-post","status-publish","format-standard","has-post-thumbnail","hentry","category-actualite-nba","category-nba","tag-lebron-james","tag-los-angeles-lakers"],"acf":[],"yoast_head":"<!-- This site is optimized with the Yoast SEO plugin v24.2 - https:\/\/yoast.com\/wordpress\/plugins\/seo\/ -->\n<title>LeBron James : &quot;J&#039;en ai encore sous le capot&quot; - The Playoffs FR<\/title>\n<meta name=\"robots\" content=\"index, follow, max-snippet:-1, max-image-preview:large, max-video-preview:-1\" \/>\n<link rel=\"canonical\" href=\"https:\/\/theplayoffs.news\/fr\/actualite-nba\/lebron-james-jen-ai-encore-sous-le-capot\/\" \/>\n<meta property=\"og:locale\" content=\"fr_FR\" \/>\n<meta property=\"og:type\" content=\"article\" \/>\n<meta property=\"og:title\" content=\"LeBron James : &quot;J&#039;en ai encore sous le capot&quot; - The Playoffs FR\" \/>\n<meta property=\"og:url\" content=\"https:\/\/theplayoffs.news\/fr\/actualite-nba\/lebron-james-jen-ai-encore-sous-le-capot\/\" \/>\n<meta property=\"og:site_name\" content=\"The Playoffs FR\" \/>\n<meta property=\"article:publisher\" content=\"https:\/\/www.facebook.com\/TheFreeAgentFR\/\" \/>\n<meta property=\"article:modified_time\" content=\"2023-10-03T11:20:08+02:00\" \/>\n<meta property=\"og:image\" content=\"https:\/\/theplayoffs.news\/fr\/wp-content\/uploads\/2023\/10\/USATSI_21554553.jpg\" \/>\n\t<meta property=\"og:image:width\" content=\"1920\" \/>\n\t<meta property=\"og:image:height\" content=\"1280\" \/>\n\t<meta property=\"og:image:type\" content=\"image\/jpeg\" \/>\n<meta name=\"author\" content=\"Charles Taudin\" \/>\n<meta name=\"twitter:card\" content=\"summary_large_image\" \/>\n<meta name=\"twitter:creator\" content=\"@TheFreeAgentFR\" \/>\n<meta name=\"twitter:site\" content=\"@TheFreeAgentFR\" \/>\n<meta name=\"twitter:label1\" content=\"\u00c9crit par\" \/>\n\t<meta name=\"twitter:data1\" content=\"Charles Taudin\" \/>\n\t<meta name=\"twitter:label2\" content=\"Dur\u00e9e de lecture estim\u00e9e\" \/>\n\t<meta name=\"twitter:data2\" content=\"2 minutes\" \/>\n<script type=\"application\/ld+json\" class=\"yoast-schema-graph\">{\"@context\":\"https:\/\/schema.org\",\"@graph\":[{\"@type\":\"WebPage\",\"@id\":\"https:\/\/theplayoffs.news\/fr\/actualite-nba\/lebron-james-jen-ai-encore-sous-le-capot\/\",\"url\":\"https:\/\/theplayoffs.news\/fr\/actualite-nba\/lebron-james-jen-ai-encore-sous-le-capot\/\",\"name\":\"LeBron James : \\\\\\\"J\\\\'en ai encore sous le capot\\\\\\\" - The Playoffs FR\",\"isPartOf\":{\"@id\":\"https:\/\/theplayoffs.news\/fr\/#website\"},\"primaryImageOfPage\":{\"@id\":\"https:\/\/theplayoffs.news\/fr\/actualite-nba\/lebron-james-jen-ai-encore-sous-le-capot\/#primaryimage\"},\"image\":{\"@id\":\"https:\/\/theplayoffs.news\/fr\/actualite-nba\/lebron-james-jen-ai-encore-sous-le-capot\/#primaryimage\"},\"thumbnailUrl\":\"https:\/\/theplayoffs.news\/fr\/wp-content\/uploads\/2023\/10\/USATSI_21554553.jpg\",\"datePublished\":\"2023-10-03T09:18:03+00:00\",\"dateModified\":\"2023-10-03T09:20:08+00:00\",\"author\":{\"@id\":\"https:\/\/theplayoffs.news\/fr\/#\/schema\/person\/eee5b69ad5d3c51cabe881c839dbe133\"},\"breadcrumb\":{\"@id\":\"https:\/\/theplayoffs.news\/fr\/actualite-nba\/lebron-james-jen-ai-encore-sous-le-capot\/#breadcrumb\"},\"inLanguage\":\"fr-FR\",\"potentialAction\":[{\"@type\":\"ReadAction\",\"target\":[\"https:\/\/theplayoffs.news\/fr\/actualite-nba\/lebron-james-jen-ai-encore-sous-le-capot\/\"]}]},{\"@type\":\"ImageObject\",\"inLanguage\":\"fr-FR\",\"@id\":\"https:\/\/theplayoffs.news\/fr\/actualite-nba\/lebron-james-jen-ai-encore-sous-le-capot\/#primaryimage\",\"url\":\"https:\/\/theplayoffs.news\/fr\/wp-content\/uploads\/2023\/10\/USATSI_21554553.jpg\",\"contentUrl\":\"https:\/\/theplayoffs.news\/fr\/wp-content\/uploads\/2023\/10\/USATSI_21554553.jpg\",\"width\":1920,\"height\":1280,\"caption\":\"Oct 2, 2023; El Segundo, CA, USA; Los Angeles Lakers forward LeBron James (23) speaks during media day at UCLA Health Training Center. Mandatory Credit: Gary A. Vasquez-USA TODAY Sports\"},{\"@type\":\"BreadcrumbList\",\"@id\":\"https:\/\/theplayoffs.news\/fr\/actualite-nba\/lebron-james-jen-ai-encore-sous-le-capot\/#breadcrumb\",\"itemListElement\":[{\"@type\":\"ListItem\",\"position\":1,\"name\":\"Accueil\",\"item\":\"https:\/\/theplayoffs.news\/fr\/\"},{\"@type\":\"ListItem\",\"position\":2,\"name\":\"LeBron James : \u00ab\u00a0J&rsquo;en ai encore sous le capot\u00a0\u00bb\"}]},{\"@type\":\"WebSite\",\"@id\":\"https:\/\/theplayoffs.news\/fr\/#website\",\"url\":\"https:\/\/theplayoffs.news\/fr\/\",\"name\":\"The Playoffs FR\",\"description\":\"NBA-NFL-NHL-MLB\",\"potentialAction\":[{\"@type\":\"SearchAction\",\"target\":{\"@type\":\"EntryPoint\",\"urlTemplate\":\"https:\/\/theplayoffs.news\/fr\/?s={search_term_string}\"},\"query-input\":{\"@type\":\"PropertyValueSpecification\",\"valueRequired\":true,\"valueName\":\"search_term_string\"}}],\"inLanguage\":\"fr-FR\"},{\"@type\":\"Person\",\"@id\":\"https:\/\/theplayoffs.news\/fr\/#\/schema\/person\/eee5b69ad5d3c51cabe881c839dbe133\",\"name\":\"Charles Taudin\",\"image\":{\"@type\":\"ImageObject\",\"inLanguage\":\"fr-FR\",\"@id\":\"https:\/\/theplayoffs.news\/fr\/#\/schema\/person\/image\/\",\"url\":\"https:\/\/secure.gravatar.com\/avatar\/59a1e772205ce9fd255edfcafc93013736822e20261f294c5753b20c41ede9f2?s=96&d=mm&r=g\",\"contentUrl\":\"https:\/\/secure.gravatar.com\/avatar\/59a1e772205ce9fd255edfcafc93013736822e20261f294c5753b20c41ede9f2?s=96&d=mm&r=g\",\"caption\":\"Charles Taudin\"},\"description\":\"R\u00e9dacteur en chef global de The Playoffs, j\u2019ai cr\u00e9\u00e9 The Free Agent, devenu The Playoffs FR, en 2020 durant la pand\u00e9mie. Amoureux depuis des ann\u00e9es des 4 sports majeurs am\u00e9ricains, j\u2019organise maintenant la strat\u00e9gie \u00e9ditoriale et les r\u00e9seaux sociaux de l\u2019ensemble des versions de The Playoffs. Il m\u2019arrive encore d\u2019\u00e9crire sur certains sports que j\u2019affectionne particuli\u00e8rement comme la NFL ou la MLB. Si vous devez retenir qu\u2019une chose : Eli Manning est le vrai GOAT pour avoir battu deux fois Tom Brady.\",\"sameAs\":[\"https:\/\/www.instagram.com\/ctaudin_\/\"],\"url\":\"https:\/\/theplayoffs.news\/fr\/author\/charles-taudin\/\"}]}<\/script>\n<!-- \/ Yoast SEO plugin. -->","yoast_head_json":{"title":"LeBron James : &quot;J&#039;en ai encore sous le capot&quot; - The Playoffs FR","robots":{"index":"index","follow":"follow","max-snippet":"max-snippet:-1","max-image-preview":"max-image-preview:large","max-video-preview":"max-video-preview:-1"},"canonical":"https:\/\/theplayoffs.news\/fr\/actualite-nba\/lebron-james-jen-ai-encore-sous-le-capot\/","og_locale":"fr_FR","og_type":"article","og_title":"LeBron James : &quot;J&#039;en ai encore sous le capot&quot; - The Playoffs FR","og_url":"https:\/\/theplayoffs.news\/fr\/actualite-nba\/lebron-james-jen-ai-encore-sous-le-capot\/","og_site_name":"The Playoffs FR","article_publisher":"https:\/\/www.facebook.com\/TheFreeAgentFR\/","article_modified_time":"2023-10-03T09:20:08+00:00","og_image":[{"width":1920,"height":1280,"url":"https:\/\/theplayoffs.news\/fr\/wp-content\/uploads\/2023\/10\/USATSI_21554553.jpg","type":"image\/jpeg"}],"author":"Charles Taudin","twitter_card":"summary_large_image","twitter_creator":"@TheFreeAgentFR","twitter_site":"@TheFreeAgentFR","twitter_misc":{"\u00c9crit par":"Charles Taudin","Dur\u00e9e de lecture estim\u00e9e":"2 minutes"},"schema":{"@context":"https:\/\/schema.org","@graph":[{"@type":"WebPage","@id":"https:\/\/theplayoffs.news\/fr\/actualite-nba\/lebron-james-jen-ai-encore-sous-le-capot\/","url":"https:\/\/theplayoffs.news\/fr\/actualite-nba\/lebron-james-jen-ai-encore-sous-le-capot\/","name":"LeBron James : \\\"J\\'en ai encore sous le capot\\\" - The Playoffs FR","isPartOf":{"@id":"https:\/\/theplayoffs.news\/fr\/#website"},"primaryImageOfPage":{"@id":"https:\/\/theplayoffs.news\/fr\/actualite-nba\/lebron-james-jen-ai-encore-sous-le-capot\/#primaryimage"},"image":{"@id":"https:\/\/theplayoffs.news\/fr\/actualite-nba\/lebron-james-jen-ai-encore-sous-le-capot\/#primaryimage"},"thumbnailUrl":"https:\/\/theplayoffs.news\/fr\/wp-content\/uploads\/2023\/10\/USATSI_21554553.jpg","datePublished":"2023-10-03T09:18:03+00:00","dateModified":"2023-10-03T09:20:08+00:00","author":{"@id":"https:\/\/theplayoffs.news\/fr\/#\/schema\/person\/eee5b69ad5d3c51cabe881c839dbe133"},"breadcrumb":{"@id":"https:\/\/theplayoffs.news\/fr\/actualite-nba\/lebron-james-jen-ai-encore-sous-le-capot\/#breadcrumb"},"inLanguage":"fr-FR","potentialAction":[{"@type":"ReadAction","target":["https:\/\/theplayoffs.news\/fr\/actualite-nba\/lebron-james-jen-ai-encore-sous-le-capot\/"]}]},{"@type":"ImageObject","inLanguage":"fr-FR","@id":"https:\/\/theplayoffs.news\/fr\/actualite-nba\/lebron-james-jen-ai-encore-sous-le-capot\/#primaryimage","url":"https:\/\/theplayoffs.news\/fr\/wp-content\/uploads\/2023\/10\/USATSI_21554553.jpg","contentUrl":"https:\/\/theplayoffs.news\/fr\/wp-content\/uploads\/2023\/10\/USATSI_21554553.jpg","width":1920,"height":1280,"caption":"Oct 2, 2023; El Segundo, CA, USA; Los Angeles Lakers forward LeBron James (23) speaks during media day at UCLA Health Training Center. Mandatory Credit: Gary A. Vasquez-USA TODAY Sports"},{"@type":"BreadcrumbList","@id":"https:\/\/theplayoffs.news\/fr\/actualite-nba\/lebron-james-jen-ai-encore-sous-le-capot\/#breadcrumb","itemListElement":[{"@type":"ListItem","position":1,"name":"Accueil","item":"https:\/\/theplayoffs.news\/fr\/"},{"@type":"ListItem","position":2,"name":"LeBron James : \u00ab\u00a0J&rsquo;en ai encore sous le capot\u00a0\u00bb"}]},{"@type":"WebSite","@id":"https:\/\/theplayoffs.news\/fr\/#website","url":"https:\/\/theplayoffs.news\/fr\/","name":"The Playoffs FR","description":"NBA-NFL-NHL-MLB","potentialAction":[{"@type":"SearchAction","target":{"@type":"EntryPoint","urlTemplate":"https:\/\/theplayoffs.news\/fr\/?s={search_term_string}"},"query-input":{"@type":"PropertyValueSpecification","valueRequired":true,"valueName":"search_term_string"}}],"inLanguage":"fr-FR"},{"@type":"Person","@id":"https:\/\/theplayoffs.news\/fr\/#\/schema\/person\/eee5b69ad5d3c51cabe881c839dbe133","name":"Charles Taudin","image":{"@type":"ImageObject","inLanguage":"fr-FR","@id":"https:\/\/theplayoffs.news\/fr\/#\/schema\/person\/image\/","url":"https:\/\/secure.gravatar.com\/avatar\/59a1e772205ce9fd255edfcafc93013736822e20261f294c5753b20c41ede9f2?s=96&d=mm&r=g","contentUrl":"https:\/\/secure.gravatar.com\/avatar\/59a1e772205ce9fd255edfcafc93013736822e20261f294c5753b20c41ede9f2?s=96&d=mm&r=g","caption":"Charles Taudin"},"description":"R\u00e9dacteur en chef global de The Playoffs, j\u2019ai cr\u00e9\u00e9 The Free Agent, devenu The Playoffs FR, en 2020 durant la pand\u00e9mie. Amoureux depuis des ann\u00e9es des 4 sports majeurs am\u00e9ricains, j\u2019organise maintenant la strat\u00e9gie \u00e9ditoriale et les r\u00e9seaux sociaux de l\u2019ensemble des versions de The Playoffs. Il m\u2019arrive encore d\u2019\u00e9crire sur certains sports que j\u2019affectionne particuli\u00e8rement comme la NFL ou la MLB. Si vous devez retenir qu\u2019une chose : Eli Manning est le vrai GOAT pour avoir battu deux fois Tom Brady.","sameAs":["https:\/\/www.instagram.com\/ctaudin_\/"],"url":"https:\/\/theplayoffs.news\/fr\/author\/charles-taudin\/"}]}},"_links":{"self":[{"href":"https:\/\/theplayoffs.news\/fr\/wp-json\/wp\/v2\/posts\/952906","targetHints":{"allow":["GET"]}}],"collection":[{"href":"https:\/\/theplayoffs.news\/fr\/wp-json\/wp\/v2\/posts"}],"about":[{"href":"https:\/\/theplayoffs.news\/fr\/wp-json\/wp\/v2\/types\/post"}],"author":[{"embeddable":true,"href":"https:\/\/theplayoffs.news\/fr\/wp-json\/wp\/v2\/users\/13"}],"replies":[{"embeddable":true,"href":"https:\/\/theplayoffs.news\/fr\/wp-json\/wp\/v2\/comments?post=952906"}],"version-history":[{"count":3,"href":"https:\/\/theplayoffs.news\/fr\/wp-json\/wp\/v2\/posts\/952906\/revisions"}],"predecessor-version":[{"id":952947,"href":"https:\/\/theplayoffs.news\/fr\/wp-json\/wp\/v2\/posts\/952906\/revisions\/952947"}],"wp:featuredmedia":[{"embeddable":true,"href":"https:\/\/theplayoffs.news\/fr\/wp-json\/wp\/v2\/media\/952923"}],"wp:attachment":[{"href":"https:\/\/theplayoffs.news\/fr\/wp-json\/wp\/v2\/media?parent=952906"}],"wp:term":[{"taxonomy":"category","embeddable":true,"href":"https:\/\/theplayoffs.news\/fr\/wp-json\/wp\/v2\/categories?post=952906"},{"taxonomy":"post_tag","embeddable":true,"href":"https:\/\/theplayoffs.news\/fr\/wp-json\/wp\/v2\/tags?post=952906"},{"taxonomy":"sport","embeddable":true,"href":"https:\/\/theplayoffs.news\/fr\/wp-json\/wp\/v2\/sport?post=952906"},{"taxonomy":"saison","embeddable":true,"href":"https:\/\/theplayoffs.news\/fr\/wp-json\/wp\/v2\/saison?post=952906"}],"curies":[{"name":"wp","href":"https:\/\/api.w.org\/{rel}","templated":true}]}}