{"id":952849,"date":"2023-10-03T10:56:28","date_gmt":"2023-10-03T08:56:28","guid":{"rendered":"https:\/\/theplayoffs.news\/fr\/?p=952849"},"modified":"2023-10-03T10:56:29","modified_gmt":"2023-10-03T08:56:29","slug":"brandon-woodruff-forfait-wild-card","status":"publish","type":"post","link":"https:\/\/theplayoffs.news\/fr\/actualite-mlb\/brandon-woodruff-forfait-wild-card\/","title":{"rendered":"Brandon Woodruff forfait pour la Wild Card et peut-\u00eatre plus&#8230;"},"content":{"rendered":"<h2>Alors que la ville se pr&eacute;pare &agrave; une post-saison que l&rsquo;on esp&egrave;re prometteuse, les Brewers doivent maintenant compenser la perte d&rsquo;un joueur cl&eacute;, Brandon Woodruff.<\/h2><p>La r&eacute;v&eacute;lation par Woodruff de sa blessure &agrave; l&rsquo;&eacute;paule droite n&rsquo;aurait pu survenir &agrave; un moment plus critique. Le poids des &eacute;motions &eacute;tait &eacute;vident alors qu&rsquo;il luttait pour retenir ses larmes, renfor&ccedil;ant la gravit&eacute; de la situation non seulement pour lui en tant que joueur, mais pour l&rsquo;ensemble de l&rsquo;organisation des Brewers.<\/p><p>Son absence potentielle lors de la National League Wild Card Series est un &eacute;norme revers, &eacute;tant donn&eacute; qu&rsquo;il aurait probablement suivi l&rsquo;as Corbin Burnes contre les D-backs. La blessure inattendue de <a href=\"https:\/\/theplayoffs.news\/fr\/joueur\/brandon-woodruff-mlb-75030\/\" class=\"trk-cta-link\" data-cta-trk='{\"ctaType\":\"Link\",\"ctaSubType\":\"main\"}'><strong>Brandon Woodruff<\/strong><\/a>, que le manager Craig Counsell a d&eacute;crite comme une blessure capsulaire, a jet&eacute; une ombre sur les ambitions des Brewers pour les s&eacute;ries &eacute;liminatoires.<\/p><blockquote><p>&laquo;&nbsp;C&rsquo;est arriv&eacute; au mauvais moment&nbsp;&raquo;, a d&eacute;clar&eacute; un Woodruff visiblement &eacute;mu, soulignant le choc que ce d&eacute;veloppement a caus&eacute; &agrave; l&rsquo;&eacute;quipe.<\/p><\/blockquote><p>L&rsquo;importance de cette d&eacute;faite est amplifi&eacute;e par le retour impressionnant de Brandon Woodruff apr&egrave;s une blessure similaire plus t&ocirc;t dans l&rsquo;ann&eacute;e. Son bilan de 4-1 avec une ERA de 2,13 en huit d&eacute;parts, apr&egrave;s son retour, a d&eacute;montr&eacute; sa forme impeccable. Maintenant, avec des soucis qui ont refait surface lors d&rsquo;un r&eacute;cent match &agrave; Miami, les Brewers doivent revoir leurs plans d&rsquo;apr&egrave;s-saison.<\/p><h3>La strat&eacute;gie et la profondeur des Brewers<\/h3><p>Tout espoir n&rsquo;est pas perdu. Les Brewers sont connus pour leur capacit&eacute; d&rsquo;adaptation et leur r&eacute;silience. Comme le souligne Christian Yelich, le joueur de champ gauche des Brewers, ils ont d&eacute;j&agrave; travers&eacute; de telles temp&ecirc;tes.<\/p><blockquote><p>&laquo;&nbsp;Il y a eu des p&eacute;riodes o&ugrave; nous n&rsquo;avions pas Woody pendant une longue partie de la saison&hellip; nous avons beaucoup d&rsquo;autres gars talentueux dans le clubhouse&nbsp;&raquo;, <a href=\"https:\/\/www.mlb.com\/news\/brandon-woodruff-to-miss-wild-card-series-with-shoulder-injury\" class=\"trk-cta-link\" data-cta-trk='{\"ctaType\":\"Link\",\"ctaSubType\":\"main\"}'>a not&eacute; Yelich avec optimisme.<\/a><\/p><\/blockquote><p>Avec l&rsquo;incertitude li&eacute;e &agrave; Brandon Woodruff, la strat&eacute;gie de Milwaukee en mati&egrave;re de lanceurs, qui s&rsquo;articulait auparavant autour du &laquo;&nbsp;Big Three&nbsp;&raquo; compos&eacute; de Burnes, Woodruff et Freddy Peralta, a d&eacute;sormais besoin d&rsquo;&ecirc;tre recalibr&eacute;e. La profondeur de l&rsquo;&eacute;quipe de lanceurs des Brewers apporte toutefois un peu de r&eacute;confort. Le v&eacute;t&eacute;ran gaucher Wade Miley et d&rsquo;autres options comme Adrian Houser et Colin Rea peuvent &ecirc;tre utilis&eacute;s pour assumer la responsabilit&eacute;.<\/p><p>Le manager des D-backs, Torey Lovullo, a soulign&eacute; l&rsquo;importance de ne pas sous-estimer les Brewers, m&ecirc;me en l&rsquo;absence de Woodruff, en d&eacute;clarant :<\/p><blockquote><p>&laquo;&nbsp;Ils ont des rempla&ccedil;ants tr&egrave;s comp&eacute;tents et ils sont bien g&eacute;r&eacute;s.&nbsp;&raquo;<\/p><\/blockquote><p>Credit: Rich Storry-USA TODAY Sports<\/p>\n","protected":false},"excerpt":{"rendered":"","protected":false},"author":13,"featured_media":952872,"comment_status":"open","ping_status":"closed","sticky":false,"template":"","format":"standard","meta":{"inline_featured_image":false,"kia_subtitle":"","_mux_skip_reasons":[],"proofreadBy":0,"footnotes":""},"categories":[188,9],"tags":[4671,454],"sport":[],"saison":[],"class_list":["post-952849","post","type-post","status-publish","format-standard","has-post-thumbnail","hentry","category-actualite-mlb","category-mlb","tag-brandon-woodruff","tag-milwaukee-brewers"],"acf":[],"yoast_head":"<!-- This site is optimized with the Yoast SEO plugin v24.2 - https:\/\/yoast.com\/wordpress\/plugins\/seo\/ -->\n<title>Brandon Woodruff forfait pour la Wild Card et peut-&ecirc;tre plus... - The Playoffs FR<\/title>\n<meta name=\"robots\" content=\"index, follow, max-snippet:-1, max-image-preview:large, max-video-preview:-1\" \/>\n<link rel=\"canonical\" href=\"https:\/\/theplayoffs.news\/fr\/actualite-mlb\/brandon-woodruff-forfait-wild-card\/\" \/>\n<meta property=\"og:locale\" content=\"fr_FR\" \/>\n<meta property=\"og:type\" content=\"article\" \/>\n<meta property=\"og:title\" content=\"Brandon Woodruff forfait pour la Wild Card et peut-&ecirc;tre plus... - The Playoffs FR\" \/>\n<meta property=\"og:url\" content=\"https:\/\/theplayoffs.news\/fr\/actualite-mlb\/brandon-woodruff-forfait-wild-card\/\" \/>\n<meta property=\"og:site_name\" content=\"The Playoffs FR\" \/>\n<meta property=\"article:publisher\" content=\"https:\/\/www.facebook.com\/TheFreeAgentFR\/\" \/>\n<meta property=\"article:modified_time\" content=\"2023-10-03T10:56:29+02:00\" \/>\n<meta property=\"og:image\" content=\"https:\/\/theplayoffs.news\/fr\/wp-content\/uploads\/2023\/10\/USATSI_21487959.jpg\" \/>\n\t<meta property=\"og:image:width\" content=\"1920\" \/>\n\t<meta property=\"og:image:height\" content=\"1280\" \/>\n\t<meta property=\"og:image:type\" content=\"image\/jpeg\" \/>\n<meta name=\"author\" content=\"Charles Taudin\" \/>\n<meta name=\"twitter:card\" content=\"summary_large_image\" \/>\n<meta name=\"twitter:creator\" content=\"@TheFreeAgentFR\" \/>\n<meta name=\"twitter:site\" content=\"@TheFreeAgentFR\" \/>\n<meta name=\"twitter:label1\" content=\"\u00c9crit par\" \/>\n\t<meta name=\"twitter:data1\" content=\"Charles Taudin\" \/>\n\t<meta name=\"twitter:label2\" content=\"Dur\u00e9e de lecture estim\u00e9e\" \/>\n\t<meta name=\"twitter:data2\" content=\"2 minutes\" \/>\n<script type=\"application\/ld+json\" class=\"yoast-schema-graph\">{\"@context\":\"https:\/\/schema.org\",\"@graph\":[{\"@type\":\"WebPage\",\"@id\":\"https:\/\/theplayoffs.news\/fr\/actualite-mlb\/brandon-woodruff-forfait-wild-card\/\",\"url\":\"https:\/\/theplayoffs.news\/fr\/actualite-mlb\/brandon-woodruff-forfait-wild-card\/\",\"name\":\"Brandon Woodruff forfait pour la Wild Card et peut-\u00eatre plus... - The Playoffs FR\",\"isPartOf\":{\"@id\":\"https:\/\/theplayoffs.news\/fr\/#website\"},\"primaryImageOfPage\":{\"@id\":\"https:\/\/theplayoffs.news\/fr\/actualite-mlb\/brandon-woodruff-forfait-wild-card\/#primaryimage\"},\"image\":{\"@id\":\"https:\/\/theplayoffs.news\/fr\/actualite-mlb\/brandon-woodruff-forfait-wild-card\/#primaryimage\"},\"thumbnailUrl\":\"https:\/\/theplayoffs.news\/fr\/wp-content\/uploads\/2023\/10\/USATSI_21487959.jpg\",\"datePublished\":\"2023-10-03T08:56:28+00:00\",\"dateModified\":\"2023-10-03T08:56:29+00:00\",\"author\":{\"@id\":\"https:\/\/theplayoffs.news\/fr\/#\/schema\/person\/eee5b69ad5d3c51cabe881c839dbe133\"},\"breadcrumb\":{\"@id\":\"https:\/\/theplayoffs.news\/fr\/actualite-mlb\/brandon-woodruff-forfait-wild-card\/#breadcrumb\"},\"inLanguage\":\"fr-FR\",\"potentialAction\":[{\"@type\":\"ReadAction\",\"target\":[\"https:\/\/theplayoffs.news\/fr\/actualite-mlb\/brandon-woodruff-forfait-wild-card\/\"]}]},{\"@type\":\"ImageObject\",\"inLanguage\":\"fr-FR\",\"@id\":\"https:\/\/theplayoffs.news\/fr\/actualite-mlb\/brandon-woodruff-forfait-wild-card\/#primaryimage\",\"url\":\"https:\/\/theplayoffs.news\/fr\/wp-content\/uploads\/2023\/10\/USATSI_21487959.jpg\",\"contentUrl\":\"https:\/\/theplayoffs.news\/fr\/wp-content\/uploads\/2023\/10\/USATSI_21487959.jpg\",\"width\":1920,\"height\":1280,\"caption\":\"Sep 23, 2023; Miami, Florida, USA; Milwaukee Brewers starting pitcher Brandon Woodruff (53) throws a pitch against the Miami Marlins during the first inning at loanDepot Park. Mandatory Credit: Rich Storry-USA TODAY Sports\"},{\"@type\":\"BreadcrumbList\",\"@id\":\"https:\/\/theplayoffs.news\/fr\/actualite-mlb\/brandon-woodruff-forfait-wild-card\/#breadcrumb\",\"itemListElement\":[{\"@type\":\"ListItem\",\"position\":1,\"name\":\"Accueil\",\"item\":\"https:\/\/theplayoffs.news\/fr\/\"},{\"@type\":\"ListItem\",\"position\":2,\"name\":\"Brandon Woodruff forfait pour la Wild Card et peut-\u00eatre plus&#8230;\"}]},{\"@type\":\"WebSite\",\"@id\":\"https:\/\/theplayoffs.news\/fr\/#website\",\"url\":\"https:\/\/theplayoffs.news\/fr\/\",\"name\":\"The Playoffs FR\",\"description\":\"NBA-NFL-NHL-MLB\",\"potentialAction\":[{\"@type\":\"SearchAction\",\"target\":{\"@type\":\"EntryPoint\",\"urlTemplate\":\"https:\/\/theplayoffs.news\/fr\/?s={search_term_string}\"},\"query-input\":{\"@type\":\"PropertyValueSpecification\",\"valueRequired\":true,\"valueName\":\"search_term_string\"}}],\"inLanguage\":\"fr-FR\"},{\"@type\":\"Person\",\"@id\":\"https:\/\/theplayoffs.news\/fr\/#\/schema\/person\/eee5b69ad5d3c51cabe881c839dbe133\",\"name\":\"Charles Taudin\",\"image\":{\"@type\":\"ImageObject\",\"inLanguage\":\"fr-FR\",\"@id\":\"https:\/\/theplayoffs.news\/fr\/#\/schema\/person\/image\/\",\"url\":\"https:\/\/secure.gravatar.com\/avatar\/59a1e772205ce9fd255edfcafc93013736822e20261f294c5753b20c41ede9f2?s=96&d=mm&r=g\",\"contentUrl\":\"https:\/\/secure.gravatar.com\/avatar\/59a1e772205ce9fd255edfcafc93013736822e20261f294c5753b20c41ede9f2?s=96&d=mm&r=g\",\"caption\":\"Charles Taudin\"},\"description\":\"R\u00e9dacteur en chef global de The Playoffs, j\u2019ai cr\u00e9\u00e9 The Free Agent, devenu The Playoffs FR, en 2020 durant la pand\u00e9mie. Amoureux depuis des ann\u00e9es des 4 sports majeurs am\u00e9ricains, j\u2019organise maintenant la strat\u00e9gie \u00e9ditoriale et les r\u00e9seaux sociaux de l\u2019ensemble des versions de The Playoffs. Il m\u2019arrive encore d\u2019\u00e9crire sur certains sports que j\u2019affectionne particuli\u00e8rement comme la NFL ou la MLB. Si vous devez retenir qu\u2019une chose : Eli Manning est le vrai GOAT pour avoir battu deux fois Tom Brady.\",\"sameAs\":[\"https:\/\/www.instagram.com\/ctaudin_\/\"],\"url\":\"https:\/\/theplayoffs.news\/fr\/author\/charles-taudin\/\"}]}<\/script>\n<!-- \/ Yoast SEO plugin. -->","yoast_head_json":{"title":"Brandon Woodruff forfait pour la Wild Card et peut-&ecirc;tre plus... - The Playoffs FR","robots":{"index":"index","follow":"follow","max-snippet":"max-snippet:-1","max-image-preview":"max-image-preview:large","max-video-preview":"max-video-preview:-1"},"canonical":"https:\/\/theplayoffs.news\/fr\/actualite-mlb\/brandon-woodruff-forfait-wild-card\/","og_locale":"fr_FR","og_type":"article","og_title":"Brandon Woodruff forfait pour la Wild Card et peut-&ecirc;tre plus... - The Playoffs FR","og_url":"https:\/\/theplayoffs.news\/fr\/actualite-mlb\/brandon-woodruff-forfait-wild-card\/","og_site_name":"The Playoffs FR","article_publisher":"https:\/\/www.facebook.com\/TheFreeAgentFR\/","article_modified_time":"2023-10-03T08:56:29+00:00","og_image":[{"width":1920,"height":1280,"url":"https:\/\/theplayoffs.news\/fr\/wp-content\/uploads\/2023\/10\/USATSI_21487959.jpg","type":"image\/jpeg"}],"author":"Charles Taudin","twitter_card":"summary_large_image","twitter_creator":"@TheFreeAgentFR","twitter_site":"@TheFreeAgentFR","twitter_misc":{"\u00c9crit par":"Charles Taudin","Dur\u00e9e de lecture estim\u00e9e":"2 minutes"},"schema":{"@context":"https:\/\/schema.org","@graph":[{"@type":"WebPage","@id":"https:\/\/theplayoffs.news\/fr\/actualite-mlb\/brandon-woodruff-forfait-wild-card\/","url":"https:\/\/theplayoffs.news\/fr\/actualite-mlb\/brandon-woodruff-forfait-wild-card\/","name":"Brandon Woodruff forfait pour la Wild Card et peut-\u00eatre plus... - The Playoffs FR","isPartOf":{"@id":"https:\/\/theplayoffs.news\/fr\/#website"},"primaryImageOfPage":{"@id":"https:\/\/theplayoffs.news\/fr\/actualite-mlb\/brandon-woodruff-forfait-wild-card\/#primaryimage"},"image":{"@id":"https:\/\/theplayoffs.news\/fr\/actualite-mlb\/brandon-woodruff-forfait-wild-card\/#primaryimage"},"thumbnailUrl":"https:\/\/theplayoffs.news\/fr\/wp-content\/uploads\/2023\/10\/USATSI_21487959.jpg","datePublished":"2023-10-03T08:56:28+00:00","dateModified":"2023-10-03T08:56:29+00:00","author":{"@id":"https:\/\/theplayoffs.news\/fr\/#\/schema\/person\/eee5b69ad5d3c51cabe881c839dbe133"},"breadcrumb":{"@id":"https:\/\/theplayoffs.news\/fr\/actualite-mlb\/brandon-woodruff-forfait-wild-card\/#breadcrumb"},"inLanguage":"fr-FR","potentialAction":[{"@type":"ReadAction","target":["https:\/\/theplayoffs.news\/fr\/actualite-mlb\/brandon-woodruff-forfait-wild-card\/"]}]},{"@type":"ImageObject","inLanguage":"fr-FR","@id":"https:\/\/theplayoffs.news\/fr\/actualite-mlb\/brandon-woodruff-forfait-wild-card\/#primaryimage","url":"https:\/\/theplayoffs.news\/fr\/wp-content\/uploads\/2023\/10\/USATSI_21487959.jpg","contentUrl":"https:\/\/theplayoffs.news\/fr\/wp-content\/uploads\/2023\/10\/USATSI_21487959.jpg","width":1920,"height":1280,"caption":"Sep 23, 2023; Miami, Florida, USA; Milwaukee Brewers starting pitcher Brandon Woodruff (53) throws a pitch against the Miami Marlins during the first inning at loanDepot Park. Mandatory Credit: Rich Storry-USA TODAY Sports"},{"@type":"BreadcrumbList","@id":"https:\/\/theplayoffs.news\/fr\/actualite-mlb\/brandon-woodruff-forfait-wild-card\/#breadcrumb","itemListElement":[{"@type":"ListItem","position":1,"name":"Accueil","item":"https:\/\/theplayoffs.news\/fr\/"},{"@type":"ListItem","position":2,"name":"Brandon Woodruff forfait pour la Wild Card et peut-\u00eatre plus&#8230;"}]},{"@type":"WebSite","@id":"https:\/\/theplayoffs.news\/fr\/#website","url":"https:\/\/theplayoffs.news\/fr\/","name":"The Playoffs FR","description":"NBA-NFL-NHL-MLB","potentialAction":[{"@type":"SearchAction","target":{"@type":"EntryPoint","urlTemplate":"https:\/\/theplayoffs.news\/fr\/?s={search_term_string}"},"query-input":{"@type":"PropertyValueSpecification","valueRequired":true,"valueName":"search_term_string"}}],"inLanguage":"fr-FR"},{"@type":"Person","@id":"https:\/\/theplayoffs.news\/fr\/#\/schema\/person\/eee5b69ad5d3c51cabe881c839dbe133","name":"Charles Taudin","image":{"@type":"ImageObject","inLanguage":"fr-FR","@id":"https:\/\/theplayoffs.news\/fr\/#\/schema\/person\/image\/","url":"https:\/\/secure.gravatar.com\/avatar\/59a1e772205ce9fd255edfcafc93013736822e20261f294c5753b20c41ede9f2?s=96&d=mm&r=g","contentUrl":"https:\/\/secure.gravatar.com\/avatar\/59a1e772205ce9fd255edfcafc93013736822e20261f294c5753b20c41ede9f2?s=96&d=mm&r=g","caption":"Charles Taudin"},"description":"R\u00e9dacteur en chef global de The Playoffs, j\u2019ai cr\u00e9\u00e9 The Free Agent, devenu The Playoffs FR, en 2020 durant la pand\u00e9mie. Amoureux depuis des ann\u00e9es des 4 sports majeurs am\u00e9ricains, j\u2019organise maintenant la strat\u00e9gie \u00e9ditoriale et les r\u00e9seaux sociaux de l\u2019ensemble des versions de The Playoffs. Il m\u2019arrive encore d\u2019\u00e9crire sur certains sports que j\u2019affectionne particuli\u00e8rement comme la NFL ou la MLB. Si vous devez retenir qu\u2019une chose : Eli Manning est le vrai GOAT pour avoir battu deux fois Tom Brady.","sameAs":["https:\/\/www.instagram.com\/ctaudin_\/"],"url":"https:\/\/theplayoffs.news\/fr\/author\/charles-taudin\/"}]}},"_links":{"self":[{"href":"https:\/\/theplayoffs.news\/fr\/wp-json\/wp\/v2\/posts\/952849","targetHints":{"allow":["GET"]}}],"collection":[{"href":"https:\/\/theplayoffs.news\/fr\/wp-json\/wp\/v2\/posts"}],"about":[{"href":"https:\/\/theplayoffs.news\/fr\/wp-json\/wp\/v2\/types\/post"}],"author":[{"embeddable":true,"href":"https:\/\/theplayoffs.news\/fr\/wp-json\/wp\/v2\/users\/13"}],"replies":[{"embeddable":true,"href":"https:\/\/theplayoffs.news\/fr\/wp-json\/wp\/v2\/comments?post=952849"}],"version-history":[{"count":2,"href":"https:\/\/theplayoffs.news\/fr\/wp-json\/wp\/v2\/posts\/952849\/revisions"}],"predecessor-version":[{"id":952891,"href":"https:\/\/theplayoffs.news\/fr\/wp-json\/wp\/v2\/posts\/952849\/revisions\/952891"}],"wp:featuredmedia":[{"embeddable":true,"href":"https:\/\/theplayoffs.news\/fr\/wp-json\/wp\/v2\/media\/952872"}],"wp:attachment":[{"href":"https:\/\/theplayoffs.news\/fr\/wp-json\/wp\/v2\/media?parent=952849"}],"wp:term":[{"taxonomy":"category","embeddable":true,"href":"https:\/\/theplayoffs.news\/fr\/wp-json\/wp\/v2\/categories?post=952849"},{"taxonomy":"post_tag","embeddable":true,"href":"https:\/\/theplayoffs.news\/fr\/wp-json\/wp\/v2\/tags?post=952849"},{"taxonomy":"sport","embeddable":true,"href":"https:\/\/theplayoffs.news\/fr\/wp-json\/wp\/v2\/sport?post=952849"},{"taxonomy":"saison","embeddable":true,"href":"https:\/\/theplayoffs.news\/fr\/wp-json\/wp\/v2\/saison?post=952849"}],"curies":[{"name":"wp","href":"https:\/\/api.w.org\/{rel}","templated":true}]}}