{"id":952601,"date":"2023-10-03T09:54:30","date_gmt":"2023-10-03T07:54:30","guid":{"rendered":"https:\/\/theplayoffs.news\/fr\/?p=952601"},"modified":"2023-10-03T09:54:31","modified_gmt":"2023-10-03T07:54:31","slug":"brandon-sutter-met-un-terme-a-sa-carriere-apres-13-ans-dun-parcours-exceptionnel-dans-la-lnh","status":"publish","type":"post","link":"https:\/\/theplayoffs.news\/fr\/actualite-nhl\/brandon-sutter-met-un-terme-a-sa-carriere-apres-13-ans-dun-parcours-exceptionnel-dans-la-lnh\/","title":{"rendered":"Brandon Sutter met un terme \u00e0 sa carri\u00e8re apr\u00e8s 13 ans d&rsquo;un parcours exceptionnel dans la LNH"},"content":{"rendered":"<h2>Apr&egrave;s une carri&egrave;re remarquable de plus d&rsquo;une d&eacute;cennie dans la Ligue nationale de hockey (LNH), l&rsquo;attaquant v&eacute;t&eacute;ran Brandon Sutter a officiellement raccroch&eacute; ses patins.<\/h2><p>Sutter a foul&eacute; la glace pour la derni&egrave;re fois lors de la saison 2021 de la LNH. Sa d&eacute;cision fait suite &agrave; des probl&egrave;mes de sant&eacute; et &agrave; une profonde consid&eacute;ration pour sa famille.<\/p><h3>Une longue et belle carri&egrave;re<\/h3><p>Rep&ecirc;ch&eacute; au 11e rang par les Hurricanes de la Caroline en 2007, Sutter s&rsquo;est rapidement fait une place dans la ligue. Il a d&eacute;montr&eacute; non seulement ses prouesses offensives, mais aussi ses capacit&eacute;s d&eacute;fensives, ce qui lui a valu d&rsquo;&ecirc;tre &eacute;lu &agrave; deux reprises pour le troph&eacute;e Selke, preuve de sa polyvalence en tant qu&rsquo;attaquant.<\/p><p>Apr&egrave;s quatre saisons fructueuses avec les Hurricanes, Sutter a port&eacute; le maillot des Penguins de Pittsburgh (2012-2015) et des Canucks de Vancouver (2015-2021). Au cours de son illustre carri&egrave;re, l&rsquo;attaquant a particip&eacute; &agrave; 770 matchs et a r&eacute;colt&eacute; 289 points, dont 152 buts et 137 passes.<\/p><p>Les deux derni&egrave;res saisons ont &eacute;t&eacute; particuli&egrave;rement difficiles pour Sutter. Des complications li&eacute;es au COVID-19 l&rsquo;ont tenu &eacute;loign&eacute; de la glace, ce qui a constitu&eacute; un obstacle consid&eacute;rable dans sa carri&egrave;re d&eacute;j&agrave; remarquable. R&eacute;cemment, dans le but de raviver sa passion pour le sport, Sutter a rejoint les Oilers d&rsquo;Edmonton pour un essai professionnel. Cependant, reconnaissant les exigences de la ligue et l&rsquo;imp&eacute;ratif d&rsquo;&ecirc;tre en pleine sant&eacute;, Sutter a pris la difficile d&eacute;cision de prendre sa retraite.<\/p><p><a href=\"https:\/\/www.espn.com\/nhl\/story\/_\/id\/38551250\/veteran-forward-brandon-sutter-retires-13-seasons\" class=\"trk-cta-link\" data-cta-trk='{\"ctaType\":\"Link\",\"ctaSubType\":\"main\"}'>Dans l&rsquo;annonce qu&rsquo;il a faite dimanche<\/a>, Brandon Sutter a exprim&eacute; sa gratitude :<\/p><blockquote><p>&nbsp;&raquo; Je suis reconnaissant de l&rsquo;opportunit&eacute; que [le directeur g&eacute;n&eacute;ral] Ken [Holland], [l&rsquo;entra&icirc;neur] Jay [Woodcroft] et l&rsquo;organisation des Oilers m&rsquo;ont offerte au cours des derni&egrave;res semaines &laquo;&nbsp;.<\/p><\/blockquote><p>Soulignant l&rsquo;importance de la sant&eacute;, il a ajout&eacute; :<\/p><blockquote><p>&laquo;&nbsp;Il faut &ecirc;tre en bonne sant&eacute; &agrave; 100 % pour &ecirc;tre comp&eacute;titif dans la LNH, et bien que ma sant&eacute; continue de s&rsquo;am&eacute;liorer, je prends officiellement ma retraite du hockey, en pensant &agrave; ma sant&eacute; et &agrave; ma famille.&nbsp;&raquo;<\/p><\/blockquote><p>&nbsp;<\/p><p>Credit: Bob Frid-USA TODAY Sports<\/p>\n","protected":false},"excerpt":{"rendered":"","protected":false},"author":180309799,"featured_media":952614,"comment_status":"open","ping_status":"closed","sticky":false,"template":"","format":"standard","meta":{"inline_featured_image":false,"kia_subtitle":"","_mux_skip_reasons":[],"proofreadBy":0,"footnotes":""},"categories":[187,26],"tags":[6509,355],"sport":[],"saison":[],"class_list":["post-952601","post","type-post","status-publish","format-standard","has-post-thumbnail","hentry","category-actualite-nhl","category-nhl","tag-brandon-sutter","tag-vancouver-canucks"],"acf":[],"yoast_head":"<!-- This site is optimized with the Yoast SEO plugin v24.2 - https:\/\/yoast.com\/wordpress\/plugins\/seo\/ -->\n<title>Brandon Sutter met un terme &agrave; sa carri&egrave;re apr&egrave;s 13 ans d&#039;un parcours exceptionnel dans la LNH - The Playoffs FR<\/title>\n<meta name=\"robots\" content=\"index, follow, max-snippet:-1, max-image-preview:large, max-video-preview:-1\" \/>\n<link rel=\"canonical\" href=\"https:\/\/theplayoffs.news\/fr\/actualite-nhl\/brandon-sutter-met-un-terme-a-sa-carriere-apres-13-ans-dun-parcours-exceptionnel-dans-la-lnh\/\" \/>\n<meta property=\"og:locale\" content=\"fr_FR\" \/>\n<meta property=\"og:type\" content=\"article\" \/>\n<meta property=\"og:title\" content=\"Brandon Sutter met un terme &agrave; sa carri&egrave;re apr&egrave;s 13 ans d&#039;un parcours exceptionnel dans la LNH - The Playoffs FR\" \/>\n<meta property=\"og:url\" content=\"https:\/\/theplayoffs.news\/fr\/actualite-nhl\/brandon-sutter-met-un-terme-a-sa-carriere-apres-13-ans-dun-parcours-exceptionnel-dans-la-lnh\/\" \/>\n<meta property=\"og:site_name\" content=\"The Playoffs FR\" \/>\n<meta property=\"article:publisher\" content=\"https:\/\/www.facebook.com\/TheFreeAgentFR\/\" \/>\n<meta property=\"article:modified_time\" content=\"2023-10-03T09:54:31+02:00\" \/>\n<meta property=\"og:image\" content=\"https:\/\/theplayoffs.news\/fr\/wp-content\/uploads\/2023\/10\/USATSI_15939099.jpg\" \/>\n\t<meta property=\"og:image:width\" content=\"1920\" \/>\n\t<meta property=\"og:image:height\" content=\"1481\" \/>\n\t<meta property=\"og:image:type\" content=\"image\/jpeg\" \/>\n<meta name=\"author\" content=\"La r\u00e9daction\" \/>\n<meta name=\"twitter:card\" content=\"summary_large_image\" \/>\n<meta name=\"twitter:creator\" content=\"@TheFreeAgentFR\" \/>\n<meta name=\"twitter:site\" content=\"@TheFreeAgentFR\" \/>\n<meta name=\"twitter:label1\" content=\"\u00c9crit par\" \/>\n\t<meta name=\"twitter:data1\" content=\"La r\u00e9daction\" \/>\n\t<meta name=\"twitter:label2\" content=\"Dur\u00e9e de lecture estim\u00e9e\" \/>\n\t<meta name=\"twitter:data2\" content=\"2 minutes\" \/>\n<script type=\"application\/ld+json\" class=\"yoast-schema-graph\">{\"@context\":\"https:\/\/schema.org\",\"@graph\":[{\"@type\":\"WebPage\",\"@id\":\"https:\/\/theplayoffs.news\/fr\/actualite-nhl\/brandon-sutter-met-un-terme-a-sa-carriere-apres-13-ans-dun-parcours-exceptionnel-dans-la-lnh\/\",\"url\":\"https:\/\/theplayoffs.news\/fr\/actualite-nhl\/brandon-sutter-met-un-terme-a-sa-carriere-apres-13-ans-dun-parcours-exceptionnel-dans-la-lnh\/\",\"name\":\"Brandon Sutter met un terme \u00e0 sa carri\u00e8re apr\u00e8s 13 ans d\\\\'un parcours exceptionnel dans la LNH - The Playoffs FR\",\"isPartOf\":{\"@id\":\"https:\/\/theplayoffs.news\/fr\/#website\"},\"primaryImageOfPage\":{\"@id\":\"https:\/\/theplayoffs.news\/fr\/actualite-nhl\/brandon-sutter-met-un-terme-a-sa-carriere-apres-13-ans-dun-parcours-exceptionnel-dans-la-lnh\/#primaryimage\"},\"image\":{\"@id\":\"https:\/\/theplayoffs.news\/fr\/actualite-nhl\/brandon-sutter-met-un-terme-a-sa-carriere-apres-13-ans-dun-parcours-exceptionnel-dans-la-lnh\/#primaryimage\"},\"thumbnailUrl\":\"https:\/\/theplayoffs.news\/fr\/wp-content\/uploads\/2023\/10\/USATSI_15939099.jpg\",\"datePublished\":\"2023-10-03T07:54:30+00:00\",\"dateModified\":\"2023-10-03T07:54:31+00:00\",\"author\":{\"@id\":\"https:\/\/theplayoffs.news\/fr\/#\/schema\/person\/bb40426f4e478f9bd8cdbfeb4f2f9784\"},\"breadcrumb\":{\"@id\":\"https:\/\/theplayoffs.news\/fr\/actualite-nhl\/brandon-sutter-met-un-terme-a-sa-carriere-apres-13-ans-dun-parcours-exceptionnel-dans-la-lnh\/#breadcrumb\"},\"inLanguage\":\"fr-FR\",\"potentialAction\":[{\"@type\":\"ReadAction\",\"target\":[\"https:\/\/theplayoffs.news\/fr\/actualite-nhl\/brandon-sutter-met-un-terme-a-sa-carriere-apres-13-ans-dun-parcours-exceptionnel-dans-la-lnh\/\"]}]},{\"@type\":\"ImageObject\",\"inLanguage\":\"fr-FR\",\"@id\":\"https:\/\/theplayoffs.news\/fr\/actualite-nhl\/brandon-sutter-met-un-terme-a-sa-carriere-apres-13-ans-dun-parcours-exceptionnel-dans-la-lnh\/#primaryimage\",\"url\":\"https:\/\/theplayoffs.news\/fr\/wp-content\/uploads\/2023\/10\/USATSI_15939099.jpg\",\"contentUrl\":\"https:\/\/theplayoffs.news\/fr\/wp-content\/uploads\/2023\/10\/USATSI_15939099.jpg\",\"width\":1920,\"height\":1481,\"caption\":\"Apr 18, 2021; Vancouver, British Columbia, CAN; Vancouver Canucks forward Brandon Sutter (20) skates against the Toronto Maple Leafs at Rogers Arena. Canucks won 3- 2 in Overtime. Mandatory Credit: Bob Frid-USA TODAY Sports\"},{\"@type\":\"BreadcrumbList\",\"@id\":\"https:\/\/theplayoffs.news\/fr\/actualite-nhl\/brandon-sutter-met-un-terme-a-sa-carriere-apres-13-ans-dun-parcours-exceptionnel-dans-la-lnh\/#breadcrumb\",\"itemListElement\":[{\"@type\":\"ListItem\",\"position\":1,\"name\":\"Accueil\",\"item\":\"https:\/\/theplayoffs.news\/fr\/\"},{\"@type\":\"ListItem\",\"position\":2,\"name\":\"Brandon Sutter met un terme \u00e0 sa carri\u00e8re apr\u00e8s 13 ans d&rsquo;un parcours exceptionnel dans la LNH\"}]},{\"@type\":\"WebSite\",\"@id\":\"https:\/\/theplayoffs.news\/fr\/#website\",\"url\":\"https:\/\/theplayoffs.news\/fr\/\",\"name\":\"The Playoffs FR\",\"description\":\"NBA-NFL-NHL-MLB\",\"potentialAction\":[{\"@type\":\"SearchAction\",\"target\":{\"@type\":\"EntryPoint\",\"urlTemplate\":\"https:\/\/theplayoffs.news\/fr\/?s={search_term_string}\"},\"query-input\":{\"@type\":\"PropertyValueSpecification\",\"valueRequired\":true,\"valueName\":\"search_term_string\"}}],\"inLanguage\":\"fr-FR\"},{\"@type\":\"Person\",\"@id\":\"https:\/\/theplayoffs.news\/fr\/#\/schema\/person\/bb40426f4e478f9bd8cdbfeb4f2f9784\",\"name\":\"La r\u00e9daction\",\"image\":{\"@type\":\"ImageObject\",\"inLanguage\":\"fr-FR\",\"@id\":\"https:\/\/theplayoffs.news\/fr\/#\/schema\/person\/image\/\",\"url\":\"https:\/\/secure.gravatar.com\/avatar\/7e69b41460ab2c17d61c8c364b6a0ee006f957a70191383ef42be1f4733d6515?s=96&d=mm&r=g\",\"contentUrl\":\"https:\/\/secure.gravatar.com\/avatar\/7e69b41460ab2c17d61c8c364b6a0ee006f957a70191383ef42be1f4733d6515?s=96&d=mm&r=g\",\"caption\":\"La r\u00e9daction\"},\"description\":\"On dit qu\\\\'il faut un village pour s\\\\'occuper d\\\\'un enfant. Et bien c\\\\'est exactement ce dont il s\\\\'agit ici pour The Playoffs. La r\u00e9daction, ce sont vos r\u00e9dacteurs pr\u00e9f\u00e9r\u00e9s qui collaborent sur ces articles que vous lisez au quotidien.\u00a0\",\"url\":\"https:\/\/theplayoffs.news\/fr\/author\/freeagentfr\/\"}]}<\/script>\n<!-- \/ Yoast SEO plugin. -->","yoast_head_json":{"title":"Brandon Sutter met un terme &agrave; sa carri&egrave;re apr&egrave;s 13 ans d&#039;un parcours exceptionnel dans la LNH - The Playoffs FR","robots":{"index":"index","follow":"follow","max-snippet":"max-snippet:-1","max-image-preview":"max-image-preview:large","max-video-preview":"max-video-preview:-1"},"canonical":"https:\/\/theplayoffs.news\/fr\/actualite-nhl\/brandon-sutter-met-un-terme-a-sa-carriere-apres-13-ans-dun-parcours-exceptionnel-dans-la-lnh\/","og_locale":"fr_FR","og_type":"article","og_title":"Brandon Sutter met un terme &agrave; sa carri&egrave;re apr&egrave;s 13 ans d&#039;un parcours exceptionnel dans la LNH - The Playoffs FR","og_url":"https:\/\/theplayoffs.news\/fr\/actualite-nhl\/brandon-sutter-met-un-terme-a-sa-carriere-apres-13-ans-dun-parcours-exceptionnel-dans-la-lnh\/","og_site_name":"The Playoffs FR","article_publisher":"https:\/\/www.facebook.com\/TheFreeAgentFR\/","article_modified_time":"2023-10-03T07:54:31+00:00","og_image":[{"width":1920,"height":1481,"url":"https:\/\/theplayoffs.news\/fr\/wp-content\/uploads\/2023\/10\/USATSI_15939099.jpg","type":"image\/jpeg"}],"author":"La r\u00e9daction","twitter_card":"summary_large_image","twitter_creator":"@TheFreeAgentFR","twitter_site":"@TheFreeAgentFR","twitter_misc":{"\u00c9crit par":"La r\u00e9daction","Dur\u00e9e de lecture estim\u00e9e":"2 minutes"},"schema":{"@context":"https:\/\/schema.org","@graph":[{"@type":"WebPage","@id":"https:\/\/theplayoffs.news\/fr\/actualite-nhl\/brandon-sutter-met-un-terme-a-sa-carriere-apres-13-ans-dun-parcours-exceptionnel-dans-la-lnh\/","url":"https:\/\/theplayoffs.news\/fr\/actualite-nhl\/brandon-sutter-met-un-terme-a-sa-carriere-apres-13-ans-dun-parcours-exceptionnel-dans-la-lnh\/","name":"Brandon Sutter met un terme \u00e0 sa carri\u00e8re apr\u00e8s 13 ans d\\'un parcours exceptionnel dans la LNH - The Playoffs FR","isPartOf":{"@id":"https:\/\/theplayoffs.news\/fr\/#website"},"primaryImageOfPage":{"@id":"https:\/\/theplayoffs.news\/fr\/actualite-nhl\/brandon-sutter-met-un-terme-a-sa-carriere-apres-13-ans-dun-parcours-exceptionnel-dans-la-lnh\/#primaryimage"},"image":{"@id":"https:\/\/theplayoffs.news\/fr\/actualite-nhl\/brandon-sutter-met-un-terme-a-sa-carriere-apres-13-ans-dun-parcours-exceptionnel-dans-la-lnh\/#primaryimage"},"thumbnailUrl":"https:\/\/theplayoffs.news\/fr\/wp-content\/uploads\/2023\/10\/USATSI_15939099.jpg","datePublished":"2023-10-03T07:54:30+00:00","dateModified":"2023-10-03T07:54:31+00:00","author":{"@id":"https:\/\/theplayoffs.news\/fr\/#\/schema\/person\/bb40426f4e478f9bd8cdbfeb4f2f9784"},"breadcrumb":{"@id":"https:\/\/theplayoffs.news\/fr\/actualite-nhl\/brandon-sutter-met-un-terme-a-sa-carriere-apres-13-ans-dun-parcours-exceptionnel-dans-la-lnh\/#breadcrumb"},"inLanguage":"fr-FR","potentialAction":[{"@type":"ReadAction","target":["https:\/\/theplayoffs.news\/fr\/actualite-nhl\/brandon-sutter-met-un-terme-a-sa-carriere-apres-13-ans-dun-parcours-exceptionnel-dans-la-lnh\/"]}]},{"@type":"ImageObject","inLanguage":"fr-FR","@id":"https:\/\/theplayoffs.news\/fr\/actualite-nhl\/brandon-sutter-met-un-terme-a-sa-carriere-apres-13-ans-dun-parcours-exceptionnel-dans-la-lnh\/#primaryimage","url":"https:\/\/theplayoffs.news\/fr\/wp-content\/uploads\/2023\/10\/USATSI_15939099.jpg","contentUrl":"https:\/\/theplayoffs.news\/fr\/wp-content\/uploads\/2023\/10\/USATSI_15939099.jpg","width":1920,"height":1481,"caption":"Apr 18, 2021; Vancouver, British Columbia, CAN; Vancouver Canucks forward Brandon Sutter (20) skates against the Toronto Maple Leafs at Rogers Arena. Canucks won 3- 2 in Overtime. Mandatory Credit: Bob Frid-USA TODAY Sports"},{"@type":"BreadcrumbList","@id":"https:\/\/theplayoffs.news\/fr\/actualite-nhl\/brandon-sutter-met-un-terme-a-sa-carriere-apres-13-ans-dun-parcours-exceptionnel-dans-la-lnh\/#breadcrumb","itemListElement":[{"@type":"ListItem","position":1,"name":"Accueil","item":"https:\/\/theplayoffs.news\/fr\/"},{"@type":"ListItem","position":2,"name":"Brandon Sutter met un terme \u00e0 sa carri\u00e8re apr\u00e8s 13 ans d&rsquo;un parcours exceptionnel dans la LNH"}]},{"@type":"WebSite","@id":"https:\/\/theplayoffs.news\/fr\/#website","url":"https:\/\/theplayoffs.news\/fr\/","name":"The Playoffs FR","description":"NBA-NFL-NHL-MLB","potentialAction":[{"@type":"SearchAction","target":{"@type":"EntryPoint","urlTemplate":"https:\/\/theplayoffs.news\/fr\/?s={search_term_string}"},"query-input":{"@type":"PropertyValueSpecification","valueRequired":true,"valueName":"search_term_string"}}],"inLanguage":"fr-FR"},{"@type":"Person","@id":"https:\/\/theplayoffs.news\/fr\/#\/schema\/person\/bb40426f4e478f9bd8cdbfeb4f2f9784","name":"La r\u00e9daction","image":{"@type":"ImageObject","inLanguage":"fr-FR","@id":"https:\/\/theplayoffs.news\/fr\/#\/schema\/person\/image\/","url":"https:\/\/secure.gravatar.com\/avatar\/7e69b41460ab2c17d61c8c364b6a0ee006f957a70191383ef42be1f4733d6515?s=96&d=mm&r=g","contentUrl":"https:\/\/secure.gravatar.com\/avatar\/7e69b41460ab2c17d61c8c364b6a0ee006f957a70191383ef42be1f4733d6515?s=96&d=mm&r=g","caption":"La r\u00e9daction"},"description":"On dit qu\\'il faut un village pour s\\'occuper d\\'un enfant. Et bien c\\'est exactement ce dont il s\\'agit ici pour The Playoffs. La r\u00e9daction, ce sont vos r\u00e9dacteurs pr\u00e9f\u00e9r\u00e9s qui collaborent sur ces articles que vous lisez au quotidien.\u00a0","url":"https:\/\/theplayoffs.news\/fr\/author\/freeagentfr\/"}]}},"_links":{"self":[{"href":"https:\/\/theplayoffs.news\/fr\/wp-json\/wp\/v2\/posts\/952601","targetHints":{"allow":["GET"]}}],"collection":[{"href":"https:\/\/theplayoffs.news\/fr\/wp-json\/wp\/v2\/posts"}],"about":[{"href":"https:\/\/theplayoffs.news\/fr\/wp-json\/wp\/v2\/types\/post"}],"author":[{"embeddable":true,"href":"https:\/\/theplayoffs.news\/fr\/wp-json\/wp\/v2\/users\/180309799"}],"replies":[{"embeddable":true,"href":"https:\/\/theplayoffs.news\/fr\/wp-json\/wp\/v2\/comments?post=952601"}],"version-history":[{"count":2,"href":"https:\/\/theplayoffs.news\/fr\/wp-json\/wp\/v2\/posts\/952601\/revisions"}],"predecessor-version":[{"id":952641,"href":"https:\/\/theplayoffs.news\/fr\/wp-json\/wp\/v2\/posts\/952601\/revisions\/952641"}],"wp:featuredmedia":[{"embeddable":true,"href":"https:\/\/theplayoffs.news\/fr\/wp-json\/wp\/v2\/media\/952614"}],"wp:attachment":[{"href":"https:\/\/theplayoffs.news\/fr\/wp-json\/wp\/v2\/media?parent=952601"}],"wp:term":[{"taxonomy":"category","embeddable":true,"href":"https:\/\/theplayoffs.news\/fr\/wp-json\/wp\/v2\/categories?post=952601"},{"taxonomy":"post_tag","embeddable":true,"href":"https:\/\/theplayoffs.news\/fr\/wp-json\/wp\/v2\/tags?post=952601"},{"taxonomy":"sport","embeddable":true,"href":"https:\/\/theplayoffs.news\/fr\/wp-json\/wp\/v2\/sport?post=952601"},{"taxonomy":"saison","embeddable":true,"href":"https:\/\/theplayoffs.news\/fr\/wp-json\/wp\/v2\/saison?post=952601"}],"curies":[{"name":"wp","href":"https:\/\/api.w.org\/{rel}","templated":true}]}}