{"id":945914,"date":"2023-10-01T09:04:50","date_gmt":"2023-10-01T07:04:50","guid":{"rendered":"https:\/\/theplayoffs.news\/fr\/?p=945914"},"modified":"2023-10-01T09:04:51","modified_gmt":"2023-10-01T07:04:51","slug":"blake-griffin-un-retour-ou-la-retraite","status":"publish","type":"post","link":"https:\/\/theplayoffs.news\/fr\/actualite-nba\/blake-griffin-un-retour-ou-la-retraite\/","title":{"rendered":"Blake Griffin : un retour ou la retraite ?"},"content":{"rendered":"<h2>Alors que la saison 2023-24 de la NBA se profile &agrave; l&rsquo;horizon, Blake Griffin, six fois All-Star et joueur exp&eacute;riment&eacute;, se trouve &agrave; la crois&eacute;e des chemins, ce qui pourrait bien remodeler son illustre carri&egrave;re.<\/h2><p>Malgr&eacute; l&rsquo;int&eacute;r&ecirc;t manifest&eacute; par les Boston Celtics pour r&eacute;engager ses prouesses, le v&eacute;t&eacute;ran du basket-ball, &acirc;g&eacute; de 34 ans, envisage s&eacute;rieusement de prendre sa retraite, refl&eacute;tant une analyse interne plus profonde de sa trajectoire professionnelle et de ses aspirations personnelles.<\/p><p>Les performances de <a href=\"https:\/\/theplayoffs.news\/fr\/joueur\/blake-griffin-nba-7978\/\" class=\"trk-cta-link\" data-cta-trk='{\"ctaType\":\"Link\",\"ctaSubType\":\"main\"}'><strong>Blake Griffin<\/strong><\/a> au cours des saisons pr&eacute;c&eacute;dentes, en particulier avec les Celtics, sont tr&egrave;s loin de ce qu&rsquo;il a pu produire par le pass&eacute;. Son r&ocirc;le a bien entendu &eacute;volu&eacute;, mais ses contributions n&rsquo;ont fait que diminu&eacute;. Il n&rsquo;a jou&eacute; qu&rsquo;un seul match de playoffs l&rsquo;an pass&eacute; et a termin&eacute; la saison avec 4.1 points, 3.8 rebonds et 1.5 passes en 41 matchs.<\/p><p>Brad Stevens, le pr&eacute;sident des op&eacute;rations basket des Boston Celtics, a exprim&eacute; des &eacute;loges sans r&eacute;serve et un vif d&eacute;sir de voir Blake Griffin revenir dans l&rsquo;&eacute;quipe. Stevens a soulign&eacute; le comportement et le jeu exemplaires de Griffin, <a href=\"https:\/\/www.bostonglobe.com\/2023\/09\/30\/sports\/sunday-basketball-notes\/\" class=\"trk-cta-link\" data-cta-trk='{\"ctaType\":\"Link\",\"ctaSubType\":\"main\"}'>d&eacute;clarant<\/a> :<\/p><blockquote><p>&laquo;&nbsp;Il &eacute;tait incroyable quand il jouait et encore meilleur quand il ne jouait pas&nbsp;&raquo;.<\/p><\/blockquote><p>Il a clairement indiqu&eacute; que si Griffin choisissait de poursuivre son parcours dans le basket, les Celtics seraient tout &agrave; fait dispos&eacute;s &agrave; l&rsquo;accueillir &agrave; nouveau &agrave; bras ouverts.<\/p><p>Cependant, le retour de Blake Griffin chez les Celtics semble teint&eacute; d&rsquo;incertitude. Malgr&eacute; ses exp&eacute;riences positives avec l&rsquo;&eacute;quipe et la ville, o&ugrave; il a d&eacute;clar&eacute; que jouer &agrave; Boston &eacute;tait &laquo;&nbsp;l&rsquo;une des meilleures exp&eacute;riences&nbsp;&raquo;, Griffin pourrait &ecirc;tre &agrave; la recherche d&rsquo;un r&ocirc;le qui s&rsquo;&eacute;tend &agrave; de nouveaux domaines de contribution et d&rsquo;impact.<\/p><p>Les Boston Celtics, qui entament la nouvelle saison en tant que redoutable concurrent des Milwaukee Bucks, consid&egrave;rent Griffin comme un &eacute;l&eacute;ment essentiel de leurs aspirations au titre. Au milieu du tourbillon de sp&eacute;culations et de projections, la franchise ne peut que garder espoir alors que Griffin r&eacute;fl&eacute;chit &agrave; sa d&eacute;cision.<\/p><p>&nbsp;<\/p><p>Credit: Sam Navarro-USA TODAY Sports<\/p>\n","protected":false},"excerpt":{"rendered":"","protected":false},"author":13,"featured_media":945929,"comment_status":"open","ping_status":"closed","sticky":false,"template":"","format":"standard","meta":{"inline_featured_image":false,"kia_subtitle":"","_mux_skip_reasons":[],"proofreadBy":0,"footnotes":""},"categories":[110,10],"tags":[2019,603],"sport":[],"saison":[],"class_list":["post-945914","post","type-post","status-publish","format-standard","has-post-thumbnail","hentry","category-actualite-nba","category-nba","tag-blake-griffin","tag-boston-celtics"],"acf":[],"yoast_head":"<!-- This site is optimized with the Yoast SEO plugin v24.2 - https:\/\/yoast.com\/wordpress\/plugins\/seo\/ -->\n<title>Blake Griffin : un retour ou la retraite ? - The Playoffs FR<\/title>\n<meta name=\"robots\" content=\"index, follow, max-snippet:-1, max-image-preview:large, max-video-preview:-1\" \/>\n<link rel=\"canonical\" href=\"https:\/\/theplayoffs.news\/fr\/actualite-nba\/blake-griffin-un-retour-ou-la-retraite\/\" \/>\n<meta property=\"og:locale\" content=\"fr_FR\" \/>\n<meta property=\"og:type\" content=\"article\" \/>\n<meta property=\"og:title\" content=\"Blake Griffin : un retour ou la retraite ? - The Playoffs FR\" \/>\n<meta property=\"og:url\" content=\"https:\/\/theplayoffs.news\/fr\/actualite-nba\/blake-griffin-un-retour-ou-la-retraite\/\" \/>\n<meta property=\"og:site_name\" content=\"The Playoffs FR\" \/>\n<meta property=\"article:publisher\" content=\"https:\/\/www.facebook.com\/TheFreeAgentFR\/\" \/>\n<meta property=\"article:modified_time\" content=\"2023-10-01T09:04:51+02:00\" \/>\n<meta property=\"og:image\" content=\"https:\/\/theplayoffs.news\/fr\/wp-content\/uploads\/2023\/10\/USATSI_20771378.jpg\" \/>\n\t<meta property=\"og:image:width\" content=\"1920\" \/>\n\t<meta property=\"og:image:height\" content=\"1280\" \/>\n\t<meta property=\"og:image:type\" content=\"image\/jpeg\" \/>\n<meta name=\"author\" content=\"Charles Taudin\" \/>\n<meta name=\"twitter:card\" content=\"summary_large_image\" \/>\n<meta name=\"twitter:creator\" content=\"@TheFreeAgentFR\" \/>\n<meta name=\"twitter:site\" content=\"@TheFreeAgentFR\" \/>\n<meta name=\"twitter:label1\" content=\"\u00c9crit par\" \/>\n\t<meta name=\"twitter:data1\" content=\"Charles Taudin\" \/>\n\t<meta name=\"twitter:label2\" content=\"Dur\u00e9e de lecture estim\u00e9e\" \/>\n\t<meta name=\"twitter:data2\" content=\"2 minutes\" \/>\n<script type=\"application\/ld+json\" class=\"yoast-schema-graph\">{\"@context\":\"https:\/\/schema.org\",\"@graph\":[{\"@type\":\"WebPage\",\"@id\":\"https:\/\/theplayoffs.news\/fr\/actualite-nba\/blake-griffin-un-retour-ou-la-retraite\/\",\"url\":\"https:\/\/theplayoffs.news\/fr\/actualite-nba\/blake-griffin-un-retour-ou-la-retraite\/\",\"name\":\"Blake Griffin : un retour ou la retraite ? - The Playoffs FR\",\"isPartOf\":{\"@id\":\"https:\/\/theplayoffs.news\/fr\/#website\"},\"primaryImageOfPage\":{\"@id\":\"https:\/\/theplayoffs.news\/fr\/actualite-nba\/blake-griffin-un-retour-ou-la-retraite\/#primaryimage\"},\"image\":{\"@id\":\"https:\/\/theplayoffs.news\/fr\/actualite-nba\/blake-griffin-un-retour-ou-la-retraite\/#primaryimage\"},\"thumbnailUrl\":\"https:\/\/theplayoffs.news\/fr\/wp-content\/uploads\/2023\/10\/USATSI_20771378.jpg\",\"datePublished\":\"2023-10-01T07:04:50+00:00\",\"dateModified\":\"2023-10-01T07:04:51+00:00\",\"author\":{\"@id\":\"https:\/\/theplayoffs.news\/fr\/#\/schema\/person\/eee5b69ad5d3c51cabe881c839dbe133\"},\"breadcrumb\":{\"@id\":\"https:\/\/theplayoffs.news\/fr\/actualite-nba\/blake-griffin-un-retour-ou-la-retraite\/#breadcrumb\"},\"inLanguage\":\"fr-FR\",\"potentialAction\":[{\"@type\":\"ReadAction\",\"target\":[\"https:\/\/theplayoffs.news\/fr\/actualite-nba\/blake-griffin-un-retour-ou-la-retraite\/\"]}]},{\"@type\":\"ImageObject\",\"inLanguage\":\"fr-FR\",\"@id\":\"https:\/\/theplayoffs.news\/fr\/actualite-nba\/blake-griffin-un-retour-ou-la-retraite\/#primaryimage\",\"url\":\"https:\/\/theplayoffs.news\/fr\/wp-content\/uploads\/2023\/10\/USATSI_20771378.jpg\",\"contentUrl\":\"https:\/\/theplayoffs.news\/fr\/wp-content\/uploads\/2023\/10\/USATSI_20771378.jpg\",\"width\":1920,\"height\":1280,\"caption\":\"May 27, 2023; Miami, Florida, USA; Boston Celtics forward Blake Griffin (91) warms up before game six against the Miami Heat in the Eastern Conference Finals for the 2023 NBA playoffs at Kaseya Center. Mandatory Credit: Sam Navarro-USA TODAY Sports\"},{\"@type\":\"BreadcrumbList\",\"@id\":\"https:\/\/theplayoffs.news\/fr\/actualite-nba\/blake-griffin-un-retour-ou-la-retraite\/#breadcrumb\",\"itemListElement\":[{\"@type\":\"ListItem\",\"position\":1,\"name\":\"Accueil\",\"item\":\"https:\/\/theplayoffs.news\/fr\/\"},{\"@type\":\"ListItem\",\"position\":2,\"name\":\"Blake Griffin : un retour ou la retraite ?\"}]},{\"@type\":\"WebSite\",\"@id\":\"https:\/\/theplayoffs.news\/fr\/#website\",\"url\":\"https:\/\/theplayoffs.news\/fr\/\",\"name\":\"The Playoffs FR\",\"description\":\"NBA-NFL-NHL-MLB\",\"potentialAction\":[{\"@type\":\"SearchAction\",\"target\":{\"@type\":\"EntryPoint\",\"urlTemplate\":\"https:\/\/theplayoffs.news\/fr\/?s={search_term_string}\"},\"query-input\":{\"@type\":\"PropertyValueSpecification\",\"valueRequired\":true,\"valueName\":\"search_term_string\"}}],\"inLanguage\":\"fr-FR\"},{\"@type\":\"Person\",\"@id\":\"https:\/\/theplayoffs.news\/fr\/#\/schema\/person\/eee5b69ad5d3c51cabe881c839dbe133\",\"name\":\"Charles Taudin\",\"image\":{\"@type\":\"ImageObject\",\"inLanguage\":\"fr-FR\",\"@id\":\"https:\/\/theplayoffs.news\/fr\/#\/schema\/person\/image\/\",\"url\":\"https:\/\/secure.gravatar.com\/avatar\/59a1e772205ce9fd255edfcafc93013736822e20261f294c5753b20c41ede9f2?s=96&d=mm&r=g\",\"contentUrl\":\"https:\/\/secure.gravatar.com\/avatar\/59a1e772205ce9fd255edfcafc93013736822e20261f294c5753b20c41ede9f2?s=96&d=mm&r=g\",\"caption\":\"Charles Taudin\"},\"description\":\"R\u00e9dacteur en chef global de The Playoffs, j\u2019ai cr\u00e9\u00e9 The Free Agent, devenu The Playoffs FR, en 2020 durant la pand\u00e9mie. Amoureux depuis des ann\u00e9es des 4 sports majeurs am\u00e9ricains, j\u2019organise maintenant la strat\u00e9gie \u00e9ditoriale et les r\u00e9seaux sociaux de l\u2019ensemble des versions de The Playoffs. Il m\u2019arrive encore d\u2019\u00e9crire sur certains sports que j\u2019affectionne particuli\u00e8rement comme la NFL ou la MLB. Si vous devez retenir qu\u2019une chose : Eli Manning est le vrai GOAT pour avoir battu deux fois Tom Brady.\",\"sameAs\":[\"https:\/\/www.instagram.com\/ctaudin_\/\"],\"url\":\"https:\/\/theplayoffs.news\/fr\/author\/charles-taudin\/\"}]}<\/script>\n<!-- \/ Yoast SEO plugin. -->","yoast_head_json":{"title":"Blake Griffin : un retour ou la retraite ? - The Playoffs FR","robots":{"index":"index","follow":"follow","max-snippet":"max-snippet:-1","max-image-preview":"max-image-preview:large","max-video-preview":"max-video-preview:-1"},"canonical":"https:\/\/theplayoffs.news\/fr\/actualite-nba\/blake-griffin-un-retour-ou-la-retraite\/","og_locale":"fr_FR","og_type":"article","og_title":"Blake Griffin : un retour ou la retraite ? - The Playoffs FR","og_url":"https:\/\/theplayoffs.news\/fr\/actualite-nba\/blake-griffin-un-retour-ou-la-retraite\/","og_site_name":"The Playoffs FR","article_publisher":"https:\/\/www.facebook.com\/TheFreeAgentFR\/","article_modified_time":"2023-10-01T07:04:51+00:00","og_image":[{"width":1920,"height":1280,"url":"https:\/\/theplayoffs.news\/fr\/wp-content\/uploads\/2023\/10\/USATSI_20771378.jpg","type":"image\/jpeg"}],"author":"Charles Taudin","twitter_card":"summary_large_image","twitter_creator":"@TheFreeAgentFR","twitter_site":"@TheFreeAgentFR","twitter_misc":{"\u00c9crit par":"Charles Taudin","Dur\u00e9e de lecture estim\u00e9e":"2 minutes"},"schema":{"@context":"https:\/\/schema.org","@graph":[{"@type":"WebPage","@id":"https:\/\/theplayoffs.news\/fr\/actualite-nba\/blake-griffin-un-retour-ou-la-retraite\/","url":"https:\/\/theplayoffs.news\/fr\/actualite-nba\/blake-griffin-un-retour-ou-la-retraite\/","name":"Blake Griffin : un retour ou la retraite ? - The Playoffs FR","isPartOf":{"@id":"https:\/\/theplayoffs.news\/fr\/#website"},"primaryImageOfPage":{"@id":"https:\/\/theplayoffs.news\/fr\/actualite-nba\/blake-griffin-un-retour-ou-la-retraite\/#primaryimage"},"image":{"@id":"https:\/\/theplayoffs.news\/fr\/actualite-nba\/blake-griffin-un-retour-ou-la-retraite\/#primaryimage"},"thumbnailUrl":"https:\/\/theplayoffs.news\/fr\/wp-content\/uploads\/2023\/10\/USATSI_20771378.jpg","datePublished":"2023-10-01T07:04:50+00:00","dateModified":"2023-10-01T07:04:51+00:00","author":{"@id":"https:\/\/theplayoffs.news\/fr\/#\/schema\/person\/eee5b69ad5d3c51cabe881c839dbe133"},"breadcrumb":{"@id":"https:\/\/theplayoffs.news\/fr\/actualite-nba\/blake-griffin-un-retour-ou-la-retraite\/#breadcrumb"},"inLanguage":"fr-FR","potentialAction":[{"@type":"ReadAction","target":["https:\/\/theplayoffs.news\/fr\/actualite-nba\/blake-griffin-un-retour-ou-la-retraite\/"]}]},{"@type":"ImageObject","inLanguage":"fr-FR","@id":"https:\/\/theplayoffs.news\/fr\/actualite-nba\/blake-griffin-un-retour-ou-la-retraite\/#primaryimage","url":"https:\/\/theplayoffs.news\/fr\/wp-content\/uploads\/2023\/10\/USATSI_20771378.jpg","contentUrl":"https:\/\/theplayoffs.news\/fr\/wp-content\/uploads\/2023\/10\/USATSI_20771378.jpg","width":1920,"height":1280,"caption":"May 27, 2023; Miami, Florida, USA; Boston Celtics forward Blake Griffin (91) warms up before game six against the Miami Heat in the Eastern Conference Finals for the 2023 NBA playoffs at Kaseya Center. Mandatory Credit: Sam Navarro-USA TODAY Sports"},{"@type":"BreadcrumbList","@id":"https:\/\/theplayoffs.news\/fr\/actualite-nba\/blake-griffin-un-retour-ou-la-retraite\/#breadcrumb","itemListElement":[{"@type":"ListItem","position":1,"name":"Accueil","item":"https:\/\/theplayoffs.news\/fr\/"},{"@type":"ListItem","position":2,"name":"Blake Griffin : un retour ou la retraite ?"}]},{"@type":"WebSite","@id":"https:\/\/theplayoffs.news\/fr\/#website","url":"https:\/\/theplayoffs.news\/fr\/","name":"The Playoffs FR","description":"NBA-NFL-NHL-MLB","potentialAction":[{"@type":"SearchAction","target":{"@type":"EntryPoint","urlTemplate":"https:\/\/theplayoffs.news\/fr\/?s={search_term_string}"},"query-input":{"@type":"PropertyValueSpecification","valueRequired":true,"valueName":"search_term_string"}}],"inLanguage":"fr-FR"},{"@type":"Person","@id":"https:\/\/theplayoffs.news\/fr\/#\/schema\/person\/eee5b69ad5d3c51cabe881c839dbe133","name":"Charles Taudin","image":{"@type":"ImageObject","inLanguage":"fr-FR","@id":"https:\/\/theplayoffs.news\/fr\/#\/schema\/person\/image\/","url":"https:\/\/secure.gravatar.com\/avatar\/59a1e772205ce9fd255edfcafc93013736822e20261f294c5753b20c41ede9f2?s=96&d=mm&r=g","contentUrl":"https:\/\/secure.gravatar.com\/avatar\/59a1e772205ce9fd255edfcafc93013736822e20261f294c5753b20c41ede9f2?s=96&d=mm&r=g","caption":"Charles Taudin"},"description":"R\u00e9dacteur en chef global de The Playoffs, j\u2019ai cr\u00e9\u00e9 The Free Agent, devenu The Playoffs FR, en 2020 durant la pand\u00e9mie. Amoureux depuis des ann\u00e9es des 4 sports majeurs am\u00e9ricains, j\u2019organise maintenant la strat\u00e9gie \u00e9ditoriale et les r\u00e9seaux sociaux de l\u2019ensemble des versions de The Playoffs. Il m\u2019arrive encore d\u2019\u00e9crire sur certains sports que j\u2019affectionne particuli\u00e8rement comme la NFL ou la MLB. Si vous devez retenir qu\u2019une chose : Eli Manning est le vrai GOAT pour avoir battu deux fois Tom Brady.","sameAs":["https:\/\/www.instagram.com\/ctaudin_\/"],"url":"https:\/\/theplayoffs.news\/fr\/author\/charles-taudin\/"}]}},"_links":{"self":[{"href":"https:\/\/theplayoffs.news\/fr\/wp-json\/wp\/v2\/posts\/945914","targetHints":{"allow":["GET"]}}],"collection":[{"href":"https:\/\/theplayoffs.news\/fr\/wp-json\/wp\/v2\/posts"}],"about":[{"href":"https:\/\/theplayoffs.news\/fr\/wp-json\/wp\/v2\/types\/post"}],"author":[{"embeddable":true,"href":"https:\/\/theplayoffs.news\/fr\/wp-json\/wp\/v2\/users\/13"}],"replies":[{"embeddable":true,"href":"https:\/\/theplayoffs.news\/fr\/wp-json\/wp\/v2\/comments?post=945914"}],"version-history":[{"count":3,"href":"https:\/\/theplayoffs.news\/fr\/wp-json\/wp\/v2\/posts\/945914\/revisions"}],"predecessor-version":[{"id":945951,"href":"https:\/\/theplayoffs.news\/fr\/wp-json\/wp\/v2\/posts\/945914\/revisions\/945951"}],"wp:featuredmedia":[{"embeddable":true,"href":"https:\/\/theplayoffs.news\/fr\/wp-json\/wp\/v2\/media\/945929"}],"wp:attachment":[{"href":"https:\/\/theplayoffs.news\/fr\/wp-json\/wp\/v2\/media?parent=945914"}],"wp:term":[{"taxonomy":"category","embeddable":true,"href":"https:\/\/theplayoffs.news\/fr\/wp-json\/wp\/v2\/categories?post=945914"},{"taxonomy":"post_tag","embeddable":true,"href":"https:\/\/theplayoffs.news\/fr\/wp-json\/wp\/v2\/tags?post=945914"},{"taxonomy":"sport","embeddable":true,"href":"https:\/\/theplayoffs.news\/fr\/wp-json\/wp\/v2\/sport?post=945914"},{"taxonomy":"saison","embeddable":true,"href":"https:\/\/theplayoffs.news\/fr\/wp-json\/wp\/v2\/saison?post=945914"}],"curies":[{"name":"wp","href":"https:\/\/api.w.org\/{rel}","templated":true}]}}