{"id":932876,"date":"2023-09-27T10:28:40","date_gmt":"2023-09-27T08:28:40","guid":{"rendered":"https:\/\/theplayoffs.news\/fr\/?p=932876"},"modified":"2023-09-27T10:32:05","modified_gmt":"2023-09-27T08:32:05","slug":"une-premiere-nfl-fan-of-the-year-consacre-les-fans-internationaux-en-2023","status":"publish","type":"post","link":"https:\/\/theplayoffs.news\/fr\/actualite-nfl\/une-premiere-nfl-fan-of-the-year-consacre-les-fans-internationaux-en-2023\/","title":{"rendered":"Une premi\u00e8re : NFL \u00ab Fan of the Year \u00bb consacre les fans internationaux en 2023"},"content":{"rendered":"<h2>La National Football League a annonc&eacute; que, pour la premi&egrave;re fois, le concours du &laquo;&nbsp;<b>Fan of the Year<\/b>&nbsp;&raquo; (Fan de l&rsquo;ann&eacute;e) de la NFL mettra &agrave; l&rsquo;honneur les fans internationaux des <b>32 clubs<\/b>.<\/h2><p>Le titre du &laquo;&nbsp;Fan of the Year&nbsp;&raquo; r&eacute;compense ces fans extraordinaires qui inspirent les autres par leur passion du jeu et qui sont une force de ralliement pour leur famille, leurs amis et la communaut&eacute; locale gr&acirc;ce &agrave; leur fandom.<\/p><p>Au-del&agrave; des &Eacute;tats-Unis,<b> sept march&eacute;s internationaux, dont la France<\/b>, ont &eacute;t&eacute; ouverts cette saison. Les supporters du monde entier qui utilisent le football am&eacute;ricain comme levier d&rsquo;inspiration et pour porter leur passion peuvent d&eacute;sormais &ecirc;tre r&eacute;compens&eacute;s pour leur amour du sport et repr&eacute;senter fi&egrave;rement leur &eacute;quipe favorite.<\/p><p>&Agrave; partir du<a>&nbsp;<b>mardi 26 septembre,&nbsp;<\/b><\/a>les fans pourront &eacute;lire le premier fan international de la NFL de leur &eacute;quipe sur le site <a href=\"https:\/\/www.nfl.com\/honors\/fan-of-the-year\/fr\" class=\"trk-cta-link\" data-cta-trk='{\"ctaType\":\"Link\",\"ctaSubType\":\"main\"}'>nfl.com\/fanoftheyear.<\/a><\/p><blockquote><p><i>&laquo;&nbsp;Pour la premi&egrave;re fois cette saison, nous sommes ravis de faire briller les fans &agrave; travers le monde dans le cadre du programme &lsquo;Fan of The Year&rsquo; de la NFL. Alors que la Ligue ne cesse de <a>cro&icirc;tre&nbsp;<\/a>partout dans le monde, nos fans d&eacute;vou&eacute;s continuent d&rsquo;exprimer leur passion pour le football am&eacute;ricain et leurs &eacute;quipes favorites par-del&agrave; les fronti&egrave;res des &Eacute;tats-Unis<\/i>&nbsp;&raquo;, a d&eacute;clar&eacute; <b>Stephanie Hsiao, Vice-pr&eacute;sidente International Marketing de la NFL. <\/b><b><i>&laquo;&nbsp;<\/i><\/b><i>Nos fans internationaux apportent une contribution solide &agrave; leurs communaut&eacute;s locales, aident la NFL &agrave; d&eacute;velopper la fandom sur de nouveaux march&eacute;s et apportent de l&rsquo;&eacute;mulation tout au long de la saison &ndash; quelle meilleure fa&ccedil;on de les remercier et de partager notre fiert&eacute;.&nbsp;&raquo;<\/i><\/p><\/blockquote><p>Chacun des 32 clubs s&eacute;lectionnera son &laquo;&nbsp;Fan de l&rsquo;ann&eacute;e&nbsp;&raquo; pour repr&eacute;senter son &eacute;quipe lors d&rsquo;une session organis&eacute;e par la NFL en 2024 &agrave; D&eacute;troit, dans le Michigan. Le &laquo;&nbsp;Super Fan&nbsp;&raquo; international de la NFL &ndash; le fan international le plus influent parmi les 32 &eacute;quipes &ndash; sera nomm&eacute; sur place lors de la Draft 2024 de la NFL.<\/p><p><a>Le cr&eacute;neau pour candidater au concours sera ouvert du <b>26 septembre 2023 jusqu&rsquo;au 31 d&eacute;cembre 2023 &agrave; 23h59<\/b> <b>ET.<\/b> Les 32 nomin&eacute;s seront annonc&eacute;s par la NFL <b>le 21 f&eacute;vrier 2024.<\/b><\/a><\/p><p>Les fans peuvent consulter le site <a href=\"https:\/\/www.nfl.com\/honors\/fan-of-the-year\/fr\" class=\"trk-cta-link\" data-cta-trk='{\"ctaType\":\"Link\",\"ctaSubType\":\"main\"}'>nfl.com\/fanoftheyear<\/a> ainsi que le site web et les r&eacute;seaux sociaux de leur &eacute;quipe pour plus d&rsquo;informations.<\/p><p>&nbsp;<\/p><p>Credit: Kirby Lee-USA TODAY Sports<\/p>\n","protected":false},"excerpt":{"rendered":"","protected":false},"author":180309799,"featured_media":890882,"comment_status":"open","ping_status":"closed","sticky":false,"template":"","format":"standard","meta":{"inline_featured_image":false,"kia_subtitle":"","_mux_skip_reasons":[],"proofreadBy":0,"footnotes":""},"categories":[118,40],"tags":[6485],"sport":[],"saison":[],"class_list":["post-932876","post","type-post","status-publish","format-standard","has-post-thumbnail","hentry","category-actualite-nfl","category-nfl","tag-nfl-fan-of-the-year"],"acf":[],"yoast_head":"<!-- This site is optimized with the Yoast SEO plugin v24.2 - https:\/\/yoast.com\/wordpress\/plugins\/seo\/ -->\n<title>Une premi&egrave;re : NFL &laquo; Fan of the Year &raquo; consacre les fans internationaux en 2023 - The Playoffs FR<\/title>\n<meta name=\"robots\" content=\"index, follow, max-snippet:-1, max-image-preview:large, max-video-preview:-1\" \/>\n<link rel=\"canonical\" href=\"https:\/\/theplayoffs.news\/fr\/actualite-nfl\/une-premiere-nfl-fan-of-the-year-consacre-les-fans-internationaux-en-2023\/\" \/>\n<meta property=\"og:locale\" content=\"fr_FR\" \/>\n<meta property=\"og:type\" content=\"article\" \/>\n<meta property=\"og:title\" content=\"Une premi&egrave;re : NFL &laquo; Fan of the Year &raquo; consacre les fans internationaux en 2023 - The Playoffs FR\" \/>\n<meta property=\"og:url\" content=\"https:\/\/theplayoffs.news\/fr\/actualite-nfl\/une-premiere-nfl-fan-of-the-year-consacre-les-fans-internationaux-en-2023\/\" \/>\n<meta property=\"og:site_name\" content=\"The Playoffs FR\" \/>\n<meta property=\"article:publisher\" content=\"https:\/\/www.facebook.com\/TheFreeAgentFR\/\" \/>\n<meta property=\"article:modified_time\" content=\"2023-09-27T10:32:05+02:00\" \/>\n<meta property=\"og:image\" content=\"https:\/\/theplayoffs.news\/fr\/wp-content\/uploads\/2023\/09\/USATSI_19981098.jpg\" \/>\n\t<meta property=\"og:image:width\" content=\"1920\" \/>\n\t<meta property=\"og:image:height\" content=\"1182\" \/>\n\t<meta property=\"og:image:type\" content=\"image\/jpeg\" \/>\n<meta name=\"author\" content=\"La r\u00e9daction\" \/>\n<meta name=\"twitter:card\" content=\"summary_large_image\" \/>\n<meta name=\"twitter:creator\" content=\"@TheFreeAgentFR\" \/>\n<meta name=\"twitter:site\" content=\"@TheFreeAgentFR\" \/>\n<meta name=\"twitter:label1\" content=\"\u00c9crit par\" \/>\n\t<meta name=\"twitter:data1\" content=\"La r\u00e9daction\" \/>\n\t<meta name=\"twitter:label2\" content=\"Dur\u00e9e de lecture estim\u00e9e\" \/>\n\t<meta name=\"twitter:data2\" content=\"2 minutes\" \/>\n<script type=\"application\/ld+json\" class=\"yoast-schema-graph\">{\"@context\":\"https:\/\/schema.org\",\"@graph\":[{\"@type\":\"WebPage\",\"@id\":\"https:\/\/theplayoffs.news\/fr\/actualite-nfl\/une-premiere-nfl-fan-of-the-year-consacre-les-fans-internationaux-en-2023\/\",\"url\":\"https:\/\/theplayoffs.news\/fr\/actualite-nfl\/une-premiere-nfl-fan-of-the-year-consacre-les-fans-internationaux-en-2023\/\",\"name\":\"Une premi\u00e8re : NFL \u00ab Fan of the Year \u00bb consacre les fans internationaux en 2023 - The Playoffs FR\",\"isPartOf\":{\"@id\":\"https:\/\/theplayoffs.news\/fr\/#website\"},\"primaryImageOfPage\":{\"@id\":\"https:\/\/theplayoffs.news\/fr\/actualite-nfl\/une-premiere-nfl-fan-of-the-year-consacre-les-fans-internationaux-en-2023\/#primaryimage\"},\"image\":{\"@id\":\"https:\/\/theplayoffs.news\/fr\/actualite-nfl\/une-premiere-nfl-fan-of-the-year-consacre-les-fans-internationaux-en-2023\/#primaryimage\"},\"thumbnailUrl\":\"https:\/\/theplayoffs.news\/fr\/wp-content\/uploads\/2023\/09\/USATSI_19981098.jpg\",\"datePublished\":\"2023-09-27T08:28:40+00:00\",\"dateModified\":\"2023-09-27T08:32:05+00:00\",\"author\":{\"@id\":\"https:\/\/theplayoffs.news\/fr\/#\/schema\/person\/bb40426f4e478f9bd8cdbfeb4f2f9784\"},\"breadcrumb\":{\"@id\":\"https:\/\/theplayoffs.news\/fr\/actualite-nfl\/une-premiere-nfl-fan-of-the-year-consacre-les-fans-internationaux-en-2023\/#breadcrumb\"},\"inLanguage\":\"fr-FR\",\"potentialAction\":[{\"@type\":\"ReadAction\",\"target\":[\"https:\/\/theplayoffs.news\/fr\/actualite-nfl\/une-premiere-nfl-fan-of-the-year-consacre-les-fans-internationaux-en-2023\/\"]}]},{\"@type\":\"ImageObject\",\"inLanguage\":\"fr-FR\",\"@id\":\"https:\/\/theplayoffs.news\/fr\/actualite-nfl\/une-premiere-nfl-fan-of-the-year-consacre-les-fans-internationaux-en-2023\/#primaryimage\",\"url\":\"https:\/\/theplayoffs.news\/fr\/wp-content\/uploads\/2023\/09\/USATSI_19981098.jpg\",\"contentUrl\":\"https:\/\/theplayoffs.news\/fr\/wp-content\/uploads\/2023\/09\/USATSI_19981098.jpg\",\"width\":1920,\"height\":1182,\"caption\":\"Feb 12, 2023; Glendale, AZ, USA; A general view of the NFL shield logo on the field before Super Bowl LVII between the Kansas City Chiefs and Philadelphia Eagles at State Farm Stadium. Mandatory Credit: Kirby Lee-USA TODAY Sports\"},{\"@type\":\"BreadcrumbList\",\"@id\":\"https:\/\/theplayoffs.news\/fr\/actualite-nfl\/une-premiere-nfl-fan-of-the-year-consacre-les-fans-internationaux-en-2023\/#breadcrumb\",\"itemListElement\":[{\"@type\":\"ListItem\",\"position\":1,\"name\":\"Accueil\",\"item\":\"https:\/\/theplayoffs.news\/fr\/\"},{\"@type\":\"ListItem\",\"position\":2,\"name\":\"Une premi\u00e8re : NFL \u00ab Fan of the Year \u00bb consacre les fans internationaux en 2023\"}]},{\"@type\":\"WebSite\",\"@id\":\"https:\/\/theplayoffs.news\/fr\/#website\",\"url\":\"https:\/\/theplayoffs.news\/fr\/\",\"name\":\"The Playoffs FR\",\"description\":\"NBA-NFL-NHL-MLB\",\"potentialAction\":[{\"@type\":\"SearchAction\",\"target\":{\"@type\":\"EntryPoint\",\"urlTemplate\":\"https:\/\/theplayoffs.news\/fr\/?s={search_term_string}\"},\"query-input\":{\"@type\":\"PropertyValueSpecification\",\"valueRequired\":true,\"valueName\":\"search_term_string\"}}],\"inLanguage\":\"fr-FR\"},{\"@type\":\"Person\",\"@id\":\"https:\/\/theplayoffs.news\/fr\/#\/schema\/person\/bb40426f4e478f9bd8cdbfeb4f2f9784\",\"name\":\"La r\u00e9daction\",\"image\":{\"@type\":\"ImageObject\",\"inLanguage\":\"fr-FR\",\"@id\":\"https:\/\/theplayoffs.news\/fr\/#\/schema\/person\/image\/\",\"url\":\"https:\/\/secure.gravatar.com\/avatar\/7e69b41460ab2c17d61c8c364b6a0ee006f957a70191383ef42be1f4733d6515?s=96&d=mm&r=g\",\"contentUrl\":\"https:\/\/secure.gravatar.com\/avatar\/7e69b41460ab2c17d61c8c364b6a0ee006f957a70191383ef42be1f4733d6515?s=96&d=mm&r=g\",\"caption\":\"La r\u00e9daction\"},\"description\":\"On dit qu\\\\'il faut un village pour s\\\\'occuper d\\\\'un enfant. Et bien c\\\\'est exactement ce dont il s\\\\'agit ici pour The Playoffs. La r\u00e9daction, ce sont vos r\u00e9dacteurs pr\u00e9f\u00e9r\u00e9s qui collaborent sur ces articles que vous lisez au quotidien.\u00a0\",\"url\":\"https:\/\/theplayoffs.news\/fr\/author\/freeagentfr\/\"}]}<\/script>\n<!-- \/ Yoast SEO plugin. -->","yoast_head_json":{"title":"Une premi&egrave;re : NFL &laquo; Fan of the Year &raquo; consacre les fans internationaux en 2023 - The Playoffs FR","robots":{"index":"index","follow":"follow","max-snippet":"max-snippet:-1","max-image-preview":"max-image-preview:large","max-video-preview":"max-video-preview:-1"},"canonical":"https:\/\/theplayoffs.news\/fr\/actualite-nfl\/une-premiere-nfl-fan-of-the-year-consacre-les-fans-internationaux-en-2023\/","og_locale":"fr_FR","og_type":"article","og_title":"Une premi&egrave;re : NFL &laquo; Fan of the Year &raquo; consacre les fans internationaux en 2023 - The Playoffs FR","og_url":"https:\/\/theplayoffs.news\/fr\/actualite-nfl\/une-premiere-nfl-fan-of-the-year-consacre-les-fans-internationaux-en-2023\/","og_site_name":"The Playoffs FR","article_publisher":"https:\/\/www.facebook.com\/TheFreeAgentFR\/","article_modified_time":"2023-09-27T08:32:05+00:00","og_image":[{"width":1920,"height":1182,"url":"https:\/\/theplayoffs.news\/fr\/wp-content\/uploads\/2023\/09\/USATSI_19981098.jpg","type":"image\/jpeg"}],"author":"La r\u00e9daction","twitter_card":"summary_large_image","twitter_creator":"@TheFreeAgentFR","twitter_site":"@TheFreeAgentFR","twitter_misc":{"\u00c9crit par":"La r\u00e9daction","Dur\u00e9e de lecture estim\u00e9e":"2 minutes"},"schema":{"@context":"https:\/\/schema.org","@graph":[{"@type":"WebPage","@id":"https:\/\/theplayoffs.news\/fr\/actualite-nfl\/une-premiere-nfl-fan-of-the-year-consacre-les-fans-internationaux-en-2023\/","url":"https:\/\/theplayoffs.news\/fr\/actualite-nfl\/une-premiere-nfl-fan-of-the-year-consacre-les-fans-internationaux-en-2023\/","name":"Une premi\u00e8re : NFL \u00ab Fan of the Year \u00bb consacre les fans internationaux en 2023 - The Playoffs FR","isPartOf":{"@id":"https:\/\/theplayoffs.news\/fr\/#website"},"primaryImageOfPage":{"@id":"https:\/\/theplayoffs.news\/fr\/actualite-nfl\/une-premiere-nfl-fan-of-the-year-consacre-les-fans-internationaux-en-2023\/#primaryimage"},"image":{"@id":"https:\/\/theplayoffs.news\/fr\/actualite-nfl\/une-premiere-nfl-fan-of-the-year-consacre-les-fans-internationaux-en-2023\/#primaryimage"},"thumbnailUrl":"https:\/\/theplayoffs.news\/fr\/wp-content\/uploads\/2023\/09\/USATSI_19981098.jpg","datePublished":"2023-09-27T08:28:40+00:00","dateModified":"2023-09-27T08:32:05+00:00","author":{"@id":"https:\/\/theplayoffs.news\/fr\/#\/schema\/person\/bb40426f4e478f9bd8cdbfeb4f2f9784"},"breadcrumb":{"@id":"https:\/\/theplayoffs.news\/fr\/actualite-nfl\/une-premiere-nfl-fan-of-the-year-consacre-les-fans-internationaux-en-2023\/#breadcrumb"},"inLanguage":"fr-FR","potentialAction":[{"@type":"ReadAction","target":["https:\/\/theplayoffs.news\/fr\/actualite-nfl\/une-premiere-nfl-fan-of-the-year-consacre-les-fans-internationaux-en-2023\/"]}]},{"@type":"ImageObject","inLanguage":"fr-FR","@id":"https:\/\/theplayoffs.news\/fr\/actualite-nfl\/une-premiere-nfl-fan-of-the-year-consacre-les-fans-internationaux-en-2023\/#primaryimage","url":"https:\/\/theplayoffs.news\/fr\/wp-content\/uploads\/2023\/09\/USATSI_19981098.jpg","contentUrl":"https:\/\/theplayoffs.news\/fr\/wp-content\/uploads\/2023\/09\/USATSI_19981098.jpg","width":1920,"height":1182,"caption":"Feb 12, 2023; Glendale, AZ, USA; A general view of the NFL shield logo on the field before Super Bowl LVII between the Kansas City Chiefs and Philadelphia Eagles at State Farm Stadium. Mandatory Credit: Kirby Lee-USA TODAY Sports"},{"@type":"BreadcrumbList","@id":"https:\/\/theplayoffs.news\/fr\/actualite-nfl\/une-premiere-nfl-fan-of-the-year-consacre-les-fans-internationaux-en-2023\/#breadcrumb","itemListElement":[{"@type":"ListItem","position":1,"name":"Accueil","item":"https:\/\/theplayoffs.news\/fr\/"},{"@type":"ListItem","position":2,"name":"Une premi\u00e8re : NFL \u00ab Fan of the Year \u00bb consacre les fans internationaux en 2023"}]},{"@type":"WebSite","@id":"https:\/\/theplayoffs.news\/fr\/#website","url":"https:\/\/theplayoffs.news\/fr\/","name":"The Playoffs FR","description":"NBA-NFL-NHL-MLB","potentialAction":[{"@type":"SearchAction","target":{"@type":"EntryPoint","urlTemplate":"https:\/\/theplayoffs.news\/fr\/?s={search_term_string}"},"query-input":{"@type":"PropertyValueSpecification","valueRequired":true,"valueName":"search_term_string"}}],"inLanguage":"fr-FR"},{"@type":"Person","@id":"https:\/\/theplayoffs.news\/fr\/#\/schema\/person\/bb40426f4e478f9bd8cdbfeb4f2f9784","name":"La r\u00e9daction","image":{"@type":"ImageObject","inLanguage":"fr-FR","@id":"https:\/\/theplayoffs.news\/fr\/#\/schema\/person\/image\/","url":"https:\/\/secure.gravatar.com\/avatar\/7e69b41460ab2c17d61c8c364b6a0ee006f957a70191383ef42be1f4733d6515?s=96&d=mm&r=g","contentUrl":"https:\/\/secure.gravatar.com\/avatar\/7e69b41460ab2c17d61c8c364b6a0ee006f957a70191383ef42be1f4733d6515?s=96&d=mm&r=g","caption":"La r\u00e9daction"},"description":"On dit qu\\'il faut un village pour s\\'occuper d\\'un enfant. Et bien c\\'est exactement ce dont il s\\'agit ici pour The Playoffs. La r\u00e9daction, ce sont vos r\u00e9dacteurs pr\u00e9f\u00e9r\u00e9s qui collaborent sur ces articles que vous lisez au quotidien.\u00a0","url":"https:\/\/theplayoffs.news\/fr\/author\/freeagentfr\/"}]}},"_links":{"self":[{"href":"https:\/\/theplayoffs.news\/fr\/wp-json\/wp\/v2\/posts\/932876","targetHints":{"allow":["GET"]}}],"collection":[{"href":"https:\/\/theplayoffs.news\/fr\/wp-json\/wp\/v2\/posts"}],"about":[{"href":"https:\/\/theplayoffs.news\/fr\/wp-json\/wp\/v2\/types\/post"}],"author":[{"embeddable":true,"href":"https:\/\/theplayoffs.news\/fr\/wp-json\/wp\/v2\/users\/180309799"}],"replies":[{"embeddable":true,"href":"https:\/\/theplayoffs.news\/fr\/wp-json\/wp\/v2\/comments?post=932876"}],"version-history":[{"count":2,"href":"https:\/\/theplayoffs.news\/fr\/wp-json\/wp\/v2\/posts\/932876\/revisions"}],"predecessor-version":[{"id":932888,"href":"https:\/\/theplayoffs.news\/fr\/wp-json\/wp\/v2\/posts\/932876\/revisions\/932888"}],"wp:featuredmedia":[{"embeddable":true,"href":"https:\/\/theplayoffs.news\/fr\/wp-json\/wp\/v2\/media\/890882"}],"wp:attachment":[{"href":"https:\/\/theplayoffs.news\/fr\/wp-json\/wp\/v2\/media?parent=932876"}],"wp:term":[{"taxonomy":"category","embeddable":true,"href":"https:\/\/theplayoffs.news\/fr\/wp-json\/wp\/v2\/categories?post=932876"},{"taxonomy":"post_tag","embeddable":true,"href":"https:\/\/theplayoffs.news\/fr\/wp-json\/wp\/v2\/tags?post=932876"},{"taxonomy":"sport","embeddable":true,"href":"https:\/\/theplayoffs.news\/fr\/wp-json\/wp\/v2\/sport?post=932876"},{"taxonomy":"saison","embeddable":true,"href":"https:\/\/theplayoffs.news\/fr\/wp-json\/wp\/v2\/saison?post=932876"}],"curies":[{"name":"wp","href":"https:\/\/api.w.org\/{rel}","templated":true}]}}