{"id":931453,"date":"2023-09-26T19:00:47","date_gmt":"2023-09-26T17:00:47","guid":{"rendered":"https:\/\/theplayoffs.news\/fr\/?p=931453"},"modified":"2023-09-26T19:13:15","modified_gmt":"2023-09-26T17:13:15","slug":"commanders-vises-plainte-tribu-amerindienne","status":"publish","type":"post","link":"https:\/\/theplayoffs.news\/fr\/actualite-nfl\/commanders-vises-plainte-tribu-amerindienne\/","title":{"rendered":"Les Commanders vis\u00e9s par une plainte d&rsquo;une tribu am\u00e9rindienne"},"content":{"rendered":"<h2>Un groupe am&eacute;rindien porte plainte contre les Washington Commanders pour diffamation.<\/h2><p>Les <a href=\"https:\/\/theplayoffs.news\/fr\/equipe\/washington-commanders-nfl\/\" class=\"trk-cta-link\" data-cta-trk='{\"ctaType\":\"Link\",\"ctaSubType\":\"main\"}'>Commanders<\/a> de Washington ont &eacute;t&eacute; poursuivis en justice pour avoir diffam&eacute; la Native American Guardian&rsquo;s Association d&rsquo;apr&egrave;s <a href=\"https:\/\/www.nbcsports.com\/nfl\/profootballtalk\" class=\"trk-cta-link\" data-cta-trk='{\"ctaType\":\"Link\",\"ctaSubType\":\"main\"}'>Profootballtalk<\/a>. L&rsquo;origine de la plainte serait due &agrave; un employ&eacute; des Commanders ayant qualifi&eacute; la tribu de &laquo;&nbsp;fausse&nbsp;&raquo; lorsque celui-ci &eacute;tait en pleine conversation avec un ancien actionnaire du FedEx Field.<\/p><blockquote><p>&laquo;&nbsp;Nous pensons que la plainte est sans fondement et nous traiterons la question au tribunal&nbsp;&raquo;, a d&eacute;clar&eacute; un porte-parole de Commanders.<\/p><\/blockquote><p>Les Commanders auraient &eacute;galement travaill&eacute; avec le Congr&egrave;s national des Indiens d&rsquo;Am&eacute;rique afin de supprimer l&rsquo;ancien nom et de ne pas le r&eacute;tablir. Pour rappel, Washington avait appel&eacute; son &eacute;quipe les &laquo;&nbsp;Redskins&nbsp;&raquo;, d&eacute;signant les les natifs am&eacute;ricains et canadiens avant que les colons ne d&eacute;barquent en Am&eacute;rique.<\/p><blockquote><p>&laquo;&nbsp;En tant que voix autoproclam&eacute;e des Am&eacute;rindiens du monde entier, le NCAI (National Congress of Americans Indians) et les Commanders ont fait plus qu&rsquo;attaquer l&rsquo;int&eacute;grit&eacute; de la NAGA ; ils ont r&eacute;duit au silence plus de 90 % des Am&eacute;rindiens qui ne sont pas d&rsquo;accord avec eux&nbsp;&raquo;, affirme l&rsquo;action en justice. &laquo;&nbsp;Ils ont &eacute;galement r&eacute;duit les Am&eacute;ricains au silence.&nbsp;&raquo;<\/p><\/blockquote><p>Toute cette affaire remonte probablement lorsque les membres du nouveau groupe de propri&eacute;taires mentionnent l&rsquo;ancien nom de la franchise le jour de la vente de la franchise &agrave; Daniel Snyder. L&rsquo;utilisation du terme a fait na&icirc;tre l&rsquo;hypoth&egrave;se que le nouveau propri&eacute;taire allait essayer de ramener l&rsquo;ancien nom pour sa franchise. Cela a &eacute;galement encourag&eacute; certains &agrave; commencer &agrave; faire pression pour que le nom revienne.<\/p><p>Le terme &laquo;&nbsp;Redskin&nbsp;&raquo; est devenu p&eacute;joratif au fil du temps et la franchise a donc fini par c&eacute;der sous la pression des sponsors &agrave; changer le nom en Washington Football Team pour finalement devenir Washington Commanders.<\/p><p>Affaire &agrave; suivre du c&ocirc;t&eacute; de Washington.<\/p><p>\n<div id=\"attachment_931463\" style=\"width: 310px\" class=\"wp-caption alignnone\"><img loading=\"lazy\" decoding=\"async\" aria-describedby=\"caption-attachment-931463\" class=\"size-medium wp-image-931463\" src=\"https:\/\/theplayoffs.news\/fr\/wp-content\/uploads\/2023\/09\/USATSI_21496191-300x200.jpg\" alt=\"Les Commanders\" width=\"300\" height=\"200\" srcset=\"https:\/\/theplayoffs.news\/fr\/wp-content\/uploads\/2023\/09\/USATSI_21496191-300x200.jpg 300w, https:\/\/theplayoffs.news\/fr\/wp-content\/uploads\/2023\/09\/USATSI_21496191-1030x687.jpg 1030w, https:\/\/theplayoffs.news\/fr\/wp-content\/uploads\/2023\/09\/USATSI_21496191-768x512.jpg 768w, https:\/\/theplayoffs.news\/fr\/wp-content\/uploads\/2023\/09\/USATSI_21496191-1536x1024.jpg 1536w, https:\/\/theplayoffs.news\/fr\/wp-content\/uploads\/2023\/09\/USATSI_21496191-1500x1000.jpg 1500w, https:\/\/theplayoffs.news\/fr\/wp-content\/uploads\/2023\/09\/USATSI_21496191-705x470.jpg 705w, https:\/\/theplayoffs.news\/fr\/wp-content\/uploads\/2023\/09\/USATSI_21496191-1320x880.jpg 1320w, https:\/\/theplayoffs.news\/fr\/wp-content\/uploads\/2023\/09\/USATSI_21496191.jpg 1920w\" sizes=\"auto, (max-width: 300px) 100vw, 300px\" \/><p id=\"caption-attachment-931463\" class=\"wp-caption-text\">Cr&eacute;dit photo : Brad Mills &ndash; USA Today<\/p><\/div>\n<\/p>\n","protected":false},"excerpt":{"rendered":"","protected":false},"author":180310178,"featured_media":931462,"comment_status":"open","ping_status":"closed","sticky":false,"template":"","format":"standard","meta":{"inline_featured_image":false,"kia_subtitle":"","_mux_skip_reasons":[],"proofreadBy":0,"footnotes":""},"categories":[118,40],"tags":[79,3285,576],"sport":[2785],"saison":[3453],"class_list":["post-931453","post","type-post","status-publish","format-standard","has-post-thumbnail","hentry","category-actualite-nfl","category-nfl","tag-nfl","tag-washington-commanders","tag-washington-redskins","sport-nfl","saison-3453"],"acf":[],"yoast_head":"<!-- This site is optimized with the Yoast SEO plugin v24.2 - https:\/\/yoast.com\/wordpress\/plugins\/seo\/ -->\n<title>Les Commanders vis&eacute;s par une plainte d&#039;une tribu am&eacute;rindienne - The Playoffs FR<\/title>\n<meta name=\"robots\" content=\"index, follow, max-snippet:-1, max-image-preview:large, max-video-preview:-1\" \/>\n<link rel=\"canonical\" href=\"https:\/\/theplayoffs.news\/fr\/actualite-nfl\/commanders-vises-plainte-tribu-amerindienne\/\" \/>\n<meta property=\"og:locale\" content=\"fr_FR\" \/>\n<meta property=\"og:type\" content=\"article\" \/>\n<meta property=\"og:title\" content=\"Les Commanders vis&eacute;s par une plainte d&#039;une tribu am&eacute;rindienne - The Playoffs FR\" \/>\n<meta property=\"og:url\" content=\"https:\/\/theplayoffs.news\/fr\/actualite-nfl\/commanders-vises-plainte-tribu-amerindienne\/\" \/>\n<meta property=\"og:site_name\" content=\"The Playoffs FR\" \/>\n<meta property=\"article:publisher\" content=\"https:\/\/www.facebook.com\/TheFreeAgentFR\/\" \/>\n<meta property=\"article:modified_time\" content=\"2023-09-26T19:13:15+02:00\" \/>\n<meta property=\"og:image\" content=\"https:\/\/theplayoffs.news\/fr\/wp-content\/uploads\/2023\/09\/USATSI_17604884.jpg\" \/>\n\t<meta property=\"og:image:width\" content=\"1920\" \/>\n\t<meta property=\"og:image:height\" content=\"1280\" \/>\n\t<meta property=\"og:image:type\" content=\"image\/jpeg\" \/>\n<meta name=\"author\" content=\"Arthur Berlemont\" \/>\n<meta name=\"twitter:card\" content=\"summary_large_image\" \/>\n<meta name=\"twitter:creator\" content=\"@TheFreeAgentFR\" \/>\n<meta name=\"twitter:site\" content=\"@TheFreeAgentFR\" \/>\n<meta name=\"twitter:label1\" content=\"\u00c9crit par\" \/>\n\t<meta name=\"twitter:data1\" content=\"Arthur Berlemont\" \/>\n\t<meta name=\"twitter:label2\" content=\"Dur\u00e9e de lecture estim\u00e9e\" \/>\n\t<meta name=\"twitter:data2\" content=\"2 minutes\" \/>\n<script type=\"application\/ld+json\" class=\"yoast-schema-graph\">{\"@context\":\"https:\/\/schema.org\",\"@graph\":[{\"@type\":\"WebPage\",\"@id\":\"https:\/\/theplayoffs.news\/fr\/actualite-nfl\/commanders-vises-plainte-tribu-amerindienne\/\",\"url\":\"https:\/\/theplayoffs.news\/fr\/actualite-nfl\/commanders-vises-plainte-tribu-amerindienne\/\",\"name\":\"Les Commanders vis\u00e9s par une plainte d\\\\'une tribu am\u00e9rindienne - The Playoffs FR\",\"isPartOf\":{\"@id\":\"https:\/\/theplayoffs.news\/fr\/#website\"},\"primaryImageOfPage\":{\"@id\":\"https:\/\/theplayoffs.news\/fr\/actualite-nfl\/commanders-vises-plainte-tribu-amerindienne\/#primaryimage\"},\"image\":{\"@id\":\"https:\/\/theplayoffs.news\/fr\/actualite-nfl\/commanders-vises-plainte-tribu-amerindienne\/#primaryimage\"},\"thumbnailUrl\":\"https:\/\/theplayoffs.news\/fr\/wp-content\/uploads\/2023\/09\/USATSI_17604884.jpg\",\"datePublished\":\"2023-09-26T17:00:47+00:00\",\"dateModified\":\"2023-09-26T17:13:15+00:00\",\"author\":{\"@id\":\"https:\/\/theplayoffs.news\/fr\/#\/schema\/person\/b6b04a451dab03a5ab75cec8912e8942\"},\"breadcrumb\":{\"@id\":\"https:\/\/theplayoffs.news\/fr\/actualite-nfl\/commanders-vises-plainte-tribu-amerindienne\/#breadcrumb\"},\"inLanguage\":\"fr-FR\",\"potentialAction\":[{\"@type\":\"ReadAction\",\"target\":[\"https:\/\/theplayoffs.news\/fr\/actualite-nfl\/commanders-vises-plainte-tribu-amerindienne\/\"]}]},{\"@type\":\"ImageObject\",\"inLanguage\":\"fr-FR\",\"@id\":\"https:\/\/theplayoffs.news\/fr\/actualite-nfl\/commanders-vises-plainte-tribu-amerindienne\/#primaryimage\",\"url\":\"https:\/\/theplayoffs.news\/fr\/wp-content\/uploads\/2023\/09\/USATSI_17604884.jpg\",\"contentUrl\":\"https:\/\/theplayoffs.news\/fr\/wp-content\/uploads\/2023\/09\/USATSI_17604884.jpg\",\"width\":1920,\"height\":1280,\"caption\":\"Feb 2, 2022; Landover, MD, USA; A view of the new logos during a press conference revealing the Washington Commanders as the new name for the formerly named Washington Football Team at FedEx Field. Mandatory Credit: Geoff Burke-USA TODAY Sports\"},{\"@type\":\"BreadcrumbList\",\"@id\":\"https:\/\/theplayoffs.news\/fr\/actualite-nfl\/commanders-vises-plainte-tribu-amerindienne\/#breadcrumb\",\"itemListElement\":[{\"@type\":\"ListItem\",\"position\":1,\"name\":\"Accueil\",\"item\":\"https:\/\/theplayoffs.news\/fr\/\"},{\"@type\":\"ListItem\",\"position\":2,\"name\":\"Les Commanders vis\u00e9s par une plainte d&rsquo;une tribu am\u00e9rindienne\"}]},{\"@type\":\"WebSite\",\"@id\":\"https:\/\/theplayoffs.news\/fr\/#website\",\"url\":\"https:\/\/theplayoffs.news\/fr\/\",\"name\":\"The Playoffs FR\",\"description\":\"NBA-NFL-NHL-MLB\",\"potentialAction\":[{\"@type\":\"SearchAction\",\"target\":{\"@type\":\"EntryPoint\",\"urlTemplate\":\"https:\/\/theplayoffs.news\/fr\/?s={search_term_string}\"},\"query-input\":{\"@type\":\"PropertyValueSpecification\",\"valueRequired\":true,\"valueName\":\"search_term_string\"}}],\"inLanguage\":\"fr-FR\"},{\"@type\":\"Person\",\"@id\":\"https:\/\/theplayoffs.news\/fr\/#\/schema\/person\/b6b04a451dab03a5ab75cec8912e8942\",\"name\":\"Arthur Berlemont\",\"image\":{\"@type\":\"ImageObject\",\"inLanguage\":\"fr-FR\",\"@id\":\"https:\/\/theplayoffs.news\/fr\/#\/schema\/person\/image\/\",\"url\":\"https:\/\/secure.gravatar.com\/avatar\/19ddab1d62ab0a19b186b86cee130432b120dd6f085625a6a6757dd1aa90a5f3?s=96&d=mm&r=g\",\"contentUrl\":\"https:\/\/secure.gravatar.com\/avatar\/19ddab1d62ab0a19b186b86cee130432b120dd6f085625a6a6757dd1aa90a5f3?s=96&d=mm&r=g\",\"caption\":\"Arthur Berlemont\"},\"description\":\"Etudiant passionn\u00e9 de sport, avant tout m\u00e9caniques, j\\\\'ai d\u00e9couvert les sports US il y a quelques ann\u00e9es. J\\\\'ai tout de suite accroch\u00e9 pour la ville de Cincinnati et ses franchises de NFL et MLB. Aujourd\\\\'hui, je suis l\u00e0 par passion dans la r\u00e9daction d\\\\'articles sur divers sports que j\\\\'affectionne.\",\"url\":\"https:\/\/theplayoffs.news\/fr\/author\/arthur-berlemontgmail-com\/\"}]}<\/script>\n<!-- \/ Yoast SEO plugin. -->","yoast_head_json":{"title":"Les Commanders vis&eacute;s par une plainte d&#039;une tribu am&eacute;rindienne - The Playoffs FR","robots":{"index":"index","follow":"follow","max-snippet":"max-snippet:-1","max-image-preview":"max-image-preview:large","max-video-preview":"max-video-preview:-1"},"canonical":"https:\/\/theplayoffs.news\/fr\/actualite-nfl\/commanders-vises-plainte-tribu-amerindienne\/","og_locale":"fr_FR","og_type":"article","og_title":"Les Commanders vis&eacute;s par une plainte d&#039;une tribu am&eacute;rindienne - The Playoffs FR","og_url":"https:\/\/theplayoffs.news\/fr\/actualite-nfl\/commanders-vises-plainte-tribu-amerindienne\/","og_site_name":"The Playoffs FR","article_publisher":"https:\/\/www.facebook.com\/TheFreeAgentFR\/","article_modified_time":"2023-09-26T17:13:15+00:00","og_image":[{"width":1920,"height":1280,"url":"https:\/\/theplayoffs.news\/fr\/wp-content\/uploads\/2023\/09\/USATSI_17604884.jpg","type":"image\/jpeg"}],"author":"Arthur Berlemont","twitter_card":"summary_large_image","twitter_creator":"@TheFreeAgentFR","twitter_site":"@TheFreeAgentFR","twitter_misc":{"\u00c9crit par":"Arthur Berlemont","Dur\u00e9e de lecture estim\u00e9e":"2 minutes"},"schema":{"@context":"https:\/\/schema.org","@graph":[{"@type":"WebPage","@id":"https:\/\/theplayoffs.news\/fr\/actualite-nfl\/commanders-vises-plainte-tribu-amerindienne\/","url":"https:\/\/theplayoffs.news\/fr\/actualite-nfl\/commanders-vises-plainte-tribu-amerindienne\/","name":"Les Commanders vis\u00e9s par une plainte d\\'une tribu am\u00e9rindienne - The Playoffs FR","isPartOf":{"@id":"https:\/\/theplayoffs.news\/fr\/#website"},"primaryImageOfPage":{"@id":"https:\/\/theplayoffs.news\/fr\/actualite-nfl\/commanders-vises-plainte-tribu-amerindienne\/#primaryimage"},"image":{"@id":"https:\/\/theplayoffs.news\/fr\/actualite-nfl\/commanders-vises-plainte-tribu-amerindienne\/#primaryimage"},"thumbnailUrl":"https:\/\/theplayoffs.news\/fr\/wp-content\/uploads\/2023\/09\/USATSI_17604884.jpg","datePublished":"2023-09-26T17:00:47+00:00","dateModified":"2023-09-26T17:13:15+00:00","author":{"@id":"https:\/\/theplayoffs.news\/fr\/#\/schema\/person\/b6b04a451dab03a5ab75cec8912e8942"},"breadcrumb":{"@id":"https:\/\/theplayoffs.news\/fr\/actualite-nfl\/commanders-vises-plainte-tribu-amerindienne\/#breadcrumb"},"inLanguage":"fr-FR","potentialAction":[{"@type":"ReadAction","target":["https:\/\/theplayoffs.news\/fr\/actualite-nfl\/commanders-vises-plainte-tribu-amerindienne\/"]}]},{"@type":"ImageObject","inLanguage":"fr-FR","@id":"https:\/\/theplayoffs.news\/fr\/actualite-nfl\/commanders-vises-plainte-tribu-amerindienne\/#primaryimage","url":"https:\/\/theplayoffs.news\/fr\/wp-content\/uploads\/2023\/09\/USATSI_17604884.jpg","contentUrl":"https:\/\/theplayoffs.news\/fr\/wp-content\/uploads\/2023\/09\/USATSI_17604884.jpg","width":1920,"height":1280,"caption":"Feb 2, 2022; Landover, MD, USA; A view of the new logos during a press conference revealing the Washington Commanders as the new name for the formerly named Washington Football Team at FedEx Field. Mandatory Credit: Geoff Burke-USA TODAY Sports"},{"@type":"BreadcrumbList","@id":"https:\/\/theplayoffs.news\/fr\/actualite-nfl\/commanders-vises-plainte-tribu-amerindienne\/#breadcrumb","itemListElement":[{"@type":"ListItem","position":1,"name":"Accueil","item":"https:\/\/theplayoffs.news\/fr\/"},{"@type":"ListItem","position":2,"name":"Les Commanders vis\u00e9s par une plainte d&rsquo;une tribu am\u00e9rindienne"}]},{"@type":"WebSite","@id":"https:\/\/theplayoffs.news\/fr\/#website","url":"https:\/\/theplayoffs.news\/fr\/","name":"The Playoffs FR","description":"NBA-NFL-NHL-MLB","potentialAction":[{"@type":"SearchAction","target":{"@type":"EntryPoint","urlTemplate":"https:\/\/theplayoffs.news\/fr\/?s={search_term_string}"},"query-input":{"@type":"PropertyValueSpecification","valueRequired":true,"valueName":"search_term_string"}}],"inLanguage":"fr-FR"},{"@type":"Person","@id":"https:\/\/theplayoffs.news\/fr\/#\/schema\/person\/b6b04a451dab03a5ab75cec8912e8942","name":"Arthur Berlemont","image":{"@type":"ImageObject","inLanguage":"fr-FR","@id":"https:\/\/theplayoffs.news\/fr\/#\/schema\/person\/image\/","url":"https:\/\/secure.gravatar.com\/avatar\/19ddab1d62ab0a19b186b86cee130432b120dd6f085625a6a6757dd1aa90a5f3?s=96&d=mm&r=g","contentUrl":"https:\/\/secure.gravatar.com\/avatar\/19ddab1d62ab0a19b186b86cee130432b120dd6f085625a6a6757dd1aa90a5f3?s=96&d=mm&r=g","caption":"Arthur Berlemont"},"description":"Etudiant passionn\u00e9 de sport, avant tout m\u00e9caniques, j\\'ai d\u00e9couvert les sports US il y a quelques ann\u00e9es. J\\'ai tout de suite accroch\u00e9 pour la ville de Cincinnati et ses franchises de NFL et MLB. Aujourd\\'hui, je suis l\u00e0 par passion dans la r\u00e9daction d\\'articles sur divers sports que j\\'affectionne.","url":"https:\/\/theplayoffs.news\/fr\/author\/arthur-berlemontgmail-com\/"}]}},"_links":{"self":[{"href":"https:\/\/theplayoffs.news\/fr\/wp-json\/wp\/v2\/posts\/931453","targetHints":{"allow":["GET"]}}],"collection":[{"href":"https:\/\/theplayoffs.news\/fr\/wp-json\/wp\/v2\/posts"}],"about":[{"href":"https:\/\/theplayoffs.news\/fr\/wp-json\/wp\/v2\/types\/post"}],"author":[{"embeddable":true,"href":"https:\/\/theplayoffs.news\/fr\/wp-json\/wp\/v2\/users\/180310178"}],"replies":[{"embeddable":true,"href":"https:\/\/theplayoffs.news\/fr\/wp-json\/wp\/v2\/comments?post=931453"}],"version-history":[{"count":5,"href":"https:\/\/theplayoffs.news\/fr\/wp-json\/wp\/v2\/posts\/931453\/revisions"}],"predecessor-version":[{"id":931467,"href":"https:\/\/theplayoffs.news\/fr\/wp-json\/wp\/v2\/posts\/931453\/revisions\/931467"}],"wp:featuredmedia":[{"embeddable":true,"href":"https:\/\/theplayoffs.news\/fr\/wp-json\/wp\/v2\/media\/931462"}],"wp:attachment":[{"href":"https:\/\/theplayoffs.news\/fr\/wp-json\/wp\/v2\/media?parent=931453"}],"wp:term":[{"taxonomy":"category","embeddable":true,"href":"https:\/\/theplayoffs.news\/fr\/wp-json\/wp\/v2\/categories?post=931453"},{"taxonomy":"post_tag","embeddable":true,"href":"https:\/\/theplayoffs.news\/fr\/wp-json\/wp\/v2\/tags?post=931453"},{"taxonomy":"sport","embeddable":true,"href":"https:\/\/theplayoffs.news\/fr\/wp-json\/wp\/v2\/sport?post=931453"},{"taxonomy":"saison","embeddable":true,"href":"https:\/\/theplayoffs.news\/fr\/wp-json\/wp\/v2\/saison?post=931453"}],"curies":[{"name":"wp","href":"https:\/\/api.w.org\/{rel}","templated":true}]}}