{"id":924572,"date":"2023-09-24T16:23:16","date_gmt":"2023-09-24T14:23:16","guid":{"rendered":"https:\/\/theplayoffs.news\/fr\/?p=924572"},"modified":"2023-09-24T16:23:43","modified_gmt":"2023-09-24T14:23:43","slug":"super-bowl-lviii-le-show-mi-temps-usher","status":"publish","type":"post","link":"https:\/\/theplayoffs.news\/fr\/actualite-nfl\/super-bowl-lviii-le-show-mi-temps-usher\/","title":{"rendered":"Super Bowl LVIII: Le show de la mi-temps sera assur\u00e9 par&#8230; Usher"},"content":{"rendered":"<h2>Comme depuis deux ans, la NFL et Apple Music ont annonc&eacute; ce 24 septembre le nom de l&rsquo;artiste qui chantera pendant le Super Bowl. Et pour ce Super Bowl LVIII ce sera Usher<\/h2><p>Le show de la mi-temps est toujours un moment particuli&egrave;rement attendu par les amoureux de musique du monde entier et celui du <a href=\"https:\/\/theplayoffs.news\/fr\/paris-sportifs\/les-favoris-de-la-saison-nfl-2023-et-du-super-bowl-lviii-cotes-davant-saison\/\" class=\"trk-cta-link\" data-cta-trk='{\"ctaType\":\"Link\",\"ctaSubType\":\"main\"}'>Super Bowl LVIII<\/a> qui se d&eacute;roulera le 11 f&eacute;vrier 2024 &agrave; Las Vegas ne devrait pas faire exception. Apr&egrave;s Snoop Dog et ses amis lors de la saison 2021 et Rihanna la saison derni&egrave;re, ce sera au tour de Usher de se produire lors du Super Bowl LVIII comme l&rsquo;ont annonc&eacute; la NFL et Apple Music ce dimanche.<\/p><blockquote class=\"twitter-tweet\" data-width=\"500\" data-dnt=\"true\">\n<p lang=\"en\" dir=\"ltr\">&ldquo;It's an honor of a lifetime to finally check a Super Bowl performance off my bucket list,&rdquo; Usher said. &ldquo;I can't wait to bring the world a show unlike anything else they've seen from me before. Thank you to the fans and everyone who made this opportunity happen. I'll see you real&hellip; <a href=\"https:\/\/t.co\/WegW7uv4vy\" class=\"trk-cta-link\" data-cta-trk='{\"ctaType\":\"Link\",\"ctaSubType\":\"main\"}'>pic.twitter.com\/WegW7uv4vy<\/a><\/p>\n<p>&mdash; Adam Schefter (@AdamSchefter) <a href=\"https:\/\/twitter.com\/AdamSchefter\/status\/1705941586171810202?ref_src=twsrc%5Etfw\" class=\"trk-cta-link\" data-cta-trk='{\"ctaType\":\"Link\",\"ctaSubType\":\"main\"}'>September 24, 2023<\/a><\/p><\/blockquote><p><script async src=\"https:\/\/platform.twitter.com\/widgets.js\" charset=\"utf-8\"><\/script><\/p><p>Usher<\/p><p>N&eacute; au Texas il y a 44 ans, <a href=\"https:\/\/fr.wikipedia.org\/wiki\/Usher\" class=\"trk-cta-link\" data-cta-trk='{\"ctaType\":\"Link\",\"ctaSubType\":\"main\"}'>Usher<\/a> est connu dans le monde entier comme un formidable showman. C&rsquo;est &agrave; la fin des ann&eacute;es 1990 que Usher commence &agrave; se faire conna&icirc;tre. Il embrassera ensuite les pistes de dance du monde entier avec son succ&egrave;s plan&eacute;taire <em>Yeah!&nbsp;<\/em>lors de l&rsquo;ann&eacute;e 2004. Laur&eacute;at de plusieurs Grammy Awards, le chanteur am&eacute;ricain aura vendu plus de 80 millions d&rsquo;album pendant ses plus de 25 ans de carri&egrave;re. Le chanteur s&rsquo;&eacute;tait aussi produit &agrave; la mi-temps du All-Star Game de NBA en 2022.<\/p><p>M&ecirc;me si la performance d&rsquo;Usher lors du Super Bowl LVIII n&rsquo;est que dans quelques mois, le chanteur de 44 ans s&rsquo;est d&eacute;j&agrave; montr&eacute; tr&egrave;s heureux de sa nomination pour le show de la mi-temps en d&eacute;clarant que sa pr&eacute;sence sur le terrain du Super Bowl serait &laquo;&nbsp;l&rsquo;honneur de toute une vie&nbsp;&raquo;. Il ne reste plus maintenant qu&rsquo;&agrave; conna&icirc;tre l&rsquo;affiche et les deux &eacute;quipes qui s&rsquo;affronteront sur le terrain sur lequel se produira Usher. Mais pour cela il faudra attendre encore 4 mois&hellip;<\/p><p><em>Cr&eacute;dit photo: Kyle Terada-USA TODAY Sports<\/em><\/p>\n","protected":false},"excerpt":{"rendered":"","protected":false},"author":180309964,"featured_media":924637,"comment_status":"open","ping_status":"closed","sticky":false,"template":"","format":"standard","meta":{"inline_featured_image":false,"kia_subtitle":"","_mux_skip_reasons":[],"proofreadBy":0,"footnotes":""},"categories":[118,40],"tags":[6475,5495,6474],"sport":[2785],"saison":[3453],"class_list":["post-924572","post","type-post","status-publish","format-standard","has-post-thumbnail","hentry","category-actualite-nfl","category-nfl","tag-halftime-sow","tag-super-bowl-lviii","tag-usher","sport-nfl","saison-3453"],"acf":[],"yoast_head":"<!-- This site is optimized with the Yoast SEO plugin v24.2 - https:\/\/yoast.com\/wordpress\/plugins\/seo\/ -->\n<title>Super Bowl LVIII: Le show de la mi-temps sera assur&eacute; par... Usher - The Playoffs FR<\/title>\n<meta name=\"robots\" content=\"index, follow, max-snippet:-1, max-image-preview:large, max-video-preview:-1\" \/>\n<link rel=\"canonical\" href=\"https:\/\/theplayoffs.news\/fr\/actualite-nfl\/super-bowl-lviii-le-show-mi-temps-usher\/\" \/>\n<meta property=\"og:locale\" content=\"fr_FR\" \/>\n<meta property=\"og:type\" content=\"article\" \/>\n<meta property=\"og:title\" content=\"Super Bowl LVIII: Le show de la mi-temps sera assur&eacute; par... Usher - The Playoffs FR\" \/>\n<meta property=\"og:url\" content=\"https:\/\/theplayoffs.news\/fr\/actualite-nfl\/super-bowl-lviii-le-show-mi-temps-usher\/\" \/>\n<meta property=\"og:site_name\" content=\"The Playoffs FR\" \/>\n<meta property=\"article:publisher\" content=\"https:\/\/www.facebook.com\/TheFreeAgentFR\/\" \/>\n<meta property=\"article:modified_time\" content=\"2023-09-24T16:23:43+02:00\" \/>\n<meta property=\"og:image\" content=\"https:\/\/theplayoffs.news\/fr\/wp-content\/uploads\/2023\/09\/USATSI_18150346.jpg\" \/>\n\t<meta property=\"og:image:width\" content=\"1920\" \/>\n\t<meta property=\"og:image:height\" content=\"1280\" \/>\n\t<meta property=\"og:image:type\" content=\"image\/jpeg\" \/>\n<meta name=\"author\" content=\"Flavien Jumeau\" \/>\n<meta name=\"twitter:card\" content=\"summary_large_image\" \/>\n<meta name=\"twitter:creator\" content=\"@TheFreeAgentFR\" \/>\n<meta name=\"twitter:site\" content=\"@TheFreeAgentFR\" \/>\n<meta name=\"twitter:label1\" content=\"\u00c9crit par\" \/>\n\t<meta name=\"twitter:data1\" content=\"Flavien Jumeau\" \/>\n\t<meta name=\"twitter:label2\" content=\"Dur\u00e9e de lecture estim\u00e9e\" \/>\n\t<meta name=\"twitter:data2\" content=\"2 minutes\" \/>\n<script type=\"application\/ld+json\" class=\"yoast-schema-graph\">{\"@context\":\"https:\/\/schema.org\",\"@graph\":[{\"@type\":\"WebPage\",\"@id\":\"https:\/\/theplayoffs.news\/fr\/actualite-nfl\/super-bowl-lviii-le-show-mi-temps-usher\/\",\"url\":\"https:\/\/theplayoffs.news\/fr\/actualite-nfl\/super-bowl-lviii-le-show-mi-temps-usher\/\",\"name\":\"Super Bowl LVIII: Le show de la mi-temps sera assur\u00e9 par... Usher - The Playoffs FR\",\"isPartOf\":{\"@id\":\"https:\/\/theplayoffs.news\/fr\/#website\"},\"primaryImageOfPage\":{\"@id\":\"https:\/\/theplayoffs.news\/fr\/actualite-nfl\/super-bowl-lviii-le-show-mi-temps-usher\/#primaryimage\"},\"image\":{\"@id\":\"https:\/\/theplayoffs.news\/fr\/actualite-nfl\/super-bowl-lviii-le-show-mi-temps-usher\/#primaryimage\"},\"thumbnailUrl\":\"https:\/\/theplayoffs.news\/fr\/wp-content\/uploads\/2023\/09\/USATSI_18150346.jpg\",\"datePublished\":\"2023-09-24T14:23:16+00:00\",\"dateModified\":\"2023-09-24T14:23:43+00:00\",\"author\":{\"@id\":\"https:\/\/theplayoffs.news\/fr\/#\/schema\/person\/def63bc6746dc5957469b75feb99e66d\"},\"breadcrumb\":{\"@id\":\"https:\/\/theplayoffs.news\/fr\/actualite-nfl\/super-bowl-lviii-le-show-mi-temps-usher\/#breadcrumb\"},\"inLanguage\":\"fr-FR\",\"potentialAction\":[{\"@type\":\"ReadAction\",\"target\":[\"https:\/\/theplayoffs.news\/fr\/actualite-nfl\/super-bowl-lviii-le-show-mi-temps-usher\/\"]}]},{\"@type\":\"ImageObject\",\"inLanguage\":\"fr-FR\",\"@id\":\"https:\/\/theplayoffs.news\/fr\/actualite-nfl\/super-bowl-lviii-le-show-mi-temps-usher\/#primaryimage\",\"url\":\"https:\/\/theplayoffs.news\/fr\/wp-content\/uploads\/2023\/09\/USATSI_18150346.jpg\",\"contentUrl\":\"https:\/\/theplayoffs.news\/fr\/wp-content\/uploads\/2023\/09\/USATSI_18150346.jpg\",\"width\":1920,\"height\":1280,\"caption\":\"February 20, 2022; Cleveland, Ohio, USA; American singer Usher during halftime in the 2022 NBA All-Star Game at Rocket Mortgage FieldHouse. Mandatory Credit: Kyle Terada-USA TODAY Sports\"},{\"@type\":\"BreadcrumbList\",\"@id\":\"https:\/\/theplayoffs.news\/fr\/actualite-nfl\/super-bowl-lviii-le-show-mi-temps-usher\/#breadcrumb\",\"itemListElement\":[{\"@type\":\"ListItem\",\"position\":1,\"name\":\"Accueil\",\"item\":\"https:\/\/theplayoffs.news\/fr\/\"},{\"@type\":\"ListItem\",\"position\":2,\"name\":\"Super Bowl LVIII: Le show de la mi-temps sera assur\u00e9 par&#8230; Usher\"}]},{\"@type\":\"WebSite\",\"@id\":\"https:\/\/theplayoffs.news\/fr\/#website\",\"url\":\"https:\/\/theplayoffs.news\/fr\/\",\"name\":\"The Playoffs FR\",\"description\":\"NBA-NFL-NHL-MLB\",\"potentialAction\":[{\"@type\":\"SearchAction\",\"target\":{\"@type\":\"EntryPoint\",\"urlTemplate\":\"https:\/\/theplayoffs.news\/fr\/?s={search_term_string}\"},\"query-input\":{\"@type\":\"PropertyValueSpecification\",\"valueRequired\":true,\"valueName\":\"search_term_string\"}}],\"inLanguage\":\"fr-FR\"},{\"@type\":\"Person\",\"@id\":\"https:\/\/theplayoffs.news\/fr\/#\/schema\/person\/def63bc6746dc5957469b75feb99e66d\",\"name\":\"Flavien Jumeau\",\"image\":{\"@type\":\"ImageObject\",\"inLanguage\":\"fr-FR\",\"@id\":\"https:\/\/theplayoffs.news\/fr\/#\/schema\/person\/image\/\",\"url\":\"https:\/\/secure.gravatar.com\/avatar\/e7fa8ba5a4b7e4ce35fe152f083f352db28ad0acce692004ed88a7a7d78893f7?s=96&d=mm&r=g\",\"contentUrl\":\"https:\/\/secure.gravatar.com\/avatar\/e7fa8ba5a4b7e4ce35fe152f083f352db28ad0acce692004ed88a7a7d78893f7?s=96&d=mm&r=g\",\"caption\":\"Flavien Jumeau\"},\"description\":\"Amoureux du sport (et de vraiment tous les sports) depuis mon plus jeune \u00e2ge, j\u2019ai longtemps h\u00e9site entre le snooker et le curling. Finalement c\u2019est le foot US que j\u2019ai d\u00e9cid\u00e9 de choisir! Responsable foot US sur TPO et animateur du podcast Tailgate j\u2019ai pour mission de vous faire d\u00e9couvrir ce sport passionnant si ce n\u2019est pas encore fait et de vous donner les derni\u00e8res actus. Le tout dans la bonne humeur et avec toujours un jeu de mots ou deux savamment distill\u00e9s! Fan des Saints, pour moi Drew Brees est le vrai GOAT!\",\"url\":\"https:\/\/theplayoffs.news\/fr\/author\/flavien-jumeaugmail-com\/\"}]}<\/script>\n<!-- \/ Yoast SEO plugin. -->","yoast_head_json":{"title":"Super Bowl LVIII: Le show de la mi-temps sera assur&eacute; par... Usher - The Playoffs FR","robots":{"index":"index","follow":"follow","max-snippet":"max-snippet:-1","max-image-preview":"max-image-preview:large","max-video-preview":"max-video-preview:-1"},"canonical":"https:\/\/theplayoffs.news\/fr\/actualite-nfl\/super-bowl-lviii-le-show-mi-temps-usher\/","og_locale":"fr_FR","og_type":"article","og_title":"Super Bowl LVIII: Le show de la mi-temps sera assur&eacute; par... Usher - The Playoffs FR","og_url":"https:\/\/theplayoffs.news\/fr\/actualite-nfl\/super-bowl-lviii-le-show-mi-temps-usher\/","og_site_name":"The Playoffs FR","article_publisher":"https:\/\/www.facebook.com\/TheFreeAgentFR\/","article_modified_time":"2023-09-24T14:23:43+00:00","og_image":[{"width":1920,"height":1280,"url":"https:\/\/theplayoffs.news\/fr\/wp-content\/uploads\/2023\/09\/USATSI_18150346.jpg","type":"image\/jpeg"}],"author":"Flavien Jumeau","twitter_card":"summary_large_image","twitter_creator":"@TheFreeAgentFR","twitter_site":"@TheFreeAgentFR","twitter_misc":{"\u00c9crit par":"Flavien Jumeau","Dur\u00e9e de lecture estim\u00e9e":"2 minutes"},"schema":{"@context":"https:\/\/schema.org","@graph":[{"@type":"WebPage","@id":"https:\/\/theplayoffs.news\/fr\/actualite-nfl\/super-bowl-lviii-le-show-mi-temps-usher\/","url":"https:\/\/theplayoffs.news\/fr\/actualite-nfl\/super-bowl-lviii-le-show-mi-temps-usher\/","name":"Super Bowl LVIII: Le show de la mi-temps sera assur\u00e9 par... Usher - The Playoffs FR","isPartOf":{"@id":"https:\/\/theplayoffs.news\/fr\/#website"},"primaryImageOfPage":{"@id":"https:\/\/theplayoffs.news\/fr\/actualite-nfl\/super-bowl-lviii-le-show-mi-temps-usher\/#primaryimage"},"image":{"@id":"https:\/\/theplayoffs.news\/fr\/actualite-nfl\/super-bowl-lviii-le-show-mi-temps-usher\/#primaryimage"},"thumbnailUrl":"https:\/\/theplayoffs.news\/fr\/wp-content\/uploads\/2023\/09\/USATSI_18150346.jpg","datePublished":"2023-09-24T14:23:16+00:00","dateModified":"2023-09-24T14:23:43+00:00","author":{"@id":"https:\/\/theplayoffs.news\/fr\/#\/schema\/person\/def63bc6746dc5957469b75feb99e66d"},"breadcrumb":{"@id":"https:\/\/theplayoffs.news\/fr\/actualite-nfl\/super-bowl-lviii-le-show-mi-temps-usher\/#breadcrumb"},"inLanguage":"fr-FR","potentialAction":[{"@type":"ReadAction","target":["https:\/\/theplayoffs.news\/fr\/actualite-nfl\/super-bowl-lviii-le-show-mi-temps-usher\/"]}]},{"@type":"ImageObject","inLanguage":"fr-FR","@id":"https:\/\/theplayoffs.news\/fr\/actualite-nfl\/super-bowl-lviii-le-show-mi-temps-usher\/#primaryimage","url":"https:\/\/theplayoffs.news\/fr\/wp-content\/uploads\/2023\/09\/USATSI_18150346.jpg","contentUrl":"https:\/\/theplayoffs.news\/fr\/wp-content\/uploads\/2023\/09\/USATSI_18150346.jpg","width":1920,"height":1280,"caption":"February 20, 2022; Cleveland, Ohio, USA; American singer Usher during halftime in the 2022 NBA All-Star Game at Rocket Mortgage FieldHouse. Mandatory Credit: Kyle Terada-USA TODAY Sports"},{"@type":"BreadcrumbList","@id":"https:\/\/theplayoffs.news\/fr\/actualite-nfl\/super-bowl-lviii-le-show-mi-temps-usher\/#breadcrumb","itemListElement":[{"@type":"ListItem","position":1,"name":"Accueil","item":"https:\/\/theplayoffs.news\/fr\/"},{"@type":"ListItem","position":2,"name":"Super Bowl LVIII: Le show de la mi-temps sera assur\u00e9 par&#8230; Usher"}]},{"@type":"WebSite","@id":"https:\/\/theplayoffs.news\/fr\/#website","url":"https:\/\/theplayoffs.news\/fr\/","name":"The Playoffs FR","description":"NBA-NFL-NHL-MLB","potentialAction":[{"@type":"SearchAction","target":{"@type":"EntryPoint","urlTemplate":"https:\/\/theplayoffs.news\/fr\/?s={search_term_string}"},"query-input":{"@type":"PropertyValueSpecification","valueRequired":true,"valueName":"search_term_string"}}],"inLanguage":"fr-FR"},{"@type":"Person","@id":"https:\/\/theplayoffs.news\/fr\/#\/schema\/person\/def63bc6746dc5957469b75feb99e66d","name":"Flavien Jumeau","image":{"@type":"ImageObject","inLanguage":"fr-FR","@id":"https:\/\/theplayoffs.news\/fr\/#\/schema\/person\/image\/","url":"https:\/\/secure.gravatar.com\/avatar\/e7fa8ba5a4b7e4ce35fe152f083f352db28ad0acce692004ed88a7a7d78893f7?s=96&d=mm&r=g","contentUrl":"https:\/\/secure.gravatar.com\/avatar\/e7fa8ba5a4b7e4ce35fe152f083f352db28ad0acce692004ed88a7a7d78893f7?s=96&d=mm&r=g","caption":"Flavien Jumeau"},"description":"Amoureux du sport (et de vraiment tous les sports) depuis mon plus jeune \u00e2ge, j\u2019ai longtemps h\u00e9site entre le snooker et le curling. Finalement c\u2019est le foot US que j\u2019ai d\u00e9cid\u00e9 de choisir! Responsable foot US sur TPO et animateur du podcast Tailgate j\u2019ai pour mission de vous faire d\u00e9couvrir ce sport passionnant si ce n\u2019est pas encore fait et de vous donner les derni\u00e8res actus. Le tout dans la bonne humeur et avec toujours un jeu de mots ou deux savamment distill\u00e9s! Fan des Saints, pour moi Drew Brees est le vrai GOAT!","url":"https:\/\/theplayoffs.news\/fr\/author\/flavien-jumeaugmail-com\/"}]}},"_links":{"self":[{"href":"https:\/\/theplayoffs.news\/fr\/wp-json\/wp\/v2\/posts\/924572","targetHints":{"allow":["GET"]}}],"collection":[{"href":"https:\/\/theplayoffs.news\/fr\/wp-json\/wp\/v2\/posts"}],"about":[{"href":"https:\/\/theplayoffs.news\/fr\/wp-json\/wp\/v2\/types\/post"}],"author":[{"embeddable":true,"href":"https:\/\/theplayoffs.news\/fr\/wp-json\/wp\/v2\/users\/180309964"}],"replies":[{"embeddable":true,"href":"https:\/\/theplayoffs.news\/fr\/wp-json\/wp\/v2\/comments?post=924572"}],"version-history":[{"count":4,"href":"https:\/\/theplayoffs.news\/fr\/wp-json\/wp\/v2\/posts\/924572\/revisions"}],"predecessor-version":[{"id":924670,"href":"https:\/\/theplayoffs.news\/fr\/wp-json\/wp\/v2\/posts\/924572\/revisions\/924670"}],"wp:featuredmedia":[{"embeddable":true,"href":"https:\/\/theplayoffs.news\/fr\/wp-json\/wp\/v2\/media\/924637"}],"wp:attachment":[{"href":"https:\/\/theplayoffs.news\/fr\/wp-json\/wp\/v2\/media?parent=924572"}],"wp:term":[{"taxonomy":"category","embeddable":true,"href":"https:\/\/theplayoffs.news\/fr\/wp-json\/wp\/v2\/categories?post=924572"},{"taxonomy":"post_tag","embeddable":true,"href":"https:\/\/theplayoffs.news\/fr\/wp-json\/wp\/v2\/tags?post=924572"},{"taxonomy":"sport","embeddable":true,"href":"https:\/\/theplayoffs.news\/fr\/wp-json\/wp\/v2\/sport?post=924572"},{"taxonomy":"saison","embeddable":true,"href":"https:\/\/theplayoffs.news\/fr\/wp-json\/wp\/v2\/saison?post=924572"}],"curies":[{"name":"wp","href":"https:\/\/api.w.org\/{rel}","templated":true}]}}