{"id":922359,"date":"2023-09-24T07:30:29","date_gmt":"2023-09-24T05:30:29","guid":{"rendered":"https:\/\/theplayoffs.news\/fr\/?p=922359"},"modified":"2023-09-24T07:30:31","modified_gmt":"2023-09-24T05:30:31","slug":"elf-honors-2023-dauson-dales-first-team","status":"publish","type":"post","link":"https:\/\/theplayoffs.news\/fr\/elf\/elf-honors-2023-dauson-dales-first-team\/","title":{"rendered":"ELF Honors 2023: Dauson Dales (Mousquetaires) dans la First Team All-Star!"},"content":{"rendered":"<h2>Les remises de r&eacute;compenses de la saison 2023 en ELF, les ELF Honors 2023, se tenaient hier soir juste avant le Championship Game qui aura lieu ce dimanche apr&egrave;s-midi.<\/h2><p>A l&rsquo;instar de la NFL qui remet ses troph&eacute;es de saison juste avant le Super Bowl, les ELF Honors 2023 se sont eux aussi tenus juste avant la grande finale du championnat d&rsquo;ELF qui opposera ce dimanche &agrave; 15h30 le <a href=\"https:\/\/theplayoffs.news\/fr\/elf\/championship-game-2023-une-finale-inedite\/\" class=\"trk-cta-link\" data-cta-trk='{\"ctaType\":\"Link\",\"ctaSubType\":\"main\"}'>Rhein Fire au Stuttgart Surge dans l&rsquo;enceinte de Duisbourg<\/a>.<\/p><h3>Deux Mousquetaires &eacute;lus dans les Team All-Star<\/h3><p>Comme tout au long de la saison, notre attention &eacute;tait particuli&egrave;rement tourn&eacute;e vers les Mousquetaires de Paris pour savoir si certains parisiens, qui furent tout de m&ecirc;me tr&egrave;s performants pendant la deuxi&egrave;me moiti&eacute; de la saison, allaient pouvoir r&eacute;cup&eacute;rer quelques r&eacute;compenses. Si ces ELF Honors 2023 n&rsquo;ont pas consacr&eacute; individuellement un joueur des Mousquetaires, deux d&rsquo;entre eux furent nomm&eacute;s au sein des Team All-Star, sorte d&rsquo;<a href=\"https:\/\/europeanleague.football\/news\/elf-all-stars-announced-for-2023-1506\" class=\"trk-cta-link\" data-cta-trk='{\"ctaType\":\"Link\",\"ctaSubType\":\"main\"}'>&eacute;quipe type de la saison 2023 d&rsquo;ELF<\/a>.<\/p><blockquote class=\"twitter-tweet\" data-width=\"500\" data-dnt=\"true\">\n<p lang=\"en\" dir=\"ltr\">Your 2023 ELF 1st &amp; 2nd Team All Stars &#127775; <\/p>\n<p>Read more about the All-Star teams on our website. <a href=\"https:\/\/t.co\/EINf0BdTbv\" class=\"trk-cta-link\" data-cta-trk='{\"ctaType\":\"Link\",\"ctaSubType\":\"main\"}'>https:\/\/t.co\/EINf0BdTbv<\/a> &#128242; <a href=\"https:\/\/t.co\/stIX0Zd3ux\" class=\"trk-cta-link\" data-cta-trk='{\"ctaType\":\"Link\",\"ctaSubType\":\"main\"}'>pic.twitter.com\/stIX0Zd3ux<\/a><\/p>\n<p>&mdash; European League of Football (@ELF_Official) <a href=\"https:\/\/twitter.com\/ELF_Official\/status\/1705618545592136096?ref_src=twsrc%5Etfw\" class=\"trk-cta-link\" data-cta-trk='{\"ctaType\":\"Link\",\"ctaSubType\":\"main\"}'>September 23, 2023<\/a><\/p><\/blockquote><p><script async src=\"https:\/\/platform.twitter.com\/widgets.js\" charset=\"utf-8\"><\/script><\/p><p>Ainsi, dans la 1st Team All-Star, nous retrouvons Dauson Dales! Le linebacker am&eacute;ricain, qui jouait pr&eacute;c&eacute;demment &agrave; Parme en IFL, a r&eacute;ussi une tr&egrave;s jolie saison 2023 et a conduit la d&eacute;fense parisienne lors de cette impressionnante deuxi&egrave;me partie de saison. Il termine cette saison 2023 avec un total de 93 plaquages dont 9 plaquages pour pertes mais aussi 2.5 sacks et <a href=\"https:\/\/twitter.com\/SpringFBnews\/status\/1693219915723952576\" class=\"trk-cta-link\" data-cta-trk='{\"ctaType\":\"Link\",\"ctaSubType\":\"main\"}'>une interception<\/a>. Une premi&egrave;re saison chez les Mousquetaires pleinement r&eacute;ussie donc pour le linebacker am&eacute;ricain.<\/p><blockquote class=\"twitter-tweet\" data-width=\"500\" data-dnt=\"true\">\n<p lang=\"fr\" dir=\"ltr\">&#128064; Interception de Dauson Dales sur une passe d&eacute;vi&eacute;e <a href=\"https:\/\/twitter.com\/hashtag\/PARatHSD?src=hash&amp;ref_src=twsrc%5Etfw\" class=\"trk-cta-link\" data-cta-trk='{\"ctaType\":\"Link\",\"ctaSubType\":\"main\"}'>#PARatHSD<\/a> <a href=\"https:\/\/t.co\/zNfv3X9M6F\" class=\"trk-cta-link\" data-cta-trk='{\"ctaType\":\"Link\",\"ctaSubType\":\"main\"}'>pic.twitter.com\/zNfv3X9M6F<\/a><\/p>\n<p>&mdash; Spring Football News (@SpringFBnews) <a href=\"https:\/\/twitter.com\/SpringFBnews\/status\/1693219915723952576?ref_src=twsrc%5Etfw\" class=\"trk-cta-link\" data-cta-trk='{\"ctaType\":\"Link\",\"ctaSubType\":\"main\"}'>August 20, 2023<\/a><\/p><\/blockquote><p><script async src=\"https:\/\/platform.twitter.com\/widgets.js\" charset=\"utf-8\"><\/script><\/p><p>Mais l&rsquo;attaque des Mousquetaires de Paris fut &eacute;galement mise &agrave; l&rsquo;honneur dans la 2nd Team All-Star lors de ces ELF Honors 2023 avec la pr&eacute;sence au poste de tight end d&rsquo;Adria Botella Moreno. Au cours de cette saison 2023 d&rsquo;ELF, Botella Moreno aura &eacute;t&eacute; une v&eacute;ritable soupape de s&eacute;curit&eacute; pour Zach Edwards. Vis&eacute; 83 fois dans la saison, il r&eacute;ussira 58 r&eacute;ceptions pour 619 yards et 8 touchdowns. Des statistiques qui lui ont donc valu une &eacute;lection dans la deuxi&egrave;me &eacute;quipe type de la saison en ELF.<\/p><p>A noter &eacute;galement hors Mousquetaires, la pr&eacute;sence d&rsquo;Anthony Mahoungou dans la premi&egrave;re &eacute;quipe apr&egrave;s sa saison &eacute;blouissante au Rhein Fire.<\/p><h3>Les r&eacute;compenses individuelles des ELF Honors 2023<\/h3><p>En revanche, aucun Mousquetaires de Paris n&rsquo;aura r&eacute;ussi &agrave; d&eacute;crocher une distinction individuelle lors de ces ELF Honors 2023. Laur&eacute;at du troph&eacute;e de MVP l&rsquo;ann&eacute;e derni&egrave;re, Zach Edwards a du laisser sa couronne &agrave; l&rsquo;in&eacute;vitable Jadrian Clark qui a conduit le Rhein Fire &agrave; une saison sans aucune d&eacute;faite et qui jouera ce dimanche pour tenter d&rsquo;ajouter le titre supr&ecirc;me &agrave; sa magnifique saison. Lors de la saison r&eacute;guli&egrave;re, le quarterback a lanc&eacute; pour 3586 yards et un total de 53 touchdowns pour seulement 7 petites interceptions&hellip; Impressionnant!<\/p><p>Impressionnant c&rsquo;est aussi le terme qui convient pour qualifier la saison de Dawid Brzozowski qui remporte lui le troph&eacute;e de Homegrown Player of the Year lors de ces ELF Honors 2023. Le running back des Panthers de Varsovie a r&eacute;ussi une saison &agrave; plus de 1000 yards &agrave; la course (1116 yards tr&egrave;s pr&eacute;cis&eacute;ment) et 12 touchdowns ce qui a conduit son &eacute;quipe polonaise jusqu&rsquo;aux playoffs.<\/p><p><strong>Voici la liste compl&egrave;te des distinctions distribu&eacute;es lors de ces ELF Honors 2023:<\/strong><\/p><p><strong>MVP:&nbsp;<\/strong>Jadrian Clark (Rhein Fire)<\/p><p><strong>Homegrown of the Year:&nbsp;<\/strong>Dawid Brzozowski (Wroclaw Panthers)<\/p><p><strong>Offensive Player of the Year:&nbsp;<\/strong>Markell Castle (Munich Ravens)<\/p><p><strong>Defensive Player of the Year<\/strong>: Maceo Beard (Helvetic Guards)<\/p><p><strong>Special Team Player of the Year:&nbsp;<\/strong>Devan Burrel (Milano Seamen)<\/p><p><strong>Rookie of the Year:&nbsp;<\/strong>Juan Flores-Calderon (Seamen Milano)<\/p><p><strong>Offensive Rookie of the Year:&nbsp;<\/strong>Ali Khalife (Milano Seamen)<\/p><p><strong>Defensive Rookie of the Year:&nbsp;<\/strong>Timi Nuikka (Wroclaw Panthers)<\/p><p><strong>Coach of the Year:&nbsp;<\/strong>Jim Tomsula (Rhein Fire)<\/p><p><strong>Assistant Coach of the Year:&nbsp;<\/strong>Andrew Weidinger (Rhein Fire)<\/p><p><strong>Man of Honor<\/strong>: Thang Le Minh (Frankfurt Galaxy)<\/p><p>Cette c&eacute;r&eacute;monie des ELF Honors 2023 est donc un pr&eacute;ambule &agrave; la fin de cette saison d&rsquo;ELF qui nous aura tant fait vibrer. Mais n&rsquo;oublions pas qu&rsquo;il reste un dernier match &agrave; admirer ce dimanche 24 septembre 2023 &agrave; 15h30 pour savoir qui du Rhein Fire de Duisbourg ou du Stuttgart Surge deviendra champion de cette saison 2023 d&rsquo;ELF!<\/p>\n","protected":false},"excerpt":{"rendered":"","protected":false},"author":180309964,"featured_media":922525,"comment_status":"open","ping_status":"closed","sticky":false,"template":"","format":"standard","meta":{"inline_featured_image":false,"kia_subtitle":"","_mux_skip_reasons":[],"proofreadBy":0,"footnotes":""},"categories":[5964],"tags":[5993,4833],"sport":[2785],"saison":[3453],"class_list":["post-922359","post","type-post","status-publish","format-standard","has-post-thumbnail","hentry","category-elf","tag-elf-2023","tag-mousquetaires-de-paris","sport-nfl","saison-3453"],"acf":[],"yoast_head":"<!-- This site is optimized with the Yoast SEO plugin v24.2 - https:\/\/yoast.com\/wordpress\/plugins\/seo\/ -->\n<title>ELF Honors 2023: Dauson Dales (Mousquetaires) dans la First Team All-Star! - The Playoffs FR<\/title>\n<meta name=\"robots\" content=\"index, follow, max-snippet:-1, max-image-preview:large, max-video-preview:-1\" \/>\n<link rel=\"canonical\" href=\"https:\/\/theplayoffs.news\/fr\/elf\/elf-honors-2023-dauson-dales-first-team\/\" \/>\n<meta property=\"og:locale\" content=\"fr_FR\" \/>\n<meta property=\"og:type\" content=\"article\" \/>\n<meta property=\"og:title\" content=\"ELF Honors 2023: Dauson Dales (Mousquetaires) dans la First Team All-Star! - The Playoffs FR\" \/>\n<meta property=\"og:url\" content=\"https:\/\/theplayoffs.news\/fr\/elf\/elf-honors-2023-dauson-dales-first-team\/\" \/>\n<meta property=\"og:site_name\" content=\"The Playoffs FR\" \/>\n<meta property=\"article:publisher\" content=\"https:\/\/www.facebook.com\/TheFreeAgentFR\/\" \/>\n<meta property=\"article:modified_time\" content=\"2023-09-24T07:30:31+02:00\" \/>\n<meta property=\"og:image\" content=\"https:\/\/theplayoffs.news\/fr\/wp-content\/uploads\/2023\/09\/Dauson-Dales.jpg\" \/>\n\t<meta property=\"og:image:width\" content=\"643\" \/>\n\t<meta property=\"og:image:height\" content=\"246\" \/>\n\t<meta property=\"og:image:type\" content=\"image\/jpeg\" \/>\n<meta name=\"author\" content=\"Flavien Jumeau\" \/>\n<meta name=\"twitter:card\" content=\"summary_large_image\" \/>\n<meta name=\"twitter:creator\" content=\"@TheFreeAgentFR\" \/>\n<meta name=\"twitter:site\" content=\"@TheFreeAgentFR\" \/>\n<meta name=\"twitter:label1\" content=\"\u00c9crit par\" \/>\n\t<meta name=\"twitter:data1\" content=\"Flavien Jumeau\" \/>\n\t<meta name=\"twitter:label2\" content=\"Dur\u00e9e de lecture estim\u00e9e\" \/>\n\t<meta name=\"twitter:data2\" content=\"3 minutes\" \/>\n<script type=\"application\/ld+json\" class=\"yoast-schema-graph\">{\"@context\":\"https:\/\/schema.org\",\"@graph\":[{\"@type\":\"WebPage\",\"@id\":\"https:\/\/theplayoffs.news\/fr\/elf\/elf-honors-2023-dauson-dales-first-team\/\",\"url\":\"https:\/\/theplayoffs.news\/fr\/elf\/elf-honors-2023-dauson-dales-first-team\/\",\"name\":\"ELF Honors 2023: Dauson Dales (Mousquetaires) dans la First Team All-Star! - The Playoffs FR\",\"isPartOf\":{\"@id\":\"https:\/\/theplayoffs.news\/fr\/#website\"},\"primaryImageOfPage\":{\"@id\":\"https:\/\/theplayoffs.news\/fr\/elf\/elf-honors-2023-dauson-dales-first-team\/#primaryimage\"},\"image\":{\"@id\":\"https:\/\/theplayoffs.news\/fr\/elf\/elf-honors-2023-dauson-dales-first-team\/#primaryimage\"},\"thumbnailUrl\":\"https:\/\/theplayoffs.news\/fr\/wp-content\/uploads\/2023\/09\/Dauson-Dales.jpg\",\"datePublished\":\"2023-09-24T05:30:29+00:00\",\"dateModified\":\"2023-09-24T05:30:31+00:00\",\"author\":{\"@id\":\"https:\/\/theplayoffs.news\/fr\/#\/schema\/person\/def63bc6746dc5957469b75feb99e66d\"},\"breadcrumb\":{\"@id\":\"https:\/\/theplayoffs.news\/fr\/elf\/elf-honors-2023-dauson-dales-first-team\/#breadcrumb\"},\"inLanguage\":\"fr-FR\",\"potentialAction\":[{\"@type\":\"ReadAction\",\"target\":[\"https:\/\/theplayoffs.news\/fr\/elf\/elf-honors-2023-dauson-dales-first-team\/\"]}]},{\"@type\":\"ImageObject\",\"inLanguage\":\"fr-FR\",\"@id\":\"https:\/\/theplayoffs.news\/fr\/elf\/elf-honors-2023-dauson-dales-first-team\/#primaryimage\",\"url\":\"https:\/\/theplayoffs.news\/fr\/wp-content\/uploads\/2023\/09\/Dauson-Dales.jpg\",\"contentUrl\":\"https:\/\/theplayoffs.news\/fr\/wp-content\/uploads\/2023\/09\/Dauson-Dales.jpg\",\"width\":643,\"height\":246,\"caption\":\"ELF Honors 2023 Dauson Dales\"},{\"@type\":\"BreadcrumbList\",\"@id\":\"https:\/\/theplayoffs.news\/fr\/elf\/elf-honors-2023-dauson-dales-first-team\/#breadcrumb\",\"itemListElement\":[{\"@type\":\"ListItem\",\"position\":1,\"name\":\"Accueil\",\"item\":\"https:\/\/theplayoffs.news\/fr\/\"},{\"@type\":\"ListItem\",\"position\":2,\"name\":\"ELF Honors 2023: Dauson Dales (Mousquetaires) dans la First Team All-Star!\"}]},{\"@type\":\"WebSite\",\"@id\":\"https:\/\/theplayoffs.news\/fr\/#website\",\"url\":\"https:\/\/theplayoffs.news\/fr\/\",\"name\":\"The Playoffs FR\",\"description\":\"NBA-NFL-NHL-MLB\",\"potentialAction\":[{\"@type\":\"SearchAction\",\"target\":{\"@type\":\"EntryPoint\",\"urlTemplate\":\"https:\/\/theplayoffs.news\/fr\/?s={search_term_string}\"},\"query-input\":{\"@type\":\"PropertyValueSpecification\",\"valueRequired\":true,\"valueName\":\"search_term_string\"}}],\"inLanguage\":\"fr-FR\"},{\"@type\":\"Person\",\"@id\":\"https:\/\/theplayoffs.news\/fr\/#\/schema\/person\/def63bc6746dc5957469b75feb99e66d\",\"name\":\"Flavien Jumeau\",\"image\":{\"@type\":\"ImageObject\",\"inLanguage\":\"fr-FR\",\"@id\":\"https:\/\/theplayoffs.news\/fr\/#\/schema\/person\/image\/\",\"url\":\"https:\/\/secure.gravatar.com\/avatar\/e7fa8ba5a4b7e4ce35fe152f083f352db28ad0acce692004ed88a7a7d78893f7?s=96&d=mm&r=g\",\"contentUrl\":\"https:\/\/secure.gravatar.com\/avatar\/e7fa8ba5a4b7e4ce35fe152f083f352db28ad0acce692004ed88a7a7d78893f7?s=96&d=mm&r=g\",\"caption\":\"Flavien Jumeau\"},\"description\":\"Amoureux du sport (et de vraiment tous les sports) depuis mon plus jeune \u00e2ge, j\u2019ai longtemps h\u00e9site entre le snooker et le curling. Finalement c\u2019est le foot US que j\u2019ai d\u00e9cid\u00e9 de choisir! Responsable foot US sur TPO et animateur du podcast Tailgate j\u2019ai pour mission de vous faire d\u00e9couvrir ce sport passionnant si ce n\u2019est pas encore fait et de vous donner les derni\u00e8res actus. Le tout dans la bonne humeur et avec toujours un jeu de mots ou deux savamment distill\u00e9s! Fan des Saints, pour moi Drew Brees est le vrai GOAT!\",\"url\":\"https:\/\/theplayoffs.news\/fr\/author\/flavien-jumeaugmail-com\/\"}]}<\/script>\n<!-- \/ Yoast SEO plugin. -->","yoast_head_json":{"title":"ELF Honors 2023: Dauson Dales (Mousquetaires) dans la First Team All-Star! - The Playoffs FR","robots":{"index":"index","follow":"follow","max-snippet":"max-snippet:-1","max-image-preview":"max-image-preview:large","max-video-preview":"max-video-preview:-1"},"canonical":"https:\/\/theplayoffs.news\/fr\/elf\/elf-honors-2023-dauson-dales-first-team\/","og_locale":"fr_FR","og_type":"article","og_title":"ELF Honors 2023: Dauson Dales (Mousquetaires) dans la First Team All-Star! - The Playoffs FR","og_url":"https:\/\/theplayoffs.news\/fr\/elf\/elf-honors-2023-dauson-dales-first-team\/","og_site_name":"The Playoffs FR","article_publisher":"https:\/\/www.facebook.com\/TheFreeAgentFR\/","article_modified_time":"2023-09-24T05:30:31+00:00","og_image":[{"width":643,"height":246,"url":"https:\/\/theplayoffs.news\/fr\/wp-content\/uploads\/2023\/09\/Dauson-Dales.jpg","type":"image\/jpeg"}],"author":"Flavien Jumeau","twitter_card":"summary_large_image","twitter_creator":"@TheFreeAgentFR","twitter_site":"@TheFreeAgentFR","twitter_misc":{"\u00c9crit par":"Flavien Jumeau","Dur\u00e9e de lecture estim\u00e9e":"3 minutes"},"schema":{"@context":"https:\/\/schema.org","@graph":[{"@type":"WebPage","@id":"https:\/\/theplayoffs.news\/fr\/elf\/elf-honors-2023-dauson-dales-first-team\/","url":"https:\/\/theplayoffs.news\/fr\/elf\/elf-honors-2023-dauson-dales-first-team\/","name":"ELF Honors 2023: Dauson Dales (Mousquetaires) dans la First Team All-Star! - The Playoffs FR","isPartOf":{"@id":"https:\/\/theplayoffs.news\/fr\/#website"},"primaryImageOfPage":{"@id":"https:\/\/theplayoffs.news\/fr\/elf\/elf-honors-2023-dauson-dales-first-team\/#primaryimage"},"image":{"@id":"https:\/\/theplayoffs.news\/fr\/elf\/elf-honors-2023-dauson-dales-first-team\/#primaryimage"},"thumbnailUrl":"https:\/\/theplayoffs.news\/fr\/wp-content\/uploads\/2023\/09\/Dauson-Dales.jpg","datePublished":"2023-09-24T05:30:29+00:00","dateModified":"2023-09-24T05:30:31+00:00","author":{"@id":"https:\/\/theplayoffs.news\/fr\/#\/schema\/person\/def63bc6746dc5957469b75feb99e66d"},"breadcrumb":{"@id":"https:\/\/theplayoffs.news\/fr\/elf\/elf-honors-2023-dauson-dales-first-team\/#breadcrumb"},"inLanguage":"fr-FR","potentialAction":[{"@type":"ReadAction","target":["https:\/\/theplayoffs.news\/fr\/elf\/elf-honors-2023-dauson-dales-first-team\/"]}]},{"@type":"ImageObject","inLanguage":"fr-FR","@id":"https:\/\/theplayoffs.news\/fr\/elf\/elf-honors-2023-dauson-dales-first-team\/#primaryimage","url":"https:\/\/theplayoffs.news\/fr\/wp-content\/uploads\/2023\/09\/Dauson-Dales.jpg","contentUrl":"https:\/\/theplayoffs.news\/fr\/wp-content\/uploads\/2023\/09\/Dauson-Dales.jpg","width":643,"height":246,"caption":"ELF Honors 2023 Dauson Dales"},{"@type":"BreadcrumbList","@id":"https:\/\/theplayoffs.news\/fr\/elf\/elf-honors-2023-dauson-dales-first-team\/#breadcrumb","itemListElement":[{"@type":"ListItem","position":1,"name":"Accueil","item":"https:\/\/theplayoffs.news\/fr\/"},{"@type":"ListItem","position":2,"name":"ELF Honors 2023: Dauson Dales (Mousquetaires) dans la First Team All-Star!"}]},{"@type":"WebSite","@id":"https:\/\/theplayoffs.news\/fr\/#website","url":"https:\/\/theplayoffs.news\/fr\/","name":"The Playoffs FR","description":"NBA-NFL-NHL-MLB","potentialAction":[{"@type":"SearchAction","target":{"@type":"EntryPoint","urlTemplate":"https:\/\/theplayoffs.news\/fr\/?s={search_term_string}"},"query-input":{"@type":"PropertyValueSpecification","valueRequired":true,"valueName":"search_term_string"}}],"inLanguage":"fr-FR"},{"@type":"Person","@id":"https:\/\/theplayoffs.news\/fr\/#\/schema\/person\/def63bc6746dc5957469b75feb99e66d","name":"Flavien Jumeau","image":{"@type":"ImageObject","inLanguage":"fr-FR","@id":"https:\/\/theplayoffs.news\/fr\/#\/schema\/person\/image\/","url":"https:\/\/secure.gravatar.com\/avatar\/e7fa8ba5a4b7e4ce35fe152f083f352db28ad0acce692004ed88a7a7d78893f7?s=96&d=mm&r=g","contentUrl":"https:\/\/secure.gravatar.com\/avatar\/e7fa8ba5a4b7e4ce35fe152f083f352db28ad0acce692004ed88a7a7d78893f7?s=96&d=mm&r=g","caption":"Flavien Jumeau"},"description":"Amoureux du sport (et de vraiment tous les sports) depuis mon plus jeune \u00e2ge, j\u2019ai longtemps h\u00e9site entre le snooker et le curling. Finalement c\u2019est le foot US que j\u2019ai d\u00e9cid\u00e9 de choisir! Responsable foot US sur TPO et animateur du podcast Tailgate j\u2019ai pour mission de vous faire d\u00e9couvrir ce sport passionnant si ce n\u2019est pas encore fait et de vous donner les derni\u00e8res actus. Le tout dans la bonne humeur et avec toujours un jeu de mots ou deux savamment distill\u00e9s! Fan des Saints, pour moi Drew Brees est le vrai GOAT!","url":"https:\/\/theplayoffs.news\/fr\/author\/flavien-jumeaugmail-com\/"}]}},"_links":{"self":[{"href":"https:\/\/theplayoffs.news\/fr\/wp-json\/wp\/v2\/posts\/922359","targetHints":{"allow":["GET"]}}],"collection":[{"href":"https:\/\/theplayoffs.news\/fr\/wp-json\/wp\/v2\/posts"}],"about":[{"href":"https:\/\/theplayoffs.news\/fr\/wp-json\/wp\/v2\/types\/post"}],"author":[{"embeddable":true,"href":"https:\/\/theplayoffs.news\/fr\/wp-json\/wp\/v2\/users\/180309964"}],"replies":[{"embeddable":true,"href":"https:\/\/theplayoffs.news\/fr\/wp-json\/wp\/v2\/comments?post=922359"}],"version-history":[{"count":3,"href":"https:\/\/theplayoffs.news\/fr\/wp-json\/wp\/v2\/posts\/922359\/revisions"}],"predecessor-version":[{"id":922538,"href":"https:\/\/theplayoffs.news\/fr\/wp-json\/wp\/v2\/posts\/922359\/revisions\/922538"}],"wp:featuredmedia":[{"embeddable":true,"href":"https:\/\/theplayoffs.news\/fr\/wp-json\/wp\/v2\/media\/922525"}],"wp:attachment":[{"href":"https:\/\/theplayoffs.news\/fr\/wp-json\/wp\/v2\/media?parent=922359"}],"wp:term":[{"taxonomy":"category","embeddable":true,"href":"https:\/\/theplayoffs.news\/fr\/wp-json\/wp\/v2\/categories?post=922359"},{"taxonomy":"post_tag","embeddable":true,"href":"https:\/\/theplayoffs.news\/fr\/wp-json\/wp\/v2\/tags?post=922359"},{"taxonomy":"sport","embeddable":true,"href":"https:\/\/theplayoffs.news\/fr\/wp-json\/wp\/v2\/sport?post=922359"},{"taxonomy":"saison","embeddable":true,"href":"https:\/\/theplayoffs.news\/fr\/wp-json\/wp\/v2\/saison?post=922359"}],"curies":[{"name":"wp","href":"https:\/\/api.w.org\/{rel}","templated":true}]}}