{"id":913914,"date":"2023-09-21T11:17:18","date_gmt":"2023-09-21T09:17:18","guid":{"rendered":"https:\/\/theplayoffs.news\/fr\/?p=913914"},"modified":"2023-09-21T11:20:06","modified_gmt":"2023-09-21T09:20:06","slug":"vladimir-guerrero-jr-blesse-au-genou","status":"publish","type":"post","link":"https:\/\/theplayoffs.news\/fr\/actualite-mlb\/vladimir-guerrero-jr-blesse-au-genou\/","title":{"rendered":"Vladimir Guerrero Jr bless\u00e9 au genou ?"},"content":{"rendered":"<h2>Les Blue Jays de Toronto ont &eacute;t&eacute; confront&eacute;s &agrave; un s&eacute;rieux revers, Vladimir Guerrero Jr, ayant &eacute;t&eacute; contraint de se retirer de la confrontation contre les Yankees de New York en raison d&rsquo;une g&ecirc;ne au genou droit.<\/h2><p>Cette situation impr&eacute;vue s&rsquo;est produite mercredi soir, laissant ses co&eacute;quipiers dans l&rsquo;expectative quant &agrave; son &eacute;tat de sant&eacute; et &agrave; sa participation future &agrave; la fin de saison.<\/p><h3>Une absence qui pourrait tomber mal<\/h3><p><strong>Vladimir Guerrero Jr<\/strong>, un joueur essentiel pour les Blue Jays, a &eacute;t&eacute; contraint de se retirer pr&egrave;s de deux heures avant le d&eacute;but du match pr&eacute;vu mercredi. Le manager John Schneider a indiqu&eacute; que Guerrero ressentait une g&ecirc;ne lors de sa routine de frappe d&rsquo;avant-match, et bien que cela ne semble pas significatif, une approche prudente a &eacute;t&eacute; jug&eacute;e n&eacute;cessaire. L&rsquo;&eacute;quipe attend des informations plus concr&egrave;tes sur son &eacute;tat de sant&eacute; jeudi, apr&egrave;s une &eacute;valuation approfondie par une IRM effectu&eacute;e pendant le match.<\/p><p>L&rsquo;absence soudaine de Guerrero a entra&icirc;n&eacute; des changements au sein de l&rsquo;&eacute;quipe. La recrue torontoise Spencer Horwitz a &eacute;t&eacute; r&eacute;affect&eacute;e de la premi&egrave;re base au poste de frappeur d&eacute;sign&eacute;, Cavan Biggio est pass&eacute; de la deuxi&egrave;me base &agrave; la premi&egrave;re, et Whit Merrifield a &eacute;t&eacute; introduit en deuxi&egrave;me base.<\/p><p>Cet incident s&rsquo;est produit &agrave; un moment crucial, puisque les Blue Jays s&rsquo;efforcent d&rsquo;obtenir une place de choix dans la course &agrave; la wild-card de l&rsquo;American League.<\/p><p>&Agrave; l&rsquo;heure actuelle, Toronto conserve une mince avance, avec un seul match d&rsquo;avance sur le Texas et Seattle. Par cons&eacute;quent, l&rsquo;absence inattendue d&rsquo;un joueur essentiel comme Guerrero pourrait potentiellement influencer la position de l&rsquo;&eacute;quipe dans cette course serr&eacute;e aux s&eacute;ries &eacute;liminatoires, et toute absence prolong&eacute;e pourrait avoir des ramifications significatives sur les aspirations des Blue Jays aux s&eacute;ries &eacute;liminatoires.<\/p><p>Malgr&eacute; ce changement inattendu, les Blue Jays ont remport&eacute; une victoire 6-1 contre les Yankees, faisant preuve de r&eacute;silience et de force d&rsquo;&eacute;quipe.<\/p><p>&nbsp;<\/p><p><em>Credit: Brad Penner-USA TODAY Sports<\/em><\/p>\n","protected":false},"excerpt":{"rendered":"","protected":false},"author":180310059,"featured_media":913940,"comment_status":"open","ping_status":"closed","sticky":false,"template":"","format":"standard","meta":{"inline_featured_image":false,"kia_subtitle":"","_mux_skip_reasons":[],"proofreadBy":0,"footnotes":""},"categories":[188,9],"tags":[883,2556],"sport":[],"saison":[],"class_list":["post-913914","post","type-post","status-publish","format-standard","has-post-thumbnail","hentry","category-actualite-mlb","category-mlb","tag-toronto-blue-jays","tag-vladimir-guerrero-jr"],"acf":[],"yoast_head":"<!-- This site is optimized with the Yoast SEO plugin v24.2 - https:\/\/yoast.com\/wordpress\/plugins\/seo\/ -->\n<title>Vladimir Guerrero Jr bless&eacute; au genou ? - The Playoffs FR<\/title>\n<meta name=\"robots\" content=\"index, follow, max-snippet:-1, max-image-preview:large, max-video-preview:-1\" \/>\n<link rel=\"canonical\" href=\"https:\/\/theplayoffs.news\/fr\/actualite-mlb\/vladimir-guerrero-jr-blesse-au-genou\/\" \/>\n<meta property=\"og:locale\" content=\"fr_FR\" \/>\n<meta property=\"og:type\" content=\"article\" \/>\n<meta property=\"og:title\" content=\"Vladimir Guerrero Jr bless&eacute; au genou ? - The Playoffs FR\" \/>\n<meta property=\"og:url\" content=\"https:\/\/theplayoffs.news\/fr\/actualite-mlb\/vladimir-guerrero-jr-blesse-au-genou\/\" \/>\n<meta property=\"og:site_name\" content=\"The Playoffs FR\" \/>\n<meta property=\"article:publisher\" content=\"https:\/\/www.facebook.com\/TheFreeAgentFR\/\" \/>\n<meta property=\"article:modified_time\" content=\"2023-09-21T11:20:06+02:00\" \/>\n<meta property=\"og:image\" content=\"https:\/\/theplayoffs.news\/fr\/wp-content\/uploads\/2023\/09\/USATSI_21467367.jpg\" \/>\n\t<meta property=\"og:image:width\" content=\"1920\" \/>\n\t<meta property=\"og:image:height\" content=\"1280\" \/>\n\t<meta property=\"og:image:type\" content=\"image\/jpeg\" \/>\n<meta name=\"author\" content=\"J\u00e9r\u00e9my Richaud\" \/>\n<meta name=\"twitter:card\" content=\"summary_large_image\" \/>\n<meta name=\"twitter:creator\" content=\"@x.com\/jeremy_redsox\" \/>\n<meta name=\"twitter:site\" content=\"@TheFreeAgentFR\" \/>\n<meta name=\"twitter:label1\" content=\"\u00c9crit par\" \/>\n\t<meta name=\"twitter:data1\" content=\"J\u00e9r\u00e9my Richaud\" \/>\n\t<meta name=\"twitter:label2\" content=\"Dur\u00e9e de lecture estim\u00e9e\" \/>\n\t<meta name=\"twitter:data2\" content=\"2 minutes\" \/>\n<script type=\"application\/ld+json\" class=\"yoast-schema-graph\">{\"@context\":\"https:\/\/schema.org\",\"@graph\":[{\"@type\":\"WebPage\",\"@id\":\"https:\/\/theplayoffs.news\/fr\/actualite-mlb\/vladimir-guerrero-jr-blesse-au-genou\/\",\"url\":\"https:\/\/theplayoffs.news\/fr\/actualite-mlb\/vladimir-guerrero-jr-blesse-au-genou\/\",\"name\":\"Vladimir Guerrero Jr bless\u00e9 au genou ? - The Playoffs FR\",\"isPartOf\":{\"@id\":\"https:\/\/theplayoffs.news\/fr\/#website\"},\"primaryImageOfPage\":{\"@id\":\"https:\/\/theplayoffs.news\/fr\/actualite-mlb\/vladimir-guerrero-jr-blesse-au-genou\/#primaryimage\"},\"image\":{\"@id\":\"https:\/\/theplayoffs.news\/fr\/actualite-mlb\/vladimir-guerrero-jr-blesse-au-genou\/#primaryimage\"},\"thumbnailUrl\":\"https:\/\/theplayoffs.news\/fr\/wp-content\/uploads\/2023\/09\/USATSI_21467367.jpg\",\"datePublished\":\"2023-09-21T09:17:18+00:00\",\"dateModified\":\"2023-09-21T09:20:06+00:00\",\"author\":{\"@id\":\"https:\/\/theplayoffs.news\/fr\/#\/schema\/person\/a6d214b885a76103078818ccc94124c9\"},\"breadcrumb\":{\"@id\":\"https:\/\/theplayoffs.news\/fr\/actualite-mlb\/vladimir-guerrero-jr-blesse-au-genou\/#breadcrumb\"},\"inLanguage\":\"fr-FR\",\"potentialAction\":[{\"@type\":\"ReadAction\",\"target\":[\"https:\/\/theplayoffs.news\/fr\/actualite-mlb\/vladimir-guerrero-jr-blesse-au-genou\/\"]}]},{\"@type\":\"ImageObject\",\"inLanguage\":\"fr-FR\",\"@id\":\"https:\/\/theplayoffs.news\/fr\/actualite-mlb\/vladimir-guerrero-jr-blesse-au-genou\/#primaryimage\",\"url\":\"https:\/\/theplayoffs.news\/fr\/wp-content\/uploads\/2023\/09\/USATSI_21467367.jpg\",\"contentUrl\":\"https:\/\/theplayoffs.news\/fr\/wp-content\/uploads\/2023\/09\/USATSI_21467367.jpg\",\"width\":1920,\"height\":1280,\"caption\":\"Sep 20, 2023; Bronx, New York, USA; Toronto Blue Jays designated hitter Vladimir Guerrero Jr. (27) watches from the dugout during the eighth inning against the New York Yankees at Yankee Stadium. Mandatory Credit: Brad Penner-USA TODAY Sports\"},{\"@type\":\"BreadcrumbList\",\"@id\":\"https:\/\/theplayoffs.news\/fr\/actualite-mlb\/vladimir-guerrero-jr-blesse-au-genou\/#breadcrumb\",\"itemListElement\":[{\"@type\":\"ListItem\",\"position\":1,\"name\":\"Accueil\",\"item\":\"https:\/\/theplayoffs.news\/fr\/\"},{\"@type\":\"ListItem\",\"position\":2,\"name\":\"Vladimir Guerrero Jr bless\u00e9 au genou ?\"}]},{\"@type\":\"WebSite\",\"@id\":\"https:\/\/theplayoffs.news\/fr\/#website\",\"url\":\"https:\/\/theplayoffs.news\/fr\/\",\"name\":\"The Playoffs FR\",\"description\":\"NBA-NFL-NHL-MLB\",\"potentialAction\":[{\"@type\":\"SearchAction\",\"target\":{\"@type\":\"EntryPoint\",\"urlTemplate\":\"https:\/\/theplayoffs.news\/fr\/?s={search_term_string}\"},\"query-input\":{\"@type\":\"PropertyValueSpecification\",\"valueRequired\":true,\"valueName\":\"search_term_string\"}}],\"inLanguage\":\"fr-FR\"},{\"@type\":\"Person\",\"@id\":\"https:\/\/theplayoffs.news\/fr\/#\/schema\/person\/a6d214b885a76103078818ccc94124c9\",\"name\":\"J\u00e9r\u00e9my Richaud\",\"image\":{\"@type\":\"ImageObject\",\"inLanguage\":\"fr-FR\",\"@id\":\"https:\/\/theplayoffs.news\/fr\/#\/schema\/person\/image\/\",\"url\":\"https:\/\/secure.gravatar.com\/avatar\/80bc8135baf3a71cdd975994ee4fb05ca7e1fcf9591469241804457e0cd105a9?s=96&d=mm&r=g\",\"contentUrl\":\"https:\/\/secure.gravatar.com\/avatar\/80bc8135baf3a71cdd975994ee4fb05ca7e1fcf9591469241804457e0cd105a9?s=96&d=mm&r=g\",\"caption\":\"J\u00e9r\u00e9my Richaud\"},\"description\":\"Je suis dans la fonction publique territoriale. Pour TPO je traite uniquement la MLB (bien que secr\u00e8tement je r\u00eave d\u2019une section NASCAR). Une passion inexpliqu\u00e9e pour le baseball, j\u2019\u00e9tais surement am\u00e9ricain dans une autre vie ! Convaincu aussi que Boston est la ville o\u00f9 tout a commenc\u00e9, oui j\u2019adore les C\u2019s et les Bruins mais pas les Patriots et alors ? XD C\u2019est avec plaisir de vous faire partager, articles, podcast sur le plus beau des quatre sports US !\",\"sameAs\":[\"https:\/\/x.com\/x.com\/jeremy_redsox\"],\"url\":\"https:\/\/theplayoffs.news\/fr\/author\/jeremy83440yahoo-fr\/\"}]}<\/script>\n<!-- \/ Yoast SEO plugin. -->","yoast_head_json":{"title":"Vladimir Guerrero Jr bless&eacute; au genou ? - The Playoffs FR","robots":{"index":"index","follow":"follow","max-snippet":"max-snippet:-1","max-image-preview":"max-image-preview:large","max-video-preview":"max-video-preview:-1"},"canonical":"https:\/\/theplayoffs.news\/fr\/actualite-mlb\/vladimir-guerrero-jr-blesse-au-genou\/","og_locale":"fr_FR","og_type":"article","og_title":"Vladimir Guerrero Jr bless&eacute; au genou ? - The Playoffs FR","og_url":"https:\/\/theplayoffs.news\/fr\/actualite-mlb\/vladimir-guerrero-jr-blesse-au-genou\/","og_site_name":"The Playoffs FR","article_publisher":"https:\/\/www.facebook.com\/TheFreeAgentFR\/","article_modified_time":"2023-09-21T09:20:06+00:00","og_image":[{"width":1920,"height":1280,"url":"https:\/\/theplayoffs.news\/fr\/wp-content\/uploads\/2023\/09\/USATSI_21467367.jpg","type":"image\/jpeg"}],"author":"J\u00e9r\u00e9my Richaud","twitter_card":"summary_large_image","twitter_creator":"@x.com\/jeremy_redsox","twitter_site":"@TheFreeAgentFR","twitter_misc":{"\u00c9crit par":"J\u00e9r\u00e9my Richaud","Dur\u00e9e de lecture estim\u00e9e":"2 minutes"},"schema":{"@context":"https:\/\/schema.org","@graph":[{"@type":"WebPage","@id":"https:\/\/theplayoffs.news\/fr\/actualite-mlb\/vladimir-guerrero-jr-blesse-au-genou\/","url":"https:\/\/theplayoffs.news\/fr\/actualite-mlb\/vladimir-guerrero-jr-blesse-au-genou\/","name":"Vladimir Guerrero Jr bless\u00e9 au genou ? - The Playoffs FR","isPartOf":{"@id":"https:\/\/theplayoffs.news\/fr\/#website"},"primaryImageOfPage":{"@id":"https:\/\/theplayoffs.news\/fr\/actualite-mlb\/vladimir-guerrero-jr-blesse-au-genou\/#primaryimage"},"image":{"@id":"https:\/\/theplayoffs.news\/fr\/actualite-mlb\/vladimir-guerrero-jr-blesse-au-genou\/#primaryimage"},"thumbnailUrl":"https:\/\/theplayoffs.news\/fr\/wp-content\/uploads\/2023\/09\/USATSI_21467367.jpg","datePublished":"2023-09-21T09:17:18+00:00","dateModified":"2023-09-21T09:20:06+00:00","author":{"@id":"https:\/\/theplayoffs.news\/fr\/#\/schema\/person\/a6d214b885a76103078818ccc94124c9"},"breadcrumb":{"@id":"https:\/\/theplayoffs.news\/fr\/actualite-mlb\/vladimir-guerrero-jr-blesse-au-genou\/#breadcrumb"},"inLanguage":"fr-FR","potentialAction":[{"@type":"ReadAction","target":["https:\/\/theplayoffs.news\/fr\/actualite-mlb\/vladimir-guerrero-jr-blesse-au-genou\/"]}]},{"@type":"ImageObject","inLanguage":"fr-FR","@id":"https:\/\/theplayoffs.news\/fr\/actualite-mlb\/vladimir-guerrero-jr-blesse-au-genou\/#primaryimage","url":"https:\/\/theplayoffs.news\/fr\/wp-content\/uploads\/2023\/09\/USATSI_21467367.jpg","contentUrl":"https:\/\/theplayoffs.news\/fr\/wp-content\/uploads\/2023\/09\/USATSI_21467367.jpg","width":1920,"height":1280,"caption":"Sep 20, 2023; Bronx, New York, USA; Toronto Blue Jays designated hitter Vladimir Guerrero Jr. (27) watches from the dugout during the eighth inning against the New York Yankees at Yankee Stadium. Mandatory Credit: Brad Penner-USA TODAY Sports"},{"@type":"BreadcrumbList","@id":"https:\/\/theplayoffs.news\/fr\/actualite-mlb\/vladimir-guerrero-jr-blesse-au-genou\/#breadcrumb","itemListElement":[{"@type":"ListItem","position":1,"name":"Accueil","item":"https:\/\/theplayoffs.news\/fr\/"},{"@type":"ListItem","position":2,"name":"Vladimir Guerrero Jr bless\u00e9 au genou ?"}]},{"@type":"WebSite","@id":"https:\/\/theplayoffs.news\/fr\/#website","url":"https:\/\/theplayoffs.news\/fr\/","name":"The Playoffs FR","description":"NBA-NFL-NHL-MLB","potentialAction":[{"@type":"SearchAction","target":{"@type":"EntryPoint","urlTemplate":"https:\/\/theplayoffs.news\/fr\/?s={search_term_string}"},"query-input":{"@type":"PropertyValueSpecification","valueRequired":true,"valueName":"search_term_string"}}],"inLanguage":"fr-FR"},{"@type":"Person","@id":"https:\/\/theplayoffs.news\/fr\/#\/schema\/person\/a6d214b885a76103078818ccc94124c9","name":"J\u00e9r\u00e9my Richaud","image":{"@type":"ImageObject","inLanguage":"fr-FR","@id":"https:\/\/theplayoffs.news\/fr\/#\/schema\/person\/image\/","url":"https:\/\/secure.gravatar.com\/avatar\/80bc8135baf3a71cdd975994ee4fb05ca7e1fcf9591469241804457e0cd105a9?s=96&d=mm&r=g","contentUrl":"https:\/\/secure.gravatar.com\/avatar\/80bc8135baf3a71cdd975994ee4fb05ca7e1fcf9591469241804457e0cd105a9?s=96&d=mm&r=g","caption":"J\u00e9r\u00e9my Richaud"},"description":"Je suis dans la fonction publique territoriale. Pour TPO je traite uniquement la MLB (bien que secr\u00e8tement je r\u00eave d\u2019une section NASCAR). Une passion inexpliqu\u00e9e pour le baseball, j\u2019\u00e9tais surement am\u00e9ricain dans une autre vie ! Convaincu aussi que Boston est la ville o\u00f9 tout a commenc\u00e9, oui j\u2019adore les C\u2019s et les Bruins mais pas les Patriots et alors ? XD C\u2019est avec plaisir de vous faire partager, articles, podcast sur le plus beau des quatre sports US !","sameAs":["https:\/\/x.com\/x.com\/jeremy_redsox"],"url":"https:\/\/theplayoffs.news\/fr\/author\/jeremy83440yahoo-fr\/"}]}},"_links":{"self":[{"href":"https:\/\/theplayoffs.news\/fr\/wp-json\/wp\/v2\/posts\/913914","targetHints":{"allow":["GET"]}}],"collection":[{"href":"https:\/\/theplayoffs.news\/fr\/wp-json\/wp\/v2\/posts"}],"about":[{"href":"https:\/\/theplayoffs.news\/fr\/wp-json\/wp\/v2\/types\/post"}],"author":[{"embeddable":true,"href":"https:\/\/theplayoffs.news\/fr\/wp-json\/wp\/v2\/users\/180310059"}],"replies":[{"embeddable":true,"href":"https:\/\/theplayoffs.news\/fr\/wp-json\/wp\/v2\/comments?post=913914"}],"version-history":[{"count":2,"href":"https:\/\/theplayoffs.news\/fr\/wp-json\/wp\/v2\/posts\/913914\/revisions"}],"predecessor-version":[{"id":913954,"href":"https:\/\/theplayoffs.news\/fr\/wp-json\/wp\/v2\/posts\/913914\/revisions\/913954"}],"wp:featuredmedia":[{"embeddable":true,"href":"https:\/\/theplayoffs.news\/fr\/wp-json\/wp\/v2\/media\/913940"}],"wp:attachment":[{"href":"https:\/\/theplayoffs.news\/fr\/wp-json\/wp\/v2\/media?parent=913914"}],"wp:term":[{"taxonomy":"category","embeddable":true,"href":"https:\/\/theplayoffs.news\/fr\/wp-json\/wp\/v2\/categories?post=913914"},{"taxonomy":"post_tag","embeddable":true,"href":"https:\/\/theplayoffs.news\/fr\/wp-json\/wp\/v2\/tags?post=913914"},{"taxonomy":"sport","embeddable":true,"href":"https:\/\/theplayoffs.news\/fr\/wp-json\/wp\/v2\/sport?post=913914"},{"taxonomy":"saison","embeddable":true,"href":"https:\/\/theplayoffs.news\/fr\/wp-json\/wp\/v2\/saison?post=913914"}],"curies":[{"name":"wp","href":"https:\/\/api.w.org\/{rel}","templated":true}]}}