{"id":913585,"date":"2023-09-21T10:06:02","date_gmt":"2023-09-21T08:06:02","guid":{"rendered":"https:\/\/theplayoffs.news\/fr\/?p=913585"},"modified":"2023-09-21T17:13:13","modified_gmt":"2023-09-21T15:13:13","slug":"gabriel-landeskog-voie-de-la-guerison","status":"publish","type":"post","link":"https:\/\/theplayoffs.news\/fr\/actualite-nhl\/gabriel-landeskog-voie-de-la-guerison\/","title":{"rendered":"Le capitaine de l&rsquo;Avalanche, Gabriel Landeskog, sur la voie de la gu\u00e9rison"},"content":{"rendered":"<h2>L&rsquo;Avalanche du Colorado aborde une nouvelle saison sans son capitaine charismatique, Gabriel Landeskog, sur la glace.<\/h2><p>Cependant, une lueur d&rsquo;espoir &eacute;mane de Gabriel Landeskog et du camp de l&rsquo;Avalanche alors qu&rsquo;il progresse dans une r&eacute;&eacute;ducation ardue suite &agrave; une op&eacute;ration de remplacement du cartilage.<\/p><p><a href=\"https:\/\/theplayoffs.news\/fr\/joueur\/gabriel-landeskog-colorado-avalanche-nhl\/\" class=\"trk-cta-link\" data-cta-trk='{\"ctaType\":\"Link\",\"ctaSubType\":\"main\"}'><strong>Gabriel Landeskog<\/strong><\/a> est un monument de force et d&rsquo;inspiration, et son parcours de r&eacute;tablissement a illumin&eacute; un chemin rempli de r&eacute;silience et d&rsquo;optimisme. Il y a environ quatre mois et demi, il a subi une op&eacute;ration cruciale de remplacement du cartilage du genou droit, et son r&eacute;tablissement, bien que charg&eacute; de son lot de tribulations, s&rsquo;est av&eacute;r&eacute; prometteur.<\/p><p>Landeskog a expliqu&eacute; son &eacute;tat actuel <a href=\"https:\/\/www.espn.com\/nhl\/story\/_\/id\/38449707\/avs-gabriel-landeskog-optimistic-another-season-hold\" class=\"trk-cta-link\" data-cta-trk='{\"ctaType\":\"Link\",\"ctaSubType\":\"main\"}'>dans un communiqu&eacute;<\/a> :<\/p><blockquote><p>&laquo;&nbsp;Avant tout, je me sens vraiment bien. Jusqu&rsquo;&agrave; pr&eacute;sent, le processus s&rsquo;est d&eacute;roul&eacute; dans de tr&egrave;s bonnes conditions.&nbsp;&raquo;<\/p><\/blockquote><p>Malgr&eacute; les difficult&eacute;s in&eacute;vitables, Gabriel Landeskog semble faire plus de progr&egrave;s. On s&rsquo;attend &agrave; ce qu&rsquo;il ait une id&eacute;e plus claire de son retour apr&egrave;s une visite pr&eacute;vue avec son chirurgien en novembre.<\/p><p>L&rsquo;absence de glace sous ses patins est une source de nostalgie pour le capitaine. Pourtant, sa ferveur et son attachement au jeu restent intacts, puisqu&rsquo;il continue d&rsquo;apporter son soutien et ses encouragements ind&eacute;fectibles &agrave; ses co&eacute;quipiers, devenant ainsi leur &laquo;&nbsp;plus grand partisant&nbsp;&raquo;.<\/p><h3>Un leadership et un soutien sans faille : La dynamique de l&rsquo;&eacute;quipe en l&rsquo;absence de Landeskog<\/h3><p>L&rsquo;&eacute;quipe de l&rsquo;Avalanche, quant &agrave; elle, traverse cette p&eacute;riode avec un soutien et une foi in&eacute;branlables en leur capitaine en convalescence. L&rsquo;entra&icirc;neur Jared Bednar, qui croit fermement au leadership de Landeskog et &agrave; son &eacute;ventuel retour, a d&eacute;cid&eacute; de ne pas nommer de nouveau capitaine pour la saison &agrave; venir.<\/p><p>L&rsquo;&eacute;quipe compte sur le leadership de <a href=\"https:\/\/theplayoffs.news\/fr\/joueur\/cale-makar-nhl-8467126\/\" class=\"trk-cta-link\" data-cta-trk='{\"ctaType\":\"Link\",\"ctaSubType\":\"main\"}'><strong>Cale Makar<\/strong><\/a>, <a href=\"https:\/\/theplayoffs.news\/fr\/joueur\/nathan-mackinnon-nhl-6083938\/\" class=\"trk-cta-link\" data-cta-trk='{\"ctaType\":\"Link\",\"ctaSubType\":\"main\"}'><strong>Nathan MacKinnon<\/strong><\/a> et <a href=\"https:\/\/theplayoffs.news\/fr\/joueur\/mikko-rantanen-nhl-7799876\/\" class=\"trk-cta-link\" data-cta-trk='{\"ctaType\":\"Link\",\"ctaSubType\":\"main\"}'><strong>Mikko Rantanen<\/strong><\/a> en attendant le retour de Landeskog.<\/p><p>La confiance de Bednar dans le r&eacute;tablissement de Gabriel Landeskog n&rsquo;est pas d&eacute;plac&eacute;e, car le capitaine fait partie int&eacute;grante de l&rsquo;esprit et du dynamisme de l&rsquo;&eacute;quipe, qu&rsquo;il a conduite &agrave; soulever la Coupe Stanley en juin 2022. Bednar a exprim&eacute; son admiration pour le leadership et la d&eacute;termination dont l&rsquo;&eacute;quipe a fait preuve dans des circonstances difficiles, et il esp&egrave;re que ces qualit&eacute;s permettront &agrave; l&rsquo;&eacute;quipe de revenir &agrave; son apog&eacute;e.<\/p><p>La d&eacute;cision de maintenir Gabriel Landeskog comme capitaine, malgr&eacute; son absence physique, souligne l&rsquo;impact profond qu&rsquo;il a eu sur l&rsquo;&eacute;quipe depuis qu&rsquo;il a assum&eacute; ce r&ocirc;le en 2012, alors qu&rsquo;il n&rsquo;avait que 19 ans. Elle refl&egrave;te &eacute;galement la relation symbiotique entre l&rsquo;&eacute;quipe et Gabriel Landeskog, o&ugrave; le respect et l&rsquo;admiration mutuels favorisent un environnement propice &agrave; la croissance et au succ&egrave;s collectifs.<\/p><p>&nbsp;<\/p><p><em>Credit: Ron Chenoy-USA TODAY Sports<\/em><\/p>\n","protected":false},"excerpt":{"rendered":"","protected":false},"author":13,"featured_media":913680,"comment_status":"open","ping_status":"closed","sticky":false,"template":"","format":"standard","meta":{"inline_featured_image":false,"kia_subtitle":"","_mux_skip_reasons":[],"proofreadBy":0,"footnotes":""},"categories":[187,26],"tags":[91,3133],"sport":[],"saison":[],"class_list":["post-913585","post","type-post","status-publish","format-standard","has-post-thumbnail","hentry","category-actualite-nhl","category-nhl","tag-colorado-avalanche","tag-gabriel-landeskog"],"acf":[],"yoast_head":"<!-- This site is optimized with the Yoast SEO plugin v24.2 - https:\/\/yoast.com\/wordpress\/plugins\/seo\/ -->\n<title>Le capitaine de l&#039;Avalanche, Gabriel Landeskog, sur la voie de la gu&eacute;rison - The Playoffs FR<\/title>\n<meta name=\"robots\" content=\"index, follow, max-snippet:-1, max-image-preview:large, max-video-preview:-1\" \/>\n<link rel=\"canonical\" href=\"https:\/\/theplayoffs.news\/fr\/actualite-nhl\/gabriel-landeskog-voie-de-la-guerison\/\" \/>\n<meta property=\"og:locale\" content=\"fr_FR\" \/>\n<meta property=\"og:type\" content=\"article\" \/>\n<meta property=\"og:title\" content=\"Le capitaine de l&#039;Avalanche, Gabriel Landeskog, sur la voie de la gu&eacute;rison - The Playoffs FR\" \/>\n<meta property=\"og:url\" content=\"https:\/\/theplayoffs.news\/fr\/actualite-nhl\/gabriel-landeskog-voie-de-la-guerison\/\" \/>\n<meta property=\"og:site_name\" content=\"The Playoffs FR\" \/>\n<meta property=\"article:publisher\" content=\"https:\/\/www.facebook.com\/TheFreeAgentFR\/\" \/>\n<meta property=\"article:modified_time\" content=\"2023-09-21T17:13:13+02:00\" \/>\n<meta property=\"og:image\" content=\"https:\/\/theplayoffs.news\/fr\/wp-content\/uploads\/2023\/09\/USATSI_20456515.jpg\" \/>\n\t<meta property=\"og:image:width\" content=\"1920\" \/>\n\t<meta property=\"og:image:height\" content=\"1299\" \/>\n\t<meta property=\"og:image:type\" content=\"image\/jpeg\" \/>\n<meta name=\"author\" content=\"Charles Taudin\" \/>\n<meta name=\"twitter:card\" content=\"summary_large_image\" \/>\n<meta name=\"twitter:creator\" content=\"@TheFreeAgentFR\" \/>\n<meta name=\"twitter:site\" content=\"@TheFreeAgentFR\" \/>\n<meta name=\"twitter:label1\" content=\"\u00c9crit par\" \/>\n\t<meta name=\"twitter:data1\" content=\"Charles Taudin\" \/>\n\t<meta name=\"twitter:label2\" content=\"Dur\u00e9e de lecture estim\u00e9e\" \/>\n\t<meta name=\"twitter:data2\" content=\"2 minutes\" \/>\n<script type=\"application\/ld+json\" class=\"yoast-schema-graph\">{\"@context\":\"https:\/\/schema.org\",\"@graph\":[{\"@type\":\"WebPage\",\"@id\":\"https:\/\/theplayoffs.news\/fr\/actualite-nhl\/gabriel-landeskog-voie-de-la-guerison\/\",\"url\":\"https:\/\/theplayoffs.news\/fr\/actualite-nhl\/gabriel-landeskog-voie-de-la-guerison\/\",\"name\":\"Le capitaine de l\\\\'Avalanche, Gabriel Landeskog, sur la voie de la gu\u00e9rison - The Playoffs FR\",\"isPartOf\":{\"@id\":\"https:\/\/theplayoffs.news\/fr\/#website\"},\"primaryImageOfPage\":{\"@id\":\"https:\/\/theplayoffs.news\/fr\/actualite-nhl\/gabriel-landeskog-voie-de-la-guerison\/#primaryimage\"},\"image\":{\"@id\":\"https:\/\/theplayoffs.news\/fr\/actualite-nhl\/gabriel-landeskog-voie-de-la-guerison\/#primaryimage\"},\"thumbnailUrl\":\"https:\/\/theplayoffs.news\/fr\/wp-content\/uploads\/2023\/09\/USATSI_20456515.jpg\",\"datePublished\":\"2023-09-21T08:06:02+00:00\",\"dateModified\":\"2023-09-21T15:13:13+00:00\",\"author\":{\"@id\":\"https:\/\/theplayoffs.news\/fr\/#\/schema\/person\/eee5b69ad5d3c51cabe881c839dbe133\"},\"breadcrumb\":{\"@id\":\"https:\/\/theplayoffs.news\/fr\/actualite-nhl\/gabriel-landeskog-voie-de-la-guerison\/#breadcrumb\"},\"inLanguage\":\"fr-FR\",\"potentialAction\":[{\"@type\":\"ReadAction\",\"target\":[\"https:\/\/theplayoffs.news\/fr\/actualite-nhl\/gabriel-landeskog-voie-de-la-guerison\/\"]}]},{\"@type\":\"ImageObject\",\"inLanguage\":\"fr-FR\",\"@id\":\"https:\/\/theplayoffs.news\/fr\/actualite-nhl\/gabriel-landeskog-voie-de-la-guerison\/#primaryimage\",\"url\":\"https:\/\/theplayoffs.news\/fr\/wp-content\/uploads\/2023\/09\/USATSI_20456515.jpg\",\"contentUrl\":\"https:\/\/theplayoffs.news\/fr\/wp-content\/uploads\/2023\/09\/USATSI_20456515.jpg\",\"width\":1920,\"height\":1299,\"caption\":\"Apr 13, 2023; Denver, Colorado, USA; Colorado Avalanche left wing Gabriel Landeskog (92) speaks to the media before the game at Ball Arena. Mandatory Credit: Ron Chenoy-USA TODAY Sports\"},{\"@type\":\"BreadcrumbList\",\"@id\":\"https:\/\/theplayoffs.news\/fr\/actualite-nhl\/gabriel-landeskog-voie-de-la-guerison\/#breadcrumb\",\"itemListElement\":[{\"@type\":\"ListItem\",\"position\":1,\"name\":\"Accueil\",\"item\":\"https:\/\/theplayoffs.news\/fr\/\"},{\"@type\":\"ListItem\",\"position\":2,\"name\":\"Le capitaine de l&rsquo;Avalanche, Gabriel Landeskog, sur la voie de la gu\u00e9rison\"}]},{\"@type\":\"WebSite\",\"@id\":\"https:\/\/theplayoffs.news\/fr\/#website\",\"url\":\"https:\/\/theplayoffs.news\/fr\/\",\"name\":\"The Playoffs FR\",\"description\":\"NBA-NFL-NHL-MLB\",\"potentialAction\":[{\"@type\":\"SearchAction\",\"target\":{\"@type\":\"EntryPoint\",\"urlTemplate\":\"https:\/\/theplayoffs.news\/fr\/?s={search_term_string}\"},\"query-input\":{\"@type\":\"PropertyValueSpecification\",\"valueRequired\":true,\"valueName\":\"search_term_string\"}}],\"inLanguage\":\"fr-FR\"},{\"@type\":\"Person\",\"@id\":\"https:\/\/theplayoffs.news\/fr\/#\/schema\/person\/eee5b69ad5d3c51cabe881c839dbe133\",\"name\":\"Charles Taudin\",\"image\":{\"@type\":\"ImageObject\",\"inLanguage\":\"fr-FR\",\"@id\":\"https:\/\/theplayoffs.news\/fr\/#\/schema\/person\/image\/\",\"url\":\"https:\/\/secure.gravatar.com\/avatar\/59a1e772205ce9fd255edfcafc93013736822e20261f294c5753b20c41ede9f2?s=96&d=mm&r=g\",\"contentUrl\":\"https:\/\/secure.gravatar.com\/avatar\/59a1e772205ce9fd255edfcafc93013736822e20261f294c5753b20c41ede9f2?s=96&d=mm&r=g\",\"caption\":\"Charles Taudin\"},\"description\":\"R\u00e9dacteur en chef global de The Playoffs, j\u2019ai cr\u00e9\u00e9 The Free Agent, devenu The Playoffs FR, en 2020 durant la pand\u00e9mie. Amoureux depuis des ann\u00e9es des 4 sports majeurs am\u00e9ricains, j\u2019organise maintenant la strat\u00e9gie \u00e9ditoriale et les r\u00e9seaux sociaux de l\u2019ensemble des versions de The Playoffs. Il m\u2019arrive encore d\u2019\u00e9crire sur certains sports que j\u2019affectionne particuli\u00e8rement comme la NFL ou la MLB. Si vous devez retenir qu\u2019une chose : Eli Manning est le vrai GOAT pour avoir battu deux fois Tom Brady.\",\"sameAs\":[\"https:\/\/www.instagram.com\/ctaudin_\/\"],\"url\":\"https:\/\/theplayoffs.news\/fr\/author\/charles-taudin\/\"}]}<\/script>\n<!-- \/ Yoast SEO plugin. -->","yoast_head_json":{"title":"Le capitaine de l&#039;Avalanche, Gabriel Landeskog, sur la voie de la gu&eacute;rison - The Playoffs FR","robots":{"index":"index","follow":"follow","max-snippet":"max-snippet:-1","max-image-preview":"max-image-preview:large","max-video-preview":"max-video-preview:-1"},"canonical":"https:\/\/theplayoffs.news\/fr\/actualite-nhl\/gabriel-landeskog-voie-de-la-guerison\/","og_locale":"fr_FR","og_type":"article","og_title":"Le capitaine de l&#039;Avalanche, Gabriel Landeskog, sur la voie de la gu&eacute;rison - The Playoffs FR","og_url":"https:\/\/theplayoffs.news\/fr\/actualite-nhl\/gabriel-landeskog-voie-de-la-guerison\/","og_site_name":"The Playoffs FR","article_publisher":"https:\/\/www.facebook.com\/TheFreeAgentFR\/","article_modified_time":"2023-09-21T15:13:13+00:00","og_image":[{"width":1920,"height":1299,"url":"https:\/\/theplayoffs.news\/fr\/wp-content\/uploads\/2023\/09\/USATSI_20456515.jpg","type":"image\/jpeg"}],"author":"Charles Taudin","twitter_card":"summary_large_image","twitter_creator":"@TheFreeAgentFR","twitter_site":"@TheFreeAgentFR","twitter_misc":{"\u00c9crit par":"Charles Taudin","Dur\u00e9e de lecture estim\u00e9e":"2 minutes"},"schema":{"@context":"https:\/\/schema.org","@graph":[{"@type":"WebPage","@id":"https:\/\/theplayoffs.news\/fr\/actualite-nhl\/gabriel-landeskog-voie-de-la-guerison\/","url":"https:\/\/theplayoffs.news\/fr\/actualite-nhl\/gabriel-landeskog-voie-de-la-guerison\/","name":"Le capitaine de l\\'Avalanche, Gabriel Landeskog, sur la voie de la gu\u00e9rison - The Playoffs FR","isPartOf":{"@id":"https:\/\/theplayoffs.news\/fr\/#website"},"primaryImageOfPage":{"@id":"https:\/\/theplayoffs.news\/fr\/actualite-nhl\/gabriel-landeskog-voie-de-la-guerison\/#primaryimage"},"image":{"@id":"https:\/\/theplayoffs.news\/fr\/actualite-nhl\/gabriel-landeskog-voie-de-la-guerison\/#primaryimage"},"thumbnailUrl":"https:\/\/theplayoffs.news\/fr\/wp-content\/uploads\/2023\/09\/USATSI_20456515.jpg","datePublished":"2023-09-21T08:06:02+00:00","dateModified":"2023-09-21T15:13:13+00:00","author":{"@id":"https:\/\/theplayoffs.news\/fr\/#\/schema\/person\/eee5b69ad5d3c51cabe881c839dbe133"},"breadcrumb":{"@id":"https:\/\/theplayoffs.news\/fr\/actualite-nhl\/gabriel-landeskog-voie-de-la-guerison\/#breadcrumb"},"inLanguage":"fr-FR","potentialAction":[{"@type":"ReadAction","target":["https:\/\/theplayoffs.news\/fr\/actualite-nhl\/gabriel-landeskog-voie-de-la-guerison\/"]}]},{"@type":"ImageObject","inLanguage":"fr-FR","@id":"https:\/\/theplayoffs.news\/fr\/actualite-nhl\/gabriel-landeskog-voie-de-la-guerison\/#primaryimage","url":"https:\/\/theplayoffs.news\/fr\/wp-content\/uploads\/2023\/09\/USATSI_20456515.jpg","contentUrl":"https:\/\/theplayoffs.news\/fr\/wp-content\/uploads\/2023\/09\/USATSI_20456515.jpg","width":1920,"height":1299,"caption":"Apr 13, 2023; Denver, Colorado, USA; Colorado Avalanche left wing Gabriel Landeskog (92) speaks to the media before the game at Ball Arena. Mandatory Credit: Ron Chenoy-USA TODAY Sports"},{"@type":"BreadcrumbList","@id":"https:\/\/theplayoffs.news\/fr\/actualite-nhl\/gabriel-landeskog-voie-de-la-guerison\/#breadcrumb","itemListElement":[{"@type":"ListItem","position":1,"name":"Accueil","item":"https:\/\/theplayoffs.news\/fr\/"},{"@type":"ListItem","position":2,"name":"Le capitaine de l&rsquo;Avalanche, Gabriel Landeskog, sur la voie de la gu\u00e9rison"}]},{"@type":"WebSite","@id":"https:\/\/theplayoffs.news\/fr\/#website","url":"https:\/\/theplayoffs.news\/fr\/","name":"The Playoffs FR","description":"NBA-NFL-NHL-MLB","potentialAction":[{"@type":"SearchAction","target":{"@type":"EntryPoint","urlTemplate":"https:\/\/theplayoffs.news\/fr\/?s={search_term_string}"},"query-input":{"@type":"PropertyValueSpecification","valueRequired":true,"valueName":"search_term_string"}}],"inLanguage":"fr-FR"},{"@type":"Person","@id":"https:\/\/theplayoffs.news\/fr\/#\/schema\/person\/eee5b69ad5d3c51cabe881c839dbe133","name":"Charles Taudin","image":{"@type":"ImageObject","inLanguage":"fr-FR","@id":"https:\/\/theplayoffs.news\/fr\/#\/schema\/person\/image\/","url":"https:\/\/secure.gravatar.com\/avatar\/59a1e772205ce9fd255edfcafc93013736822e20261f294c5753b20c41ede9f2?s=96&d=mm&r=g","contentUrl":"https:\/\/secure.gravatar.com\/avatar\/59a1e772205ce9fd255edfcafc93013736822e20261f294c5753b20c41ede9f2?s=96&d=mm&r=g","caption":"Charles Taudin"},"description":"R\u00e9dacteur en chef global de The Playoffs, j\u2019ai cr\u00e9\u00e9 The Free Agent, devenu The Playoffs FR, en 2020 durant la pand\u00e9mie. Amoureux depuis des ann\u00e9es des 4 sports majeurs am\u00e9ricains, j\u2019organise maintenant la strat\u00e9gie \u00e9ditoriale et les r\u00e9seaux sociaux de l\u2019ensemble des versions de The Playoffs. Il m\u2019arrive encore d\u2019\u00e9crire sur certains sports que j\u2019affectionne particuli\u00e8rement comme la NFL ou la MLB. Si vous devez retenir qu\u2019une chose : Eli Manning est le vrai GOAT pour avoir battu deux fois Tom Brady.","sameAs":["https:\/\/www.instagram.com\/ctaudin_\/"],"url":"https:\/\/theplayoffs.news\/fr\/author\/charles-taudin\/"}]}},"_links":{"self":[{"href":"https:\/\/theplayoffs.news\/fr\/wp-json\/wp\/v2\/posts\/913585","targetHints":{"allow":["GET"]}}],"collection":[{"href":"https:\/\/theplayoffs.news\/fr\/wp-json\/wp\/v2\/posts"}],"about":[{"href":"https:\/\/theplayoffs.news\/fr\/wp-json\/wp\/v2\/types\/post"}],"author":[{"embeddable":true,"href":"https:\/\/theplayoffs.news\/fr\/wp-json\/wp\/v2\/users\/13"}],"replies":[{"embeddable":true,"href":"https:\/\/theplayoffs.news\/fr\/wp-json\/wp\/v2\/comments?post=913585"}],"version-history":[{"count":2,"href":"https:\/\/theplayoffs.news\/fr\/wp-json\/wp\/v2\/posts\/913585\/revisions"}],"predecessor-version":[{"id":913694,"href":"https:\/\/theplayoffs.news\/fr\/wp-json\/wp\/v2\/posts\/913585\/revisions\/913694"}],"wp:featuredmedia":[{"embeddable":true,"href":"https:\/\/theplayoffs.news\/fr\/wp-json\/wp\/v2\/media\/913680"}],"wp:attachment":[{"href":"https:\/\/theplayoffs.news\/fr\/wp-json\/wp\/v2\/media?parent=913585"}],"wp:term":[{"taxonomy":"category","embeddable":true,"href":"https:\/\/theplayoffs.news\/fr\/wp-json\/wp\/v2\/categories?post=913585"},{"taxonomy":"post_tag","embeddable":true,"href":"https:\/\/theplayoffs.news\/fr\/wp-json\/wp\/v2\/tags?post=913585"},{"taxonomy":"sport","embeddable":true,"href":"https:\/\/theplayoffs.news\/fr\/wp-json\/wp\/v2\/sport?post=913585"},{"taxonomy":"saison","embeddable":true,"href":"https:\/\/theplayoffs.news\/fr\/wp-json\/wp\/v2\/saison?post=913585"}],"curies":[{"name":"wp","href":"https:\/\/api.w.org\/{rel}","templated":true}]}}