{"id":912964,"date":"2023-09-21T07:12:57","date_gmt":"2023-09-21T05:12:57","guid":{"rendered":"https:\/\/theplayoffs.news\/fr\/?p=912964"},"modified":"2023-09-21T07:12:58","modified_gmt":"2023-09-21T05:12:58","slug":"cam-akers-debarque-chez-les-vikings","status":"publish","type":"post","link":"https:\/\/theplayoffs.news\/fr\/actualite-nfl\/cam-akers-debarque-chez-les-vikings\/","title":{"rendered":"Cam Akers d\u00e9barque chez les Vikings !"},"content":{"rendered":"<h2>Dans une r&eacute;ponse &agrave; leur d&eacute;but de saison d&eacute;cevant, les Vikings du Minnesota prennent des mesures pour rem&eacute;dier &agrave; leurs lacunes notables dans le domaine de la course avec l&rsquo;arriv&eacute;e de Cam Akers.<\/h2><p><a href=\"https:\/\/x.com\/TomPelissero\/status\/1704624596434002182?s=20\" class=\"trk-cta-link\" data-cta-trk='{\"ctaType\":\"Link\",\"ctaSubType\":\"main\"}'>L&rsquo;accord comprend<\/a> un swap de tour de draft 2026 et les Vikings obtiennent &eacute;galement un choix conditionnel du septi&egrave;me tour et les Rams un choix conditionnel du sixi&egrave;me tour.<\/p><p>La d&eacute;cision des Vikings d&rsquo;&eacute;changer pour Akers ne pouvait pas &ecirc;tre plus opportune. Avec 69 yards de course cette saison, le plus bas niveau de la NFL, les Vikings ont besoin d&rsquo;une &eacute;tincelle. Le d&eacute;part de leur ancienne star, Dalvin Cook, et son remplacement par l&rsquo;exp&eacute;riment&eacute; Alexander Mattison, n&rsquo;a pas encore port&eacute; ses fruits, comme en t&eacute;moignent les r&eacute;sultats m&eacute;diocres.<\/p><p>Cependant, la d&eacute;cision de faire appel &agrave; <a href=\"https:\/\/theplayoffs.news\/fr\/joueur\/cam-akers-nfl-8480042\/\" class=\"trk-cta-link\" data-cta-trk='{\"ctaType\":\"Link\",\"ctaSubType\":\"main\"}'><strong>Cam Akers<\/strong><\/a> n&rsquo;est pas seulement une r&eacute;action h&acirc;tive &agrave; des statistiques m&eacute;diocres.<\/p><p>Les liens qu&rsquo;Akers entretient avec l&rsquo;entra&icirc;neur Kevin O&rsquo;Connell et le coordinateur offensif Wes Phillips depuis leur passage chez les Rams pourraient faciliter son int&eacute;gration dans les sch&eacute;mas offensifs des Vikings. L&rsquo;accent mis r&eacute;cemment par O&rsquo;Connell sur la n&eacute;cessit&eacute; d&rsquo;un jeu de course plus efficace et plus fiable laisse entrevoir le r&ocirc;le important que Cam Akers pourrait jouer dans les prochaines &eacute;ch&eacute;ances.<\/p><p>De plus, l&rsquo;engagement des Vikings &agrave; renforcer leur ligne offensive, qui s&rsquo;est traduit par la signature r&eacute;cente de l&rsquo;agent libre Dalton Risner, montre leur approche globale de l&rsquo;am&eacute;lioration de leur jeu au sol.<\/p><h3>La sortie controvers&eacute;e de Cam Akers des Rams<\/h3><p>Pour Cam Akers, cette transaction est l&rsquo;occasion d&rsquo;un nouveau d&eacute;part apr&egrave;s une p&eacute;riode tumultueuse avec les Rams.<\/p><p>La semaine derni&egrave;re, la &laquo;&nbsp;d&eacute;cision de l&rsquo;entra&icirc;neur&nbsp;&raquo; de d&eacute;sactiver Cam Akers a suscit&eacute; la controverse, en particulier apr&egrave;s le message mystificateur d&rsquo;Akers sur les m&eacute;dias sociaux exprimant sa confusion. Bien que l&rsquo;entra&icirc;neur des Rams, Sean McVay, soit rest&eacute; vague sur les raisons de l&rsquo;exclusion d&rsquo;Akers, il est &eacute;vident que les relations &eacute;taient devenues tendues.<\/p><p>Les sp&eacute;culations de l&rsquo;ann&eacute;e derni&egrave;re sur la possibilit&eacute; pour Akers de &laquo;&nbsp;prendre un nouveau d&eacute;part avec une autre &eacute;quipe&nbsp;&raquo; montrent encore une fois que son passage chez les Rams a eu des moments difficiles. Le besoin de plus d&rsquo;urgence de la part d&rsquo;Akers, tel qu&rsquo;il a &eacute;t&eacute; exprim&eacute; par McVay, sugg&egrave;re des pr&eacute;occupations li&eacute;es &agrave; la performance.<\/p><p>Cependant, les Vikings semblent pr&ecirc;ts &agrave; fournir &agrave; Akers la plateforme dont il a besoin. La question de savoir si Akers sera le rempla&ccedil;ant de Mattison ou s&rsquo;il jouera un r&ocirc;le plus important reste encore sans r&eacute;ponse. Mais &eacute;tant donn&eacute; les difficult&eacute;s actuelles du backfield des Vikings, Akers pourrait bien devenir une figure centrale dans leur tentative de relancer leur saison.<\/p><p>&nbsp;<\/p><p>Credit: Steven Bisig-USA TODAY Sports<\/p>\n","protected":false},"excerpt":{"rendered":"","protected":false},"author":13,"featured_media":912973,"comment_status":"open","ping_status":"closed","sticky":false,"template":"","format":"standard","meta":{"inline_featured_image":false,"kia_subtitle":"","_mux_skip_reasons":[],"proofreadBy":0,"footnotes":""},"categories":[118,40],"tags":[1501,744],"sport":[],"saison":[],"class_list":["post-912964","post","type-post","status-publish","format-standard","has-post-thumbnail","hentry","category-actualite-nfl","category-nfl","tag-cam-akers","tag-minnesota-vikings"],"acf":[],"yoast_head":"<!-- This site is optimized with the Yoast SEO plugin v24.2 - https:\/\/yoast.com\/wordpress\/plugins\/seo\/ -->\n<title>Cam Akers d&eacute;barque chez les Vikings ! - The Playoffs FR<\/title>\n<meta name=\"robots\" content=\"index, follow, max-snippet:-1, max-image-preview:large, max-video-preview:-1\" \/>\n<link rel=\"canonical\" href=\"https:\/\/theplayoffs.news\/fr\/actualite-nfl\/cam-akers-debarque-chez-les-vikings\/\" \/>\n<meta property=\"og:locale\" content=\"fr_FR\" \/>\n<meta property=\"og:type\" content=\"article\" \/>\n<meta property=\"og:title\" content=\"Cam Akers d&eacute;barque chez les Vikings ! - The Playoffs FR\" \/>\n<meta property=\"og:url\" content=\"https:\/\/theplayoffs.news\/fr\/actualite-nfl\/cam-akers-debarque-chez-les-vikings\/\" \/>\n<meta property=\"og:site_name\" content=\"The Playoffs FR\" \/>\n<meta property=\"article:publisher\" content=\"https:\/\/www.facebook.com\/TheFreeAgentFR\/\" \/>\n<meta property=\"article:modified_time\" content=\"2023-09-21T07:12:58+02:00\" \/>\n<meta property=\"og:image\" content=\"https:\/\/theplayoffs.news\/fr\/wp-content\/uploads\/2023\/09\/USATSI_21390624-1.jpg\" \/>\n\t<meta property=\"og:image:width\" content=\"1920\" \/>\n\t<meta property=\"og:image:height\" content=\"1280\" \/>\n\t<meta property=\"og:image:type\" content=\"image\/jpeg\" \/>\n<meta name=\"author\" content=\"Charles Taudin\" \/>\n<meta name=\"twitter:card\" content=\"summary_large_image\" \/>\n<meta name=\"twitter:creator\" content=\"@TheFreeAgentFR\" \/>\n<meta name=\"twitter:site\" content=\"@TheFreeAgentFR\" \/>\n<meta name=\"twitter:label1\" content=\"\u00c9crit par\" \/>\n\t<meta name=\"twitter:data1\" content=\"Charles Taudin\" \/>\n\t<meta name=\"twitter:label2\" content=\"Dur\u00e9e de lecture estim\u00e9e\" \/>\n\t<meta name=\"twitter:data2\" content=\"2 minutes\" \/>\n<script type=\"application\/ld+json\" class=\"yoast-schema-graph\">{\"@context\":\"https:\/\/schema.org\",\"@graph\":[{\"@type\":\"WebPage\",\"@id\":\"https:\/\/theplayoffs.news\/fr\/actualite-nfl\/cam-akers-debarque-chez-les-vikings\/\",\"url\":\"https:\/\/theplayoffs.news\/fr\/actualite-nfl\/cam-akers-debarque-chez-les-vikings\/\",\"name\":\"Cam Akers d\u00e9barque chez les Vikings ! - The Playoffs FR\",\"isPartOf\":{\"@id\":\"https:\/\/theplayoffs.news\/fr\/#website\"},\"primaryImageOfPage\":{\"@id\":\"https:\/\/theplayoffs.news\/fr\/actualite-nfl\/cam-akers-debarque-chez-les-vikings\/#primaryimage\"},\"image\":{\"@id\":\"https:\/\/theplayoffs.news\/fr\/actualite-nfl\/cam-akers-debarque-chez-les-vikings\/#primaryimage\"},\"thumbnailUrl\":\"https:\/\/theplayoffs.news\/fr\/wp-content\/uploads\/2023\/09\/USATSI_21390624-1.jpg\",\"datePublished\":\"2023-09-21T05:12:57+00:00\",\"dateModified\":\"2023-09-21T05:12:58+00:00\",\"author\":{\"@id\":\"https:\/\/theplayoffs.news\/fr\/#\/schema\/person\/eee5b69ad5d3c51cabe881c839dbe133\"},\"breadcrumb\":{\"@id\":\"https:\/\/theplayoffs.news\/fr\/actualite-nfl\/cam-akers-debarque-chez-les-vikings\/#breadcrumb\"},\"inLanguage\":\"fr-FR\",\"potentialAction\":[{\"@type\":\"ReadAction\",\"target\":[\"https:\/\/theplayoffs.news\/fr\/actualite-nfl\/cam-akers-debarque-chez-les-vikings\/\"]}]},{\"@type\":\"ImageObject\",\"inLanguage\":\"fr-FR\",\"@id\":\"https:\/\/theplayoffs.news\/fr\/actualite-nfl\/cam-akers-debarque-chez-les-vikings\/#primaryimage\",\"url\":\"https:\/\/theplayoffs.news\/fr\/wp-content\/uploads\/2023\/09\/USATSI_21390624-1.jpg\",\"contentUrl\":\"https:\/\/theplayoffs.news\/fr\/wp-content\/uploads\/2023\/09\/USATSI_21390624-1.jpg\",\"width\":1920,\"height\":1280,\"caption\":\"Sep 10, 2023; Seattle, Washington, USA; Los Angeles Rams running back Cam Akers (3) prior to the game against the Seattle Seahawks at Lumen Field. Mandatory Credit: Steven Bisig-USA TODAY Sports\"},{\"@type\":\"BreadcrumbList\",\"@id\":\"https:\/\/theplayoffs.news\/fr\/actualite-nfl\/cam-akers-debarque-chez-les-vikings\/#breadcrumb\",\"itemListElement\":[{\"@type\":\"ListItem\",\"position\":1,\"name\":\"Accueil\",\"item\":\"https:\/\/theplayoffs.news\/fr\/\"},{\"@type\":\"ListItem\",\"position\":2,\"name\":\"Cam Akers d\u00e9barque chez les Vikings !\"}]},{\"@type\":\"WebSite\",\"@id\":\"https:\/\/theplayoffs.news\/fr\/#website\",\"url\":\"https:\/\/theplayoffs.news\/fr\/\",\"name\":\"The Playoffs FR\",\"description\":\"NBA-NFL-NHL-MLB\",\"potentialAction\":[{\"@type\":\"SearchAction\",\"target\":{\"@type\":\"EntryPoint\",\"urlTemplate\":\"https:\/\/theplayoffs.news\/fr\/?s={search_term_string}\"},\"query-input\":{\"@type\":\"PropertyValueSpecification\",\"valueRequired\":true,\"valueName\":\"search_term_string\"}}],\"inLanguage\":\"fr-FR\"},{\"@type\":\"Person\",\"@id\":\"https:\/\/theplayoffs.news\/fr\/#\/schema\/person\/eee5b69ad5d3c51cabe881c839dbe133\",\"name\":\"Charles Taudin\",\"image\":{\"@type\":\"ImageObject\",\"inLanguage\":\"fr-FR\",\"@id\":\"https:\/\/theplayoffs.news\/fr\/#\/schema\/person\/image\/\",\"url\":\"https:\/\/secure.gravatar.com\/avatar\/59a1e772205ce9fd255edfcafc93013736822e20261f294c5753b20c41ede9f2?s=96&d=mm&r=g\",\"contentUrl\":\"https:\/\/secure.gravatar.com\/avatar\/59a1e772205ce9fd255edfcafc93013736822e20261f294c5753b20c41ede9f2?s=96&d=mm&r=g\",\"caption\":\"Charles Taudin\"},\"description\":\"R\u00e9dacteur en chef global de The Playoffs, j\u2019ai cr\u00e9\u00e9 The Free Agent, devenu The Playoffs FR, en 2020 durant la pand\u00e9mie. Amoureux depuis des ann\u00e9es des 4 sports majeurs am\u00e9ricains, j\u2019organise maintenant la strat\u00e9gie \u00e9ditoriale et les r\u00e9seaux sociaux de l\u2019ensemble des versions de The Playoffs. Il m\u2019arrive encore d\u2019\u00e9crire sur certains sports que j\u2019affectionne particuli\u00e8rement comme la NFL ou la MLB. Si vous devez retenir qu\u2019une chose : Eli Manning est le vrai GOAT pour avoir battu deux fois Tom Brady.\",\"sameAs\":[\"https:\/\/www.instagram.com\/ctaudin_\/\"],\"url\":\"https:\/\/theplayoffs.news\/fr\/author\/charles-taudin\/\"}]}<\/script>\n<!-- \/ Yoast SEO plugin. -->","yoast_head_json":{"title":"Cam Akers d&eacute;barque chez les Vikings ! - The Playoffs FR","robots":{"index":"index","follow":"follow","max-snippet":"max-snippet:-1","max-image-preview":"max-image-preview:large","max-video-preview":"max-video-preview:-1"},"canonical":"https:\/\/theplayoffs.news\/fr\/actualite-nfl\/cam-akers-debarque-chez-les-vikings\/","og_locale":"fr_FR","og_type":"article","og_title":"Cam Akers d&eacute;barque chez les Vikings ! - The Playoffs FR","og_url":"https:\/\/theplayoffs.news\/fr\/actualite-nfl\/cam-akers-debarque-chez-les-vikings\/","og_site_name":"The Playoffs FR","article_publisher":"https:\/\/www.facebook.com\/TheFreeAgentFR\/","article_modified_time":"2023-09-21T05:12:58+00:00","og_image":[{"width":1920,"height":1280,"url":"https:\/\/theplayoffs.news\/fr\/wp-content\/uploads\/2023\/09\/USATSI_21390624-1.jpg","type":"image\/jpeg"}],"author":"Charles Taudin","twitter_card":"summary_large_image","twitter_creator":"@TheFreeAgentFR","twitter_site":"@TheFreeAgentFR","twitter_misc":{"\u00c9crit par":"Charles Taudin","Dur\u00e9e de lecture estim\u00e9e":"2 minutes"},"schema":{"@context":"https:\/\/schema.org","@graph":[{"@type":"WebPage","@id":"https:\/\/theplayoffs.news\/fr\/actualite-nfl\/cam-akers-debarque-chez-les-vikings\/","url":"https:\/\/theplayoffs.news\/fr\/actualite-nfl\/cam-akers-debarque-chez-les-vikings\/","name":"Cam Akers d\u00e9barque chez les Vikings ! - The Playoffs FR","isPartOf":{"@id":"https:\/\/theplayoffs.news\/fr\/#website"},"primaryImageOfPage":{"@id":"https:\/\/theplayoffs.news\/fr\/actualite-nfl\/cam-akers-debarque-chez-les-vikings\/#primaryimage"},"image":{"@id":"https:\/\/theplayoffs.news\/fr\/actualite-nfl\/cam-akers-debarque-chez-les-vikings\/#primaryimage"},"thumbnailUrl":"https:\/\/theplayoffs.news\/fr\/wp-content\/uploads\/2023\/09\/USATSI_21390624-1.jpg","datePublished":"2023-09-21T05:12:57+00:00","dateModified":"2023-09-21T05:12:58+00:00","author":{"@id":"https:\/\/theplayoffs.news\/fr\/#\/schema\/person\/eee5b69ad5d3c51cabe881c839dbe133"},"breadcrumb":{"@id":"https:\/\/theplayoffs.news\/fr\/actualite-nfl\/cam-akers-debarque-chez-les-vikings\/#breadcrumb"},"inLanguage":"fr-FR","potentialAction":[{"@type":"ReadAction","target":["https:\/\/theplayoffs.news\/fr\/actualite-nfl\/cam-akers-debarque-chez-les-vikings\/"]}]},{"@type":"ImageObject","inLanguage":"fr-FR","@id":"https:\/\/theplayoffs.news\/fr\/actualite-nfl\/cam-akers-debarque-chez-les-vikings\/#primaryimage","url":"https:\/\/theplayoffs.news\/fr\/wp-content\/uploads\/2023\/09\/USATSI_21390624-1.jpg","contentUrl":"https:\/\/theplayoffs.news\/fr\/wp-content\/uploads\/2023\/09\/USATSI_21390624-1.jpg","width":1920,"height":1280,"caption":"Sep 10, 2023; Seattle, Washington, USA; Los Angeles Rams running back Cam Akers (3) prior to the game against the Seattle Seahawks at Lumen Field. Mandatory Credit: Steven Bisig-USA TODAY Sports"},{"@type":"BreadcrumbList","@id":"https:\/\/theplayoffs.news\/fr\/actualite-nfl\/cam-akers-debarque-chez-les-vikings\/#breadcrumb","itemListElement":[{"@type":"ListItem","position":1,"name":"Accueil","item":"https:\/\/theplayoffs.news\/fr\/"},{"@type":"ListItem","position":2,"name":"Cam Akers d\u00e9barque chez les Vikings !"}]},{"@type":"WebSite","@id":"https:\/\/theplayoffs.news\/fr\/#website","url":"https:\/\/theplayoffs.news\/fr\/","name":"The Playoffs FR","description":"NBA-NFL-NHL-MLB","potentialAction":[{"@type":"SearchAction","target":{"@type":"EntryPoint","urlTemplate":"https:\/\/theplayoffs.news\/fr\/?s={search_term_string}"},"query-input":{"@type":"PropertyValueSpecification","valueRequired":true,"valueName":"search_term_string"}}],"inLanguage":"fr-FR"},{"@type":"Person","@id":"https:\/\/theplayoffs.news\/fr\/#\/schema\/person\/eee5b69ad5d3c51cabe881c839dbe133","name":"Charles Taudin","image":{"@type":"ImageObject","inLanguage":"fr-FR","@id":"https:\/\/theplayoffs.news\/fr\/#\/schema\/person\/image\/","url":"https:\/\/secure.gravatar.com\/avatar\/59a1e772205ce9fd255edfcafc93013736822e20261f294c5753b20c41ede9f2?s=96&d=mm&r=g","contentUrl":"https:\/\/secure.gravatar.com\/avatar\/59a1e772205ce9fd255edfcafc93013736822e20261f294c5753b20c41ede9f2?s=96&d=mm&r=g","caption":"Charles Taudin"},"description":"R\u00e9dacteur en chef global de The Playoffs, j\u2019ai cr\u00e9\u00e9 The Free Agent, devenu The Playoffs FR, en 2020 durant la pand\u00e9mie. Amoureux depuis des ann\u00e9es des 4 sports majeurs am\u00e9ricains, j\u2019organise maintenant la strat\u00e9gie \u00e9ditoriale et les r\u00e9seaux sociaux de l\u2019ensemble des versions de The Playoffs. Il m\u2019arrive encore d\u2019\u00e9crire sur certains sports que j\u2019affectionne particuli\u00e8rement comme la NFL ou la MLB. Si vous devez retenir qu\u2019une chose : Eli Manning est le vrai GOAT pour avoir battu deux fois Tom Brady.","sameAs":["https:\/\/www.instagram.com\/ctaudin_\/"],"url":"https:\/\/theplayoffs.news\/fr\/author\/charles-taudin\/"}]}},"_links":{"self":[{"href":"https:\/\/theplayoffs.news\/fr\/wp-json\/wp\/v2\/posts\/912964","targetHints":{"allow":["GET"]}}],"collection":[{"href":"https:\/\/theplayoffs.news\/fr\/wp-json\/wp\/v2\/posts"}],"about":[{"href":"https:\/\/theplayoffs.news\/fr\/wp-json\/wp\/v2\/types\/post"}],"author":[{"embeddable":true,"href":"https:\/\/theplayoffs.news\/fr\/wp-json\/wp\/v2\/users\/13"}],"replies":[{"embeddable":true,"href":"https:\/\/theplayoffs.news\/fr\/wp-json\/wp\/v2\/comments?post=912964"}],"version-history":[{"count":3,"href":"https:\/\/theplayoffs.news\/fr\/wp-json\/wp\/v2\/posts\/912964\/revisions"}],"predecessor-version":[{"id":912990,"href":"https:\/\/theplayoffs.news\/fr\/wp-json\/wp\/v2\/posts\/912964\/revisions\/912990"}],"wp:featuredmedia":[{"embeddable":true,"href":"https:\/\/theplayoffs.news\/fr\/wp-json\/wp\/v2\/media\/912973"}],"wp:attachment":[{"href":"https:\/\/theplayoffs.news\/fr\/wp-json\/wp\/v2\/media?parent=912964"}],"wp:term":[{"taxonomy":"category","embeddable":true,"href":"https:\/\/theplayoffs.news\/fr\/wp-json\/wp\/v2\/categories?post=912964"},{"taxonomy":"post_tag","embeddable":true,"href":"https:\/\/theplayoffs.news\/fr\/wp-json\/wp\/v2\/tags?post=912964"},{"taxonomy":"sport","embeddable":true,"href":"https:\/\/theplayoffs.news\/fr\/wp-json\/wp\/v2\/sport?post=912964"},{"taxonomy":"saison","embeddable":true,"href":"https:\/\/theplayoffs.news\/fr\/wp-json\/wp\/v2\/saison?post=912964"}],"curies":[{"name":"wp","href":"https:\/\/api.w.org\/{rel}","templated":true}]}}