{"id":912406,"date":"2023-09-20T22:58:55","date_gmt":"2023-09-20T20:58:55","guid":{"rendered":"https:\/\/theplayoffs.news\/fr\/?p=912406"},"modified":"2023-09-20T22:58:56","modified_gmt":"2023-09-20T20:58:56","slug":"alan-williams-demissionne","status":"publish","type":"post","link":"https:\/\/theplayoffs.news\/fr\/actualite-nfl\/alan-williams-demissionne\/","title":{"rendered":"Alan Williams d\u00e9missionne de son poste de coordinateur d\u00e9fensif des Bears"},"content":{"rendered":"<h2>Le coordinateur d&eacute;fensif des Bears de Chicago, Alan Williams, a pr&eacute;sent&eacute; sa d&eacute;mission ce mercredi et ne sera donc plus sur le banc de la franchise de NFC Nord.<\/h2><p>La saison commence bien mal pour les Bears de Chicago et la d&eacute;mission d&rsquo;<a href=\"https:\/\/www.pro-football-reference.com\/coaches\/WillAl0.htm\" class=\"trk-cta-link\" data-cta-trk='{\"ctaType\":\"Link\",\"ctaSubType\":\"main\"}'>Alan Williams<\/a> n&rsquo;est qu&rsquo;une pierre de plus dans l&rsquo;&eacute;difice bien bancal qu&rsquo;est ce d&eacute;but de saison 2023 des Chicago Bears. Apr&egrave;s deux d&eacute;faites lors des deux premiers matchs contre des &eacute;quipes qui, sur le papier avant le d&eacute;but de la saison, &eacute;taient &agrave; leur port&eacute;e (Green Bay et Tampa Bay) et apr&egrave;s les <a href=\"https:\/\/theplayoffs.news\/fr\/nfl\/justin-fields-retrouver-son-jeu-instinctif\/\" class=\"trk-cta-link\" data-cta-trk='{\"ctaType\":\"Link\",\"ctaSubType\":\"main\"}'>d&eacute;clarations de Justin Fields<\/a> pour expliquer son manque de performance, c&rsquo;est donc au tour du coordinateur d&eacute;fensif de la franchise, Alan Williams, de pr&eacute;senter sa d&eacute;mission.<\/p><blockquote class=\"twitter-tweet\" data-width=\"500\" data-dnt=\"true\">\n<p lang=\"en\" dir=\"ltr\">A statement from Alan Williams: <a href=\"https:\/\/t.co\/FfDPMkx6vH\" class=\"trk-cta-link\" data-cta-trk='{\"ctaType\":\"Link\",\"ctaSubType\":\"main\"}'>https:\/\/t.co\/FfDPMkx6vH<\/a> <a href=\"https:\/\/t.co\/mz9oK9gVhr\" class=\"trk-cta-link\" data-cta-trk='{\"ctaType\":\"Link\",\"ctaSubType\":\"main\"}'>pic.twitter.com\/mz9oK9gVhr<\/a><\/p>\n<p>&mdash; Ian Rapoport (@RapSheet) <a href=\"https:\/\/twitter.com\/RapSheet\/status\/1704592076057251986?ref_src=twsrc%5Etfw\" class=\"trk-cta-link\" data-cta-trk='{\"ctaType\":\"Link\",\"ctaSubType\":\"main\"}'>September 20, 2023<\/a><\/p><\/blockquote><p><script async src=\"https:\/\/platform.twitter.com\/widgets.js\" charset=\"utf-8\"><\/script><\/p><p>Dans <a href=\"https:\/\/twitter.com\/RapSheet\/status\/1704592076057251986\" class=\"trk-cta-link\" data-cta-trk='{\"ctaType\":\"Link\",\"ctaSubType\":\"main\"}'>un communiqu&eacute;<\/a> paru ce mercredi, Williams explique abandonner son poste de coordinateur d&eacute;fensif des Bears pour &laquo;&nbsp;prendre soin de sa sant&eacute; et de celle de sa famille&nbsp;&raquo;. Il assure &eacute;galement, apr&egrave;s avoir remerci&eacute; les autres membres du staff et les propri&eacute;taires des Bears, qu&rsquo;il reviendra sans doute dans l&rsquo;univers du coaching en NFL lorsque sa situation personnelle se sera am&eacute;liorer.<\/p><p>Alan Williams avait quitt&eacute; l&rsquo;&eacute;quipe la semaine derni&egrave;re pour des &laquo;&nbsp;raisons personnelles&nbsp;&raquo; laissant le soin &agrave; l&rsquo;entra&icirc;neur principal, Matt Eberflus, d&rsquo;appeler les jeux d&eacute;fensifs lors de la d&eacute;faite des Bears face aux Buccaneers. Apr&egrave;s avoir &eacute;t&eacute; coordinateur d&eacute;fensif des Vikings en 2012 et 2013, Williams &eacute;tait pass&eacute; par les Lions et les Colts avant de rejoindre Chicago lors de la saison derni&egrave;re. Il n&rsquo;aura donc pass&eacute; qu&rsquo;une saison et un match en tant que coordinateur d&eacute;fensif des Bears.<\/p><p><em>Cr&eacute;dit photo: David Banks-USA TODAY Sports<\/em><\/p>\n","protected":false},"excerpt":{"rendered":"","protected":false},"author":180309964,"featured_media":912412,"comment_status":"open","ping_status":"closed","sticky":false,"template":"","format":"standard","meta":{"inline_featured_image":false,"kia_subtitle":"","_mux_skip_reasons":[],"proofreadBy":0,"footnotes":""},"categories":[118,40],"tags":[6462,887],"sport":[2785],"saison":[3453],"class_list":["post-912406","post","type-post","status-publish","format-standard","has-post-thumbnail","hentry","category-actualite-nfl","category-nfl","tag-alan-williams","tag-chicago-bears","sport-nfl","saison-3453"],"acf":[],"yoast_head":"<!-- This site is optimized with the Yoast SEO plugin v24.2 - https:\/\/yoast.com\/wordpress\/plugins\/seo\/ -->\n<title>Alan Williams d&eacute;missionne de son poste de coordinateur d&eacute;fensif des Bears - The Playoffs FR<\/title>\n<meta name=\"robots\" content=\"index, follow, max-snippet:-1, max-image-preview:large, max-video-preview:-1\" \/>\n<link rel=\"canonical\" href=\"https:\/\/theplayoffs.news\/fr\/actualite-nfl\/alan-williams-demissionne\/\" \/>\n<meta property=\"og:locale\" content=\"fr_FR\" \/>\n<meta property=\"og:type\" content=\"article\" \/>\n<meta property=\"og:title\" content=\"Alan Williams d&eacute;missionne de son poste de coordinateur d&eacute;fensif des Bears - The Playoffs FR\" \/>\n<meta property=\"og:url\" content=\"https:\/\/theplayoffs.news\/fr\/actualite-nfl\/alan-williams-demissionne\/\" \/>\n<meta property=\"og:site_name\" content=\"The Playoffs FR\" \/>\n<meta property=\"article:publisher\" content=\"https:\/\/www.facebook.com\/TheFreeAgentFR\/\" \/>\n<meta property=\"article:modified_time\" content=\"2023-09-20T22:58:56+02:00\" \/>\n<meta property=\"og:image\" content=\"https:\/\/theplayoffs.news\/fr\/wp-content\/uploads\/2023\/09\/USATSI_18783780.jpg\" \/>\n\t<meta property=\"og:image:width\" content=\"1920\" \/>\n\t<meta property=\"og:image:height\" content=\"1091\" \/>\n\t<meta property=\"og:image:type\" content=\"image\/jpeg\" \/>\n<meta name=\"author\" content=\"Flavien Jumeau\" \/>\n<meta name=\"twitter:card\" content=\"summary_large_image\" \/>\n<meta name=\"twitter:creator\" content=\"@TheFreeAgentFR\" \/>\n<meta name=\"twitter:site\" content=\"@TheFreeAgentFR\" \/>\n<meta name=\"twitter:label1\" content=\"\u00c9crit par\" \/>\n\t<meta name=\"twitter:data1\" content=\"Flavien Jumeau\" \/>\n\t<meta name=\"twitter:label2\" content=\"Dur\u00e9e de lecture estim\u00e9e\" \/>\n\t<meta name=\"twitter:data2\" content=\"1 minute\" \/>\n<script type=\"application\/ld+json\" class=\"yoast-schema-graph\">{\"@context\":\"https:\/\/schema.org\",\"@graph\":[{\"@type\":\"WebPage\",\"@id\":\"https:\/\/theplayoffs.news\/fr\/actualite-nfl\/alan-williams-demissionne\/\",\"url\":\"https:\/\/theplayoffs.news\/fr\/actualite-nfl\/alan-williams-demissionne\/\",\"name\":\"Alan Williams d\u00e9missionne de son poste de coordinateur d\u00e9fensif des Bears - The Playoffs FR\",\"isPartOf\":{\"@id\":\"https:\/\/theplayoffs.news\/fr\/#website\"},\"primaryImageOfPage\":{\"@id\":\"https:\/\/theplayoffs.news\/fr\/actualite-nfl\/alan-williams-demissionne\/#primaryimage\"},\"image\":{\"@id\":\"https:\/\/theplayoffs.news\/fr\/actualite-nfl\/alan-williams-demissionne\/#primaryimage\"},\"thumbnailUrl\":\"https:\/\/theplayoffs.news\/fr\/wp-content\/uploads\/2023\/09\/USATSI_18783780.jpg\",\"datePublished\":\"2023-09-20T20:58:55+00:00\",\"dateModified\":\"2023-09-20T20:58:56+00:00\",\"author\":{\"@id\":\"https:\/\/theplayoffs.news\/fr\/#\/schema\/person\/def63bc6746dc5957469b75feb99e66d\"},\"breadcrumb\":{\"@id\":\"https:\/\/theplayoffs.news\/fr\/actualite-nfl\/alan-williams-demissionne\/#breadcrumb\"},\"inLanguage\":\"fr-FR\",\"potentialAction\":[{\"@type\":\"ReadAction\",\"target\":[\"https:\/\/theplayoffs.news\/fr\/actualite-nfl\/alan-williams-demissionne\/\"]}]},{\"@type\":\"ImageObject\",\"inLanguage\":\"fr-FR\",\"@id\":\"https:\/\/theplayoffs.news\/fr\/actualite-nfl\/alan-williams-demissionne\/#primaryimage\",\"url\":\"https:\/\/theplayoffs.news\/fr\/wp-content\/uploads\/2023\/09\/USATSI_18783780.jpg\",\"contentUrl\":\"https:\/\/theplayoffs.news\/fr\/wp-content\/uploads\/2023\/09\/USATSI_18783780.jpg\",\"width\":1920,\"height\":1091,\"caption\":\"Jul 30, 2022; Lake Forest Illinois, US; Chicago Bears defensive coordinator Alan Williams answers questions after training camp at Halas Hall. Mandatory Credit: David Banks-USA TODAY Sports\"},{\"@type\":\"BreadcrumbList\",\"@id\":\"https:\/\/theplayoffs.news\/fr\/actualite-nfl\/alan-williams-demissionne\/#breadcrumb\",\"itemListElement\":[{\"@type\":\"ListItem\",\"position\":1,\"name\":\"Accueil\",\"item\":\"https:\/\/theplayoffs.news\/fr\/\"},{\"@type\":\"ListItem\",\"position\":2,\"name\":\"Alan Williams d\u00e9missionne de son poste de coordinateur d\u00e9fensif des Bears\"}]},{\"@type\":\"WebSite\",\"@id\":\"https:\/\/theplayoffs.news\/fr\/#website\",\"url\":\"https:\/\/theplayoffs.news\/fr\/\",\"name\":\"The Playoffs FR\",\"description\":\"NBA-NFL-NHL-MLB\",\"potentialAction\":[{\"@type\":\"SearchAction\",\"target\":{\"@type\":\"EntryPoint\",\"urlTemplate\":\"https:\/\/theplayoffs.news\/fr\/?s={search_term_string}\"},\"query-input\":{\"@type\":\"PropertyValueSpecification\",\"valueRequired\":true,\"valueName\":\"search_term_string\"}}],\"inLanguage\":\"fr-FR\"},{\"@type\":\"Person\",\"@id\":\"https:\/\/theplayoffs.news\/fr\/#\/schema\/person\/def63bc6746dc5957469b75feb99e66d\",\"name\":\"Flavien Jumeau\",\"image\":{\"@type\":\"ImageObject\",\"inLanguage\":\"fr-FR\",\"@id\":\"https:\/\/theplayoffs.news\/fr\/#\/schema\/person\/image\/\",\"url\":\"https:\/\/secure.gravatar.com\/avatar\/e7fa8ba5a4b7e4ce35fe152f083f352db28ad0acce692004ed88a7a7d78893f7?s=96&d=mm&r=g\",\"contentUrl\":\"https:\/\/secure.gravatar.com\/avatar\/e7fa8ba5a4b7e4ce35fe152f083f352db28ad0acce692004ed88a7a7d78893f7?s=96&d=mm&r=g\",\"caption\":\"Flavien Jumeau\"},\"description\":\"Amoureux du sport (et de vraiment tous les sports) depuis mon plus jeune \u00e2ge, j\u2019ai longtemps h\u00e9site entre le snooker et le curling. Finalement c\u2019est le foot US que j\u2019ai d\u00e9cid\u00e9 de choisir! Responsable foot US sur TPO et animateur du podcast Tailgate j\u2019ai pour mission de vous faire d\u00e9couvrir ce sport passionnant si ce n\u2019est pas encore fait et de vous donner les derni\u00e8res actus. Le tout dans la bonne humeur et avec toujours un jeu de mots ou deux savamment distill\u00e9s! Fan des Saints, pour moi Drew Brees est le vrai GOAT!\",\"url\":\"https:\/\/theplayoffs.news\/fr\/author\/flavien-jumeaugmail-com\/\"}]}<\/script>\n<!-- \/ Yoast SEO plugin. -->","yoast_head_json":{"title":"Alan Williams d&eacute;missionne de son poste de coordinateur d&eacute;fensif des Bears - The Playoffs FR","robots":{"index":"index","follow":"follow","max-snippet":"max-snippet:-1","max-image-preview":"max-image-preview:large","max-video-preview":"max-video-preview:-1"},"canonical":"https:\/\/theplayoffs.news\/fr\/actualite-nfl\/alan-williams-demissionne\/","og_locale":"fr_FR","og_type":"article","og_title":"Alan Williams d&eacute;missionne de son poste de coordinateur d&eacute;fensif des Bears - The Playoffs FR","og_url":"https:\/\/theplayoffs.news\/fr\/actualite-nfl\/alan-williams-demissionne\/","og_site_name":"The Playoffs FR","article_publisher":"https:\/\/www.facebook.com\/TheFreeAgentFR\/","article_modified_time":"2023-09-20T20:58:56+00:00","og_image":[{"width":1920,"height":1091,"url":"https:\/\/theplayoffs.news\/fr\/wp-content\/uploads\/2023\/09\/USATSI_18783780.jpg","type":"image\/jpeg"}],"author":"Flavien Jumeau","twitter_card":"summary_large_image","twitter_creator":"@TheFreeAgentFR","twitter_site":"@TheFreeAgentFR","twitter_misc":{"\u00c9crit par":"Flavien Jumeau","Dur\u00e9e de lecture estim\u00e9e":"1 minute"},"schema":{"@context":"https:\/\/schema.org","@graph":[{"@type":"WebPage","@id":"https:\/\/theplayoffs.news\/fr\/actualite-nfl\/alan-williams-demissionne\/","url":"https:\/\/theplayoffs.news\/fr\/actualite-nfl\/alan-williams-demissionne\/","name":"Alan Williams d\u00e9missionne de son poste de coordinateur d\u00e9fensif des Bears - The Playoffs FR","isPartOf":{"@id":"https:\/\/theplayoffs.news\/fr\/#website"},"primaryImageOfPage":{"@id":"https:\/\/theplayoffs.news\/fr\/actualite-nfl\/alan-williams-demissionne\/#primaryimage"},"image":{"@id":"https:\/\/theplayoffs.news\/fr\/actualite-nfl\/alan-williams-demissionne\/#primaryimage"},"thumbnailUrl":"https:\/\/theplayoffs.news\/fr\/wp-content\/uploads\/2023\/09\/USATSI_18783780.jpg","datePublished":"2023-09-20T20:58:55+00:00","dateModified":"2023-09-20T20:58:56+00:00","author":{"@id":"https:\/\/theplayoffs.news\/fr\/#\/schema\/person\/def63bc6746dc5957469b75feb99e66d"},"breadcrumb":{"@id":"https:\/\/theplayoffs.news\/fr\/actualite-nfl\/alan-williams-demissionne\/#breadcrumb"},"inLanguage":"fr-FR","potentialAction":[{"@type":"ReadAction","target":["https:\/\/theplayoffs.news\/fr\/actualite-nfl\/alan-williams-demissionne\/"]}]},{"@type":"ImageObject","inLanguage":"fr-FR","@id":"https:\/\/theplayoffs.news\/fr\/actualite-nfl\/alan-williams-demissionne\/#primaryimage","url":"https:\/\/theplayoffs.news\/fr\/wp-content\/uploads\/2023\/09\/USATSI_18783780.jpg","contentUrl":"https:\/\/theplayoffs.news\/fr\/wp-content\/uploads\/2023\/09\/USATSI_18783780.jpg","width":1920,"height":1091,"caption":"Jul 30, 2022; Lake Forest Illinois, US; Chicago Bears defensive coordinator Alan Williams answers questions after training camp at Halas Hall. Mandatory Credit: David Banks-USA TODAY Sports"},{"@type":"BreadcrumbList","@id":"https:\/\/theplayoffs.news\/fr\/actualite-nfl\/alan-williams-demissionne\/#breadcrumb","itemListElement":[{"@type":"ListItem","position":1,"name":"Accueil","item":"https:\/\/theplayoffs.news\/fr\/"},{"@type":"ListItem","position":2,"name":"Alan Williams d\u00e9missionne de son poste de coordinateur d\u00e9fensif des Bears"}]},{"@type":"WebSite","@id":"https:\/\/theplayoffs.news\/fr\/#website","url":"https:\/\/theplayoffs.news\/fr\/","name":"The Playoffs FR","description":"NBA-NFL-NHL-MLB","potentialAction":[{"@type":"SearchAction","target":{"@type":"EntryPoint","urlTemplate":"https:\/\/theplayoffs.news\/fr\/?s={search_term_string}"},"query-input":{"@type":"PropertyValueSpecification","valueRequired":true,"valueName":"search_term_string"}}],"inLanguage":"fr-FR"},{"@type":"Person","@id":"https:\/\/theplayoffs.news\/fr\/#\/schema\/person\/def63bc6746dc5957469b75feb99e66d","name":"Flavien Jumeau","image":{"@type":"ImageObject","inLanguage":"fr-FR","@id":"https:\/\/theplayoffs.news\/fr\/#\/schema\/person\/image\/","url":"https:\/\/secure.gravatar.com\/avatar\/e7fa8ba5a4b7e4ce35fe152f083f352db28ad0acce692004ed88a7a7d78893f7?s=96&d=mm&r=g","contentUrl":"https:\/\/secure.gravatar.com\/avatar\/e7fa8ba5a4b7e4ce35fe152f083f352db28ad0acce692004ed88a7a7d78893f7?s=96&d=mm&r=g","caption":"Flavien Jumeau"},"description":"Amoureux du sport (et de vraiment tous les sports) depuis mon plus jeune \u00e2ge, j\u2019ai longtemps h\u00e9site entre le snooker et le curling. Finalement c\u2019est le foot US que j\u2019ai d\u00e9cid\u00e9 de choisir! Responsable foot US sur TPO et animateur du podcast Tailgate j\u2019ai pour mission de vous faire d\u00e9couvrir ce sport passionnant si ce n\u2019est pas encore fait et de vous donner les derni\u00e8res actus. Le tout dans la bonne humeur et avec toujours un jeu de mots ou deux savamment distill\u00e9s! Fan des Saints, pour moi Drew Brees est le vrai GOAT!","url":"https:\/\/theplayoffs.news\/fr\/author\/flavien-jumeaugmail-com\/"}]}},"_links":{"self":[{"href":"https:\/\/theplayoffs.news\/fr\/wp-json\/wp\/v2\/posts\/912406","targetHints":{"allow":["GET"]}}],"collection":[{"href":"https:\/\/theplayoffs.news\/fr\/wp-json\/wp\/v2\/posts"}],"about":[{"href":"https:\/\/theplayoffs.news\/fr\/wp-json\/wp\/v2\/types\/post"}],"author":[{"embeddable":true,"href":"https:\/\/theplayoffs.news\/fr\/wp-json\/wp\/v2\/users\/180309964"}],"replies":[{"embeddable":true,"href":"https:\/\/theplayoffs.news\/fr\/wp-json\/wp\/v2\/comments?post=912406"}],"version-history":[{"count":3,"href":"https:\/\/theplayoffs.news\/fr\/wp-json\/wp\/v2\/posts\/912406\/revisions"}],"predecessor-version":[{"id":912415,"href":"https:\/\/theplayoffs.news\/fr\/wp-json\/wp\/v2\/posts\/912406\/revisions\/912415"}],"wp:featuredmedia":[{"embeddable":true,"href":"https:\/\/theplayoffs.news\/fr\/wp-json\/wp\/v2\/media\/912412"}],"wp:attachment":[{"href":"https:\/\/theplayoffs.news\/fr\/wp-json\/wp\/v2\/media?parent=912406"}],"wp:term":[{"taxonomy":"category","embeddable":true,"href":"https:\/\/theplayoffs.news\/fr\/wp-json\/wp\/v2\/categories?post=912406"},{"taxonomy":"post_tag","embeddable":true,"href":"https:\/\/theplayoffs.news\/fr\/wp-json\/wp\/v2\/tags?post=912406"},{"taxonomy":"sport","embeddable":true,"href":"https:\/\/theplayoffs.news\/fr\/wp-json\/wp\/v2\/sport?post=912406"},{"taxonomy":"saison","embeddable":true,"href":"https:\/\/theplayoffs.news\/fr\/wp-json\/wp\/v2\/saison?post=912406"}],"curies":[{"name":"wp","href":"https:\/\/api.w.org\/{rel}","templated":true}]}}