{"id":895282,"date":"2023-09-15T10:36:17","date_gmt":"2023-09-15T08:36:17","guid":{"rendered":"https:\/\/theplayoffs.news\/fr\/?p=895282"},"modified":"2023-09-15T10:36:18","modified_gmt":"2023-09-15T08:36:18","slug":"puka-nacua-statut-incertain-week-2","status":"publish","type":"post","link":"https:\/\/theplayoffs.news\/fr\/actualite-nfl\/puka-nacua-statut-incertain-week-2\/","title":{"rendered":"Puka Nacua : statut incertain pour la Week 2"},"content":{"rendered":"<h2>Alors que les Rams se r&eacute;jouissent de leur victoire de la premi&egrave;re semaine, des questions se posent quant &agrave; la disponibilit&eacute; de leur receveur rookie, Puka Nacua, pour le prochain match contre les 49ers.<\/h2><p>La non-participation surprise de Nacua &agrave; l&rsquo;entra&icirc;nement de jeudi a laiss&eacute; les fans et les analystes sp&eacute;culer sur les prochaines actions de l&rsquo;&eacute;quipe.<\/p><h3>Les d&eacute;buts fulgurants de Nacua<\/h3><p>Lors de la victoire dominante des Rams 30-13 sur leurs adversaires dimanche dernier, peu de gens ont pu ignorer la synergie inattendue entre le quarterback v&eacute;t&eacute;ran, Matthew Stafford, et le choix de cinqui&egrave;me ronde, Puka Nacua.<\/p><p>Le duo s&rsquo;est connect&eacute; &agrave; dix reprises, permettant &agrave; <a href=\"https:\/\/theplayoffs.news\/fr\/joueur\/puka-nacua-nfl-8853030\/\" class=\"trk-cta-link\" data-cta-trk='{\"ctaType\":\"Link\",\"ctaSubType\":\"main\"}'><strong>Puka Nacua<\/strong><\/a> d&rsquo;accumuler 119 yards, un exploit d&rsquo;autant plus remarquable que le rookie rempla&ccedil;ait Cooper Kupp, bless&eacute;.<\/p><p>Sa performance ne lui a pas seulement valu des &eacute;loges, elle a consolid&eacute; sa position en tant que joueur cl&eacute;, surtout si l&rsquo;on tient compte de la malheureuse blessure aux ischio-jambiers qui a mis Kupp sur la touche pour l&rsquo;avenir pr&eacute;visible.<\/p><h3>Profondeur de l&rsquo;effectif des receveurs : Qui sera le prochain ?<\/h3><p>Le statut de Nacua pour la deuxi&egrave;me semaine semblant pr&eacute;caire, l&rsquo;attention se porte sur d&rsquo;autres meneurs de jeu potentiels dans le corps des receveurs des Rams.<\/p><p>Tutu Atwell, qui a &eacute;gal&eacute; le nombre de yards de Puka Nacua lors du match pr&eacute;c&eacute;dent, appara&icirc;t comme la cible principale probable de Stafford. De plus, Van Jefferson, Ben Skowronek et Demarcus Robinson compl&egrave;tent la liste des 53 joueurs des Rams, chacun pr&eacute;sentant ses propres atouts.<\/p><p>L&rsquo;entra&icirc;nement de vendredi et la publication subs&eacute;quente des d&eacute;signations de blessures permettront d&rsquo;avoir une id&eacute;e plus claire, non seulement sur la participation de Nacua, mais aussi sur la fa&ccedil;on dont l&rsquo;entra&icirc;neur Sean McVay pr&eacute;voit d&rsquo;adapter ses strat&eacute;gies face &agrave; la formidable d&eacute;fense des 49ers.<\/p><p>&nbsp;<\/p><p><em>Credit: Kiyoshi Mio-USA TODAY Sports<\/em><\/p>\n","protected":false},"excerpt":{"rendered":"","protected":false},"author":180310178,"featured_media":895294,"comment_status":"open","ping_status":"closed","sticky":false,"template":"","format":"standard","meta":{"inline_featured_image":false,"kia_subtitle":"","_mux_skip_reasons":[],"proofreadBy":0,"footnotes":""},"categories":[118,40],"tags":[695,6443],"sport":[],"saison":[],"class_list":["post-895282","post","type-post","status-publish","format-standard","has-post-thumbnail","hentry","category-actualite-nfl","category-nfl","tag-los-angeles-rams","tag-puka-nacua"],"acf":[],"yoast_head":"<!-- This site is optimized with the Yoast SEO plugin v24.2 - https:\/\/yoast.com\/wordpress\/plugins\/seo\/ -->\n<title>Puka Nacua : statut incertain pour la Week 2 - The Playoffs FR<\/title>\n<meta name=\"robots\" content=\"index, follow, max-snippet:-1, max-image-preview:large, max-video-preview:-1\" \/>\n<link rel=\"canonical\" href=\"https:\/\/theplayoffs.news\/fr\/actualite-nfl\/puka-nacua-statut-incertain-week-2\/\" \/>\n<meta property=\"og:locale\" content=\"fr_FR\" \/>\n<meta property=\"og:type\" content=\"article\" \/>\n<meta property=\"og:title\" content=\"Puka Nacua : statut incertain pour la Week 2 - The Playoffs FR\" \/>\n<meta property=\"og:url\" content=\"https:\/\/theplayoffs.news\/fr\/actualite-nfl\/puka-nacua-statut-incertain-week-2\/\" \/>\n<meta property=\"og:site_name\" content=\"The Playoffs FR\" \/>\n<meta property=\"article:publisher\" content=\"https:\/\/www.facebook.com\/TheFreeAgentFR\/\" \/>\n<meta property=\"article:modified_time\" content=\"2023-09-15T10:36:18+02:00\" \/>\n<meta property=\"og:image\" content=\"https:\/\/theplayoffs.news\/fr\/wp-content\/uploads\/2023\/09\/USATSI_21235109.jpg\" \/>\n\t<meta property=\"og:image:width\" content=\"1920\" \/>\n\t<meta property=\"og:image:height\" content=\"1280\" \/>\n\t<meta property=\"og:image:type\" content=\"image\/jpeg\" \/>\n<meta name=\"author\" content=\"Arthur Berlemont\" \/>\n<meta name=\"twitter:card\" content=\"summary_large_image\" \/>\n<meta name=\"twitter:creator\" content=\"@TheFreeAgentFR\" \/>\n<meta name=\"twitter:site\" content=\"@TheFreeAgentFR\" \/>\n<meta name=\"twitter:label1\" content=\"\u00c9crit par\" \/>\n\t<meta name=\"twitter:data1\" content=\"Arthur Berlemont\" \/>\n\t<meta name=\"twitter:label2\" content=\"Dur\u00e9e de lecture estim\u00e9e\" \/>\n\t<meta name=\"twitter:data2\" content=\"2 minutes\" \/>\n<script type=\"application\/ld+json\" class=\"yoast-schema-graph\">{\"@context\":\"https:\/\/schema.org\",\"@graph\":[{\"@type\":\"WebPage\",\"@id\":\"https:\/\/theplayoffs.news\/fr\/actualite-nfl\/puka-nacua-statut-incertain-week-2\/\",\"url\":\"https:\/\/theplayoffs.news\/fr\/actualite-nfl\/puka-nacua-statut-incertain-week-2\/\",\"name\":\"Puka Nacua : statut incertain pour la Week 2 - The Playoffs FR\",\"isPartOf\":{\"@id\":\"https:\/\/theplayoffs.news\/fr\/#website\"},\"primaryImageOfPage\":{\"@id\":\"https:\/\/theplayoffs.news\/fr\/actualite-nfl\/puka-nacua-statut-incertain-week-2\/#primaryimage\"},\"image\":{\"@id\":\"https:\/\/theplayoffs.news\/fr\/actualite-nfl\/puka-nacua-statut-incertain-week-2\/#primaryimage\"},\"thumbnailUrl\":\"https:\/\/theplayoffs.news\/fr\/wp-content\/uploads\/2023\/09\/USATSI_21235109.jpg\",\"datePublished\":\"2023-09-15T08:36:17+00:00\",\"dateModified\":\"2023-09-15T08:36:18+00:00\",\"author\":{\"@id\":\"https:\/\/theplayoffs.news\/fr\/#\/schema\/person\/b6b04a451dab03a5ab75cec8912e8942\"},\"breadcrumb\":{\"@id\":\"https:\/\/theplayoffs.news\/fr\/actualite-nfl\/puka-nacua-statut-incertain-week-2\/#breadcrumb\"},\"inLanguage\":\"fr-FR\",\"potentialAction\":[{\"@type\":\"ReadAction\",\"target\":[\"https:\/\/theplayoffs.news\/fr\/actualite-nfl\/puka-nacua-statut-incertain-week-2\/\"]}]},{\"@type\":\"ImageObject\",\"inLanguage\":\"fr-FR\",\"@id\":\"https:\/\/theplayoffs.news\/fr\/actualite-nfl\/puka-nacua-statut-incertain-week-2\/#primaryimage\",\"url\":\"https:\/\/theplayoffs.news\/fr\/wp-content\/uploads\/2023\/09\/USATSI_21235109.jpg\",\"contentUrl\":\"https:\/\/theplayoffs.news\/fr\/wp-content\/uploads\/2023\/09\/USATSI_21235109.jpg\",\"width\":1920,\"height\":1280,\"caption\":\"Aug 19, 2023; Inglewood, California, USA; Los Angeles Rams wide receiver Puka Nacua (17) warms up before the game against the Las Vegas Raiders at SoFi Stadium. Mandatory Credit: Kiyoshi Mio-USA TODAY Sports\"},{\"@type\":\"BreadcrumbList\",\"@id\":\"https:\/\/theplayoffs.news\/fr\/actualite-nfl\/puka-nacua-statut-incertain-week-2\/#breadcrumb\",\"itemListElement\":[{\"@type\":\"ListItem\",\"position\":1,\"name\":\"Accueil\",\"item\":\"https:\/\/theplayoffs.news\/fr\/\"},{\"@type\":\"ListItem\",\"position\":2,\"name\":\"Puka Nacua : statut incertain pour la Week 2\"}]},{\"@type\":\"WebSite\",\"@id\":\"https:\/\/theplayoffs.news\/fr\/#website\",\"url\":\"https:\/\/theplayoffs.news\/fr\/\",\"name\":\"The Playoffs FR\",\"description\":\"NBA-NFL-NHL-MLB\",\"potentialAction\":[{\"@type\":\"SearchAction\",\"target\":{\"@type\":\"EntryPoint\",\"urlTemplate\":\"https:\/\/theplayoffs.news\/fr\/?s={search_term_string}\"},\"query-input\":{\"@type\":\"PropertyValueSpecification\",\"valueRequired\":true,\"valueName\":\"search_term_string\"}}],\"inLanguage\":\"fr-FR\"},{\"@type\":\"Person\",\"@id\":\"https:\/\/theplayoffs.news\/fr\/#\/schema\/person\/b6b04a451dab03a5ab75cec8912e8942\",\"name\":\"Arthur Berlemont\",\"image\":{\"@type\":\"ImageObject\",\"inLanguage\":\"fr-FR\",\"@id\":\"https:\/\/theplayoffs.news\/fr\/#\/schema\/person\/image\/\",\"url\":\"https:\/\/secure.gravatar.com\/avatar\/19ddab1d62ab0a19b186b86cee130432b120dd6f085625a6a6757dd1aa90a5f3?s=96&d=mm&r=g\",\"contentUrl\":\"https:\/\/secure.gravatar.com\/avatar\/19ddab1d62ab0a19b186b86cee130432b120dd6f085625a6a6757dd1aa90a5f3?s=96&d=mm&r=g\",\"caption\":\"Arthur Berlemont\"},\"description\":\"Etudiant passionn\u00e9 de sport, avant tout m\u00e9caniques, j\\\\'ai d\u00e9couvert les sports US il y a quelques ann\u00e9es. J\\\\'ai tout de suite accroch\u00e9 pour la ville de Cincinnati et ses franchises de NFL et MLB. Aujourd\\\\'hui, je suis l\u00e0 par passion dans la r\u00e9daction d\\\\'articles sur divers sports que j\\\\'affectionne.\",\"url\":\"https:\/\/theplayoffs.news\/fr\/author\/arthur-berlemontgmail-com\/\"}]}<\/script>\n<!-- \/ Yoast SEO plugin. -->","yoast_head_json":{"title":"Puka Nacua : statut incertain pour la Week 2 - The Playoffs FR","robots":{"index":"index","follow":"follow","max-snippet":"max-snippet:-1","max-image-preview":"max-image-preview:large","max-video-preview":"max-video-preview:-1"},"canonical":"https:\/\/theplayoffs.news\/fr\/actualite-nfl\/puka-nacua-statut-incertain-week-2\/","og_locale":"fr_FR","og_type":"article","og_title":"Puka Nacua : statut incertain pour la Week 2 - The Playoffs FR","og_url":"https:\/\/theplayoffs.news\/fr\/actualite-nfl\/puka-nacua-statut-incertain-week-2\/","og_site_name":"The Playoffs FR","article_publisher":"https:\/\/www.facebook.com\/TheFreeAgentFR\/","article_modified_time":"2023-09-15T08:36:18+00:00","og_image":[{"width":1920,"height":1280,"url":"https:\/\/theplayoffs.news\/fr\/wp-content\/uploads\/2023\/09\/USATSI_21235109.jpg","type":"image\/jpeg"}],"author":"Arthur Berlemont","twitter_card":"summary_large_image","twitter_creator":"@TheFreeAgentFR","twitter_site":"@TheFreeAgentFR","twitter_misc":{"\u00c9crit par":"Arthur Berlemont","Dur\u00e9e de lecture estim\u00e9e":"2 minutes"},"schema":{"@context":"https:\/\/schema.org","@graph":[{"@type":"WebPage","@id":"https:\/\/theplayoffs.news\/fr\/actualite-nfl\/puka-nacua-statut-incertain-week-2\/","url":"https:\/\/theplayoffs.news\/fr\/actualite-nfl\/puka-nacua-statut-incertain-week-2\/","name":"Puka Nacua : statut incertain pour la Week 2 - The Playoffs FR","isPartOf":{"@id":"https:\/\/theplayoffs.news\/fr\/#website"},"primaryImageOfPage":{"@id":"https:\/\/theplayoffs.news\/fr\/actualite-nfl\/puka-nacua-statut-incertain-week-2\/#primaryimage"},"image":{"@id":"https:\/\/theplayoffs.news\/fr\/actualite-nfl\/puka-nacua-statut-incertain-week-2\/#primaryimage"},"thumbnailUrl":"https:\/\/theplayoffs.news\/fr\/wp-content\/uploads\/2023\/09\/USATSI_21235109.jpg","datePublished":"2023-09-15T08:36:17+00:00","dateModified":"2023-09-15T08:36:18+00:00","author":{"@id":"https:\/\/theplayoffs.news\/fr\/#\/schema\/person\/b6b04a451dab03a5ab75cec8912e8942"},"breadcrumb":{"@id":"https:\/\/theplayoffs.news\/fr\/actualite-nfl\/puka-nacua-statut-incertain-week-2\/#breadcrumb"},"inLanguage":"fr-FR","potentialAction":[{"@type":"ReadAction","target":["https:\/\/theplayoffs.news\/fr\/actualite-nfl\/puka-nacua-statut-incertain-week-2\/"]}]},{"@type":"ImageObject","inLanguage":"fr-FR","@id":"https:\/\/theplayoffs.news\/fr\/actualite-nfl\/puka-nacua-statut-incertain-week-2\/#primaryimage","url":"https:\/\/theplayoffs.news\/fr\/wp-content\/uploads\/2023\/09\/USATSI_21235109.jpg","contentUrl":"https:\/\/theplayoffs.news\/fr\/wp-content\/uploads\/2023\/09\/USATSI_21235109.jpg","width":1920,"height":1280,"caption":"Aug 19, 2023; Inglewood, California, USA; Los Angeles Rams wide receiver Puka Nacua (17) warms up before the game against the Las Vegas Raiders at SoFi Stadium. Mandatory Credit: Kiyoshi Mio-USA TODAY Sports"},{"@type":"BreadcrumbList","@id":"https:\/\/theplayoffs.news\/fr\/actualite-nfl\/puka-nacua-statut-incertain-week-2\/#breadcrumb","itemListElement":[{"@type":"ListItem","position":1,"name":"Accueil","item":"https:\/\/theplayoffs.news\/fr\/"},{"@type":"ListItem","position":2,"name":"Puka Nacua : statut incertain pour la Week 2"}]},{"@type":"WebSite","@id":"https:\/\/theplayoffs.news\/fr\/#website","url":"https:\/\/theplayoffs.news\/fr\/","name":"The Playoffs FR","description":"NBA-NFL-NHL-MLB","potentialAction":[{"@type":"SearchAction","target":{"@type":"EntryPoint","urlTemplate":"https:\/\/theplayoffs.news\/fr\/?s={search_term_string}"},"query-input":{"@type":"PropertyValueSpecification","valueRequired":true,"valueName":"search_term_string"}}],"inLanguage":"fr-FR"},{"@type":"Person","@id":"https:\/\/theplayoffs.news\/fr\/#\/schema\/person\/b6b04a451dab03a5ab75cec8912e8942","name":"Arthur Berlemont","image":{"@type":"ImageObject","inLanguage":"fr-FR","@id":"https:\/\/theplayoffs.news\/fr\/#\/schema\/person\/image\/","url":"https:\/\/secure.gravatar.com\/avatar\/19ddab1d62ab0a19b186b86cee130432b120dd6f085625a6a6757dd1aa90a5f3?s=96&d=mm&r=g","contentUrl":"https:\/\/secure.gravatar.com\/avatar\/19ddab1d62ab0a19b186b86cee130432b120dd6f085625a6a6757dd1aa90a5f3?s=96&d=mm&r=g","caption":"Arthur Berlemont"},"description":"Etudiant passionn\u00e9 de sport, avant tout m\u00e9caniques, j\\'ai d\u00e9couvert les sports US il y a quelques ann\u00e9es. J\\'ai tout de suite accroch\u00e9 pour la ville de Cincinnati et ses franchises de NFL et MLB. Aujourd\\'hui, je suis l\u00e0 par passion dans la r\u00e9daction d\\'articles sur divers sports que j\\'affectionne.","url":"https:\/\/theplayoffs.news\/fr\/author\/arthur-berlemontgmail-com\/"}]}},"_links":{"self":[{"href":"https:\/\/theplayoffs.news\/fr\/wp-json\/wp\/v2\/posts\/895282","targetHints":{"allow":["GET"]}}],"collection":[{"href":"https:\/\/theplayoffs.news\/fr\/wp-json\/wp\/v2\/posts"}],"about":[{"href":"https:\/\/theplayoffs.news\/fr\/wp-json\/wp\/v2\/types\/post"}],"author":[{"embeddable":true,"href":"https:\/\/theplayoffs.news\/fr\/wp-json\/wp\/v2\/users\/180310178"}],"replies":[{"embeddable":true,"href":"https:\/\/theplayoffs.news\/fr\/wp-json\/wp\/v2\/comments?post=895282"}],"version-history":[{"count":3,"href":"https:\/\/theplayoffs.news\/fr\/wp-json\/wp\/v2\/posts\/895282\/revisions"}],"predecessor-version":[{"id":895306,"href":"https:\/\/theplayoffs.news\/fr\/wp-json\/wp\/v2\/posts\/895282\/revisions\/895306"}],"wp:featuredmedia":[{"embeddable":true,"href":"https:\/\/theplayoffs.news\/fr\/wp-json\/wp\/v2\/media\/895294"}],"wp:attachment":[{"href":"https:\/\/theplayoffs.news\/fr\/wp-json\/wp\/v2\/media?parent=895282"}],"wp:term":[{"taxonomy":"category","embeddable":true,"href":"https:\/\/theplayoffs.news\/fr\/wp-json\/wp\/v2\/categories?post=895282"},{"taxonomy":"post_tag","embeddable":true,"href":"https:\/\/theplayoffs.news\/fr\/wp-json\/wp\/v2\/tags?post=895282"},{"taxonomy":"sport","embeddable":true,"href":"https:\/\/theplayoffs.news\/fr\/wp-json\/wp\/v2\/sport?post=895282"},{"taxonomy":"saison","embeddable":true,"href":"https:\/\/theplayoffs.news\/fr\/wp-json\/wp\/v2\/saison?post=895282"}],"curies":[{"name":"wp","href":"https:\/\/api.w.org\/{rel}","templated":true}]}}