{"id":893896,"date":"2023-09-14T18:48:05","date_gmt":"2023-09-14T16:48:05","guid":{"rendered":"https:\/\/theplayoffs.news\/fr\/?p=893896"},"modified":"2023-09-14T18:48:06","modified_gmt":"2023-09-14T16:48:06","slug":"dk-metcalf-regrets-match-face-aux-rams","status":"publish","type":"post","link":"https:\/\/theplayoffs.news\/fr\/actualite-nfl\/dk-metcalf-regrets-match-face-aux-rams\/","title":{"rendered":"DK Metcalf \u00e9voque des regrets lors de son match face aux Rams"},"content":{"rendered":"<h2>DK Metcalf et les Seahawks terminent la premi&egrave;re semaine d&eacute;&ccedil;us de leur match face aux Los Angeles Rams.<\/h2><p>DK Metcalf a &eacute;voqu&eacute; apr&egrave;s coup des regrets par rapport &agrave; ses actions effectu&eacute;es durant le match. Les Seahawks, pourtant favoris du match, ont perdu 30-13 leur match d&rsquo;ouverture face aux Los Angeles Rams.<\/p><p>Geno Smith, quarterback des <a href=\"https:\/\/theplayoffs.news\/fr\/equipe\/seattle-seahawks-nfl\/\" class=\"trk-cta-link\" data-cta-trk='{\"ctaType\":\"Link\",\"ctaSubType\":\"main\"}'>Seahawks<\/a>, &eacute;voque le fait que les Rams ont d&eacute;cid&eacute; durcir leur jeu durant le match ce qui a provoqu&eacute; la col&egrave;re de DK Metcalf.<\/p><p>Le receveur des Rams a eu une altercation avec le cornerback des Rams, Ahkello Whiterspoon. En effet, celui-ci, sous l&rsquo;emprise de la col&egrave;re, a d&eacute;cid&eacute; de pousser le cornerback au sol. Metcalf est bien conscient de son geste et exprime le regret de ne pas avoir utilis&eacute; cette &eacute;nergie &agrave; faire ce qu&rsquo;il avait &agrave; faire.<\/p><blockquote><p>&laquo;&nbsp;Je ne peux pas parler pour les autres, mais moi, j&rsquo;ai fait des efforts&nbsp;&raquo;, a <a href=\"https:\/\/www.nbcsports.com\/nfl\/profootballtalk\" class=\"trk-cta-link\" data-cta-trk='{\"ctaType\":\"Link\",\"ctaSubType\":\"main\"}'>d&eacute;clar&eacute; Metcalf<\/a>. &laquo;&nbsp;Il y a eu des efforts &agrave; 100 %, match apr&egrave;s match, et non pas seulement comme par le pass&eacute;. Je sais que c&rsquo;est l&rsquo;une des choses que je dois r&eacute;gler. Je sais que c&rsquo;est une chose &agrave; laquelle je dois rem&eacute;dier.<\/p>\n<p>&laquo;&nbsp;Lorsque quelque chose ne va pas ou que l&rsquo;adversit&eacute; frappe, nous ne pouvons pas commencer &agrave; pointer du doigt ou &agrave; chercher quelqu&rsquo;un d&rsquo;autre pour faire un jeu ou pour avoir une r&eacute;ponse. On ne peut pas se tourner vers les entra&icirc;neurs. . . &nbsp;&raquo;<\/p>\n<p>&laquo;&nbsp;Je ne peux pas vous le dire. Je pense que c&rsquo;est juste une exp&eacute;rience int&eacute;rieure, un manque de pr&eacute;paration de ma part. Je dois juste mieux me pr&eacute;parer pendant la semaine et conna&icirc;tre mon travail.&nbsp;&raquo;<\/p><\/blockquote><p>\n<div id=\"attachment_893902\" style=\"width: 310px\" class=\"wp-caption alignnone\"><img loading=\"lazy\" decoding=\"async\" aria-describedby=\"caption-attachment-893902\" class=\"size-medium wp-image-893902\" src=\"https:\/\/theplayoffs.news\/fr\/wp-content\/uploads\/2023\/09\/USATSI_21392610-300x200.jpg\" alt=\"DK Metcalf face aux Rams\" width=\"300\" height=\"200\" srcset=\"https:\/\/theplayoffs.news\/fr\/wp-content\/uploads\/2023\/09\/USATSI_21392610-300x200.jpg 300w, https:\/\/theplayoffs.news\/fr\/wp-content\/uploads\/2023\/09\/USATSI_21392610-1030x687.jpg 1030w, https:\/\/theplayoffs.news\/fr\/wp-content\/uploads\/2023\/09\/USATSI_21392610-768x512.jpg 768w, https:\/\/theplayoffs.news\/fr\/wp-content\/uploads\/2023\/09\/USATSI_21392610-1536x1024.jpg 1536w, https:\/\/theplayoffs.news\/fr\/wp-content\/uploads\/2023\/09\/USATSI_21392610-1500x1000.jpg 1500w, https:\/\/theplayoffs.news\/fr\/wp-content\/uploads\/2023\/09\/USATSI_21392610-705x470.jpg 705w, https:\/\/theplayoffs.news\/fr\/wp-content\/uploads\/2023\/09\/USATSI_21392610-1320x880.jpg 1320w, https:\/\/theplayoffs.news\/fr\/wp-content\/uploads\/2023\/09\/USATSI_21392610.jpg 1920w\" sizes=\"auto, (max-width: 300px) 100vw, 300px\" \/><p id=\"caption-attachment-893902\" class=\"wp-caption-text\">Cr&eacute;dit photo : Steven Bisig &ndash; USA Today<\/p><\/div>\n<\/p><p>Ces petits gestes mal plac&eacute;s de DK Metcalf ne sont pas nouveaux, loin de l&agrave;. Le receveur essaye de r&eacute;sister face &agrave; l&rsquo;adr&eacute;naline et sa volont&eacute; de gagner chaque match &agrave; son meilleur niveau.<\/p><p>Apr&egrave;s seulement une semaine de comp&eacute;tition, les Seahawks sont d&eacute;j&agrave; au bord du pr&eacute;cipice. Est-ce que ceux-ci seront capables de recr&eacute;er l&rsquo;exploit de la saison derni&egrave;re ? En attendant, le prochain match sera crucial pour Seattle face aux Lions ce qui peut d&eacute;terminer le futur de la saison de la franchise de l&rsquo;Etat de Washington.<\/p><p>\n<div id=\"attachment_893900\" style=\"width: 310px\" class=\"wp-caption alignnone\"><img loading=\"lazy\" decoding=\"async\" aria-describedby=\"caption-attachment-893900\" class=\"size-medium wp-image-893900\" src=\"https:\/\/theplayoffs.news\/fr\/wp-content\/uploads\/2023\/09\/USATSI_21392868-300x200.jpg\" alt=\"DK Metcalf apr&egrave;s la d&eacute;faite des Seahawks \" width=\"300\" height=\"200\" srcset=\"https:\/\/theplayoffs.news\/fr\/wp-content\/uploads\/2023\/09\/USATSI_21392868-300x200.jpg 300w, https:\/\/theplayoffs.news\/fr\/wp-content\/uploads\/2023\/09\/USATSI_21392868-1030x685.jpg 1030w, https:\/\/theplayoffs.news\/fr\/wp-content\/uploads\/2023\/09\/USATSI_21392868-768x511.jpg 768w, https:\/\/theplayoffs.news\/fr\/wp-content\/uploads\/2023\/09\/USATSI_21392868-1536x1022.jpg 1536w, https:\/\/theplayoffs.news\/fr\/wp-content\/uploads\/2023\/09\/USATSI_21392868-1500x998.jpg 1500w, https:\/\/theplayoffs.news\/fr\/wp-content\/uploads\/2023\/09\/USATSI_21392868-705x469.jpg 705w, https:\/\/theplayoffs.news\/fr\/wp-content\/uploads\/2023\/09\/USATSI_21392868-1320x878.jpg 1320w, https:\/\/theplayoffs.news\/fr\/wp-content\/uploads\/2023\/09\/USATSI_21392868.jpg 1920w\" sizes=\"auto, (max-width: 300px) 100vw, 300px\" \/><p id=\"caption-attachment-893900\" class=\"wp-caption-text\">&nbsp;Cr&eacute;dits photos : Steven Bisig &ndash; USA Today<\/p><\/div>\n<\/p>\n","protected":false},"excerpt":{"rendered":"","protected":false},"author":180310178,"featured_media":893899,"comment_status":"open","ping_status":"closed","sticky":false,"template":"","format":"standard","meta":{"inline_featured_image":false,"kia_subtitle":"","_mux_skip_reasons":[],"proofreadBy":0,"footnotes":""},"categories":[118,40],"tags":[1262,79,733],"sport":[2785],"saison":[3453],"class_list":["post-893896","post","type-post","status-publish","format-standard","has-post-thumbnail","hentry","category-actualite-nfl","category-nfl","tag-dk-metcalf","tag-nfl","tag-seattle-seahawks","sport-nfl","saison-3453"],"acf":[],"yoast_head":"<!-- This site is optimized with the Yoast SEO plugin v24.2 - https:\/\/yoast.com\/wordpress\/plugins\/seo\/ -->\n<title>DK Metcalf &eacute;voque des regrets lors de son match face aux Rams - The Playoffs FR<\/title>\n<meta name=\"robots\" content=\"index, follow, max-snippet:-1, max-image-preview:large, max-video-preview:-1\" \/>\n<link rel=\"canonical\" href=\"https:\/\/theplayoffs.news\/fr\/actualite-nfl\/dk-metcalf-regrets-match-face-aux-rams\/\" \/>\n<meta property=\"og:locale\" content=\"fr_FR\" \/>\n<meta property=\"og:type\" content=\"article\" \/>\n<meta property=\"og:title\" content=\"DK Metcalf &eacute;voque des regrets lors de son match face aux Rams - The Playoffs FR\" \/>\n<meta property=\"og:url\" content=\"https:\/\/theplayoffs.news\/fr\/actualite-nfl\/dk-metcalf-regrets-match-face-aux-rams\/\" \/>\n<meta property=\"og:site_name\" content=\"The Playoffs FR\" \/>\n<meta property=\"article:publisher\" content=\"https:\/\/www.facebook.com\/TheFreeAgentFR\/\" \/>\n<meta property=\"article:modified_time\" content=\"2023-09-14T18:48:06+02:00\" \/>\n<meta property=\"og:image\" content=\"https:\/\/theplayoffs.news\/fr\/wp-content\/uploads\/2023\/09\/USATSI_21390629.jpg\" \/>\n\t<meta property=\"og:image:width\" content=\"1920\" \/>\n\t<meta property=\"og:image:height\" content=\"1280\" \/>\n\t<meta property=\"og:image:type\" content=\"image\/jpeg\" \/>\n<meta name=\"author\" content=\"Arthur Berlemont\" \/>\n<meta name=\"twitter:card\" content=\"summary_large_image\" \/>\n<meta name=\"twitter:creator\" content=\"@TheFreeAgentFR\" \/>\n<meta name=\"twitter:site\" content=\"@TheFreeAgentFR\" \/>\n<meta name=\"twitter:label1\" content=\"\u00c9crit par\" \/>\n\t<meta name=\"twitter:data1\" content=\"Arthur Berlemont\" \/>\n\t<meta name=\"twitter:label2\" content=\"Dur\u00e9e de lecture estim\u00e9e\" \/>\n\t<meta name=\"twitter:data2\" content=\"2 minutes\" \/>\n<script type=\"application\/ld+json\" class=\"yoast-schema-graph\">{\"@context\":\"https:\/\/schema.org\",\"@graph\":[{\"@type\":\"WebPage\",\"@id\":\"https:\/\/theplayoffs.news\/fr\/actualite-nfl\/dk-metcalf-regrets-match-face-aux-rams\/\",\"url\":\"https:\/\/theplayoffs.news\/fr\/actualite-nfl\/dk-metcalf-regrets-match-face-aux-rams\/\",\"name\":\"DK Metcalf \u00e9voque des regrets lors de son match face aux Rams - The Playoffs FR\",\"isPartOf\":{\"@id\":\"https:\/\/theplayoffs.news\/fr\/#website\"},\"primaryImageOfPage\":{\"@id\":\"https:\/\/theplayoffs.news\/fr\/actualite-nfl\/dk-metcalf-regrets-match-face-aux-rams\/#primaryimage\"},\"image\":{\"@id\":\"https:\/\/theplayoffs.news\/fr\/actualite-nfl\/dk-metcalf-regrets-match-face-aux-rams\/#primaryimage\"},\"thumbnailUrl\":\"https:\/\/theplayoffs.news\/fr\/wp-content\/uploads\/2023\/09\/USATSI_21390629.jpg\",\"datePublished\":\"2023-09-14T16:48:05+00:00\",\"dateModified\":\"2023-09-14T16:48:06+00:00\",\"author\":{\"@id\":\"https:\/\/theplayoffs.news\/fr\/#\/schema\/person\/b6b04a451dab03a5ab75cec8912e8942\"},\"breadcrumb\":{\"@id\":\"https:\/\/theplayoffs.news\/fr\/actualite-nfl\/dk-metcalf-regrets-match-face-aux-rams\/#breadcrumb\"},\"inLanguage\":\"fr-FR\",\"potentialAction\":[{\"@type\":\"ReadAction\",\"target\":[\"https:\/\/theplayoffs.news\/fr\/actualite-nfl\/dk-metcalf-regrets-match-face-aux-rams\/\"]}]},{\"@type\":\"ImageObject\",\"inLanguage\":\"fr-FR\",\"@id\":\"https:\/\/theplayoffs.news\/fr\/actualite-nfl\/dk-metcalf-regrets-match-face-aux-rams\/#primaryimage\",\"url\":\"https:\/\/theplayoffs.news\/fr\/wp-content\/uploads\/2023\/09\/USATSI_21390629.jpg\",\"contentUrl\":\"https:\/\/theplayoffs.news\/fr\/wp-content\/uploads\/2023\/09\/USATSI_21390629.jpg\",\"width\":1920,\"height\":1280,\"caption\":\"Sep 10, 2023; Seattle, Washington, USA; Seattle Seahawks wide receiver DK Metcalf (14) prior to the game against the Los Angeles Rams at Lumen Field. Mandatory Credit: Steven Bisig-USA TODAY Sports\"},{\"@type\":\"BreadcrumbList\",\"@id\":\"https:\/\/theplayoffs.news\/fr\/actualite-nfl\/dk-metcalf-regrets-match-face-aux-rams\/#breadcrumb\",\"itemListElement\":[{\"@type\":\"ListItem\",\"position\":1,\"name\":\"Accueil\",\"item\":\"https:\/\/theplayoffs.news\/fr\/\"},{\"@type\":\"ListItem\",\"position\":2,\"name\":\"DK Metcalf \u00e9voque des regrets lors de son match face aux Rams\"}]},{\"@type\":\"WebSite\",\"@id\":\"https:\/\/theplayoffs.news\/fr\/#website\",\"url\":\"https:\/\/theplayoffs.news\/fr\/\",\"name\":\"The Playoffs FR\",\"description\":\"NBA-NFL-NHL-MLB\",\"potentialAction\":[{\"@type\":\"SearchAction\",\"target\":{\"@type\":\"EntryPoint\",\"urlTemplate\":\"https:\/\/theplayoffs.news\/fr\/?s={search_term_string}\"},\"query-input\":{\"@type\":\"PropertyValueSpecification\",\"valueRequired\":true,\"valueName\":\"search_term_string\"}}],\"inLanguage\":\"fr-FR\"},{\"@type\":\"Person\",\"@id\":\"https:\/\/theplayoffs.news\/fr\/#\/schema\/person\/b6b04a451dab03a5ab75cec8912e8942\",\"name\":\"Arthur Berlemont\",\"image\":{\"@type\":\"ImageObject\",\"inLanguage\":\"fr-FR\",\"@id\":\"https:\/\/theplayoffs.news\/fr\/#\/schema\/person\/image\/\",\"url\":\"https:\/\/secure.gravatar.com\/avatar\/19ddab1d62ab0a19b186b86cee130432b120dd6f085625a6a6757dd1aa90a5f3?s=96&d=mm&r=g\",\"contentUrl\":\"https:\/\/secure.gravatar.com\/avatar\/19ddab1d62ab0a19b186b86cee130432b120dd6f085625a6a6757dd1aa90a5f3?s=96&d=mm&r=g\",\"caption\":\"Arthur Berlemont\"},\"description\":\"Etudiant passionn\u00e9 de sport, avant tout m\u00e9caniques, j\\\\'ai d\u00e9couvert les sports US il y a quelques ann\u00e9es. J\\\\'ai tout de suite accroch\u00e9 pour la ville de Cincinnati et ses franchises de NFL et MLB. Aujourd\\\\'hui, je suis l\u00e0 par passion dans la r\u00e9daction d\\\\'articles sur divers sports que j\\\\'affectionne.\",\"url\":\"https:\/\/theplayoffs.news\/fr\/author\/arthur-berlemontgmail-com\/\"}]}<\/script>\n<!-- \/ Yoast SEO plugin. -->","yoast_head_json":{"title":"DK Metcalf &eacute;voque des regrets lors de son match face aux Rams - The Playoffs FR","robots":{"index":"index","follow":"follow","max-snippet":"max-snippet:-1","max-image-preview":"max-image-preview:large","max-video-preview":"max-video-preview:-1"},"canonical":"https:\/\/theplayoffs.news\/fr\/actualite-nfl\/dk-metcalf-regrets-match-face-aux-rams\/","og_locale":"fr_FR","og_type":"article","og_title":"DK Metcalf &eacute;voque des regrets lors de son match face aux Rams - The Playoffs FR","og_url":"https:\/\/theplayoffs.news\/fr\/actualite-nfl\/dk-metcalf-regrets-match-face-aux-rams\/","og_site_name":"The Playoffs FR","article_publisher":"https:\/\/www.facebook.com\/TheFreeAgentFR\/","article_modified_time":"2023-09-14T16:48:06+00:00","og_image":[{"width":1920,"height":1280,"url":"https:\/\/theplayoffs.news\/fr\/wp-content\/uploads\/2023\/09\/USATSI_21390629.jpg","type":"image\/jpeg"}],"author":"Arthur Berlemont","twitter_card":"summary_large_image","twitter_creator":"@TheFreeAgentFR","twitter_site":"@TheFreeAgentFR","twitter_misc":{"\u00c9crit par":"Arthur Berlemont","Dur\u00e9e de lecture estim\u00e9e":"2 minutes"},"schema":{"@context":"https:\/\/schema.org","@graph":[{"@type":"WebPage","@id":"https:\/\/theplayoffs.news\/fr\/actualite-nfl\/dk-metcalf-regrets-match-face-aux-rams\/","url":"https:\/\/theplayoffs.news\/fr\/actualite-nfl\/dk-metcalf-regrets-match-face-aux-rams\/","name":"DK Metcalf \u00e9voque des regrets lors de son match face aux Rams - The Playoffs FR","isPartOf":{"@id":"https:\/\/theplayoffs.news\/fr\/#website"},"primaryImageOfPage":{"@id":"https:\/\/theplayoffs.news\/fr\/actualite-nfl\/dk-metcalf-regrets-match-face-aux-rams\/#primaryimage"},"image":{"@id":"https:\/\/theplayoffs.news\/fr\/actualite-nfl\/dk-metcalf-regrets-match-face-aux-rams\/#primaryimage"},"thumbnailUrl":"https:\/\/theplayoffs.news\/fr\/wp-content\/uploads\/2023\/09\/USATSI_21390629.jpg","datePublished":"2023-09-14T16:48:05+00:00","dateModified":"2023-09-14T16:48:06+00:00","author":{"@id":"https:\/\/theplayoffs.news\/fr\/#\/schema\/person\/b6b04a451dab03a5ab75cec8912e8942"},"breadcrumb":{"@id":"https:\/\/theplayoffs.news\/fr\/actualite-nfl\/dk-metcalf-regrets-match-face-aux-rams\/#breadcrumb"},"inLanguage":"fr-FR","potentialAction":[{"@type":"ReadAction","target":["https:\/\/theplayoffs.news\/fr\/actualite-nfl\/dk-metcalf-regrets-match-face-aux-rams\/"]}]},{"@type":"ImageObject","inLanguage":"fr-FR","@id":"https:\/\/theplayoffs.news\/fr\/actualite-nfl\/dk-metcalf-regrets-match-face-aux-rams\/#primaryimage","url":"https:\/\/theplayoffs.news\/fr\/wp-content\/uploads\/2023\/09\/USATSI_21390629.jpg","contentUrl":"https:\/\/theplayoffs.news\/fr\/wp-content\/uploads\/2023\/09\/USATSI_21390629.jpg","width":1920,"height":1280,"caption":"Sep 10, 2023; Seattle, Washington, USA; Seattle Seahawks wide receiver DK Metcalf (14) prior to the game against the Los Angeles Rams at Lumen Field. Mandatory Credit: Steven Bisig-USA TODAY Sports"},{"@type":"BreadcrumbList","@id":"https:\/\/theplayoffs.news\/fr\/actualite-nfl\/dk-metcalf-regrets-match-face-aux-rams\/#breadcrumb","itemListElement":[{"@type":"ListItem","position":1,"name":"Accueil","item":"https:\/\/theplayoffs.news\/fr\/"},{"@type":"ListItem","position":2,"name":"DK Metcalf \u00e9voque des regrets lors de son match face aux Rams"}]},{"@type":"WebSite","@id":"https:\/\/theplayoffs.news\/fr\/#website","url":"https:\/\/theplayoffs.news\/fr\/","name":"The Playoffs FR","description":"NBA-NFL-NHL-MLB","potentialAction":[{"@type":"SearchAction","target":{"@type":"EntryPoint","urlTemplate":"https:\/\/theplayoffs.news\/fr\/?s={search_term_string}"},"query-input":{"@type":"PropertyValueSpecification","valueRequired":true,"valueName":"search_term_string"}}],"inLanguage":"fr-FR"},{"@type":"Person","@id":"https:\/\/theplayoffs.news\/fr\/#\/schema\/person\/b6b04a451dab03a5ab75cec8912e8942","name":"Arthur Berlemont","image":{"@type":"ImageObject","inLanguage":"fr-FR","@id":"https:\/\/theplayoffs.news\/fr\/#\/schema\/person\/image\/","url":"https:\/\/secure.gravatar.com\/avatar\/19ddab1d62ab0a19b186b86cee130432b120dd6f085625a6a6757dd1aa90a5f3?s=96&d=mm&r=g","contentUrl":"https:\/\/secure.gravatar.com\/avatar\/19ddab1d62ab0a19b186b86cee130432b120dd6f085625a6a6757dd1aa90a5f3?s=96&d=mm&r=g","caption":"Arthur Berlemont"},"description":"Etudiant passionn\u00e9 de sport, avant tout m\u00e9caniques, j\\'ai d\u00e9couvert les sports US il y a quelques ann\u00e9es. J\\'ai tout de suite accroch\u00e9 pour la ville de Cincinnati et ses franchises de NFL et MLB. Aujourd\\'hui, je suis l\u00e0 par passion dans la r\u00e9daction d\\'articles sur divers sports que j\\'affectionne.","url":"https:\/\/theplayoffs.news\/fr\/author\/arthur-berlemontgmail-com\/"}]}},"_links":{"self":[{"href":"https:\/\/theplayoffs.news\/fr\/wp-json\/wp\/v2\/posts\/893896","targetHints":{"allow":["GET"]}}],"collection":[{"href":"https:\/\/theplayoffs.news\/fr\/wp-json\/wp\/v2\/posts"}],"about":[{"href":"https:\/\/theplayoffs.news\/fr\/wp-json\/wp\/v2\/types\/post"}],"author":[{"embeddable":true,"href":"https:\/\/theplayoffs.news\/fr\/wp-json\/wp\/v2\/users\/180310178"}],"replies":[{"embeddable":true,"href":"https:\/\/theplayoffs.news\/fr\/wp-json\/wp\/v2\/comments?post=893896"}],"version-history":[{"count":3,"href":"https:\/\/theplayoffs.news\/fr\/wp-json\/wp\/v2\/posts\/893896\/revisions"}],"predecessor-version":[{"id":893906,"href":"https:\/\/theplayoffs.news\/fr\/wp-json\/wp\/v2\/posts\/893896\/revisions\/893906"}],"wp:featuredmedia":[{"embeddable":true,"href":"https:\/\/theplayoffs.news\/fr\/wp-json\/wp\/v2\/media\/893899"}],"wp:attachment":[{"href":"https:\/\/theplayoffs.news\/fr\/wp-json\/wp\/v2\/media?parent=893896"}],"wp:term":[{"taxonomy":"category","embeddable":true,"href":"https:\/\/theplayoffs.news\/fr\/wp-json\/wp\/v2\/categories?post=893896"},{"taxonomy":"post_tag","embeddable":true,"href":"https:\/\/theplayoffs.news\/fr\/wp-json\/wp\/v2\/tags?post=893896"},{"taxonomy":"sport","embeddable":true,"href":"https:\/\/theplayoffs.news\/fr\/wp-json\/wp\/v2\/sport?post=893896"},{"taxonomy":"saison","embeddable":true,"href":"https:\/\/theplayoffs.news\/fr\/wp-json\/wp\/v2\/saison?post=893896"}],"curies":[{"name":"wp","href":"https:\/\/api.w.org\/{rel}","templated":true}]}}