{"id":884900,"date":"2023-09-11T19:57:16","date_gmt":"2023-09-11T17:57:16","guid":{"rendered":"https:\/\/theplayoffs.news\/fr\/?p=884900"},"modified":"2023-09-11T19:57:17","modified_gmt":"2023-09-11T17:57:17","slug":"jack-conklin-fin-de-saison-2023","status":"publish","type":"post","link":"https:\/\/theplayoffs.news\/fr\/actualite-nfl\/jack-conklin-fin-de-saison-2023\/","title":{"rendered":"Jack Conklin : Fin de saison 2023"},"content":{"rendered":"<h2><strong>Jack Conklin, Right Tackle des Cleveland Browns, manquera &agrave; ses co&eacute;quipiers pour le reste de la saison 2023 apr&egrave;s &ecirc;tre sorti sur blessure lors du premier match de la saison r&eacute;guli&egrave;re.<\/strong><\/h2><p>Nous avions quitt&eacute; les Cleveland Browns sur une note plus que positive apr&egrave;s avoir tenu t&ecirc;te &agrave; l&rsquo;un des leaders naturels de la conf&eacute;rence AFC. S&rsquo;imposant 24-3 face &agrave; des Bengals de Cincinnati m&eacute;connaissables, la franchise de l&rsquo;Ohio devra pourtant composer dans les semaines &agrave; venir sans son Right Tackle titulaire, <a href=\"https:\/\/theplayoffs.news\/fr\/joueur\/jack-conklin-nfl-5959068\/\" class=\"trk-cta-link\" data-cta-trk='{\"ctaType\":\"Link\",\"ctaSubType\":\"main\"}'><strong>Jack Conklin<\/strong><\/a>.<\/p><blockquote class=\"twitter-tweet\" data-width=\"500\" data-dnt=\"true\">\n<p lang=\"en\" dir=\"ltr\">It is a torn ACL for Conklin, source said after the MRI. He's out for the season. <a href=\"https:\/\/t.co\/b48EPNyVjC\" class=\"trk-cta-link\" data-cta-trk='{\"ctaType\":\"Link\",\"ctaSubType\":\"main\"}'>https:\/\/t.co\/b48EPNyVjC<\/a><\/p>\n<p>&mdash; Ian Rapoport (@RapSheet) <a href=\"https:\/\/twitter.com\/RapSheet\/status\/1701259188825903583?ref_src=twsrc%5Etfw\" class=\"trk-cta-link\" data-cta-trk='{\"ctaType\":\"Link\",\"ctaSubType\":\"main\"}'>September 11, 2023<\/a><\/p><\/blockquote><p><script async src=\"https:\/\/platform.twitter.com\/widgets.js\" charset=\"utf-8\"><\/script><\/p><p>Sorti durant le deuxi&egrave;me quart temps du match, Kevin Stefanski &eacute;tait peu optimiste sur l&rsquo;issu de cette blessure et les derni&egrave;res analyses r&eacute;v&egrave;lent, en fait, la d&eacute;chirure des ligaments ant&eacute;rieurs et lat&eacute;raux du genou gauche. Blessure suffisamment grave pour&nbsp; passer par la case &laquo;&nbsp;chirurgie&nbsp;&raquo; et &eacute;loigner le joueur de ligne offensive pour le reste de l&rsquo;ann&eacute;e.<\/p><p>D&eacute;j&agrave; bless&eacute; en 2021 au genou droit, le joueur All pro en 2020 devra batailler avec une nouvelle blessure s&eacute;rieuse en moins de 3 ans<\/p><h3><strong>Les r&eacute;percutions pour les Browns<\/strong><\/h3><p>Jack Conklin &eacute;tait tout de m&ecirc;me une pi&egrave;ce ma&icirc;tresse du syst&egrave;me offensif de Stefanski, Right Tackle permettant de contenir les Pass Rusher de talent ; il permettait &agrave; Watson, dans sa deuxi&egrave;me saison, d&rsquo;avoir un temps appr&eacute;ciable pour lancer et surtout, avec le reste la ligne offensive, &agrave; Nick Chubb de gagner les yards plus que n&eacute;cessaires pour installer le jeu de course.<\/p><p>C&rsquo;est Dawand Jones, le Tackle rookie local sortant de l&rsquo;universit&eacute; d&rsquo;Ohio State rep&ecirc;ch&eacute; au 4&egrave;me tour de la draft 2023, qui devra assurer l&rsquo;int&eacute;rim et, surtout, permettre avec le reste de ses co&eacute;quipiers de confirmer les bonnes dispositions des Browns cette ann&eacute;e. Le joueur de 2m04&nbsp; pour 170 Kg devra donner sa pleine mesure et mettre son talent &agrave; profit surtout dans cette division relev&eacute;e d&rsquo;AFC North.<\/p><p>Habitu&eacute;s, chaque saison, &agrave; &ecirc;tre dans le ventre mou de l&rsquo;AFC, voir pire ; les Browns croisent les doigts pour que l&rsquo;ajustement de leur effectif au poste de Right Tackle leur permettent d&rsquo;&ecirc;tre toujours aussi performant. Les prochaines &eacute;ch&eacute;ances le confirmeront rapidement puisque les Browns se d&eacute;placent chez les rivaux de division les Pittsburgh Steelers sortant d&rsquo;une lourde d&eacute;faite en premi&egrave;re semaine face aux 49ers et qui auront &agrave; coeur de se racheter.<\/p><p>&nbsp;<\/p><p><em>Credit: Ken Blaze-USA TODAY Sports<\/em><\/p>\n","protected":false},"excerpt":{"rendered":"","protected":false},"author":180309986,"featured_media":881859,"comment_status":"open","ping_status":"closed","sticky":false,"template":"","format":"standard","meta":{"inline_featured_image":false,"kia_subtitle":"","_mux_skip_reasons":[],"proofreadBy":0,"footnotes":""},"categories":[118,40],"tags":[1800,542],"sport":[2785],"saison":[],"class_list":["post-884900","post","type-post","status-publish","format-standard","has-post-thumbnail","hentry","category-actualite-nfl","category-nfl","tag-blessure","tag-cleveland-browns","sport-nfl"],"acf":[],"yoast_head":"<!-- This site is optimized with the Yoast SEO plugin v24.2 - https:\/\/yoast.com\/wordpress\/plugins\/seo\/ -->\n<title>Jack Conklin : Fin de saison 2023 - The Playoffs FR<\/title>\n<meta name=\"robots\" content=\"index, follow, max-snippet:-1, max-image-preview:large, max-video-preview:-1\" \/>\n<link rel=\"canonical\" href=\"https:\/\/theplayoffs.news\/fr\/actualite-nfl\/jack-conklin-fin-de-saison-2023\/\" \/>\n<meta property=\"og:locale\" content=\"fr_FR\" \/>\n<meta property=\"og:type\" content=\"article\" \/>\n<meta property=\"og:title\" content=\"Jack Conklin : Fin de saison 2023 - The Playoffs FR\" \/>\n<meta property=\"og:url\" content=\"https:\/\/theplayoffs.news\/fr\/actualite-nfl\/jack-conklin-fin-de-saison-2023\/\" \/>\n<meta property=\"og:site_name\" content=\"The Playoffs FR\" \/>\n<meta property=\"article:publisher\" content=\"https:\/\/www.facebook.com\/TheFreeAgentFR\/\" \/>\n<meta property=\"article:modified_time\" content=\"2023-09-11T19:57:17+02:00\" \/>\n<meta property=\"og:image\" content=\"https:\/\/theplayoffs.news\/fr\/wp-content\/uploads\/2023\/09\/USATSI_15072892.jpg\" \/>\n\t<meta property=\"og:image:width\" content=\"1920\" \/>\n\t<meta property=\"og:image:height\" content=\"1280\" \/>\n\t<meta property=\"og:image:type\" content=\"image\/jpeg\" \/>\n<meta name=\"author\" content=\"Bertrand Richelieu\" \/>\n<meta name=\"twitter:card\" content=\"summary_large_image\" \/>\n<meta name=\"twitter:creator\" content=\"@bertibigblue\" \/>\n<meta name=\"twitter:site\" content=\"@TheFreeAgentFR\" \/>\n<meta name=\"twitter:label1\" content=\"\u00c9crit par\" \/>\n\t<meta name=\"twitter:data1\" content=\"Bertrand Richelieu\" \/>\n\t<meta name=\"twitter:label2\" content=\"Dur\u00e9e de lecture estim\u00e9e\" \/>\n\t<meta name=\"twitter:data2\" content=\"2 minutes\" \/>\n<script type=\"application\/ld+json\" class=\"yoast-schema-graph\">{\"@context\":\"https:\/\/schema.org\",\"@graph\":[{\"@type\":\"WebPage\",\"@id\":\"https:\/\/theplayoffs.news\/fr\/actualite-nfl\/jack-conklin-fin-de-saison-2023\/\",\"url\":\"https:\/\/theplayoffs.news\/fr\/actualite-nfl\/jack-conklin-fin-de-saison-2023\/\",\"name\":\"Jack Conklin : Fin de saison 2023 - The Playoffs FR\",\"isPartOf\":{\"@id\":\"https:\/\/theplayoffs.news\/fr\/#website\"},\"primaryImageOfPage\":{\"@id\":\"https:\/\/theplayoffs.news\/fr\/actualite-nfl\/jack-conklin-fin-de-saison-2023\/#primaryimage\"},\"image\":{\"@id\":\"https:\/\/theplayoffs.news\/fr\/actualite-nfl\/jack-conklin-fin-de-saison-2023\/#primaryimage\"},\"thumbnailUrl\":\"https:\/\/theplayoffs.news\/fr\/wp-content\/uploads\/2023\/09\/USATSI_15072892.jpg\",\"datePublished\":\"2023-09-11T17:57:16+00:00\",\"dateModified\":\"2023-09-11T17:57:17+00:00\",\"author\":{\"@id\":\"https:\/\/theplayoffs.news\/fr\/#\/schema\/person\/1e8352b55fd3b7f75e6094dc6bcd96ef\"},\"breadcrumb\":{\"@id\":\"https:\/\/theplayoffs.news\/fr\/actualite-nfl\/jack-conklin-fin-de-saison-2023\/#breadcrumb\"},\"inLanguage\":\"fr-FR\",\"potentialAction\":[{\"@type\":\"ReadAction\",\"target\":[\"https:\/\/theplayoffs.news\/fr\/actualite-nfl\/jack-conklin-fin-de-saison-2023\/\"]}]},{\"@type\":\"ImageObject\",\"inLanguage\":\"fr-FR\",\"@id\":\"https:\/\/theplayoffs.news\/fr\/actualite-nfl\/jack-conklin-fin-de-saison-2023\/#primaryimage\",\"url\":\"https:\/\/theplayoffs.news\/fr\/wp-content\/uploads\/2023\/09\/USATSI_15072892.jpg\",\"contentUrl\":\"https:\/\/theplayoffs.news\/fr\/wp-content\/uploads\/2023\/09\/USATSI_15072892.jpg\",\"width\":1920,\"height\":1280,\"caption\":\"Oct 11, 2020; Cleveland, Ohio, USA; Cleveland Browns offensive tackle Jack Conklin (78) is introduced before the game between the Cleveland Browns and the Indianapolis Colts at FirstEnergy Stadium. Mandatory Credit: Ken Blaze-USA TODAY Sports\"},{\"@type\":\"BreadcrumbList\",\"@id\":\"https:\/\/theplayoffs.news\/fr\/actualite-nfl\/jack-conklin-fin-de-saison-2023\/#breadcrumb\",\"itemListElement\":[{\"@type\":\"ListItem\",\"position\":1,\"name\":\"Accueil\",\"item\":\"https:\/\/theplayoffs.news\/fr\/\"},{\"@type\":\"ListItem\",\"position\":2,\"name\":\"Jack Conklin : Fin de saison 2023\"}]},{\"@type\":\"WebSite\",\"@id\":\"https:\/\/theplayoffs.news\/fr\/#website\",\"url\":\"https:\/\/theplayoffs.news\/fr\/\",\"name\":\"The Playoffs FR\",\"description\":\"NBA-NFL-NHL-MLB\",\"potentialAction\":[{\"@type\":\"SearchAction\",\"target\":{\"@type\":\"EntryPoint\",\"urlTemplate\":\"https:\/\/theplayoffs.news\/fr\/?s={search_term_string}\"},\"query-input\":{\"@type\":\"PropertyValueSpecification\",\"valueRequired\":true,\"valueName\":\"search_term_string\"}}],\"inLanguage\":\"fr-FR\"},{\"@type\":\"Person\",\"@id\":\"https:\/\/theplayoffs.news\/fr\/#\/schema\/person\/1e8352b55fd3b7f75e6094dc6bcd96ef\",\"name\":\"Bertrand Richelieu\",\"image\":{\"@type\":\"ImageObject\",\"inLanguage\":\"fr-FR\",\"@id\":\"https:\/\/theplayoffs.news\/fr\/#\/schema\/person\/image\/\",\"url\":\"https:\/\/secure.gravatar.com\/avatar\/3302837e2cd5b227120e88a09cbb6f8b7151c7bf7add7b5469fb229bed5fe92f?s=96&d=mm&r=g\",\"contentUrl\":\"https:\/\/secure.gravatar.com\/avatar\/3302837e2cd5b227120e88a09cbb6f8b7151c7bf7add7b5469fb229bed5fe92f?s=96&d=mm&r=g\",\"caption\":\"Bertrand Richelieu\"},\"description\":\"Originaire des Hauts de France. Choisi au 1er tour de recrutement en Octobre 2021. Journaliste par passion. R\u00e9dacteur, Chroniqueur et Podcasteur. Sp\u00e9cialis\u00e9 dans le Football Am\u00e9ricain NFL et la NFL Fantasy. Fascin\u00e9 par la ville de New York depuis toujours et Fan des New York Giants depuis 1998. Le plus bel adage sur cette plan\u00e8te reste et restera : \\\\\\\"Once a Giant, Always a Giant.\\\\\\\" Grand amoureux des Etats-Unis et de sa culture.Passionn\u00e9 de Sports Am\u00e9ricains. Les Giants, les Knicks, les Rangers et les Yankees restent l\\\\'\u00e2me et le c\u0153ur du sport New Yorkais.\",\"sameAs\":[\"https:\/\/x.com\/bertibigblue\"],\"url\":\"https:\/\/theplayoffs.news\/fr\/author\/bebertwhitegmail-com\/\"}]}<\/script>\n<!-- \/ Yoast SEO plugin. -->","yoast_head_json":{"title":"Jack Conklin : Fin de saison 2023 - The Playoffs FR","robots":{"index":"index","follow":"follow","max-snippet":"max-snippet:-1","max-image-preview":"max-image-preview:large","max-video-preview":"max-video-preview:-1"},"canonical":"https:\/\/theplayoffs.news\/fr\/actualite-nfl\/jack-conklin-fin-de-saison-2023\/","og_locale":"fr_FR","og_type":"article","og_title":"Jack Conklin : Fin de saison 2023 - The Playoffs FR","og_url":"https:\/\/theplayoffs.news\/fr\/actualite-nfl\/jack-conklin-fin-de-saison-2023\/","og_site_name":"The Playoffs FR","article_publisher":"https:\/\/www.facebook.com\/TheFreeAgentFR\/","article_modified_time":"2023-09-11T17:57:17+00:00","og_image":[{"width":1920,"height":1280,"url":"https:\/\/theplayoffs.news\/fr\/wp-content\/uploads\/2023\/09\/USATSI_15072892.jpg","type":"image\/jpeg"}],"author":"Bertrand Richelieu","twitter_card":"summary_large_image","twitter_creator":"@bertibigblue","twitter_site":"@TheFreeAgentFR","twitter_misc":{"\u00c9crit par":"Bertrand Richelieu","Dur\u00e9e de lecture estim\u00e9e":"2 minutes"},"schema":{"@context":"https:\/\/schema.org","@graph":[{"@type":"WebPage","@id":"https:\/\/theplayoffs.news\/fr\/actualite-nfl\/jack-conklin-fin-de-saison-2023\/","url":"https:\/\/theplayoffs.news\/fr\/actualite-nfl\/jack-conklin-fin-de-saison-2023\/","name":"Jack Conklin : Fin de saison 2023 - The Playoffs FR","isPartOf":{"@id":"https:\/\/theplayoffs.news\/fr\/#website"},"primaryImageOfPage":{"@id":"https:\/\/theplayoffs.news\/fr\/actualite-nfl\/jack-conklin-fin-de-saison-2023\/#primaryimage"},"image":{"@id":"https:\/\/theplayoffs.news\/fr\/actualite-nfl\/jack-conklin-fin-de-saison-2023\/#primaryimage"},"thumbnailUrl":"https:\/\/theplayoffs.news\/fr\/wp-content\/uploads\/2023\/09\/USATSI_15072892.jpg","datePublished":"2023-09-11T17:57:16+00:00","dateModified":"2023-09-11T17:57:17+00:00","author":{"@id":"https:\/\/theplayoffs.news\/fr\/#\/schema\/person\/1e8352b55fd3b7f75e6094dc6bcd96ef"},"breadcrumb":{"@id":"https:\/\/theplayoffs.news\/fr\/actualite-nfl\/jack-conklin-fin-de-saison-2023\/#breadcrumb"},"inLanguage":"fr-FR","potentialAction":[{"@type":"ReadAction","target":["https:\/\/theplayoffs.news\/fr\/actualite-nfl\/jack-conklin-fin-de-saison-2023\/"]}]},{"@type":"ImageObject","inLanguage":"fr-FR","@id":"https:\/\/theplayoffs.news\/fr\/actualite-nfl\/jack-conklin-fin-de-saison-2023\/#primaryimage","url":"https:\/\/theplayoffs.news\/fr\/wp-content\/uploads\/2023\/09\/USATSI_15072892.jpg","contentUrl":"https:\/\/theplayoffs.news\/fr\/wp-content\/uploads\/2023\/09\/USATSI_15072892.jpg","width":1920,"height":1280,"caption":"Oct 11, 2020; Cleveland, Ohio, USA; Cleveland Browns offensive tackle Jack Conklin (78) is introduced before the game between the Cleveland Browns and the Indianapolis Colts at FirstEnergy Stadium. Mandatory Credit: Ken Blaze-USA TODAY Sports"},{"@type":"BreadcrumbList","@id":"https:\/\/theplayoffs.news\/fr\/actualite-nfl\/jack-conklin-fin-de-saison-2023\/#breadcrumb","itemListElement":[{"@type":"ListItem","position":1,"name":"Accueil","item":"https:\/\/theplayoffs.news\/fr\/"},{"@type":"ListItem","position":2,"name":"Jack Conklin : Fin de saison 2023"}]},{"@type":"WebSite","@id":"https:\/\/theplayoffs.news\/fr\/#website","url":"https:\/\/theplayoffs.news\/fr\/","name":"The Playoffs FR","description":"NBA-NFL-NHL-MLB","potentialAction":[{"@type":"SearchAction","target":{"@type":"EntryPoint","urlTemplate":"https:\/\/theplayoffs.news\/fr\/?s={search_term_string}"},"query-input":{"@type":"PropertyValueSpecification","valueRequired":true,"valueName":"search_term_string"}}],"inLanguage":"fr-FR"},{"@type":"Person","@id":"https:\/\/theplayoffs.news\/fr\/#\/schema\/person\/1e8352b55fd3b7f75e6094dc6bcd96ef","name":"Bertrand Richelieu","image":{"@type":"ImageObject","inLanguage":"fr-FR","@id":"https:\/\/theplayoffs.news\/fr\/#\/schema\/person\/image\/","url":"https:\/\/secure.gravatar.com\/avatar\/3302837e2cd5b227120e88a09cbb6f8b7151c7bf7add7b5469fb229bed5fe92f?s=96&d=mm&r=g","contentUrl":"https:\/\/secure.gravatar.com\/avatar\/3302837e2cd5b227120e88a09cbb6f8b7151c7bf7add7b5469fb229bed5fe92f?s=96&d=mm&r=g","caption":"Bertrand Richelieu"},"description":"Originaire des Hauts de France. Choisi au 1er tour de recrutement en Octobre 2021. Journaliste par passion. R\u00e9dacteur, Chroniqueur et Podcasteur. Sp\u00e9cialis\u00e9 dans le Football Am\u00e9ricain NFL et la NFL Fantasy. Fascin\u00e9 par la ville de New York depuis toujours et Fan des New York Giants depuis 1998. Le plus bel adage sur cette plan\u00e8te reste et restera : \\\"Once a Giant, Always a Giant.\\\" Grand amoureux des Etats-Unis et de sa culture.Passionn\u00e9 de Sports Am\u00e9ricains. Les Giants, les Knicks, les Rangers et les Yankees restent l\\'\u00e2me et le c\u0153ur du sport New Yorkais.","sameAs":["https:\/\/x.com\/bertibigblue"],"url":"https:\/\/theplayoffs.news\/fr\/author\/bebertwhitegmail-com\/"}]}},"_links":{"self":[{"href":"https:\/\/theplayoffs.news\/fr\/wp-json\/wp\/v2\/posts\/884900","targetHints":{"allow":["GET"]}}],"collection":[{"href":"https:\/\/theplayoffs.news\/fr\/wp-json\/wp\/v2\/posts"}],"about":[{"href":"https:\/\/theplayoffs.news\/fr\/wp-json\/wp\/v2\/types\/post"}],"author":[{"embeddable":true,"href":"https:\/\/theplayoffs.news\/fr\/wp-json\/wp\/v2\/users\/180309986"}],"replies":[{"embeddable":true,"href":"https:\/\/theplayoffs.news\/fr\/wp-json\/wp\/v2\/comments?post=884900"}],"version-history":[{"count":3,"href":"https:\/\/theplayoffs.news\/fr\/wp-json\/wp\/v2\/posts\/884900\/revisions"}],"predecessor-version":[{"id":884908,"href":"https:\/\/theplayoffs.news\/fr\/wp-json\/wp\/v2\/posts\/884900\/revisions\/884908"}],"wp:featuredmedia":[{"embeddable":true,"href":"https:\/\/theplayoffs.news\/fr\/wp-json\/wp\/v2\/media\/881859"}],"wp:attachment":[{"href":"https:\/\/theplayoffs.news\/fr\/wp-json\/wp\/v2\/media?parent=884900"}],"wp:term":[{"taxonomy":"category","embeddable":true,"href":"https:\/\/theplayoffs.news\/fr\/wp-json\/wp\/v2\/categories?post=884900"},{"taxonomy":"post_tag","embeddable":true,"href":"https:\/\/theplayoffs.news\/fr\/wp-json\/wp\/v2\/tags?post=884900"},{"taxonomy":"sport","embeddable":true,"href":"https:\/\/theplayoffs.news\/fr\/wp-json\/wp\/v2\/sport?post=884900"},{"taxonomy":"saison","embeddable":true,"href":"https:\/\/theplayoffs.news\/fr\/wp-json\/wp\/v2\/saison?post=884900"}],"curies":[{"name":"wp","href":"https:\/\/api.w.org\/{rel}","templated":true}]}}