{"id":881904,"date":"2023-09-10T22:58:06","date_gmt":"2023-09-10T20:58:06","guid":{"rendered":"https:\/\/theplayoffs.news\/fr\/?p=881904"},"modified":"2023-09-10T22:58:07","modified_gmt":"2023-09-10T20:58:07","slug":"j-k-dobbins-fin-de-saison-2023-confirmee","status":"publish","type":"post","link":"https:\/\/theplayoffs.news\/fr\/actualite-nfl\/j-k-dobbins-fin-de-saison-2023-confirmee\/","title":{"rendered":"J.K. Dobbins: fin de saison 2023 confirm\u00e9e!"},"content":{"rendered":"<h2>Le running back des Baltimore Ravens, J.K. Dobbins, s&rsquo;est bless&eacute; pendant le premier match de la saison 2023 et ne rejouera plus de la saison.<\/h2><p>Les saisons se suivent et se ressemblent pour les Baltimore Ravens et pour <a href=\"https:\/\/theplayoffs.news\/fr\/nfl\/ravens-jk-dobbins-voir-saison-se-terminer\/\" class=\"trk-cta-link\" data-cta-trk='{\"ctaType\":\"Link\",\"ctaSubType\":\"main\"}'>J.K. Dobbins<\/a>! D&eacute;j&agrave; bless&eacute; aux ligaments crois&eacute;s lors de la saison 2021 puis handicap&eacute; par une blessure au genou lors de la moiti&eacute; de la saison 2022, le running back de la franchise du Maryland va manquer la totalit&eacute; de la saison 2023. L&rsquo;entra&icirc;neur principal de la franchise, John Harbaugh, a en effet <a href=\"https:\/\/twitter.com\/RapSheet\/status\/1700971478936920184?s=20\" class=\"trk-cta-link\" data-cta-trk='{\"ctaType\":\"Link\",\"ctaSubType\":\"main\"}'>confirm&eacute; apr&egrave;s le match<\/a> contre les Texans que Dobbins souffrait d&rsquo;une rupture du tendon d&rsquo;Achille.<\/p><blockquote class=\"twitter-tweet\" data-width=\"500\" data-dnt=\"true\">\n<p lang=\"en\" dir=\"ltr\"><a href=\"https:\/\/twitter.com\/hashtag\/Ravens?src=hash&amp;ref_src=twsrc%5Etfw\" class=\"trk-cta-link\" data-cta-trk='{\"ctaType\":\"Link\",\"ctaSubType\":\"main\"}'>#Ravens<\/a> RB JK Dobbins does, in fact, have a torn Achilles, coach John Harbaugh confirmed. He&rsquo;s out for the season. <a href=\"https:\/\/t.co\/efY5rPegOY\" class=\"trk-cta-link\" data-cta-trk='{\"ctaType\":\"Link\",\"ctaSubType\":\"main\"}'>pic.twitter.com\/efY5rPegOY<\/a><\/p>\n<p>&mdash; Ian Rapoport (@RapSheet) <a href=\"https:\/\/twitter.com\/RapSheet\/status\/1700971478936920184?ref_src=twsrc%5Etfw\" class=\"trk-cta-link\" data-cta-trk='{\"ctaType\":\"Link\",\"ctaSubType\":\"main\"}'>September 10, 2023<\/a><\/p><\/blockquote><p><script async src=\"https:\/\/platform.twitter.com\/widgets.js\" charset=\"utf-8\"><\/script><\/p><p>Ce qui &eacute;tait &agrave; craindre est donc arriv&eacute; pour J.K. Dobbins qui ne pourra pas rejouer cette saison. Une mauvaise nouvelle bien &eacute;videmment sportive pour le joueur et la franchise d&rsquo;AFC Nord. Mais une mauvaise nouvelle personnelle aussi pour Dobbins qui arrive dans sa derni&egrave;re ann&eacute;e de son contrat rookie avec les Ravens de Baltimore et qui pourrait avoir du mal &agrave; trouver un gros contrat au regard de sa sant&eacute; fragile.<\/p><p>La victoire de Baltimore sur les Houston Texans et le touchdown inscrit par Dobbins dans ce premier match sont donc sans doute les deux seules bonnes nouvelles de la soir&eacute;e pour les fans des Ravens.<\/p><p><em>Cr&eacute;dit photo: Brad Mills-USA TODAY Sports<\/em><\/p>\n","protected":false},"excerpt":{"rendered":"","protected":false},"author":180309964,"featured_media":881878,"comment_status":"open","ping_status":"closed","sticky":false,"template":"","format":"standard","meta":{"inline_featured_image":false,"kia_subtitle":"","_mux_skip_reasons":[],"proofreadBy":0,"footnotes":""},"categories":[118,40],"tags":[868,2628],"sport":[2785],"saison":[3453],"class_list":["post-881904","post","type-post","status-publish","format-standard","has-post-thumbnail","hentry","category-actualite-nfl","category-nfl","tag-baltimore-ravens","tag-jk-dobbins","sport-nfl","saison-3453"],"acf":[],"yoast_head":"<!-- This site is optimized with the Yoast SEO plugin v24.2 - https:\/\/yoast.com\/wordpress\/plugins\/seo\/ -->\n<title>J.K. Dobbins: fin de saison 2023 confirm&eacute;e! - The Playoffs FR<\/title>\n<meta name=\"robots\" content=\"index, follow, max-snippet:-1, max-image-preview:large, max-video-preview:-1\" \/>\n<link rel=\"canonical\" href=\"https:\/\/theplayoffs.news\/fr\/actualite-nfl\/j-k-dobbins-fin-de-saison-2023-confirmee\/\" \/>\n<meta property=\"og:locale\" content=\"fr_FR\" \/>\n<meta property=\"og:type\" content=\"article\" \/>\n<meta property=\"og:title\" content=\"J.K. Dobbins: fin de saison 2023 confirm&eacute;e! - The Playoffs FR\" \/>\n<meta property=\"og:url\" content=\"https:\/\/theplayoffs.news\/fr\/actualite-nfl\/j-k-dobbins-fin-de-saison-2023-confirmee\/\" \/>\n<meta property=\"og:site_name\" content=\"The Playoffs FR\" \/>\n<meta property=\"article:publisher\" content=\"https:\/\/www.facebook.com\/TheFreeAgentFR\/\" \/>\n<meta property=\"article:modified_time\" content=\"2023-09-10T22:58:07+02:00\" \/>\n<meta property=\"og:image\" content=\"https:\/\/theplayoffs.news\/fr\/wp-content\/uploads\/2023\/09\/USATSI_21389847.jpg\" \/>\n\t<meta property=\"og:image:width\" content=\"1920\" \/>\n\t<meta property=\"og:image:height\" content=\"1280\" \/>\n\t<meta property=\"og:image:type\" content=\"image\/jpeg\" \/>\n<meta name=\"author\" content=\"Flavien Jumeau\" \/>\n<meta name=\"twitter:card\" content=\"summary_large_image\" \/>\n<meta name=\"twitter:creator\" content=\"@TheFreeAgentFR\" \/>\n<meta name=\"twitter:site\" content=\"@TheFreeAgentFR\" \/>\n<meta name=\"twitter:label1\" content=\"\u00c9crit par\" \/>\n\t<meta name=\"twitter:data1\" content=\"Flavien Jumeau\" \/>\n\t<meta name=\"twitter:label2\" content=\"Dur\u00e9e de lecture estim\u00e9e\" \/>\n\t<meta name=\"twitter:data2\" content=\"1 minute\" \/>\n<script type=\"application\/ld+json\" class=\"yoast-schema-graph\">{\"@context\":\"https:\/\/schema.org\",\"@graph\":[{\"@type\":\"WebPage\",\"@id\":\"https:\/\/theplayoffs.news\/fr\/actualite-nfl\/j-k-dobbins-fin-de-saison-2023-confirmee\/\",\"url\":\"https:\/\/theplayoffs.news\/fr\/actualite-nfl\/j-k-dobbins-fin-de-saison-2023-confirmee\/\",\"name\":\"J.K. Dobbins: fin de saison 2023 confirm\u00e9e! - The Playoffs FR\",\"isPartOf\":{\"@id\":\"https:\/\/theplayoffs.news\/fr\/#website\"},\"primaryImageOfPage\":{\"@id\":\"https:\/\/theplayoffs.news\/fr\/actualite-nfl\/j-k-dobbins-fin-de-saison-2023-confirmee\/#primaryimage\"},\"image\":{\"@id\":\"https:\/\/theplayoffs.news\/fr\/actualite-nfl\/j-k-dobbins-fin-de-saison-2023-confirmee\/#primaryimage\"},\"thumbnailUrl\":\"https:\/\/theplayoffs.news\/fr\/wp-content\/uploads\/2023\/09\/USATSI_21389847.jpg\",\"datePublished\":\"2023-09-10T20:58:06+00:00\",\"dateModified\":\"2023-09-10T20:58:07+00:00\",\"author\":{\"@id\":\"https:\/\/theplayoffs.news\/fr\/#\/schema\/person\/def63bc6746dc5957469b75feb99e66d\"},\"breadcrumb\":{\"@id\":\"https:\/\/theplayoffs.news\/fr\/actualite-nfl\/j-k-dobbins-fin-de-saison-2023-confirmee\/#breadcrumb\"},\"inLanguage\":\"fr-FR\",\"potentialAction\":[{\"@type\":\"ReadAction\",\"target\":[\"https:\/\/theplayoffs.news\/fr\/actualite-nfl\/j-k-dobbins-fin-de-saison-2023-confirmee\/\"]}]},{\"@type\":\"ImageObject\",\"inLanguage\":\"fr-FR\",\"@id\":\"https:\/\/theplayoffs.news\/fr\/actualite-nfl\/j-k-dobbins-fin-de-saison-2023-confirmee\/#primaryimage\",\"url\":\"https:\/\/theplayoffs.news\/fr\/wp-content\/uploads\/2023\/09\/USATSI_21389847.jpg\",\"contentUrl\":\"https:\/\/theplayoffs.news\/fr\/wp-content\/uploads\/2023\/09\/USATSI_21389847.jpg\",\"width\":1920,\"height\":1280,\"caption\":\"Sep 10, 2023; Baltimore, Maryland, USA; Baltimore Ravens running back J.K. Dobbins (27) carries the ball against the Houston Texans during the first half at M&amp;T Bank Stadium. Mandatory Credit: Brad Mills-USA TODAY Sports\"},{\"@type\":\"BreadcrumbList\",\"@id\":\"https:\/\/theplayoffs.news\/fr\/actualite-nfl\/j-k-dobbins-fin-de-saison-2023-confirmee\/#breadcrumb\",\"itemListElement\":[{\"@type\":\"ListItem\",\"position\":1,\"name\":\"Accueil\",\"item\":\"https:\/\/theplayoffs.news\/fr\/\"},{\"@type\":\"ListItem\",\"position\":2,\"name\":\"J.K. Dobbins: fin de saison 2023 confirm\u00e9e!\"}]},{\"@type\":\"WebSite\",\"@id\":\"https:\/\/theplayoffs.news\/fr\/#website\",\"url\":\"https:\/\/theplayoffs.news\/fr\/\",\"name\":\"The Playoffs FR\",\"description\":\"NBA-NFL-NHL-MLB\",\"potentialAction\":[{\"@type\":\"SearchAction\",\"target\":{\"@type\":\"EntryPoint\",\"urlTemplate\":\"https:\/\/theplayoffs.news\/fr\/?s={search_term_string}\"},\"query-input\":{\"@type\":\"PropertyValueSpecification\",\"valueRequired\":true,\"valueName\":\"search_term_string\"}}],\"inLanguage\":\"fr-FR\"},{\"@type\":\"Person\",\"@id\":\"https:\/\/theplayoffs.news\/fr\/#\/schema\/person\/def63bc6746dc5957469b75feb99e66d\",\"name\":\"Flavien Jumeau\",\"image\":{\"@type\":\"ImageObject\",\"inLanguage\":\"fr-FR\",\"@id\":\"https:\/\/theplayoffs.news\/fr\/#\/schema\/person\/image\/\",\"url\":\"https:\/\/secure.gravatar.com\/avatar\/e7fa8ba5a4b7e4ce35fe152f083f352db28ad0acce692004ed88a7a7d78893f7?s=96&d=mm&r=g\",\"contentUrl\":\"https:\/\/secure.gravatar.com\/avatar\/e7fa8ba5a4b7e4ce35fe152f083f352db28ad0acce692004ed88a7a7d78893f7?s=96&d=mm&r=g\",\"caption\":\"Flavien Jumeau\"},\"description\":\"Amoureux du sport (et de vraiment tous les sports) depuis mon plus jeune \u00e2ge, j\u2019ai longtemps h\u00e9site entre le snooker et le curling. Finalement c\u2019est le foot US que j\u2019ai d\u00e9cid\u00e9 de choisir! Responsable foot US sur TPO et animateur du podcast Tailgate j\u2019ai pour mission de vous faire d\u00e9couvrir ce sport passionnant si ce n\u2019est pas encore fait et de vous donner les derni\u00e8res actus. Le tout dans la bonne humeur et avec toujours un jeu de mots ou deux savamment distill\u00e9s! Fan des Saints, pour moi Drew Brees est le vrai GOAT!\",\"url\":\"https:\/\/theplayoffs.news\/fr\/author\/flavien-jumeaugmail-com\/\"}]}<\/script>\n<!-- \/ Yoast SEO plugin. -->","yoast_head_json":{"title":"J.K. Dobbins: fin de saison 2023 confirm&eacute;e! - The Playoffs FR","robots":{"index":"index","follow":"follow","max-snippet":"max-snippet:-1","max-image-preview":"max-image-preview:large","max-video-preview":"max-video-preview:-1"},"canonical":"https:\/\/theplayoffs.news\/fr\/actualite-nfl\/j-k-dobbins-fin-de-saison-2023-confirmee\/","og_locale":"fr_FR","og_type":"article","og_title":"J.K. Dobbins: fin de saison 2023 confirm&eacute;e! - The Playoffs FR","og_url":"https:\/\/theplayoffs.news\/fr\/actualite-nfl\/j-k-dobbins-fin-de-saison-2023-confirmee\/","og_site_name":"The Playoffs FR","article_publisher":"https:\/\/www.facebook.com\/TheFreeAgentFR\/","article_modified_time":"2023-09-10T20:58:07+00:00","og_image":[{"width":1920,"height":1280,"url":"https:\/\/theplayoffs.news\/fr\/wp-content\/uploads\/2023\/09\/USATSI_21389847.jpg","type":"image\/jpeg"}],"author":"Flavien Jumeau","twitter_card":"summary_large_image","twitter_creator":"@TheFreeAgentFR","twitter_site":"@TheFreeAgentFR","twitter_misc":{"\u00c9crit par":"Flavien Jumeau","Dur\u00e9e de lecture estim\u00e9e":"1 minute"},"schema":{"@context":"https:\/\/schema.org","@graph":[{"@type":"WebPage","@id":"https:\/\/theplayoffs.news\/fr\/actualite-nfl\/j-k-dobbins-fin-de-saison-2023-confirmee\/","url":"https:\/\/theplayoffs.news\/fr\/actualite-nfl\/j-k-dobbins-fin-de-saison-2023-confirmee\/","name":"J.K. Dobbins: fin de saison 2023 confirm\u00e9e! - The Playoffs FR","isPartOf":{"@id":"https:\/\/theplayoffs.news\/fr\/#website"},"primaryImageOfPage":{"@id":"https:\/\/theplayoffs.news\/fr\/actualite-nfl\/j-k-dobbins-fin-de-saison-2023-confirmee\/#primaryimage"},"image":{"@id":"https:\/\/theplayoffs.news\/fr\/actualite-nfl\/j-k-dobbins-fin-de-saison-2023-confirmee\/#primaryimage"},"thumbnailUrl":"https:\/\/theplayoffs.news\/fr\/wp-content\/uploads\/2023\/09\/USATSI_21389847.jpg","datePublished":"2023-09-10T20:58:06+00:00","dateModified":"2023-09-10T20:58:07+00:00","author":{"@id":"https:\/\/theplayoffs.news\/fr\/#\/schema\/person\/def63bc6746dc5957469b75feb99e66d"},"breadcrumb":{"@id":"https:\/\/theplayoffs.news\/fr\/actualite-nfl\/j-k-dobbins-fin-de-saison-2023-confirmee\/#breadcrumb"},"inLanguage":"fr-FR","potentialAction":[{"@type":"ReadAction","target":["https:\/\/theplayoffs.news\/fr\/actualite-nfl\/j-k-dobbins-fin-de-saison-2023-confirmee\/"]}]},{"@type":"ImageObject","inLanguage":"fr-FR","@id":"https:\/\/theplayoffs.news\/fr\/actualite-nfl\/j-k-dobbins-fin-de-saison-2023-confirmee\/#primaryimage","url":"https:\/\/theplayoffs.news\/fr\/wp-content\/uploads\/2023\/09\/USATSI_21389847.jpg","contentUrl":"https:\/\/theplayoffs.news\/fr\/wp-content\/uploads\/2023\/09\/USATSI_21389847.jpg","width":1920,"height":1280,"caption":"Sep 10, 2023; Baltimore, Maryland, USA; Baltimore Ravens running back J.K. Dobbins (27) carries the ball against the Houston Texans during the first half at M&amp;T Bank Stadium. Mandatory Credit: Brad Mills-USA TODAY Sports"},{"@type":"BreadcrumbList","@id":"https:\/\/theplayoffs.news\/fr\/actualite-nfl\/j-k-dobbins-fin-de-saison-2023-confirmee\/#breadcrumb","itemListElement":[{"@type":"ListItem","position":1,"name":"Accueil","item":"https:\/\/theplayoffs.news\/fr\/"},{"@type":"ListItem","position":2,"name":"J.K. Dobbins: fin de saison 2023 confirm\u00e9e!"}]},{"@type":"WebSite","@id":"https:\/\/theplayoffs.news\/fr\/#website","url":"https:\/\/theplayoffs.news\/fr\/","name":"The Playoffs FR","description":"NBA-NFL-NHL-MLB","potentialAction":[{"@type":"SearchAction","target":{"@type":"EntryPoint","urlTemplate":"https:\/\/theplayoffs.news\/fr\/?s={search_term_string}"},"query-input":{"@type":"PropertyValueSpecification","valueRequired":true,"valueName":"search_term_string"}}],"inLanguage":"fr-FR"},{"@type":"Person","@id":"https:\/\/theplayoffs.news\/fr\/#\/schema\/person\/def63bc6746dc5957469b75feb99e66d","name":"Flavien Jumeau","image":{"@type":"ImageObject","inLanguage":"fr-FR","@id":"https:\/\/theplayoffs.news\/fr\/#\/schema\/person\/image\/","url":"https:\/\/secure.gravatar.com\/avatar\/e7fa8ba5a4b7e4ce35fe152f083f352db28ad0acce692004ed88a7a7d78893f7?s=96&d=mm&r=g","contentUrl":"https:\/\/secure.gravatar.com\/avatar\/e7fa8ba5a4b7e4ce35fe152f083f352db28ad0acce692004ed88a7a7d78893f7?s=96&d=mm&r=g","caption":"Flavien Jumeau"},"description":"Amoureux du sport (et de vraiment tous les sports) depuis mon plus jeune \u00e2ge, j\u2019ai longtemps h\u00e9site entre le snooker et le curling. Finalement c\u2019est le foot US que j\u2019ai d\u00e9cid\u00e9 de choisir! Responsable foot US sur TPO et animateur du podcast Tailgate j\u2019ai pour mission de vous faire d\u00e9couvrir ce sport passionnant si ce n\u2019est pas encore fait et de vous donner les derni\u00e8res actus. Le tout dans la bonne humeur et avec toujours un jeu de mots ou deux savamment distill\u00e9s! Fan des Saints, pour moi Drew Brees est le vrai GOAT!","url":"https:\/\/theplayoffs.news\/fr\/author\/flavien-jumeaugmail-com\/"}]}},"_links":{"self":[{"href":"https:\/\/theplayoffs.news\/fr\/wp-json\/wp\/v2\/posts\/881904","targetHints":{"allow":["GET"]}}],"collection":[{"href":"https:\/\/theplayoffs.news\/fr\/wp-json\/wp\/v2\/posts"}],"about":[{"href":"https:\/\/theplayoffs.news\/fr\/wp-json\/wp\/v2\/types\/post"}],"author":[{"embeddable":true,"href":"https:\/\/theplayoffs.news\/fr\/wp-json\/wp\/v2\/users\/180309964"}],"replies":[{"embeddable":true,"href":"https:\/\/theplayoffs.news\/fr\/wp-json\/wp\/v2\/comments?post=881904"}],"version-history":[{"count":3,"href":"https:\/\/theplayoffs.news\/fr\/wp-json\/wp\/v2\/posts\/881904\/revisions"}],"predecessor-version":[{"id":881908,"href":"https:\/\/theplayoffs.news\/fr\/wp-json\/wp\/v2\/posts\/881904\/revisions\/881908"}],"wp:featuredmedia":[{"embeddable":true,"href":"https:\/\/theplayoffs.news\/fr\/wp-json\/wp\/v2\/media\/881878"}],"wp:attachment":[{"href":"https:\/\/theplayoffs.news\/fr\/wp-json\/wp\/v2\/media?parent=881904"}],"wp:term":[{"taxonomy":"category","embeddable":true,"href":"https:\/\/theplayoffs.news\/fr\/wp-json\/wp\/v2\/categories?post=881904"},{"taxonomy":"post_tag","embeddable":true,"href":"https:\/\/theplayoffs.news\/fr\/wp-json\/wp\/v2\/tags?post=881904"},{"taxonomy":"sport","embeddable":true,"href":"https:\/\/theplayoffs.news\/fr\/wp-json\/wp\/v2\/sport?post=881904"},{"taxonomy":"saison","embeddable":true,"href":"https:\/\/theplayoffs.news\/fr\/wp-json\/wp\/v2\/saison?post=881904"}],"curies":[{"name":"wp","href":"https:\/\/api.w.org\/{rel}","templated":true}]}}