{"id":874640,"date":"2023-09-08T13:52:10","date_gmt":"2023-09-08T11:52:10","guid":{"rendered":"https:\/\/theplayoffs.news\/fr\/?p=874640"},"modified":"2023-09-08T13:52:12","modified_gmt":"2023-09-08T11:52:12","slug":"chris-chelios-numero-retire-blackhawks","status":"publish","type":"post","link":"https:\/\/theplayoffs.news\/fr\/actualite-nhl\/chris-chelios-numero-retire-blackhawks\/","title":{"rendered":"L&rsquo;h\u00e9ritage de Chris Chelios : Les Blackhawks de Chicago rendent hommage \u00e0 une ic\u00f4ne"},"content":{"rendered":"<h2>Les Blackhawks ont officiellement annonc&eacute; leur d&eacute;cision de retirer le maillot n&deg; 7 de Chris Chelios, membre du Temple de la renom&eacute;e.<\/h2><p>Les Blackhawks, une &eacute;quipe charg&eacute;e d&rsquo;histoire, <a href=\"https:\/\/twitter.com\/NHLBlackhawks\/status\/1699995662207562229?ref_src=twsrc%5Etfw%7Ctwcamp%5Etweetembed%7Ctwterm%5E1699995662207562229%7Ctwgr%5E3ad19f277ac58ee3810f189dd3e1e52979f7751c%7Ctwcon%5Es1_c10&amp;ref_url=https%3A%2F%2Fwww.sportsnet.ca%2Fnhl%2Farticle%2Fblackhawks-to-retire-hall-of-fame-defenceman-chris-chelios-no-7%2F\" class=\"trk-cta-link\" data-cta-trk='{\"ctaType\":\"Link\",\"ctaSubType\":\"main\"}'>ajouteront Chelios &agrave; une liste v&eacute;n&eacute;rable d&rsquo;ic&ocirc;nes<\/a> en &eacute;levant son maillot au plafond la saison prochaine, un honneur qui marque l&rsquo;empreinte ind&eacute;l&eacute;bile d&rsquo;un joueur sur la franchise.<\/p><blockquote class=\"twitter-tweet\" data-width=\"500\" data-dnt=\"true\">\n<p lang=\"en\" dir=\"ltr\">A Blackhawks Legend and Chicago Icon: Cheli is going to the rafters &#128079; <a href=\"https:\/\/t.co\/6fyOeQ34v1\" class=\"trk-cta-link\" data-cta-trk='{\"ctaType\":\"Link\",\"ctaSubType\":\"main\"}'>pic.twitter.com\/6fyOeQ34v1<\/a><\/p>\n<p>&mdash; Chicago Blackhawks (@NHLBlackhawks) <a href=\"https:\/\/twitter.com\/NHLBlackhawks\/status\/1699995662207562229?ref_src=twsrc%5Etfw\" class=\"trk-cta-link\" data-cta-trk='{\"ctaType\":\"Link\",\"ctaSubType\":\"main\"}'>September 8, 2023<\/a><\/p><\/blockquote><p><script async src=\"https:\/\/platform.twitter.com\/widgets.js\" charset=\"utf-8\"><\/script><\/p><p>Le monde du sport n&rsquo;a pas &eacute;t&eacute; le seul &agrave; s&rsquo;en rendre compte. Eddie Vedder, leader charismatique de Pearl Jam et proche confident de Chelios, a fait la r&eacute;v&eacute;lation lors d&rsquo;un concert au United Center. Si la nouvelle a &eacute;t&eacute; accueillie avec beaucoup d&rsquo;enthousiasme, elle a aussi &eacute;t&eacute; accueillie avec une certaine solennit&eacute;. Le pr&eacute;sident des Blackhawks, Rocky Wirtz, d&eacute;c&eacute;d&eacute; en juillet, avait fait de cette annonce l&rsquo;une de ses derni&egrave;res volont&eacute;s, soulignant ainsi l&rsquo;importance de Chris Chelios au sein des Blackhawks.<\/p><h3>La glorieuse carri&egrave;re de Chris Chelios<\/h3><p>N&eacute; et &eacute;lev&eacute; &agrave; Chicago, le parcours de Chris Chelios dans la Ligue nationale de hockey (LNH) est tout simplement l&eacute;gendaire. Pendant 26 saisons, qu&rsquo;il partage avec l&rsquo;illustre Gordie Howe, Chelios a laiss&eacute; une empreinte durable &agrave; chaque &eacute;tape de sa carri&egrave;re.<\/p><p>Son passage chez les Blackhawks est particuli&egrave;rement remarquable. Chris Chelios a &eacute;t&eacute; capitaine de l&rsquo;&eacute;quipe de 1995 &agrave; 1999, p&eacute;riode au cours de laquelle il s&rsquo;est impos&eacute; comme l&rsquo;un des meilleurs d&eacute;fenseurs de la franchise, avec un total de 487 points (4&egrave; meilleur total pour un d&eacute;fenseur dans l&rsquo;histoire de la franchise).<\/p><p>Si son leadership sur la glace &eacute;tait inestimable, c&rsquo;est surtout son engagement sans faille dans le jeu qui est remarquable &ndash; une carri&egrave;re qui a commenc&eacute; avec les Canadiens de Montr&eacute;al &agrave; l&rsquo;&acirc;ge de 22 ans et qui s&rsquo;est termin&eacute;e &agrave; l&rsquo;&acirc;ge remarquable de 48 ans avec les Thrashers d&rsquo;Atlanta.<\/p><p>Les r&eacute;compenses ne s&rsquo;arr&ecirc;tent pas l&agrave;. Avec trois Troph&eacute;es Norris et trois Coupes Stanley remport&eacute;es, l&rsquo;armoire de Chelios est orn&eacute;e des r&eacute;compenses d&rsquo;une vie consacr&eacute;e au hockey. Le point culminant de cette c&eacute;l&eacute;bration aura lieu le 25 f&eacute;vrier, lorsque le United Center accueillera une c&eacute;r&eacute;monie avant un match contre les Red Wings de D&eacute;troit, l&rsquo;une des anciennes &eacute;quipes de Chris Chelios.<\/p><p>Dans le cadre de leur initiative visant &agrave; honorer leurs l&eacute;gendes pass&eacute;es, les Blackhawks se tournent &eacute;galement vers l&rsquo;avenir. &Agrave; l&rsquo;approche de la saison du centenaire, en 2025-26, Jaime Faulkner, pr&eacute;sident des op&eacute;rations commerciales des Blackhawks, a laiss&eacute; entendre qu&rsquo;il y aurait d&rsquo;autres c&eacute;l&eacute;brations et d&rsquo;autres d&eacute;parts &agrave; la retraite, afin de s&rsquo;assurer que le riche h&eacute;ritage de la franchise continue d&rsquo;&ecirc;tre c&eacute;l&eacute;br&eacute;.<\/p><p>Selon Danny Wirtz, pr&eacute;sident des Blackhawks,<\/p><blockquote><p>&laquo;&nbsp;nous entrons dans une nouvelle &egrave;re du hockey des Blackhawks sur la glace, mais l&rsquo;importance d&rsquo;honorer les anciens membres de cette organisation est, et sera toujours, une priorit&eacute;&nbsp;&raquo;.<\/p><\/blockquote><p><em>Credit: David Banks-USA TODAY Sports<\/em><\/p>\n","protected":false},"excerpt":{"rendered":"","protected":false},"author":13,"featured_media":874738,"comment_status":"open","ping_status":"closed","sticky":false,"template":"","format":"standard","meta":{"inline_featured_image":false,"kia_subtitle":"","_mux_skip_reasons":[],"proofreadBy":0,"footnotes":""},"categories":[187,26],"tags":[360,6418],"sport":[],"saison":[],"class_list":["post-874640","post","type-post","status-publish","format-standard","has-post-thumbnail","hentry","category-actualite-nhl","category-nhl","tag-chicago-blackhawks","tag-chris-chelios"],"acf":[],"yoast_head":"<!-- This site is optimized with the Yoast SEO plugin v24.2 - https:\/\/yoast.com\/wordpress\/plugins\/seo\/ -->\n<title>L&#039;h&eacute;ritage de Chris Chelios : Les Blackhawks de Chicago rendent hommage &agrave; une ic&ocirc;ne - The Playoffs FR<\/title>\n<meta name=\"robots\" content=\"index, follow, max-snippet:-1, max-image-preview:large, max-video-preview:-1\" \/>\n<link rel=\"canonical\" href=\"https:\/\/theplayoffs.news\/fr\/actualite-nhl\/chris-chelios-numero-retire-blackhawks\/\" \/>\n<meta property=\"og:locale\" content=\"fr_FR\" \/>\n<meta property=\"og:type\" content=\"article\" \/>\n<meta property=\"og:title\" content=\"L&#039;h&eacute;ritage de Chris Chelios : Les Blackhawks de Chicago rendent hommage &agrave; une ic&ocirc;ne - The Playoffs FR\" \/>\n<meta property=\"og:url\" content=\"https:\/\/theplayoffs.news\/fr\/actualite-nhl\/chris-chelios-numero-retire-blackhawks\/\" \/>\n<meta property=\"og:site_name\" content=\"The Playoffs FR\" \/>\n<meta property=\"article:publisher\" content=\"https:\/\/www.facebook.com\/TheFreeAgentFR\/\" \/>\n<meta property=\"article:modified_time\" content=\"2023-09-08T13:52:12+02:00\" \/>\n<meta property=\"og:image\" content=\"https:\/\/theplayoffs.news\/fr\/wp-content\/uploads\/2023\/09\/USATSI_21072460.jpg\" \/>\n\t<meta property=\"og:image:width\" content=\"1920\" \/>\n\t<meta property=\"og:image:height\" content=\"1280\" \/>\n\t<meta property=\"og:image:type\" content=\"image\/jpeg\" \/>\n<meta name=\"author\" content=\"Charles Taudin\" \/>\n<meta name=\"twitter:card\" content=\"summary_large_image\" \/>\n<meta name=\"twitter:creator\" content=\"@TheFreeAgentFR\" \/>\n<meta name=\"twitter:site\" content=\"@TheFreeAgentFR\" \/>\n<meta name=\"twitter:label1\" content=\"\u00c9crit par\" \/>\n\t<meta name=\"twitter:data1\" content=\"Charles Taudin\" \/>\n\t<meta name=\"twitter:label2\" content=\"Dur\u00e9e de lecture estim\u00e9e\" \/>\n\t<meta name=\"twitter:data2\" content=\"3 minutes\" \/>\n<script type=\"application\/ld+json\" class=\"yoast-schema-graph\">{\"@context\":\"https:\/\/schema.org\",\"@graph\":[{\"@type\":\"WebPage\",\"@id\":\"https:\/\/theplayoffs.news\/fr\/actualite-nhl\/chris-chelios-numero-retire-blackhawks\/\",\"url\":\"https:\/\/theplayoffs.news\/fr\/actualite-nhl\/chris-chelios-numero-retire-blackhawks\/\",\"name\":\"L\\\\'h\u00e9ritage de Chris Chelios : Les Blackhawks de Chicago rendent hommage \u00e0 une ic\u00f4ne - The Playoffs FR\",\"isPartOf\":{\"@id\":\"https:\/\/theplayoffs.news\/fr\/#website\"},\"primaryImageOfPage\":{\"@id\":\"https:\/\/theplayoffs.news\/fr\/actualite-nhl\/chris-chelios-numero-retire-blackhawks\/#primaryimage\"},\"image\":{\"@id\":\"https:\/\/theplayoffs.news\/fr\/actualite-nhl\/chris-chelios-numero-retire-blackhawks\/#primaryimage\"},\"thumbnailUrl\":\"https:\/\/theplayoffs.news\/fr\/wp-content\/uploads\/2023\/09\/USATSI_21072460.jpg\",\"datePublished\":\"2023-09-08T11:52:10+00:00\",\"dateModified\":\"2023-09-08T11:52:12+00:00\",\"author\":{\"@id\":\"https:\/\/theplayoffs.news\/fr\/#\/schema\/person\/eee5b69ad5d3c51cabe881c839dbe133\"},\"breadcrumb\":{\"@id\":\"https:\/\/theplayoffs.news\/fr\/actualite-nhl\/chris-chelios-numero-retire-blackhawks\/#breadcrumb\"},\"inLanguage\":\"fr-FR\",\"potentialAction\":[{\"@type\":\"ReadAction\",\"target\":[\"https:\/\/theplayoffs.news\/fr\/actualite-nhl\/chris-chelios-numero-retire-blackhawks\/\"]}]},{\"@type\":\"ImageObject\",\"inLanguage\":\"fr-FR\",\"@id\":\"https:\/\/theplayoffs.news\/fr\/actualite-nhl\/chris-chelios-numero-retire-blackhawks\/#primaryimage\",\"url\":\"https:\/\/theplayoffs.news\/fr\/wp-content\/uploads\/2023\/09\/USATSI_21072460.jpg\",\"contentUrl\":\"https:\/\/theplayoffs.news\/fr\/wp-content\/uploads\/2023\/09\/USATSI_21072460.jpg\",\"width\":1920,\"height\":1280,\"caption\":\"Jul 23, 2023; Chicago, Illinois, USA; NHL Hall of Famer Chris Chelios throws ot a ceremonial first pitch before the game between the Chicago Cubs and the St. Louis Cardinals of at Wrigley Field. Mandatory Credit: David Banks-USA TODAY Sports\"},{\"@type\":\"BreadcrumbList\",\"@id\":\"https:\/\/theplayoffs.news\/fr\/actualite-nhl\/chris-chelios-numero-retire-blackhawks\/#breadcrumb\",\"itemListElement\":[{\"@type\":\"ListItem\",\"position\":1,\"name\":\"Accueil\",\"item\":\"https:\/\/theplayoffs.news\/fr\/\"},{\"@type\":\"ListItem\",\"position\":2,\"name\":\"L&rsquo;h\u00e9ritage de Chris Chelios : Les Blackhawks de Chicago rendent hommage \u00e0 une ic\u00f4ne\"}]},{\"@type\":\"WebSite\",\"@id\":\"https:\/\/theplayoffs.news\/fr\/#website\",\"url\":\"https:\/\/theplayoffs.news\/fr\/\",\"name\":\"The Playoffs FR\",\"description\":\"NBA-NFL-NHL-MLB\",\"potentialAction\":[{\"@type\":\"SearchAction\",\"target\":{\"@type\":\"EntryPoint\",\"urlTemplate\":\"https:\/\/theplayoffs.news\/fr\/?s={search_term_string}\"},\"query-input\":{\"@type\":\"PropertyValueSpecification\",\"valueRequired\":true,\"valueName\":\"search_term_string\"}}],\"inLanguage\":\"fr-FR\"},{\"@type\":\"Person\",\"@id\":\"https:\/\/theplayoffs.news\/fr\/#\/schema\/person\/eee5b69ad5d3c51cabe881c839dbe133\",\"name\":\"Charles Taudin\",\"image\":{\"@type\":\"ImageObject\",\"inLanguage\":\"fr-FR\",\"@id\":\"https:\/\/theplayoffs.news\/fr\/#\/schema\/person\/image\/\",\"url\":\"https:\/\/secure.gravatar.com\/avatar\/59a1e772205ce9fd255edfcafc93013736822e20261f294c5753b20c41ede9f2?s=96&d=mm&r=g\",\"contentUrl\":\"https:\/\/secure.gravatar.com\/avatar\/59a1e772205ce9fd255edfcafc93013736822e20261f294c5753b20c41ede9f2?s=96&d=mm&r=g\",\"caption\":\"Charles Taudin\"},\"description\":\"R\u00e9dacteur en chef global de The Playoffs, j\u2019ai cr\u00e9\u00e9 The Free Agent, devenu The Playoffs FR, en 2020 durant la pand\u00e9mie. Amoureux depuis des ann\u00e9es des 4 sports majeurs am\u00e9ricains, j\u2019organise maintenant la strat\u00e9gie \u00e9ditoriale et les r\u00e9seaux sociaux de l\u2019ensemble des versions de The Playoffs. Il m\u2019arrive encore d\u2019\u00e9crire sur certains sports que j\u2019affectionne particuli\u00e8rement comme la NFL ou la MLB. Si vous devez retenir qu\u2019une chose : Eli Manning est le vrai GOAT pour avoir battu deux fois Tom Brady.\",\"sameAs\":[\"https:\/\/www.instagram.com\/ctaudin_\/\"],\"url\":\"https:\/\/theplayoffs.news\/fr\/author\/charles-taudin\/\"}]}<\/script>\n<!-- \/ Yoast SEO plugin. -->","yoast_head_json":{"title":"L&#039;h&eacute;ritage de Chris Chelios : Les Blackhawks de Chicago rendent hommage &agrave; une ic&ocirc;ne - The Playoffs FR","robots":{"index":"index","follow":"follow","max-snippet":"max-snippet:-1","max-image-preview":"max-image-preview:large","max-video-preview":"max-video-preview:-1"},"canonical":"https:\/\/theplayoffs.news\/fr\/actualite-nhl\/chris-chelios-numero-retire-blackhawks\/","og_locale":"fr_FR","og_type":"article","og_title":"L&#039;h&eacute;ritage de Chris Chelios : Les Blackhawks de Chicago rendent hommage &agrave; une ic&ocirc;ne - The Playoffs FR","og_url":"https:\/\/theplayoffs.news\/fr\/actualite-nhl\/chris-chelios-numero-retire-blackhawks\/","og_site_name":"The Playoffs FR","article_publisher":"https:\/\/www.facebook.com\/TheFreeAgentFR\/","article_modified_time":"2023-09-08T11:52:12+00:00","og_image":[{"width":1920,"height":1280,"url":"https:\/\/theplayoffs.news\/fr\/wp-content\/uploads\/2023\/09\/USATSI_21072460.jpg","type":"image\/jpeg"}],"author":"Charles Taudin","twitter_card":"summary_large_image","twitter_creator":"@TheFreeAgentFR","twitter_site":"@TheFreeAgentFR","twitter_misc":{"\u00c9crit par":"Charles Taudin","Dur\u00e9e de lecture estim\u00e9e":"3 minutes"},"schema":{"@context":"https:\/\/schema.org","@graph":[{"@type":"WebPage","@id":"https:\/\/theplayoffs.news\/fr\/actualite-nhl\/chris-chelios-numero-retire-blackhawks\/","url":"https:\/\/theplayoffs.news\/fr\/actualite-nhl\/chris-chelios-numero-retire-blackhawks\/","name":"L\\'h\u00e9ritage de Chris Chelios : Les Blackhawks de Chicago rendent hommage \u00e0 une ic\u00f4ne - The Playoffs FR","isPartOf":{"@id":"https:\/\/theplayoffs.news\/fr\/#website"},"primaryImageOfPage":{"@id":"https:\/\/theplayoffs.news\/fr\/actualite-nhl\/chris-chelios-numero-retire-blackhawks\/#primaryimage"},"image":{"@id":"https:\/\/theplayoffs.news\/fr\/actualite-nhl\/chris-chelios-numero-retire-blackhawks\/#primaryimage"},"thumbnailUrl":"https:\/\/theplayoffs.news\/fr\/wp-content\/uploads\/2023\/09\/USATSI_21072460.jpg","datePublished":"2023-09-08T11:52:10+00:00","dateModified":"2023-09-08T11:52:12+00:00","author":{"@id":"https:\/\/theplayoffs.news\/fr\/#\/schema\/person\/eee5b69ad5d3c51cabe881c839dbe133"},"breadcrumb":{"@id":"https:\/\/theplayoffs.news\/fr\/actualite-nhl\/chris-chelios-numero-retire-blackhawks\/#breadcrumb"},"inLanguage":"fr-FR","potentialAction":[{"@type":"ReadAction","target":["https:\/\/theplayoffs.news\/fr\/actualite-nhl\/chris-chelios-numero-retire-blackhawks\/"]}]},{"@type":"ImageObject","inLanguage":"fr-FR","@id":"https:\/\/theplayoffs.news\/fr\/actualite-nhl\/chris-chelios-numero-retire-blackhawks\/#primaryimage","url":"https:\/\/theplayoffs.news\/fr\/wp-content\/uploads\/2023\/09\/USATSI_21072460.jpg","contentUrl":"https:\/\/theplayoffs.news\/fr\/wp-content\/uploads\/2023\/09\/USATSI_21072460.jpg","width":1920,"height":1280,"caption":"Jul 23, 2023; Chicago, Illinois, USA; NHL Hall of Famer Chris Chelios throws ot a ceremonial first pitch before the game between the Chicago Cubs and the St. Louis Cardinals of at Wrigley Field. Mandatory Credit: David Banks-USA TODAY Sports"},{"@type":"BreadcrumbList","@id":"https:\/\/theplayoffs.news\/fr\/actualite-nhl\/chris-chelios-numero-retire-blackhawks\/#breadcrumb","itemListElement":[{"@type":"ListItem","position":1,"name":"Accueil","item":"https:\/\/theplayoffs.news\/fr\/"},{"@type":"ListItem","position":2,"name":"L&rsquo;h\u00e9ritage de Chris Chelios : Les Blackhawks de Chicago rendent hommage \u00e0 une ic\u00f4ne"}]},{"@type":"WebSite","@id":"https:\/\/theplayoffs.news\/fr\/#website","url":"https:\/\/theplayoffs.news\/fr\/","name":"The Playoffs FR","description":"NBA-NFL-NHL-MLB","potentialAction":[{"@type":"SearchAction","target":{"@type":"EntryPoint","urlTemplate":"https:\/\/theplayoffs.news\/fr\/?s={search_term_string}"},"query-input":{"@type":"PropertyValueSpecification","valueRequired":true,"valueName":"search_term_string"}}],"inLanguage":"fr-FR"},{"@type":"Person","@id":"https:\/\/theplayoffs.news\/fr\/#\/schema\/person\/eee5b69ad5d3c51cabe881c839dbe133","name":"Charles Taudin","image":{"@type":"ImageObject","inLanguage":"fr-FR","@id":"https:\/\/theplayoffs.news\/fr\/#\/schema\/person\/image\/","url":"https:\/\/secure.gravatar.com\/avatar\/59a1e772205ce9fd255edfcafc93013736822e20261f294c5753b20c41ede9f2?s=96&d=mm&r=g","contentUrl":"https:\/\/secure.gravatar.com\/avatar\/59a1e772205ce9fd255edfcafc93013736822e20261f294c5753b20c41ede9f2?s=96&d=mm&r=g","caption":"Charles Taudin"},"description":"R\u00e9dacteur en chef global de The Playoffs, j\u2019ai cr\u00e9\u00e9 The Free Agent, devenu The Playoffs FR, en 2020 durant la pand\u00e9mie. Amoureux depuis des ann\u00e9es des 4 sports majeurs am\u00e9ricains, j\u2019organise maintenant la strat\u00e9gie \u00e9ditoriale et les r\u00e9seaux sociaux de l\u2019ensemble des versions de The Playoffs. Il m\u2019arrive encore d\u2019\u00e9crire sur certains sports que j\u2019affectionne particuli\u00e8rement comme la NFL ou la MLB. Si vous devez retenir qu\u2019une chose : Eli Manning est le vrai GOAT pour avoir battu deux fois Tom Brady.","sameAs":["https:\/\/www.instagram.com\/ctaudin_\/"],"url":"https:\/\/theplayoffs.news\/fr\/author\/charles-taudin\/"}]}},"_links":{"self":[{"href":"https:\/\/theplayoffs.news\/fr\/wp-json\/wp\/v2\/posts\/874640","targetHints":{"allow":["GET"]}}],"collection":[{"href":"https:\/\/theplayoffs.news\/fr\/wp-json\/wp\/v2\/posts"}],"about":[{"href":"https:\/\/theplayoffs.news\/fr\/wp-json\/wp\/v2\/types\/post"}],"author":[{"embeddable":true,"href":"https:\/\/theplayoffs.news\/fr\/wp-json\/wp\/v2\/users\/13"}],"replies":[{"embeddable":true,"href":"https:\/\/theplayoffs.news\/fr\/wp-json\/wp\/v2\/comments?post=874640"}],"version-history":[{"count":2,"href":"https:\/\/theplayoffs.news\/fr\/wp-json\/wp\/v2\/posts\/874640\/revisions"}],"predecessor-version":[{"id":874765,"href":"https:\/\/theplayoffs.news\/fr\/wp-json\/wp\/v2\/posts\/874640\/revisions\/874765"}],"wp:featuredmedia":[{"embeddable":true,"href":"https:\/\/theplayoffs.news\/fr\/wp-json\/wp\/v2\/media\/874738"}],"wp:attachment":[{"href":"https:\/\/theplayoffs.news\/fr\/wp-json\/wp\/v2\/media?parent=874640"}],"wp:term":[{"taxonomy":"category","embeddable":true,"href":"https:\/\/theplayoffs.news\/fr\/wp-json\/wp\/v2\/categories?post=874640"},{"taxonomy":"post_tag","embeddable":true,"href":"https:\/\/theplayoffs.news\/fr\/wp-json\/wp\/v2\/tags?post=874640"},{"taxonomy":"sport","embeddable":true,"href":"https:\/\/theplayoffs.news\/fr\/wp-json\/wp\/v2\/sport?post=874640"},{"taxonomy":"saison","embeddable":true,"href":"https:\/\/theplayoffs.news\/fr\/wp-json\/wp\/v2\/saison?post=874640"}],"curies":[{"name":"wp","href":"https:\/\/api.w.org\/{rel}","templated":true}]}}