{"id":872562,"date":"2023-09-07T17:23:04","date_gmt":"2023-09-07T15:23:04","guid":{"rendered":"https:\/\/theplayoffs.news\/fr\/?p=872562"},"modified":"2023-09-07T17:23:05","modified_gmt":"2023-09-07T15:23:05","slug":"odell-beckham-jr-heureux-rejouer-football","status":"publish","type":"post","link":"https:\/\/theplayoffs.news\/fr\/actualite-nfl\/odell-beckham-jr-heureux-rejouer-football\/","title":{"rendered":"Odell Beckham Jr heureux de pouvoir rejouer au football"},"content":{"rendered":"<h2>Odell Beckham Jr effectuera ce dimanche ses grands d&eacute;buts avec les Ravens.<\/h2><p>Odell Beckham Jr retournera sur un terrain de football pour la premi&egrave;re fois depuis le Super Bowl LVI o&ugrave; celui-ci s&rsquo;&eacute;tait bless&eacute; avec les Rams. Le vainqueur du Super Bowl ne peut avoir qu&rsquo;h&acirc;te d&rsquo;&ecirc;tre dimanche et de retourner jouer en NFL.<\/p><blockquote><p>&laquo;&nbsp;Cela fait plus de 450 jours et &ccedil;a continue&nbsp;&raquo;, a <a href=\"https:\/\/www.nbcsports.com\/nfl\/profootballtalk\" class=\"trk-cta-link\" data-cta-trk='{\"ctaType\":\"Link\",\"ctaSubType\":\"main\"}'>d&eacute;clar&eacute; Beckham<\/a>. &laquo;&nbsp;Je ne connais pas le nombre exact de jours, mais cela fait longtemps. Cela fait longtemps dans mon esprit, cela fait longtemps dans la r&eacute;alit&eacute;&nbsp;&raquo;.<\/p><\/blockquote><p>Apr&egrave;s avoir pass&eacute; une saison sur la touche avec les Rams, OBJ va d&eacute;sormais prendre un nouveau d&eacute;part avec la franchise des Baltimore Ravens, dans laquelle il jouera un r&ocirc;le de receveur cl&eacute;.<\/p><blockquote><p>&laquo;&nbsp;Je me suis efforc&eacute; de faire comme si je n&rsquo;&eacute;tais pas l&agrave; pendant tout le camp d&rsquo;entra&icirc;nement et de me contenter d&rsquo;&ecirc;tre reconnaissant d&rsquo;&ecirc;tre de retour sur le terrain, mais je suis excit&eacute;&nbsp;&raquo;, a d&eacute;clar&eacute; Odell Beckham Jr. &laquo;&nbsp;Je ne sais pas quelles &eacute;motions vont me traverser. Je sais que je serai excit&eacute; &agrave; l&rsquo;id&eacute;e de rejouer au football. Je suis juste pr&ecirc;t &agrave; y aller. J&rsquo;essaie de prendre les choses au jour le jour et d&rsquo;y aller doucement&nbsp;&raquo;.<\/p><\/blockquote><p>Ce retour &agrave; la comp&eacute;tition va &ecirc;tre &agrave; la fois &eacute;mouvant pour le receveur mais &eacute;galement un d&eacute;fi de taille &agrave; relever vu les objectifs &eacute;lev&eacute;s qu&rsquo;attendent la franchise.<\/p><blockquote><p>&laquo;&nbsp;Mais je peux vous dire que je suis enthousiaste. Je suis heureux d&rsquo;&ecirc;tre de retour sur le terrain. C&rsquo;est vraiment une b&eacute;n&eacute;diction. Dieu m&rsquo;a vraiment donn&eacute; une autre opportunit&eacute; de jouer, le match des Ravens une autre opportunit&eacute; de jouer, et je ne consid&egrave;re pas cela comme acquis.&nbsp;&raquo;<\/p><\/blockquote><p>L&rsquo;enjeu va &ecirc;tre de taille pour Odell Beckham Jr. Il va tenter de vite s&rsquo;acclimater &agrave; nouveau &agrave; la haute intensit&eacute;.<\/p><blockquote><p>&laquo;&nbsp;J&rsquo;ai l&rsquo;impression de tout recommencer &agrave; z&eacute;ro&nbsp;&raquo;, a d&eacute;clar&eacute; Odell Beckham Jr. &laquo;&nbsp;Il y a eu beaucoup de moments de d&eacute;j&agrave;-vu, de petites choses qui se sont produites et qui me rappellent en quelque sorte mon ann&eacute;e de d&eacute;butant&nbsp; juste le sentiment d&rsquo;excitation que j&rsquo;ai &agrave; jouer au football et une nouvelle opportunit&eacute;, une nouvelle vie. Je ne sais pas &agrave; quoi m&rsquo;attendre, mais je suis enthousiaste.&nbsp;&raquo;<\/p><\/blockquote><p>Le receveur des Ravens devra performer au haut niveau sans se blesser afin d&rsquo;&eacute;viter une sortie d&eacute;finitive pour lui. Les <a href=\"https:\/\/theplayoffs.news\/fr\/equipe\/baltimore-ravens-nfl\/\" class=\"trk-cta-link\" data-cta-trk='{\"ctaType\":\"Link\",\"ctaSubType\":\"main\"}'>Ravens<\/a> commenceront leur campagne 2023 avec un match ce dimanche &agrave; 19h face aux Houston Texans.<\/p><p>\n<div id=\"attachment_872595\" style=\"width: 310px\" class=\"wp-caption alignnone\"><img loading=\"lazy\" decoding=\"async\" aria-describedby=\"caption-attachment-872595\" class=\"wp-image-872595 size-medium\" src=\"https:\/\/theplayoffs.news\/fr\/wp-content\/uploads\/2023\/09\/USATSI_21097382-300x200.jpg\" alt=\"Odell Beckham Jr chez les Ravens\" width=\"300\" height=\"200\" srcset=\"https:\/\/theplayoffs.news\/fr\/wp-content\/uploads\/2023\/09\/USATSI_21097382-300x200.jpg 300w, https:\/\/theplayoffs.news\/fr\/wp-content\/uploads\/2023\/09\/USATSI_21097382-1030x687.jpg 1030w, https:\/\/theplayoffs.news\/fr\/wp-content\/uploads\/2023\/09\/USATSI_21097382-768x512.jpg 768w, https:\/\/theplayoffs.news\/fr\/wp-content\/uploads\/2023\/09\/USATSI_21097382-1536x1025.jpg 1536w, https:\/\/theplayoffs.news\/fr\/wp-content\/uploads\/2023\/09\/USATSI_21097382-1500x1001.jpg 1500w, https:\/\/theplayoffs.news\/fr\/wp-content\/uploads\/2023\/09\/USATSI_21097382-705x470.jpg 705w, https:\/\/theplayoffs.news\/fr\/wp-content\/uploads\/2023\/09\/USATSI_21097382-1320x881.jpg 1320w, https:\/\/theplayoffs.news\/fr\/wp-content\/uploads\/2023\/09\/USATSI_21097382.jpg 1920w\" sizes=\"auto, (max-width: 300px) 100vw, 300px\" \/><p id=\"caption-attachment-872595\" class=\"wp-caption-text\">Cr&eacute;dits photos : Brent Skeen &ndash; USA Today<\/p><\/div>\n<\/p>\n","protected":false},"excerpt":{"rendered":"","protected":false},"author":180310178,"featured_media":872594,"comment_status":"open","ping_status":"closed","sticky":false,"template":"","format":"standard","meta":{"inline_featured_image":false,"kia_subtitle":"","_mux_skip_reasons":[],"proofreadBy":0,"footnotes":""},"categories":[118,40],"tags":[868,79,1230],"sport":[2785],"saison":[3453],"class_list":["post-872562","post","type-post","status-publish","format-standard","has-post-thumbnail","hentry","category-actualite-nfl","category-nfl","tag-baltimore-ravens","tag-nfl","tag-odell-beckham-jr","sport-nfl","saison-3453"],"acf":[],"yoast_head":"<!-- This site is optimized with the Yoast SEO plugin v24.2 - https:\/\/yoast.com\/wordpress\/plugins\/seo\/ -->\n<title>Odell Beckham Jr heureux de pouvoir rejouer au football - The Playoffs FR<\/title>\n<meta name=\"robots\" content=\"index, follow, max-snippet:-1, max-image-preview:large, max-video-preview:-1\" \/>\n<link rel=\"canonical\" href=\"https:\/\/theplayoffs.news\/fr\/actualite-nfl\/odell-beckham-jr-heureux-rejouer-football\/\" \/>\n<meta property=\"og:locale\" content=\"fr_FR\" \/>\n<meta property=\"og:type\" content=\"article\" \/>\n<meta property=\"og:title\" content=\"Odell Beckham Jr heureux de pouvoir rejouer au football - The Playoffs FR\" \/>\n<meta property=\"og:url\" content=\"https:\/\/theplayoffs.news\/fr\/actualite-nfl\/odell-beckham-jr-heureux-rejouer-football\/\" \/>\n<meta property=\"og:site_name\" content=\"The Playoffs FR\" \/>\n<meta property=\"article:publisher\" content=\"https:\/\/www.facebook.com\/TheFreeAgentFR\/\" \/>\n<meta property=\"article:modified_time\" content=\"2023-09-07T17:23:05+02:00\" \/>\n<meta property=\"og:image\" content=\"https:\/\/theplayoffs.news\/fr\/wp-content\/uploads\/2023\/09\/USATSI_21097804.jpg\" \/>\n\t<meta property=\"og:image:width\" content=\"1920\" \/>\n\t<meta property=\"og:image:height\" content=\"1280\" \/>\n\t<meta property=\"og:image:type\" content=\"image\/jpeg\" \/>\n<meta name=\"author\" content=\"Arthur Berlemont\" \/>\n<meta name=\"twitter:card\" content=\"summary_large_image\" \/>\n<meta name=\"twitter:creator\" content=\"@TheFreeAgentFR\" \/>\n<meta name=\"twitter:site\" content=\"@TheFreeAgentFR\" \/>\n<meta name=\"twitter:label1\" content=\"\u00c9crit par\" \/>\n\t<meta name=\"twitter:data1\" content=\"Arthur Berlemont\" \/>\n\t<meta name=\"twitter:label2\" content=\"Dur\u00e9e de lecture estim\u00e9e\" \/>\n\t<meta name=\"twitter:data2\" content=\"2 minutes\" \/>\n<script type=\"application\/ld+json\" class=\"yoast-schema-graph\">{\"@context\":\"https:\/\/schema.org\",\"@graph\":[{\"@type\":\"WebPage\",\"@id\":\"https:\/\/theplayoffs.news\/fr\/actualite-nfl\/odell-beckham-jr-heureux-rejouer-football\/\",\"url\":\"https:\/\/theplayoffs.news\/fr\/actualite-nfl\/odell-beckham-jr-heureux-rejouer-football\/\",\"name\":\"Odell Beckham Jr heureux de pouvoir rejouer au football - The Playoffs FR\",\"isPartOf\":{\"@id\":\"https:\/\/theplayoffs.news\/fr\/#website\"},\"primaryImageOfPage\":{\"@id\":\"https:\/\/theplayoffs.news\/fr\/actualite-nfl\/odell-beckham-jr-heureux-rejouer-football\/#primaryimage\"},\"image\":{\"@id\":\"https:\/\/theplayoffs.news\/fr\/actualite-nfl\/odell-beckham-jr-heureux-rejouer-football\/#primaryimage\"},\"thumbnailUrl\":\"https:\/\/theplayoffs.news\/fr\/wp-content\/uploads\/2023\/09\/USATSI_21097804.jpg\",\"datePublished\":\"2023-09-07T15:23:04+00:00\",\"dateModified\":\"2023-09-07T15:23:05+00:00\",\"author\":{\"@id\":\"https:\/\/theplayoffs.news\/fr\/#\/schema\/person\/b6b04a451dab03a5ab75cec8912e8942\"},\"breadcrumb\":{\"@id\":\"https:\/\/theplayoffs.news\/fr\/actualite-nfl\/odell-beckham-jr-heureux-rejouer-football\/#breadcrumb\"},\"inLanguage\":\"fr-FR\",\"potentialAction\":[{\"@type\":\"ReadAction\",\"target\":[\"https:\/\/theplayoffs.news\/fr\/actualite-nfl\/odell-beckham-jr-heureux-rejouer-football\/\"]}]},{\"@type\":\"ImageObject\",\"inLanguage\":\"fr-FR\",\"@id\":\"https:\/\/theplayoffs.news\/fr\/actualite-nfl\/odell-beckham-jr-heureux-rejouer-football\/#primaryimage\",\"url\":\"https:\/\/theplayoffs.news\/fr\/wp-content\/uploads\/2023\/09\/USATSI_21097804.jpg\",\"contentUrl\":\"https:\/\/theplayoffs.news\/fr\/wp-content\/uploads\/2023\/09\/USATSI_21097804.jpg\",\"width\":1920,\"height\":1280,\"caption\":\"Jul 27, 2023; Owings Mills, MD, USA; Baltimore Ravens wide receiver Odell Beckham Jr. (3) walks after signing autographs following training camp practice at Under Armour Performance Center. Mandatory Credit: Brent Skeen-USA TODAY Sports\"},{\"@type\":\"BreadcrumbList\",\"@id\":\"https:\/\/theplayoffs.news\/fr\/actualite-nfl\/odell-beckham-jr-heureux-rejouer-football\/#breadcrumb\",\"itemListElement\":[{\"@type\":\"ListItem\",\"position\":1,\"name\":\"Accueil\",\"item\":\"https:\/\/theplayoffs.news\/fr\/\"},{\"@type\":\"ListItem\",\"position\":2,\"name\":\"Odell Beckham Jr heureux de pouvoir rejouer au football\"}]},{\"@type\":\"WebSite\",\"@id\":\"https:\/\/theplayoffs.news\/fr\/#website\",\"url\":\"https:\/\/theplayoffs.news\/fr\/\",\"name\":\"The Playoffs FR\",\"description\":\"NBA-NFL-NHL-MLB\",\"potentialAction\":[{\"@type\":\"SearchAction\",\"target\":{\"@type\":\"EntryPoint\",\"urlTemplate\":\"https:\/\/theplayoffs.news\/fr\/?s={search_term_string}\"},\"query-input\":{\"@type\":\"PropertyValueSpecification\",\"valueRequired\":true,\"valueName\":\"search_term_string\"}}],\"inLanguage\":\"fr-FR\"},{\"@type\":\"Person\",\"@id\":\"https:\/\/theplayoffs.news\/fr\/#\/schema\/person\/b6b04a451dab03a5ab75cec8912e8942\",\"name\":\"Arthur Berlemont\",\"image\":{\"@type\":\"ImageObject\",\"inLanguage\":\"fr-FR\",\"@id\":\"https:\/\/theplayoffs.news\/fr\/#\/schema\/person\/image\/\",\"url\":\"https:\/\/secure.gravatar.com\/avatar\/19ddab1d62ab0a19b186b86cee130432b120dd6f085625a6a6757dd1aa90a5f3?s=96&d=mm&r=g\",\"contentUrl\":\"https:\/\/secure.gravatar.com\/avatar\/19ddab1d62ab0a19b186b86cee130432b120dd6f085625a6a6757dd1aa90a5f3?s=96&d=mm&r=g\",\"caption\":\"Arthur Berlemont\"},\"description\":\"Etudiant passionn\u00e9 de sport, avant tout m\u00e9caniques, j\\\\'ai d\u00e9couvert les sports US il y a quelques ann\u00e9es. J\\\\'ai tout de suite accroch\u00e9 pour la ville de Cincinnati et ses franchises de NFL et MLB. Aujourd\\\\'hui, je suis l\u00e0 par passion dans la r\u00e9daction d\\\\'articles sur divers sports que j\\\\'affectionne.\",\"url\":\"https:\/\/theplayoffs.news\/fr\/author\/arthur-berlemontgmail-com\/\"}]}<\/script>\n<!-- \/ Yoast SEO plugin. -->","yoast_head_json":{"title":"Odell Beckham Jr heureux de pouvoir rejouer au football - The Playoffs FR","robots":{"index":"index","follow":"follow","max-snippet":"max-snippet:-1","max-image-preview":"max-image-preview:large","max-video-preview":"max-video-preview:-1"},"canonical":"https:\/\/theplayoffs.news\/fr\/actualite-nfl\/odell-beckham-jr-heureux-rejouer-football\/","og_locale":"fr_FR","og_type":"article","og_title":"Odell Beckham Jr heureux de pouvoir rejouer au football - The Playoffs FR","og_url":"https:\/\/theplayoffs.news\/fr\/actualite-nfl\/odell-beckham-jr-heureux-rejouer-football\/","og_site_name":"The Playoffs FR","article_publisher":"https:\/\/www.facebook.com\/TheFreeAgentFR\/","article_modified_time":"2023-09-07T15:23:05+00:00","og_image":[{"width":1920,"height":1280,"url":"https:\/\/theplayoffs.news\/fr\/wp-content\/uploads\/2023\/09\/USATSI_21097804.jpg","type":"image\/jpeg"}],"author":"Arthur Berlemont","twitter_card":"summary_large_image","twitter_creator":"@TheFreeAgentFR","twitter_site":"@TheFreeAgentFR","twitter_misc":{"\u00c9crit par":"Arthur Berlemont","Dur\u00e9e de lecture estim\u00e9e":"2 minutes"},"schema":{"@context":"https:\/\/schema.org","@graph":[{"@type":"WebPage","@id":"https:\/\/theplayoffs.news\/fr\/actualite-nfl\/odell-beckham-jr-heureux-rejouer-football\/","url":"https:\/\/theplayoffs.news\/fr\/actualite-nfl\/odell-beckham-jr-heureux-rejouer-football\/","name":"Odell Beckham Jr heureux de pouvoir rejouer au football - The Playoffs FR","isPartOf":{"@id":"https:\/\/theplayoffs.news\/fr\/#website"},"primaryImageOfPage":{"@id":"https:\/\/theplayoffs.news\/fr\/actualite-nfl\/odell-beckham-jr-heureux-rejouer-football\/#primaryimage"},"image":{"@id":"https:\/\/theplayoffs.news\/fr\/actualite-nfl\/odell-beckham-jr-heureux-rejouer-football\/#primaryimage"},"thumbnailUrl":"https:\/\/theplayoffs.news\/fr\/wp-content\/uploads\/2023\/09\/USATSI_21097804.jpg","datePublished":"2023-09-07T15:23:04+00:00","dateModified":"2023-09-07T15:23:05+00:00","author":{"@id":"https:\/\/theplayoffs.news\/fr\/#\/schema\/person\/b6b04a451dab03a5ab75cec8912e8942"},"breadcrumb":{"@id":"https:\/\/theplayoffs.news\/fr\/actualite-nfl\/odell-beckham-jr-heureux-rejouer-football\/#breadcrumb"},"inLanguage":"fr-FR","potentialAction":[{"@type":"ReadAction","target":["https:\/\/theplayoffs.news\/fr\/actualite-nfl\/odell-beckham-jr-heureux-rejouer-football\/"]}]},{"@type":"ImageObject","inLanguage":"fr-FR","@id":"https:\/\/theplayoffs.news\/fr\/actualite-nfl\/odell-beckham-jr-heureux-rejouer-football\/#primaryimage","url":"https:\/\/theplayoffs.news\/fr\/wp-content\/uploads\/2023\/09\/USATSI_21097804.jpg","contentUrl":"https:\/\/theplayoffs.news\/fr\/wp-content\/uploads\/2023\/09\/USATSI_21097804.jpg","width":1920,"height":1280,"caption":"Jul 27, 2023; Owings Mills, MD, USA; Baltimore Ravens wide receiver Odell Beckham Jr. (3) walks after signing autographs following training camp practice at Under Armour Performance Center. Mandatory Credit: Brent Skeen-USA TODAY Sports"},{"@type":"BreadcrumbList","@id":"https:\/\/theplayoffs.news\/fr\/actualite-nfl\/odell-beckham-jr-heureux-rejouer-football\/#breadcrumb","itemListElement":[{"@type":"ListItem","position":1,"name":"Accueil","item":"https:\/\/theplayoffs.news\/fr\/"},{"@type":"ListItem","position":2,"name":"Odell Beckham Jr heureux de pouvoir rejouer au football"}]},{"@type":"WebSite","@id":"https:\/\/theplayoffs.news\/fr\/#website","url":"https:\/\/theplayoffs.news\/fr\/","name":"The Playoffs FR","description":"NBA-NFL-NHL-MLB","potentialAction":[{"@type":"SearchAction","target":{"@type":"EntryPoint","urlTemplate":"https:\/\/theplayoffs.news\/fr\/?s={search_term_string}"},"query-input":{"@type":"PropertyValueSpecification","valueRequired":true,"valueName":"search_term_string"}}],"inLanguage":"fr-FR"},{"@type":"Person","@id":"https:\/\/theplayoffs.news\/fr\/#\/schema\/person\/b6b04a451dab03a5ab75cec8912e8942","name":"Arthur Berlemont","image":{"@type":"ImageObject","inLanguage":"fr-FR","@id":"https:\/\/theplayoffs.news\/fr\/#\/schema\/person\/image\/","url":"https:\/\/secure.gravatar.com\/avatar\/19ddab1d62ab0a19b186b86cee130432b120dd6f085625a6a6757dd1aa90a5f3?s=96&d=mm&r=g","contentUrl":"https:\/\/secure.gravatar.com\/avatar\/19ddab1d62ab0a19b186b86cee130432b120dd6f085625a6a6757dd1aa90a5f3?s=96&d=mm&r=g","caption":"Arthur Berlemont"},"description":"Etudiant passionn\u00e9 de sport, avant tout m\u00e9caniques, j\\'ai d\u00e9couvert les sports US il y a quelques ann\u00e9es. J\\'ai tout de suite accroch\u00e9 pour la ville de Cincinnati et ses franchises de NFL et MLB. Aujourd\\'hui, je suis l\u00e0 par passion dans la r\u00e9daction d\\'articles sur divers sports que j\\'affectionne.","url":"https:\/\/theplayoffs.news\/fr\/author\/arthur-berlemontgmail-com\/"}]}},"_links":{"self":[{"href":"https:\/\/theplayoffs.news\/fr\/wp-json\/wp\/v2\/posts\/872562","targetHints":{"allow":["GET"]}}],"collection":[{"href":"https:\/\/theplayoffs.news\/fr\/wp-json\/wp\/v2\/posts"}],"about":[{"href":"https:\/\/theplayoffs.news\/fr\/wp-json\/wp\/v2\/types\/post"}],"author":[{"embeddable":true,"href":"https:\/\/theplayoffs.news\/fr\/wp-json\/wp\/v2\/users\/180310178"}],"replies":[{"embeddable":true,"href":"https:\/\/theplayoffs.news\/fr\/wp-json\/wp\/v2\/comments?post=872562"}],"version-history":[{"count":3,"href":"https:\/\/theplayoffs.news\/fr\/wp-json\/wp\/v2\/posts\/872562\/revisions"}],"predecessor-version":[{"id":872599,"href":"https:\/\/theplayoffs.news\/fr\/wp-json\/wp\/v2\/posts\/872562\/revisions\/872599"}],"wp:featuredmedia":[{"embeddable":true,"href":"https:\/\/theplayoffs.news\/fr\/wp-json\/wp\/v2\/media\/872594"}],"wp:attachment":[{"href":"https:\/\/theplayoffs.news\/fr\/wp-json\/wp\/v2\/media?parent=872562"}],"wp:term":[{"taxonomy":"category","embeddable":true,"href":"https:\/\/theplayoffs.news\/fr\/wp-json\/wp\/v2\/categories?post=872562"},{"taxonomy":"post_tag","embeddable":true,"href":"https:\/\/theplayoffs.news\/fr\/wp-json\/wp\/v2\/tags?post=872562"},{"taxonomy":"sport","embeddable":true,"href":"https:\/\/theplayoffs.news\/fr\/wp-json\/wp\/v2\/sport?post=872562"},{"taxonomy":"saison","embeddable":true,"href":"https:\/\/theplayoffs.news\/fr\/wp-json\/wp\/v2\/saison?post=872562"}],"curies":[{"name":"wp","href":"https:\/\/api.w.org\/{rel}","templated":true}]}}