{"id":866649,"date":"2023-09-05T18:27:06","date_gmt":"2023-09-05T16:27:06","guid":{"rendered":"https:\/\/theplayoffs.news\/fr\/?p=866649"},"modified":"2023-09-05T18:27:08","modified_gmt":"2023-09-05T16:27:08","slug":"robin-fraser-nest-plus-lentraineur-du-colorado-rapids","status":"publish","type":"post","link":"https:\/\/theplayoffs.news\/fr\/actualites-mls\/robin-fraser-nest-plus-lentraineur-du-colorado-rapids\/","title":{"rendered":"Robin Fraser n&rsquo;est plus l&rsquo;entra\u00eeneur du Colorado Rapids"},"content":{"rendered":"<h2>En bas de classement avec seulement 19 points en 26 matchs, le Colorado Rapids a d&eacute;cid&eacute; de limog&eacute; son entra&icirc;neur Robin Fraser.<\/h2><p>Avec une seule victoire en 14 matchs et 9 matchs sur les 10 derniers o&ugrave; ils n&rsquo;ont pas trouv&eacute; le chemin des filet, les Rapids tente un &eacute;lectrochoc pour cette fin de saison et pr&eacute;parer 2024.<\/p><blockquote class=\"twitter-tweet\" data-width=\"500\" data-dnt=\"true\">\n<p lang=\"en\" dir=\"ltr\">OFFICIAL: The club has parted ways with Head Coach Robin Fraser<\/p>\n<p>&#128240; &raquo; <a href=\"https:\/\/t.co\/E8JMB14yLy\" class=\"trk-cta-link\" data-cta-trk='{\"ctaType\":\"Link\",\"ctaSubType\":\"main\"}'>https:\/\/t.co\/E8JMB14yLy<\/a> <a href=\"https:\/\/t.co\/5rOlGIL73o\" class=\"trk-cta-link\" data-cta-trk='{\"ctaType\":\"Link\",\"ctaSubType\":\"main\"}'>pic.twitter.com\/5rOlGIL73o<\/a><\/p>\n<p>&mdash; Colorado Rapids (@ColoradoRapids) <a href=\"https:\/\/twitter.com\/ColoradoRapids\/status\/1699079055503675610?ref_src=twsrc%5Etfw\" class=\"trk-cta-link\" data-cta-trk='{\"ctaType\":\"Link\",\"ctaSubType\":\"main\"}'>September 5, 2023<\/a><\/p><\/blockquote><p><script async src=\"https:\/\/platform.twitter.com\/widgets.js\" charset=\"utf-8\"><\/script><\/p><blockquote><p>&laquo;&nbsp;Nous sommes incroyablement reconnaissants envers Robin pour son engagement envers le club et pour ce qu&rsquo;il a accompli pendant son mandat ici en tant qu&rsquo;entra&icirc;neur en chef&nbsp;&raquo;, a d&eacute;clar&eacute; le pr&eacute;sident des Rapids, P&aacute;draig Smith, dans un communiqu&eacute; du club. &laquo;&nbsp;C&rsquo;&eacute;tait une d&eacute;cision difficile, mais nous l&rsquo;avons jug&eacute;e n&eacute;cessaire pour positionner le club au mieux pour revenir aux s&eacute;ries &eacute;liminatoires et finalement concourir pour les troph&eacute;es. Nous remercions Robin pour ses quatre ann&eacute;es de travail d&eacute;vou&eacute; et nous ne lui souhaitons que le meilleur pour l&rsquo;avenir.&nbsp;&raquo;<\/p><\/blockquote><p>La chute a &eacute;t&eacute; brutale pour Robin Fraser puisqu&rsquo;en 2021, i avait termin&eacute; deuxi&egrave;me pour le titre d&rsquo;entra&icirc;neur de l&rsquo;ann&eacute;e et avait conduit Colorado &agrave; la t&ecirc;te de la conf&eacute;rence Ouest cette m&ecirc;me ann&eacute;e.<\/p><p>Il avait eu un impact imm&eacute;diat sur les r&eacute;sultats de la franchise avec des participations succ&eacute;ssives en playoffs en 2020 et 2021.<\/p><p>&nbsp;<\/p><p><em>Credit: Ron Chenoy-USA TODAY Sports<\/em><\/p>\n","protected":false},"excerpt":{"rendered":"","protected":false},"author":13,"featured_media":866651,"comment_status":"open","ping_status":"closed","sticky":false,"template":"","format":"standard","meta":{"inline_featured_image":false,"kia_subtitle":"","_mux_skip_reasons":[],"proofreadBy":0,"footnotes":""},"categories":[672,658],"tags":[2906,6414],"sport":[],"saison":[],"class_list":["post-866649","post","type-post","status-publish","format-standard","has-post-thumbnail","hentry","category-actualites-mls","category-mls","tag-colorado-rapids","tag-robin-fraser"],"acf":[],"yoast_head":"<!-- This site is optimized with the Yoast SEO plugin v24.2 - https:\/\/yoast.com\/wordpress\/plugins\/seo\/ -->\n<title>Robin Fraser n&#039;est plus l&#039;entra&icirc;neur du Colorado Rapids - The Playoffs FR<\/title>\n<meta name=\"robots\" content=\"index, follow, max-snippet:-1, max-image-preview:large, max-video-preview:-1\" \/>\n<link rel=\"canonical\" href=\"https:\/\/theplayoffs.news\/fr\/actualites-mls\/robin-fraser-nest-plus-lentraineur-du-colorado-rapids\/\" \/>\n<meta property=\"og:locale\" content=\"fr_FR\" \/>\n<meta property=\"og:type\" content=\"article\" \/>\n<meta property=\"og:title\" content=\"Robin Fraser n&#039;est plus l&#039;entra&icirc;neur du Colorado Rapids - The Playoffs FR\" \/>\n<meta property=\"og:url\" content=\"https:\/\/theplayoffs.news\/fr\/actualites-mls\/robin-fraser-nest-plus-lentraineur-du-colorado-rapids\/\" \/>\n<meta property=\"og:site_name\" content=\"The Playoffs FR\" \/>\n<meta property=\"article:publisher\" content=\"https:\/\/www.facebook.com\/TheFreeAgentFR\/\" \/>\n<meta property=\"article:modified_time\" content=\"2023-09-05T18:27:08+02:00\" \/>\n<meta property=\"og:image\" content=\"https:\/\/theplayoffs.news\/fr\/wp-content\/uploads\/2023\/09\/USATSI_21042659.jpg\" \/>\n\t<meta property=\"og:image:width\" content=\"1920\" \/>\n\t<meta property=\"og:image:height\" content=\"1280\" \/>\n\t<meta property=\"og:image:type\" content=\"image\/jpeg\" \/>\n<meta name=\"author\" content=\"Charles Taudin\" \/>\n<meta name=\"twitter:card\" content=\"summary_large_image\" \/>\n<meta name=\"twitter:creator\" content=\"@TheFreeAgentFR\" \/>\n<meta name=\"twitter:site\" content=\"@TheFreeAgentFR\" \/>\n<meta name=\"twitter:label1\" content=\"\u00c9crit par\" \/>\n\t<meta name=\"twitter:data1\" content=\"Charles Taudin\" \/>\n\t<meta name=\"twitter:label2\" content=\"Dur\u00e9e de lecture estim\u00e9e\" \/>\n\t<meta name=\"twitter:data2\" content=\"1 minute\" \/>\n<script type=\"application\/ld+json\" class=\"yoast-schema-graph\">{\"@context\":\"https:\/\/schema.org\",\"@graph\":[{\"@type\":\"WebPage\",\"@id\":\"https:\/\/theplayoffs.news\/fr\/actualites-mls\/robin-fraser-nest-plus-lentraineur-du-colorado-rapids\/\",\"url\":\"https:\/\/theplayoffs.news\/fr\/actualites-mls\/robin-fraser-nest-plus-lentraineur-du-colorado-rapids\/\",\"name\":\"Robin Fraser n\\\\'est plus l\\\\'entra\u00eeneur du Colorado Rapids - The Playoffs FR\",\"isPartOf\":{\"@id\":\"https:\/\/theplayoffs.news\/fr\/#website\"},\"primaryImageOfPage\":{\"@id\":\"https:\/\/theplayoffs.news\/fr\/actualites-mls\/robin-fraser-nest-plus-lentraineur-du-colorado-rapids\/#primaryimage\"},\"image\":{\"@id\":\"https:\/\/theplayoffs.news\/fr\/actualites-mls\/robin-fraser-nest-plus-lentraineur-du-colorado-rapids\/#primaryimage\"},\"thumbnailUrl\":\"https:\/\/theplayoffs.news\/fr\/wp-content\/uploads\/2023\/09\/USATSI_21042659.jpg\",\"datePublished\":\"2023-09-05T16:27:06+00:00\",\"dateModified\":\"2023-09-05T16:27:08+00:00\",\"author\":{\"@id\":\"https:\/\/theplayoffs.news\/fr\/#\/schema\/person\/eee5b69ad5d3c51cabe881c839dbe133\"},\"breadcrumb\":{\"@id\":\"https:\/\/theplayoffs.news\/fr\/actualites-mls\/robin-fraser-nest-plus-lentraineur-du-colorado-rapids\/#breadcrumb\"},\"inLanguage\":\"fr-FR\",\"potentialAction\":[{\"@type\":\"ReadAction\",\"target\":[\"https:\/\/theplayoffs.news\/fr\/actualites-mls\/robin-fraser-nest-plus-lentraineur-du-colorado-rapids\/\"]}]},{\"@type\":\"ImageObject\",\"inLanguage\":\"fr-FR\",\"@id\":\"https:\/\/theplayoffs.news\/fr\/actualites-mls\/robin-fraser-nest-plus-lentraineur-du-colorado-rapids\/#primaryimage\",\"url\":\"https:\/\/theplayoffs.news\/fr\/wp-content\/uploads\/2023\/09\/USATSI_21042659.jpg\",\"contentUrl\":\"https:\/\/theplayoffs.news\/fr\/wp-content\/uploads\/2023\/09\/USATSI_21042659.jpg\",\"width\":1920,\"height\":1280,\"caption\":\"Jul 15, 2023; Commerce City, Colorado, USA; Colorado Rapids head coach Robin Fraser reacts during the first half against the Houston Dynamo FC at Dick\\\\'s Sporting Goods Park. Mandatory Credit: Ron Chenoy-USA TODAY Sports\"},{\"@type\":\"BreadcrumbList\",\"@id\":\"https:\/\/theplayoffs.news\/fr\/actualites-mls\/robin-fraser-nest-plus-lentraineur-du-colorado-rapids\/#breadcrumb\",\"itemListElement\":[{\"@type\":\"ListItem\",\"position\":1,\"name\":\"Accueil\",\"item\":\"https:\/\/theplayoffs.news\/fr\/\"},{\"@type\":\"ListItem\",\"position\":2,\"name\":\"Robin Fraser n&rsquo;est plus l&rsquo;entra\u00eeneur du Colorado Rapids\"}]},{\"@type\":\"WebSite\",\"@id\":\"https:\/\/theplayoffs.news\/fr\/#website\",\"url\":\"https:\/\/theplayoffs.news\/fr\/\",\"name\":\"The Playoffs FR\",\"description\":\"NBA-NFL-NHL-MLB\",\"potentialAction\":[{\"@type\":\"SearchAction\",\"target\":{\"@type\":\"EntryPoint\",\"urlTemplate\":\"https:\/\/theplayoffs.news\/fr\/?s={search_term_string}\"},\"query-input\":{\"@type\":\"PropertyValueSpecification\",\"valueRequired\":true,\"valueName\":\"search_term_string\"}}],\"inLanguage\":\"fr-FR\"},{\"@type\":\"Person\",\"@id\":\"https:\/\/theplayoffs.news\/fr\/#\/schema\/person\/eee5b69ad5d3c51cabe881c839dbe133\",\"name\":\"Charles Taudin\",\"image\":{\"@type\":\"ImageObject\",\"inLanguage\":\"fr-FR\",\"@id\":\"https:\/\/theplayoffs.news\/fr\/#\/schema\/person\/image\/\",\"url\":\"https:\/\/secure.gravatar.com\/avatar\/59a1e772205ce9fd255edfcafc93013736822e20261f294c5753b20c41ede9f2?s=96&d=mm&r=g\",\"contentUrl\":\"https:\/\/secure.gravatar.com\/avatar\/59a1e772205ce9fd255edfcafc93013736822e20261f294c5753b20c41ede9f2?s=96&d=mm&r=g\",\"caption\":\"Charles Taudin\"},\"description\":\"R\u00e9dacteur en chef global de The Playoffs, j\u2019ai cr\u00e9\u00e9 The Free Agent, devenu The Playoffs FR, en 2020 durant la pand\u00e9mie. Amoureux depuis des ann\u00e9es des 4 sports majeurs am\u00e9ricains, j\u2019organise maintenant la strat\u00e9gie \u00e9ditoriale et les r\u00e9seaux sociaux de l\u2019ensemble des versions de The Playoffs. Il m\u2019arrive encore d\u2019\u00e9crire sur certains sports que j\u2019affectionne particuli\u00e8rement comme la NFL ou la MLB. Si vous devez retenir qu\u2019une chose : Eli Manning est le vrai GOAT pour avoir battu deux fois Tom Brady.\",\"sameAs\":[\"https:\/\/www.instagram.com\/ctaudin_\/\"],\"url\":\"https:\/\/theplayoffs.news\/fr\/author\/charles-taudin\/\"}]}<\/script>\n<!-- \/ Yoast SEO plugin. -->","yoast_head_json":{"title":"Robin Fraser n&#039;est plus l&#039;entra&icirc;neur du Colorado Rapids - The Playoffs FR","robots":{"index":"index","follow":"follow","max-snippet":"max-snippet:-1","max-image-preview":"max-image-preview:large","max-video-preview":"max-video-preview:-1"},"canonical":"https:\/\/theplayoffs.news\/fr\/actualites-mls\/robin-fraser-nest-plus-lentraineur-du-colorado-rapids\/","og_locale":"fr_FR","og_type":"article","og_title":"Robin Fraser n&#039;est plus l&#039;entra&icirc;neur du Colorado Rapids - The Playoffs FR","og_url":"https:\/\/theplayoffs.news\/fr\/actualites-mls\/robin-fraser-nest-plus-lentraineur-du-colorado-rapids\/","og_site_name":"The Playoffs FR","article_publisher":"https:\/\/www.facebook.com\/TheFreeAgentFR\/","article_modified_time":"2023-09-05T16:27:08+00:00","og_image":[{"width":1920,"height":1280,"url":"https:\/\/theplayoffs.news\/fr\/wp-content\/uploads\/2023\/09\/USATSI_21042659.jpg","type":"image\/jpeg"}],"author":"Charles Taudin","twitter_card":"summary_large_image","twitter_creator":"@TheFreeAgentFR","twitter_site":"@TheFreeAgentFR","twitter_misc":{"\u00c9crit par":"Charles Taudin","Dur\u00e9e de lecture estim\u00e9e":"1 minute"},"schema":{"@context":"https:\/\/schema.org","@graph":[{"@type":"WebPage","@id":"https:\/\/theplayoffs.news\/fr\/actualites-mls\/robin-fraser-nest-plus-lentraineur-du-colorado-rapids\/","url":"https:\/\/theplayoffs.news\/fr\/actualites-mls\/robin-fraser-nest-plus-lentraineur-du-colorado-rapids\/","name":"Robin Fraser n\\'est plus l\\'entra\u00eeneur du Colorado Rapids - The Playoffs FR","isPartOf":{"@id":"https:\/\/theplayoffs.news\/fr\/#website"},"primaryImageOfPage":{"@id":"https:\/\/theplayoffs.news\/fr\/actualites-mls\/robin-fraser-nest-plus-lentraineur-du-colorado-rapids\/#primaryimage"},"image":{"@id":"https:\/\/theplayoffs.news\/fr\/actualites-mls\/robin-fraser-nest-plus-lentraineur-du-colorado-rapids\/#primaryimage"},"thumbnailUrl":"https:\/\/theplayoffs.news\/fr\/wp-content\/uploads\/2023\/09\/USATSI_21042659.jpg","datePublished":"2023-09-05T16:27:06+00:00","dateModified":"2023-09-05T16:27:08+00:00","author":{"@id":"https:\/\/theplayoffs.news\/fr\/#\/schema\/person\/eee5b69ad5d3c51cabe881c839dbe133"},"breadcrumb":{"@id":"https:\/\/theplayoffs.news\/fr\/actualites-mls\/robin-fraser-nest-plus-lentraineur-du-colorado-rapids\/#breadcrumb"},"inLanguage":"fr-FR","potentialAction":[{"@type":"ReadAction","target":["https:\/\/theplayoffs.news\/fr\/actualites-mls\/robin-fraser-nest-plus-lentraineur-du-colorado-rapids\/"]}]},{"@type":"ImageObject","inLanguage":"fr-FR","@id":"https:\/\/theplayoffs.news\/fr\/actualites-mls\/robin-fraser-nest-plus-lentraineur-du-colorado-rapids\/#primaryimage","url":"https:\/\/theplayoffs.news\/fr\/wp-content\/uploads\/2023\/09\/USATSI_21042659.jpg","contentUrl":"https:\/\/theplayoffs.news\/fr\/wp-content\/uploads\/2023\/09\/USATSI_21042659.jpg","width":1920,"height":1280,"caption":"Jul 15, 2023; Commerce City, Colorado, USA; Colorado Rapids head coach Robin Fraser reacts during the first half against the Houston Dynamo FC at Dick\\'s Sporting Goods Park. Mandatory Credit: Ron Chenoy-USA TODAY Sports"},{"@type":"BreadcrumbList","@id":"https:\/\/theplayoffs.news\/fr\/actualites-mls\/robin-fraser-nest-plus-lentraineur-du-colorado-rapids\/#breadcrumb","itemListElement":[{"@type":"ListItem","position":1,"name":"Accueil","item":"https:\/\/theplayoffs.news\/fr\/"},{"@type":"ListItem","position":2,"name":"Robin Fraser n&rsquo;est plus l&rsquo;entra\u00eeneur du Colorado Rapids"}]},{"@type":"WebSite","@id":"https:\/\/theplayoffs.news\/fr\/#website","url":"https:\/\/theplayoffs.news\/fr\/","name":"The Playoffs FR","description":"NBA-NFL-NHL-MLB","potentialAction":[{"@type":"SearchAction","target":{"@type":"EntryPoint","urlTemplate":"https:\/\/theplayoffs.news\/fr\/?s={search_term_string}"},"query-input":{"@type":"PropertyValueSpecification","valueRequired":true,"valueName":"search_term_string"}}],"inLanguage":"fr-FR"},{"@type":"Person","@id":"https:\/\/theplayoffs.news\/fr\/#\/schema\/person\/eee5b69ad5d3c51cabe881c839dbe133","name":"Charles Taudin","image":{"@type":"ImageObject","inLanguage":"fr-FR","@id":"https:\/\/theplayoffs.news\/fr\/#\/schema\/person\/image\/","url":"https:\/\/secure.gravatar.com\/avatar\/59a1e772205ce9fd255edfcafc93013736822e20261f294c5753b20c41ede9f2?s=96&d=mm&r=g","contentUrl":"https:\/\/secure.gravatar.com\/avatar\/59a1e772205ce9fd255edfcafc93013736822e20261f294c5753b20c41ede9f2?s=96&d=mm&r=g","caption":"Charles Taudin"},"description":"R\u00e9dacteur en chef global de The Playoffs, j\u2019ai cr\u00e9\u00e9 The Free Agent, devenu The Playoffs FR, en 2020 durant la pand\u00e9mie. Amoureux depuis des ann\u00e9es des 4 sports majeurs am\u00e9ricains, j\u2019organise maintenant la strat\u00e9gie \u00e9ditoriale et les r\u00e9seaux sociaux de l\u2019ensemble des versions de The Playoffs. Il m\u2019arrive encore d\u2019\u00e9crire sur certains sports que j\u2019affectionne particuli\u00e8rement comme la NFL ou la MLB. Si vous devez retenir qu\u2019une chose : Eli Manning est le vrai GOAT pour avoir battu deux fois Tom Brady.","sameAs":["https:\/\/www.instagram.com\/ctaudin_\/"],"url":"https:\/\/theplayoffs.news\/fr\/author\/charles-taudin\/"}]}},"_links":{"self":[{"href":"https:\/\/theplayoffs.news\/fr\/wp-json\/wp\/v2\/posts\/866649","targetHints":{"allow":["GET"]}}],"collection":[{"href":"https:\/\/theplayoffs.news\/fr\/wp-json\/wp\/v2\/posts"}],"about":[{"href":"https:\/\/theplayoffs.news\/fr\/wp-json\/wp\/v2\/types\/post"}],"author":[{"embeddable":true,"href":"https:\/\/theplayoffs.news\/fr\/wp-json\/wp\/v2\/users\/13"}],"replies":[{"embeddable":true,"href":"https:\/\/theplayoffs.news\/fr\/wp-json\/wp\/v2\/comments?post=866649"}],"version-history":[{"count":2,"href":"https:\/\/theplayoffs.news\/fr\/wp-json\/wp\/v2\/posts\/866649\/revisions"}],"predecessor-version":[{"id":866653,"href":"https:\/\/theplayoffs.news\/fr\/wp-json\/wp\/v2\/posts\/866649\/revisions\/866653"}],"wp:featuredmedia":[{"embeddable":true,"href":"https:\/\/theplayoffs.news\/fr\/wp-json\/wp\/v2\/media\/866651"}],"wp:attachment":[{"href":"https:\/\/theplayoffs.news\/fr\/wp-json\/wp\/v2\/media?parent=866649"}],"wp:term":[{"taxonomy":"category","embeddable":true,"href":"https:\/\/theplayoffs.news\/fr\/wp-json\/wp\/v2\/categories?post=866649"},{"taxonomy":"post_tag","embeddable":true,"href":"https:\/\/theplayoffs.news\/fr\/wp-json\/wp\/v2\/tags?post=866649"},{"taxonomy":"sport","embeddable":true,"href":"https:\/\/theplayoffs.news\/fr\/wp-json\/wp\/v2\/sport?post=866649"},{"taxonomy":"saison","embeddable":true,"href":"https:\/\/theplayoffs.news\/fr\/wp-json\/wp\/v2\/saison?post=866649"}],"curies":[{"name":"wp","href":"https:\/\/api.w.org\/{rel}","templated":true}]}}