{"id":865145,"date":"2023-09-05T11:06:15","date_gmt":"2023-09-05T09:06:15","guid":{"rendered":"https:\/\/theplayoffs.news\/fr\/?p=865145"},"modified":"2023-09-05T11:06:17","modified_gmt":"2023-09-05T09:06:17","slug":"faut-il-echanger-juan-soto-cet-hiver","status":"publish","type":"post","link":"https:\/\/theplayoffs.news\/fr\/actualite-mlb\/faut-il-echanger-juan-soto-cet-hiver\/","title":{"rendered":"Faut-il \u00e9changer Juan Soto cet hiver pour San Diego ?"},"content":{"rendered":"<h2>La saison 2023 des Padres prend la forme d&rsquo;une r&eacute;elle d&eacute;ception apr&egrave;s avoir &eacute;t&eacute; jusqu&rsquo;en NLCS l&rsquo;an dernier.<\/h2><p>Bien s&ucirc;r, tant que le dernier match n&rsquo;a pas &eacute;t&eacute; jou&eacute;, rien n&rsquo;est termin&eacute;. Mais leur bilan actuel 65-74 et les 6.5 matchs de retard pour une derni&egrave;re place en Wild Card n&rsquo;indique rien de bon m&ecirc;me apr&egrave;s 3 victoires de rang.<\/p><p>La franchise, 3&egrave; plus grosse masse salariale de la MLB cette ann&eacute;e, voit une inter-saison pleine de d&eacute;fis et de d&eacute;cisions importante &agrave; prendre &agrave; plusieurs niveau. Blake Snell, l&rsquo;as des Padres, a &eacute;voqu&eacute; sa volont&eacute; de rester au sein de la franchise apr&egrave;s une saison excellente, qui lui vaudra peut-&ecirc;tre le Cy Young.<\/p><p>Mais un joueur apparait comme un nouveau casse-t&ecirc;te pour la franchise : Juan Soto<\/p><h3>Profiter de sa valeur ?<\/h3><p>&Agrave; 25 ans, Juan Soto a encore une ann&eacute;e de contrat avant de devenir agent libre. L&rsquo;&eacute;t&eacute; dernier, les Padres ont sorti le grand jeu pour faire venir celui qui ne voulait plus rester &agrave; Washington malgr&eacute; une proposition mirobolante.<\/p><p>Le <a href=\"https:\/\/theplayoffs.news\/fr\/joueur\/juan-soto-mlb-73938\/\" class=\"trk-cta-link\" data-cta-trk='{\"ctaType\":\"Link\",\"ctaSubType\":\"main\"}'><strong>Juan Soto<\/strong><\/a> version Padres n&rsquo;est pas exactement celui des Nationals en 2019 ou 2021. Malgr&eacute; tout, Soto reste une vraie force au b&acirc;ton avec toujours un slugging percentage tr&egrave;s &eacute;lev&eacute; et un OPS qui s&rsquo;approche des 1.000.<\/p><p>\n<div id=\"attachment_865196\" style=\"width: 804px\" class=\"wp-caption alignnone\"><img loading=\"lazy\" decoding=\"async\" aria-describedby=\"caption-attachment-865196\" class=\"size-full wp-image-865196\" src=\"https:\/\/theplayoffs.news\/fr\/wp-content\/uploads\/2023\/09\/Capture-decran-2023-09-05-a-10.45.07.png\" alt=\"Juan Soto \" width=\"794\" height=\"876\" srcset=\"https:\/\/theplayoffs.news\/fr\/wp-content\/uploads\/2023\/09\/Capture-decran-2023-09-05-a-10.45.07.png 794w, https:\/\/theplayoffs.news\/fr\/wp-content\/uploads\/2023\/09\/Capture-decran-2023-09-05-a-10.45.07-272x300.png 272w, https:\/\/theplayoffs.news\/fr\/wp-content\/uploads\/2023\/09\/Capture-decran-2023-09-05-a-10.45.07-768x847.png 768w, https:\/\/theplayoffs.news\/fr\/wp-content\/uploads\/2023\/09\/Capture-decran-2023-09-05-a-10.45.07-639x705.png 639w\" sizes=\"auto, (max-width: 794px) 100vw, 794px\" \/><p id=\"caption-attachment-865196\" class=\"wp-caption-text\">source : baseball savant<\/p><\/div>\n<\/p><p>Cette saison, Juan Soto conc&egrave;de plus de strikeout qu&rsquo;&agrave; l&rsquo;accoutum&eacute;e m&ecirc;me en &eacute;tant parmi les plus patient au marbre de la ligue. Son jeune &acirc;ge laisse donc pr&eacute;sager encore des saisons o&ugrave; il peut activement contribuer &agrave; un alignement.<\/p><p>Avec 28 home runs, il se rapproche de son record en carri&egrave;re qui est de 34 en 2019.<\/p><p><a href=\"https:\/\/theathletic.com\/4830152\/2023\/09\/03\/padres-juan-soto-trade-offseason\/\" class=\"trk-cta-link\" data-cta-trk='{\"ctaType\":\"Link\",\"ctaSubType\":\"main\"}'>Dennis Lin de The Athletic<\/a> souligne cependant un point important :<\/p><blockquote><p>&laquo;&nbsp;Le voltigeur et son agent Scott Boras envisagerait-il m&ecirc;me d&rsquo;accepter moins que l&rsquo;offre de 440 millions de dollars sur 15 ans des Nationals qu&rsquo;ils ont refus&eacute;e en 2022 ?&nbsp;&raquo;<\/p><\/blockquote><p>En ajoutant : &laquo;&nbsp;probablement pas&nbsp;&raquo;.<\/p><p>Et c&rsquo;est une variable importante &agrave; prendre en consid&eacute;ration pour les Padres alors que d&rsquo;autres joueurs devront (ou pas) &ecirc;tre prolong&eacute;s notamment chez les lanceurs. Juan Soto a de la valeur et m&ecirc;me si les Padres n&rsquo;obtiendront sans doute pas l&rsquo;&eacute;quivalent de ce qu&rsquo;ils ont envoy&eacute; aux Nationals, l&rsquo;option se calcule.<\/p><p>Toujours selon Dennis Lin, plusieurs rumeurs font &eacute;tat de proposition de prolongation qui n&rsquo;ont pas encore re&ccedil;u de r&eacute;ponse de la part du clan Soto.<\/p><h3>Parier sur l&rsquo;avenir<\/h3><p>Tout va donc d&eacute;pendre de la direction que souhaite prendre la franchise pour son avenir proche. Avec Machado, 31 ans, et Xander Bogaerts, 30 ans, l&rsquo;avenir des Padres se situe donc plut&ocirc;t du c&ocirc;t&eacute; des Fernando Tatis Jr et Juan Soto.<\/p><p>En verrouillant Soto sur les 10 prochaines ann&eacute;es, les Padres auront sous la main deux frappeurs au talent ind&eacute;niable.<\/p><p>San Diego doit voir au del&agrave; de cette saison en terme de performance pour construire son alignement futur. La jeunesse de ces joueurs est sans doute le facteur principal &agrave; prendre en compte. L&rsquo;exemple des Orioles cette saison est suffisamment parlant pour ne pas le prendre en compte.<\/p><p>&nbsp;<\/p><p><em>Credit: Orlando Ramirez-USA TODAY Sports<\/em><\/p>\n","protected":false},"excerpt":{"rendered":"","protected":false},"author":13,"featured_media":865270,"comment_status":"open","ping_status":"closed","sticky":false,"template":"","format":"standard","meta":{"inline_featured_image":false,"kia_subtitle":"","_mux_skip_reasons":[],"proofreadBy":0,"footnotes":""},"categories":[188,9],"tags":[716,465],"sport":[],"saison":[],"class_list":["post-865145","post","type-post","status-publish","format-standard","has-post-thumbnail","hentry","category-actualite-mlb","category-mlb","tag-juan-soto","tag-san-diego-padres"],"acf":[],"yoast_head":"<!-- This site is optimized with the Yoast SEO plugin v24.2 - https:\/\/yoast.com\/wordpress\/plugins\/seo\/ -->\n<title>Faut-il &eacute;changer Juan Soto cet hiver pour San Diego ? - The Playoffs FR<\/title>\n<meta name=\"robots\" content=\"index, follow, max-snippet:-1, max-image-preview:large, max-video-preview:-1\" \/>\n<link rel=\"canonical\" href=\"https:\/\/theplayoffs.news\/fr\/actualite-mlb\/faut-il-echanger-juan-soto-cet-hiver\/\" \/>\n<meta property=\"og:locale\" content=\"fr_FR\" \/>\n<meta property=\"og:type\" content=\"article\" \/>\n<meta property=\"og:title\" content=\"Faut-il &eacute;changer Juan Soto cet hiver pour San Diego ? - The Playoffs FR\" \/>\n<meta property=\"og:url\" content=\"https:\/\/theplayoffs.news\/fr\/actualite-mlb\/faut-il-echanger-juan-soto-cet-hiver\/\" \/>\n<meta property=\"og:site_name\" content=\"The Playoffs FR\" \/>\n<meta property=\"article:publisher\" content=\"https:\/\/www.facebook.com\/TheFreeAgentFR\/\" \/>\n<meta property=\"article:modified_time\" content=\"2023-09-05T11:06:17+02:00\" \/>\n<meta property=\"og:image\" content=\"https:\/\/theplayoffs.news\/fr\/wp-content\/uploads\/2023\/09\/USATSI_21335674.jpg\" \/>\n\t<meta property=\"og:image:width\" content=\"1920\" \/>\n\t<meta property=\"og:image:height\" content=\"1280\" \/>\n\t<meta property=\"og:image:type\" content=\"image\/jpeg\" \/>\n<meta name=\"author\" content=\"Charles Taudin\" \/>\n<meta name=\"twitter:card\" content=\"summary_large_image\" \/>\n<meta name=\"twitter:creator\" content=\"@TheFreeAgentFR\" \/>\n<meta name=\"twitter:site\" content=\"@TheFreeAgentFR\" \/>\n<meta name=\"twitter:label1\" content=\"\u00c9crit par\" \/>\n\t<meta name=\"twitter:data1\" content=\"Charles Taudin\" \/>\n\t<meta name=\"twitter:label2\" content=\"Dur\u00e9e de lecture estim\u00e9e\" \/>\n\t<meta name=\"twitter:data2\" content=\"3 minutes\" \/>\n<script type=\"application\/ld+json\" class=\"yoast-schema-graph\">{\"@context\":\"https:\/\/schema.org\",\"@graph\":[{\"@type\":\"WebPage\",\"@id\":\"https:\/\/theplayoffs.news\/fr\/actualite-mlb\/faut-il-echanger-juan-soto-cet-hiver\/\",\"url\":\"https:\/\/theplayoffs.news\/fr\/actualite-mlb\/faut-il-echanger-juan-soto-cet-hiver\/\",\"name\":\"Faut-il \u00e9changer Juan Soto cet hiver pour San Diego ? - The Playoffs FR\",\"isPartOf\":{\"@id\":\"https:\/\/theplayoffs.news\/fr\/#website\"},\"primaryImageOfPage\":{\"@id\":\"https:\/\/theplayoffs.news\/fr\/actualite-mlb\/faut-il-echanger-juan-soto-cet-hiver\/#primaryimage\"},\"image\":{\"@id\":\"https:\/\/theplayoffs.news\/fr\/actualite-mlb\/faut-il-echanger-juan-soto-cet-hiver\/#primaryimage\"},\"thumbnailUrl\":\"https:\/\/theplayoffs.news\/fr\/wp-content\/uploads\/2023\/09\/USATSI_21335674.jpg\",\"datePublished\":\"2023-09-05T09:06:15+00:00\",\"dateModified\":\"2023-09-05T09:06:17+00:00\",\"author\":{\"@id\":\"https:\/\/theplayoffs.news\/fr\/#\/schema\/person\/eee5b69ad5d3c51cabe881c839dbe133\"},\"breadcrumb\":{\"@id\":\"https:\/\/theplayoffs.news\/fr\/actualite-mlb\/faut-il-echanger-juan-soto-cet-hiver\/#breadcrumb\"},\"inLanguage\":\"fr-FR\",\"potentialAction\":[{\"@type\":\"ReadAction\",\"target\":[\"https:\/\/theplayoffs.news\/fr\/actualite-mlb\/faut-il-echanger-juan-soto-cet-hiver\/\"]}]},{\"@type\":\"ImageObject\",\"inLanguage\":\"fr-FR\",\"@id\":\"https:\/\/theplayoffs.news\/fr\/actualite-mlb\/faut-il-echanger-juan-soto-cet-hiver\/#primaryimage\",\"url\":\"https:\/\/theplayoffs.news\/fr\/wp-content\/uploads\/2023\/09\/USATSI_21335674.jpg\",\"contentUrl\":\"https:\/\/theplayoffs.news\/fr\/wp-content\/uploads\/2023\/09\/USATSI_21335674.jpg\",\"width\":1920,\"height\":1280,\"caption\":\"Sep 2, 2023; San Diego, California, USA; San Diego Padres left fielder Juan Soto (right) is congratulated in the dugout after hitting a home run against the San Francisco Giants during the first inning at Petco Park. Mandatory Credit: Orlando Ramirez-USA TODAY Sports\"},{\"@type\":\"BreadcrumbList\",\"@id\":\"https:\/\/theplayoffs.news\/fr\/actualite-mlb\/faut-il-echanger-juan-soto-cet-hiver\/#breadcrumb\",\"itemListElement\":[{\"@type\":\"ListItem\",\"position\":1,\"name\":\"Accueil\",\"item\":\"https:\/\/theplayoffs.news\/fr\/\"},{\"@type\":\"ListItem\",\"position\":2,\"name\":\"Faut-il \u00e9changer Juan Soto cet hiver pour San Diego ?\"}]},{\"@type\":\"WebSite\",\"@id\":\"https:\/\/theplayoffs.news\/fr\/#website\",\"url\":\"https:\/\/theplayoffs.news\/fr\/\",\"name\":\"The Playoffs FR\",\"description\":\"NBA-NFL-NHL-MLB\",\"potentialAction\":[{\"@type\":\"SearchAction\",\"target\":{\"@type\":\"EntryPoint\",\"urlTemplate\":\"https:\/\/theplayoffs.news\/fr\/?s={search_term_string}\"},\"query-input\":{\"@type\":\"PropertyValueSpecification\",\"valueRequired\":true,\"valueName\":\"search_term_string\"}}],\"inLanguage\":\"fr-FR\"},{\"@type\":\"Person\",\"@id\":\"https:\/\/theplayoffs.news\/fr\/#\/schema\/person\/eee5b69ad5d3c51cabe881c839dbe133\",\"name\":\"Charles Taudin\",\"image\":{\"@type\":\"ImageObject\",\"inLanguage\":\"fr-FR\",\"@id\":\"https:\/\/theplayoffs.news\/fr\/#\/schema\/person\/image\/\",\"url\":\"https:\/\/secure.gravatar.com\/avatar\/59a1e772205ce9fd255edfcafc93013736822e20261f294c5753b20c41ede9f2?s=96&d=mm&r=g\",\"contentUrl\":\"https:\/\/secure.gravatar.com\/avatar\/59a1e772205ce9fd255edfcafc93013736822e20261f294c5753b20c41ede9f2?s=96&d=mm&r=g\",\"caption\":\"Charles Taudin\"},\"description\":\"R\u00e9dacteur en chef global de The Playoffs, j\u2019ai cr\u00e9\u00e9 The Free Agent, devenu The Playoffs FR, en 2020 durant la pand\u00e9mie. Amoureux depuis des ann\u00e9es des 4 sports majeurs am\u00e9ricains, j\u2019organise maintenant la strat\u00e9gie \u00e9ditoriale et les r\u00e9seaux sociaux de l\u2019ensemble des versions de The Playoffs. Il m\u2019arrive encore d\u2019\u00e9crire sur certains sports que j\u2019affectionne particuli\u00e8rement comme la NFL ou la MLB. Si vous devez retenir qu\u2019une chose : Eli Manning est le vrai GOAT pour avoir battu deux fois Tom Brady.\",\"sameAs\":[\"https:\/\/www.instagram.com\/ctaudin_\/\"],\"url\":\"https:\/\/theplayoffs.news\/fr\/author\/charles-taudin\/\"}]}<\/script>\n<!-- \/ Yoast SEO plugin. -->","yoast_head_json":{"title":"Faut-il &eacute;changer Juan Soto cet hiver pour San Diego ? - The Playoffs FR","robots":{"index":"index","follow":"follow","max-snippet":"max-snippet:-1","max-image-preview":"max-image-preview:large","max-video-preview":"max-video-preview:-1"},"canonical":"https:\/\/theplayoffs.news\/fr\/actualite-mlb\/faut-il-echanger-juan-soto-cet-hiver\/","og_locale":"fr_FR","og_type":"article","og_title":"Faut-il &eacute;changer Juan Soto cet hiver pour San Diego ? - The Playoffs FR","og_url":"https:\/\/theplayoffs.news\/fr\/actualite-mlb\/faut-il-echanger-juan-soto-cet-hiver\/","og_site_name":"The Playoffs FR","article_publisher":"https:\/\/www.facebook.com\/TheFreeAgentFR\/","article_modified_time":"2023-09-05T09:06:17+00:00","og_image":[{"width":1920,"height":1280,"url":"https:\/\/theplayoffs.news\/fr\/wp-content\/uploads\/2023\/09\/USATSI_21335674.jpg","type":"image\/jpeg"}],"author":"Charles Taudin","twitter_card":"summary_large_image","twitter_creator":"@TheFreeAgentFR","twitter_site":"@TheFreeAgentFR","twitter_misc":{"\u00c9crit par":"Charles Taudin","Dur\u00e9e de lecture estim\u00e9e":"3 minutes"},"schema":{"@context":"https:\/\/schema.org","@graph":[{"@type":"WebPage","@id":"https:\/\/theplayoffs.news\/fr\/actualite-mlb\/faut-il-echanger-juan-soto-cet-hiver\/","url":"https:\/\/theplayoffs.news\/fr\/actualite-mlb\/faut-il-echanger-juan-soto-cet-hiver\/","name":"Faut-il \u00e9changer Juan Soto cet hiver pour San Diego ? - The Playoffs FR","isPartOf":{"@id":"https:\/\/theplayoffs.news\/fr\/#website"},"primaryImageOfPage":{"@id":"https:\/\/theplayoffs.news\/fr\/actualite-mlb\/faut-il-echanger-juan-soto-cet-hiver\/#primaryimage"},"image":{"@id":"https:\/\/theplayoffs.news\/fr\/actualite-mlb\/faut-il-echanger-juan-soto-cet-hiver\/#primaryimage"},"thumbnailUrl":"https:\/\/theplayoffs.news\/fr\/wp-content\/uploads\/2023\/09\/USATSI_21335674.jpg","datePublished":"2023-09-05T09:06:15+00:00","dateModified":"2023-09-05T09:06:17+00:00","author":{"@id":"https:\/\/theplayoffs.news\/fr\/#\/schema\/person\/eee5b69ad5d3c51cabe881c839dbe133"},"breadcrumb":{"@id":"https:\/\/theplayoffs.news\/fr\/actualite-mlb\/faut-il-echanger-juan-soto-cet-hiver\/#breadcrumb"},"inLanguage":"fr-FR","potentialAction":[{"@type":"ReadAction","target":["https:\/\/theplayoffs.news\/fr\/actualite-mlb\/faut-il-echanger-juan-soto-cet-hiver\/"]}]},{"@type":"ImageObject","inLanguage":"fr-FR","@id":"https:\/\/theplayoffs.news\/fr\/actualite-mlb\/faut-il-echanger-juan-soto-cet-hiver\/#primaryimage","url":"https:\/\/theplayoffs.news\/fr\/wp-content\/uploads\/2023\/09\/USATSI_21335674.jpg","contentUrl":"https:\/\/theplayoffs.news\/fr\/wp-content\/uploads\/2023\/09\/USATSI_21335674.jpg","width":1920,"height":1280,"caption":"Sep 2, 2023; San Diego, California, USA; San Diego Padres left fielder Juan Soto (right) is congratulated in the dugout after hitting a home run against the San Francisco Giants during the first inning at Petco Park. Mandatory Credit: Orlando Ramirez-USA TODAY Sports"},{"@type":"BreadcrumbList","@id":"https:\/\/theplayoffs.news\/fr\/actualite-mlb\/faut-il-echanger-juan-soto-cet-hiver\/#breadcrumb","itemListElement":[{"@type":"ListItem","position":1,"name":"Accueil","item":"https:\/\/theplayoffs.news\/fr\/"},{"@type":"ListItem","position":2,"name":"Faut-il \u00e9changer Juan Soto cet hiver pour San Diego ?"}]},{"@type":"WebSite","@id":"https:\/\/theplayoffs.news\/fr\/#website","url":"https:\/\/theplayoffs.news\/fr\/","name":"The Playoffs FR","description":"NBA-NFL-NHL-MLB","potentialAction":[{"@type":"SearchAction","target":{"@type":"EntryPoint","urlTemplate":"https:\/\/theplayoffs.news\/fr\/?s={search_term_string}"},"query-input":{"@type":"PropertyValueSpecification","valueRequired":true,"valueName":"search_term_string"}}],"inLanguage":"fr-FR"},{"@type":"Person","@id":"https:\/\/theplayoffs.news\/fr\/#\/schema\/person\/eee5b69ad5d3c51cabe881c839dbe133","name":"Charles Taudin","image":{"@type":"ImageObject","inLanguage":"fr-FR","@id":"https:\/\/theplayoffs.news\/fr\/#\/schema\/person\/image\/","url":"https:\/\/secure.gravatar.com\/avatar\/59a1e772205ce9fd255edfcafc93013736822e20261f294c5753b20c41ede9f2?s=96&d=mm&r=g","contentUrl":"https:\/\/secure.gravatar.com\/avatar\/59a1e772205ce9fd255edfcafc93013736822e20261f294c5753b20c41ede9f2?s=96&d=mm&r=g","caption":"Charles Taudin"},"description":"R\u00e9dacteur en chef global de The Playoffs, j\u2019ai cr\u00e9\u00e9 The Free Agent, devenu The Playoffs FR, en 2020 durant la pand\u00e9mie. Amoureux depuis des ann\u00e9es des 4 sports majeurs am\u00e9ricains, j\u2019organise maintenant la strat\u00e9gie \u00e9ditoriale et les r\u00e9seaux sociaux de l\u2019ensemble des versions de The Playoffs. Il m\u2019arrive encore d\u2019\u00e9crire sur certains sports que j\u2019affectionne particuli\u00e8rement comme la NFL ou la MLB. Si vous devez retenir qu\u2019une chose : Eli Manning est le vrai GOAT pour avoir battu deux fois Tom Brady.","sameAs":["https:\/\/www.instagram.com\/ctaudin_\/"],"url":"https:\/\/theplayoffs.news\/fr\/author\/charles-taudin\/"}]}},"_links":{"self":[{"href":"https:\/\/theplayoffs.news\/fr\/wp-json\/wp\/v2\/posts\/865145","targetHints":{"allow":["GET"]}}],"collection":[{"href":"https:\/\/theplayoffs.news\/fr\/wp-json\/wp\/v2\/posts"}],"about":[{"href":"https:\/\/theplayoffs.news\/fr\/wp-json\/wp\/v2\/types\/post"}],"author":[{"embeddable":true,"href":"https:\/\/theplayoffs.news\/fr\/wp-json\/wp\/v2\/users\/13"}],"replies":[{"embeddable":true,"href":"https:\/\/theplayoffs.news\/fr\/wp-json\/wp\/v2\/comments?post=865145"}],"version-history":[{"count":3,"href":"https:\/\/theplayoffs.news\/fr\/wp-json\/wp\/v2\/posts\/865145\/revisions"}],"predecessor-version":[{"id":865283,"href":"https:\/\/theplayoffs.news\/fr\/wp-json\/wp\/v2\/posts\/865145\/revisions\/865283"}],"wp:featuredmedia":[{"embeddable":true,"href":"https:\/\/theplayoffs.news\/fr\/wp-json\/wp\/v2\/media\/865270"}],"wp:attachment":[{"href":"https:\/\/theplayoffs.news\/fr\/wp-json\/wp\/v2\/media?parent=865145"}],"wp:term":[{"taxonomy":"category","embeddable":true,"href":"https:\/\/theplayoffs.news\/fr\/wp-json\/wp\/v2\/categories?post=865145"},{"taxonomy":"post_tag","embeddable":true,"href":"https:\/\/theplayoffs.news\/fr\/wp-json\/wp\/v2\/tags?post=865145"},{"taxonomy":"sport","embeddable":true,"href":"https:\/\/theplayoffs.news\/fr\/wp-json\/wp\/v2\/sport?post=865145"},{"taxonomy":"saison","embeddable":true,"href":"https:\/\/theplayoffs.news\/fr\/wp-json\/wp\/v2\/saison?post=865145"}],"curies":[{"name":"wp","href":"https:\/\/api.w.org\/{rel}","templated":true}]}}