{"id":863163,"date":"2023-09-04T14:54:01","date_gmt":"2023-09-04T12:54:01","guid":{"rendered":"https:\/\/theplayoffs.news\/fr\/?p=863163"},"modified":"2023-09-04T14:54:02","modified_gmt":"2023-09-04T12:54:02","slug":"avenir-blake-snell-padres-de-san-diego","status":"publish","type":"post","link":"https:\/\/theplayoffs.news\/fr\/actualite-mlb\/avenir-blake-snell-padres-de-san-diego\/","title":{"rendered":"L&rsquo;avenir de Blake Snell avec les Padres de San Diego"},"content":{"rendered":"<h2>Les Padres de San Diego, autrefois un concurrent important de la Ligue nationale, se trouvent &agrave; un carrefour crucial et au centre de ce moment charni&egrave;re se trouve Blake Snell.<\/h2><p>Leur as, dont les performances cette saison et celles &agrave; venir avec l&rsquo;&eacute;quipe, exigent une attention particuli&egrave;re.<\/p><p>L&rsquo;importance de Blake Snell pour les Padres ne peut &ecirc;tre surestim&eacute;e. Avec un formidable bilan de 12-9 et une impressionnante ERA de 2,50 sur 28 d&eacute;parts, ses prouesses sur le monticule sont &eacute;videntes. En tant que candidat de Cy Young, Snell incarne le leadership dont les Padres ont besoin. Il est le point d&rsquo;ancrage de leur &eacute;quipe de lanceurs, surpassant constamment ses pairs dans des indicateurs cl&eacute;s.<\/p><p>Pourtant, dans l&rsquo;&eacute;tat actuel de la saison, les Padres sont notamment &agrave; la tra&icirc;ne dans la NL Ouest, et leurs chances de d&eacute;crocher la derni&egrave;re place pour la Wild Card restent minces. Malgr&eacute; la performance exemplaire de Blake Snell, la performance globale de l&rsquo;&eacute;quipe n&rsquo;est pas &agrave; la hauteur de ses aspirations ni de son investissement.<\/p><h3>Dilemmes financiers &agrave; venir<\/h3><p>Les engagements financiers des Padres p&egrave;sent lourd sur leurs strat&eacute;gies futures. Entrer en 2023 avec la troisi&egrave;me masse salariale la plus &eacute;lev&eacute;e d&eacute;montre leur engagement &agrave; constituer une &eacute;quipe gagnante. Cependant, le d&eacute;calage entre les d&eacute;penses et les r&eacute;sultats doit &ecirc;tre pr&eacute;occupant pour le front office.<\/p><p>Le d&eacute;sir de Blake Snell de rester avec les Padres apr&egrave;s la conclusion de son contrat offre &agrave; l&rsquo;&eacute;quipe une perspective passionnante rapporte <a href=\"https:\/\/www.usatoday.com\/story\/sports\/mlb\/columnist\/bob-nightengale\/2023\/09\/03\/mlb-stretch-runs-burning-questions-will-shohei-ohtani-have-surgery\/70757037007\/\" class=\"trk-cta-link\" data-cta-trk='{\"ctaType\":\"Link\",\"ctaSubType\":\"main\"}'>Bob Nightengale de USA Today<\/a>. Cependant, les implications financi&egrave;res de son maintien sont complexes. Le contrat du releveur vedette Josh Hader devrait &eacute;galement expirer bient&ocirc;t, et le toujours &eacute;minent Juan Soto devrait devenir une consid&eacute;ration financi&egrave;re importante en 2024.<\/p><blockquote><p>&laquo;&nbsp;Blake Snell, candidat Cy Young des Padres de San Diego, a d&eacute;clar&eacute; &agrave; USA TODAY Sports qu&rsquo;il souhaitait rester &agrave; San Diego lorsqu&rsquo;il serait agent libre, mais qu&rsquo;il n&rsquo;avait pas encore discut&eacute; avec le front office d&rsquo;une &eacute;ventuelle prolongation de contrat&nbsp;&raquo;, a &eacute;crit Nightengale.<\/p><\/blockquote><p>M&ecirc;me si le maintien de Blake Snell semble &ecirc;tre une d&eacute;cision simple bas&eacute;e sur la performance, le puzzle financier, qui comprend des investissements importants dans <a href=\"https:\/\/theplayoffs.news\/fr\/joueur\/joe-musgrove-mlb-69696\/\" class=\"trk-cta-link\" data-cta-trk='{\"ctaType\":\"Link\",\"ctaSubType\":\"main\"}'><strong>Joe Musgrove<\/strong><\/a> et <strong>Yu Darvish<\/strong>, rend le sc&eacute;nario complexe. La fa&ccedil;on dont les Padres g&egrave;rent leur masse salariale tout en conservant un avantage concurrentiel sera l&rsquo;&eacute;quilibre de l&rsquo;intersaison.<\/p><p>Pour les Padres, les d&eacute;cisions &agrave; venir ne sont pas que financi&egrave;res. Ils r&eacute;sument l&rsquo;orientation, l&rsquo;ambition et l&rsquo;engagement de l&rsquo;&eacute;quipe &agrave; proposer une formule gagnante coh&eacute;rente dans une division relev&eacute;e.<\/p><p>La volont&eacute; de Snell de continuer avec les Padres est une approbation du potentiel de l&rsquo;&eacute;quipe. Mais le potentiel &agrave; lui seul ne permet pas de remporter des championnats. Les Padres ont atteint un moment o&ugrave; ils doivent &eacute;valuer leurs engagements fondamentaux, strat&eacute;giques et financiers pour s&rsquo;assurer qu&rsquo;ils sont des pr&eacute;tendants pour les saisons &agrave; venir.<\/p><p>&nbsp;<\/p><p><em>Credit: Orlando Ramirez-USA TODAY Sports<\/em><\/p>\n","protected":false},"excerpt":{"rendered":"","protected":false},"author":13,"featured_media":863196,"comment_status":"open","ping_status":"closed","sticky":false,"template":"","format":"standard","meta":{"inline_featured_image":false,"kia_subtitle":"","_mux_skip_reasons":[],"proofreadBy":0,"footnotes":""},"categories":[188,9],"tags":[1242,465],"sport":[],"saison":[],"class_list":["post-863163","post","type-post","status-publish","format-standard","has-post-thumbnail","hentry","category-actualite-mlb","category-mlb","tag-blake-snell","tag-san-diego-padres"],"acf":[],"yoast_head":"<!-- This site is optimized with the Yoast SEO plugin v24.2 - https:\/\/yoast.com\/wordpress\/plugins\/seo\/ -->\n<title>L&#039;avenir de Blake Snell avec les Padres de San Diego - The Playoffs FR<\/title>\n<meta name=\"robots\" content=\"index, follow, max-snippet:-1, max-image-preview:large, max-video-preview:-1\" \/>\n<link rel=\"canonical\" href=\"https:\/\/theplayoffs.news\/fr\/actualite-mlb\/avenir-blake-snell-padres-de-san-diego\/\" \/>\n<meta property=\"og:locale\" content=\"fr_FR\" \/>\n<meta property=\"og:type\" content=\"article\" \/>\n<meta property=\"og:title\" content=\"L&#039;avenir de Blake Snell avec les Padres de San Diego - The Playoffs FR\" \/>\n<meta property=\"og:url\" content=\"https:\/\/theplayoffs.news\/fr\/actualite-mlb\/avenir-blake-snell-padres-de-san-diego\/\" \/>\n<meta property=\"og:site_name\" content=\"The Playoffs FR\" \/>\n<meta property=\"article:publisher\" content=\"https:\/\/www.facebook.com\/TheFreeAgentFR\/\" \/>\n<meta property=\"article:modified_time\" content=\"2023-09-04T14:54:02+02:00\" \/>\n<meta property=\"og:image\" content=\"https:\/\/theplayoffs.news\/fr\/wp-content\/uploads\/2023\/09\/USATSI_21335485.jpg\" \/>\n\t<meta property=\"og:image:width\" content=\"1920\" \/>\n\t<meta property=\"og:image:height\" content=\"1239\" \/>\n\t<meta property=\"og:image:type\" content=\"image\/jpeg\" \/>\n<meta name=\"author\" content=\"Charles Taudin\" \/>\n<meta name=\"twitter:card\" content=\"summary_large_image\" \/>\n<meta name=\"twitter:creator\" content=\"@TheFreeAgentFR\" \/>\n<meta name=\"twitter:site\" content=\"@TheFreeAgentFR\" \/>\n<meta name=\"twitter:label1\" content=\"\u00c9crit par\" \/>\n\t<meta name=\"twitter:data1\" content=\"Charles Taudin\" \/>\n\t<meta name=\"twitter:label2\" content=\"Dur\u00e9e de lecture estim\u00e9e\" \/>\n\t<meta name=\"twitter:data2\" content=\"3 minutes\" \/>\n<script type=\"application\/ld+json\" class=\"yoast-schema-graph\">{\"@context\":\"https:\/\/schema.org\",\"@graph\":[{\"@type\":\"WebPage\",\"@id\":\"https:\/\/theplayoffs.news\/fr\/actualite-mlb\/avenir-blake-snell-padres-de-san-diego\/\",\"url\":\"https:\/\/theplayoffs.news\/fr\/actualite-mlb\/avenir-blake-snell-padres-de-san-diego\/\",\"name\":\"L\\\\'avenir de Blake Snell avec les Padres de San Diego - The Playoffs FR\",\"isPartOf\":{\"@id\":\"https:\/\/theplayoffs.news\/fr\/#website\"},\"primaryImageOfPage\":{\"@id\":\"https:\/\/theplayoffs.news\/fr\/actualite-mlb\/avenir-blake-snell-padres-de-san-diego\/#primaryimage\"},\"image\":{\"@id\":\"https:\/\/theplayoffs.news\/fr\/actualite-mlb\/avenir-blake-snell-padres-de-san-diego\/#primaryimage\"},\"thumbnailUrl\":\"https:\/\/theplayoffs.news\/fr\/wp-content\/uploads\/2023\/09\/USATSI_21335485.jpg\",\"datePublished\":\"2023-09-04T12:54:01+00:00\",\"dateModified\":\"2023-09-04T12:54:02+00:00\",\"author\":{\"@id\":\"https:\/\/theplayoffs.news\/fr\/#\/schema\/person\/eee5b69ad5d3c51cabe881c839dbe133\"},\"breadcrumb\":{\"@id\":\"https:\/\/theplayoffs.news\/fr\/actualite-mlb\/avenir-blake-snell-padres-de-san-diego\/#breadcrumb\"},\"inLanguage\":\"fr-FR\",\"potentialAction\":[{\"@type\":\"ReadAction\",\"target\":[\"https:\/\/theplayoffs.news\/fr\/actualite-mlb\/avenir-blake-snell-padres-de-san-diego\/\"]}]},{\"@type\":\"ImageObject\",\"inLanguage\":\"fr-FR\",\"@id\":\"https:\/\/theplayoffs.news\/fr\/actualite-mlb\/avenir-blake-snell-padres-de-san-diego\/#primaryimage\",\"url\":\"https:\/\/theplayoffs.news\/fr\/wp-content\/uploads\/2023\/09\/USATSI_21335485.jpg\",\"contentUrl\":\"https:\/\/theplayoffs.news\/fr\/wp-content\/uploads\/2023\/09\/USATSI_21335485.jpg\",\"width\":1920,\"height\":1239,\"caption\":\"Sep 2, 2023; San Diego, California, USA; San Diego Padres starting pitcher Blake Snell (4) throws a pitch against the San Francisco Giants during the first inning at Petco Park. Mandatory Credit: Orlando Ramirez-USA TODAY Sports\"},{\"@type\":\"BreadcrumbList\",\"@id\":\"https:\/\/theplayoffs.news\/fr\/actualite-mlb\/avenir-blake-snell-padres-de-san-diego\/#breadcrumb\",\"itemListElement\":[{\"@type\":\"ListItem\",\"position\":1,\"name\":\"Accueil\",\"item\":\"https:\/\/theplayoffs.news\/fr\/\"},{\"@type\":\"ListItem\",\"position\":2,\"name\":\"L&rsquo;avenir de Blake Snell avec les Padres de San Diego\"}]},{\"@type\":\"WebSite\",\"@id\":\"https:\/\/theplayoffs.news\/fr\/#website\",\"url\":\"https:\/\/theplayoffs.news\/fr\/\",\"name\":\"The Playoffs FR\",\"description\":\"NBA-NFL-NHL-MLB\",\"potentialAction\":[{\"@type\":\"SearchAction\",\"target\":{\"@type\":\"EntryPoint\",\"urlTemplate\":\"https:\/\/theplayoffs.news\/fr\/?s={search_term_string}\"},\"query-input\":{\"@type\":\"PropertyValueSpecification\",\"valueRequired\":true,\"valueName\":\"search_term_string\"}}],\"inLanguage\":\"fr-FR\"},{\"@type\":\"Person\",\"@id\":\"https:\/\/theplayoffs.news\/fr\/#\/schema\/person\/eee5b69ad5d3c51cabe881c839dbe133\",\"name\":\"Charles Taudin\",\"image\":{\"@type\":\"ImageObject\",\"inLanguage\":\"fr-FR\",\"@id\":\"https:\/\/theplayoffs.news\/fr\/#\/schema\/person\/image\/\",\"url\":\"https:\/\/secure.gravatar.com\/avatar\/59a1e772205ce9fd255edfcafc93013736822e20261f294c5753b20c41ede9f2?s=96&d=mm&r=g\",\"contentUrl\":\"https:\/\/secure.gravatar.com\/avatar\/59a1e772205ce9fd255edfcafc93013736822e20261f294c5753b20c41ede9f2?s=96&d=mm&r=g\",\"caption\":\"Charles Taudin\"},\"description\":\"R\u00e9dacteur en chef global de The Playoffs, j\u2019ai cr\u00e9\u00e9 The Free Agent, devenu The Playoffs FR, en 2020 durant la pand\u00e9mie. Amoureux depuis des ann\u00e9es des 4 sports majeurs am\u00e9ricains, j\u2019organise maintenant la strat\u00e9gie \u00e9ditoriale et les r\u00e9seaux sociaux de l\u2019ensemble des versions de The Playoffs. Il m\u2019arrive encore d\u2019\u00e9crire sur certains sports que j\u2019affectionne particuli\u00e8rement comme la NFL ou la MLB. Si vous devez retenir qu\u2019une chose : Eli Manning est le vrai GOAT pour avoir battu deux fois Tom Brady.\",\"sameAs\":[\"https:\/\/www.instagram.com\/ctaudin_\/\"],\"url\":\"https:\/\/theplayoffs.news\/fr\/author\/charles-taudin\/\"}]}<\/script>\n<!-- \/ Yoast SEO plugin. -->","yoast_head_json":{"title":"L&#039;avenir de Blake Snell avec les Padres de San Diego - The Playoffs FR","robots":{"index":"index","follow":"follow","max-snippet":"max-snippet:-1","max-image-preview":"max-image-preview:large","max-video-preview":"max-video-preview:-1"},"canonical":"https:\/\/theplayoffs.news\/fr\/actualite-mlb\/avenir-blake-snell-padres-de-san-diego\/","og_locale":"fr_FR","og_type":"article","og_title":"L&#039;avenir de Blake Snell avec les Padres de San Diego - The Playoffs FR","og_url":"https:\/\/theplayoffs.news\/fr\/actualite-mlb\/avenir-blake-snell-padres-de-san-diego\/","og_site_name":"The Playoffs FR","article_publisher":"https:\/\/www.facebook.com\/TheFreeAgentFR\/","article_modified_time":"2023-09-04T12:54:02+00:00","og_image":[{"width":1920,"height":1239,"url":"https:\/\/theplayoffs.news\/fr\/wp-content\/uploads\/2023\/09\/USATSI_21335485.jpg","type":"image\/jpeg"}],"author":"Charles Taudin","twitter_card":"summary_large_image","twitter_creator":"@TheFreeAgentFR","twitter_site":"@TheFreeAgentFR","twitter_misc":{"\u00c9crit par":"Charles Taudin","Dur\u00e9e de lecture estim\u00e9e":"3 minutes"},"schema":{"@context":"https:\/\/schema.org","@graph":[{"@type":"WebPage","@id":"https:\/\/theplayoffs.news\/fr\/actualite-mlb\/avenir-blake-snell-padres-de-san-diego\/","url":"https:\/\/theplayoffs.news\/fr\/actualite-mlb\/avenir-blake-snell-padres-de-san-diego\/","name":"L\\'avenir de Blake Snell avec les Padres de San Diego - The Playoffs FR","isPartOf":{"@id":"https:\/\/theplayoffs.news\/fr\/#website"},"primaryImageOfPage":{"@id":"https:\/\/theplayoffs.news\/fr\/actualite-mlb\/avenir-blake-snell-padres-de-san-diego\/#primaryimage"},"image":{"@id":"https:\/\/theplayoffs.news\/fr\/actualite-mlb\/avenir-blake-snell-padres-de-san-diego\/#primaryimage"},"thumbnailUrl":"https:\/\/theplayoffs.news\/fr\/wp-content\/uploads\/2023\/09\/USATSI_21335485.jpg","datePublished":"2023-09-04T12:54:01+00:00","dateModified":"2023-09-04T12:54:02+00:00","author":{"@id":"https:\/\/theplayoffs.news\/fr\/#\/schema\/person\/eee5b69ad5d3c51cabe881c839dbe133"},"breadcrumb":{"@id":"https:\/\/theplayoffs.news\/fr\/actualite-mlb\/avenir-blake-snell-padres-de-san-diego\/#breadcrumb"},"inLanguage":"fr-FR","potentialAction":[{"@type":"ReadAction","target":["https:\/\/theplayoffs.news\/fr\/actualite-mlb\/avenir-blake-snell-padres-de-san-diego\/"]}]},{"@type":"ImageObject","inLanguage":"fr-FR","@id":"https:\/\/theplayoffs.news\/fr\/actualite-mlb\/avenir-blake-snell-padres-de-san-diego\/#primaryimage","url":"https:\/\/theplayoffs.news\/fr\/wp-content\/uploads\/2023\/09\/USATSI_21335485.jpg","contentUrl":"https:\/\/theplayoffs.news\/fr\/wp-content\/uploads\/2023\/09\/USATSI_21335485.jpg","width":1920,"height":1239,"caption":"Sep 2, 2023; San Diego, California, USA; San Diego Padres starting pitcher Blake Snell (4) throws a pitch against the San Francisco Giants during the first inning at Petco Park. Mandatory Credit: Orlando Ramirez-USA TODAY Sports"},{"@type":"BreadcrumbList","@id":"https:\/\/theplayoffs.news\/fr\/actualite-mlb\/avenir-blake-snell-padres-de-san-diego\/#breadcrumb","itemListElement":[{"@type":"ListItem","position":1,"name":"Accueil","item":"https:\/\/theplayoffs.news\/fr\/"},{"@type":"ListItem","position":2,"name":"L&rsquo;avenir de Blake Snell avec les Padres de San Diego"}]},{"@type":"WebSite","@id":"https:\/\/theplayoffs.news\/fr\/#website","url":"https:\/\/theplayoffs.news\/fr\/","name":"The Playoffs FR","description":"NBA-NFL-NHL-MLB","potentialAction":[{"@type":"SearchAction","target":{"@type":"EntryPoint","urlTemplate":"https:\/\/theplayoffs.news\/fr\/?s={search_term_string}"},"query-input":{"@type":"PropertyValueSpecification","valueRequired":true,"valueName":"search_term_string"}}],"inLanguage":"fr-FR"},{"@type":"Person","@id":"https:\/\/theplayoffs.news\/fr\/#\/schema\/person\/eee5b69ad5d3c51cabe881c839dbe133","name":"Charles Taudin","image":{"@type":"ImageObject","inLanguage":"fr-FR","@id":"https:\/\/theplayoffs.news\/fr\/#\/schema\/person\/image\/","url":"https:\/\/secure.gravatar.com\/avatar\/59a1e772205ce9fd255edfcafc93013736822e20261f294c5753b20c41ede9f2?s=96&d=mm&r=g","contentUrl":"https:\/\/secure.gravatar.com\/avatar\/59a1e772205ce9fd255edfcafc93013736822e20261f294c5753b20c41ede9f2?s=96&d=mm&r=g","caption":"Charles Taudin"},"description":"R\u00e9dacteur en chef global de The Playoffs, j\u2019ai cr\u00e9\u00e9 The Free Agent, devenu The Playoffs FR, en 2020 durant la pand\u00e9mie. Amoureux depuis des ann\u00e9es des 4 sports majeurs am\u00e9ricains, j\u2019organise maintenant la strat\u00e9gie \u00e9ditoriale et les r\u00e9seaux sociaux de l\u2019ensemble des versions de The Playoffs. Il m\u2019arrive encore d\u2019\u00e9crire sur certains sports que j\u2019affectionne particuli\u00e8rement comme la NFL ou la MLB. Si vous devez retenir qu\u2019une chose : Eli Manning est le vrai GOAT pour avoir battu deux fois Tom Brady.","sameAs":["https:\/\/www.instagram.com\/ctaudin_\/"],"url":"https:\/\/theplayoffs.news\/fr\/author\/charles-taudin\/"}]}},"_links":{"self":[{"href":"https:\/\/theplayoffs.news\/fr\/wp-json\/wp\/v2\/posts\/863163","targetHints":{"allow":["GET"]}}],"collection":[{"href":"https:\/\/theplayoffs.news\/fr\/wp-json\/wp\/v2\/posts"}],"about":[{"href":"https:\/\/theplayoffs.news\/fr\/wp-json\/wp\/v2\/types\/post"}],"author":[{"embeddable":true,"href":"https:\/\/theplayoffs.news\/fr\/wp-json\/wp\/v2\/users\/13"}],"replies":[{"embeddable":true,"href":"https:\/\/theplayoffs.news\/fr\/wp-json\/wp\/v2\/comments?post=863163"}],"version-history":[{"count":2,"href":"https:\/\/theplayoffs.news\/fr\/wp-json\/wp\/v2\/posts\/863163\/revisions"}],"predecessor-version":[{"id":863220,"href":"https:\/\/theplayoffs.news\/fr\/wp-json\/wp\/v2\/posts\/863163\/revisions\/863220"}],"wp:featuredmedia":[{"embeddable":true,"href":"https:\/\/theplayoffs.news\/fr\/wp-json\/wp\/v2\/media\/863196"}],"wp:attachment":[{"href":"https:\/\/theplayoffs.news\/fr\/wp-json\/wp\/v2\/media?parent=863163"}],"wp:term":[{"taxonomy":"category","embeddable":true,"href":"https:\/\/theplayoffs.news\/fr\/wp-json\/wp\/v2\/categories?post=863163"},{"taxonomy":"post_tag","embeddable":true,"href":"https:\/\/theplayoffs.news\/fr\/wp-json\/wp\/v2\/tags?post=863163"},{"taxonomy":"sport","embeddable":true,"href":"https:\/\/theplayoffs.news\/fr\/wp-json\/wp\/v2\/sport?post=863163"},{"taxonomy":"saison","embeddable":true,"href":"https:\/\/theplayoffs.news\/fr\/wp-json\/wp\/v2\/saison?post=863163"}],"curies":[{"name":"wp","href":"https:\/\/api.w.org\/{rel}","templated":true}]}}