{"id":852641,"date":"2023-09-01T10:13:18","date_gmt":"2023-09-01T08:13:18","guid":{"rendered":"https:\/\/theplayoffs.news\/fr\/?p=852641"},"modified":"2023-09-01T10:13:19","modified_gmt":"2023-09-01T08:13:19","slug":"javale-mcgee-rejoint-kings-de-sacramento","status":"publish","type":"post","link":"https:\/\/theplayoffs.news\/fr\/actualite-nba\/javale-mcgee-rejoint-kings-de-sacramento\/","title":{"rendered":"JaVale McGee rejoint les Kings de Sacramento"},"content":{"rendered":"<h2>Les Sacramento Kings ont r&eacute;cemment sign&eacute; JaVale McGee, le triple champion NBA, comme l&rsquo;ont confirm&eacute; des sources de la ligue &agrave; <a href=\"https:\/\/theathletic.com\/4824058\/2023\/08\/31\/kings-javale-mcgee-signing\/\" class=\"trk-cta-link\" data-cta-trk='{\"ctaType\":\"Link\",\"ctaSubType\":\"main\"}'>The Athletic<\/a>.<\/h2><p>Cette d&eacute;cision fait partie de la strat&eacute;gie des Kings visant &agrave; renforcer leur d&eacute;fense, qui a connu des difficult&eacute;s la saison derni&egrave;re, terminant 24e au classement d&eacute;fensif au cours de la saison r&eacute;guli&egrave;re et septi&egrave;me parmi 16 &eacute;quipes en s&eacute;ries &eacute;liminatoires.<\/p><h3>Un v&eacute;t&eacute;ran chevronn&eacute;<\/h3><p>JaVale McGee, un v&eacute;t&eacute;ran chevronn&eacute; avec 15 ans d&rsquo;exp&eacute;rience dans la NBA, d&eacute;tient des moyennes en carri&egrave;re de 7,8 points, 5,2 rebonds et 1,4 blocs par match. Il a disput&eacute; 42 matchs la saison derni&egrave;re avec les Mavericks de Dallas, signant un contrat de 17,2 millions de dollars sur trois ans &agrave; l&rsquo;&eacute;t&eacute; 2022.<\/p><p>Cependant, sa performance &agrave; Dallas a &eacute;t&eacute; d&eacute;cevante, avec des moyennes de 4,4 points, 2,5 rebonds, 0,3 bloc et seulement 8,5. minutes par match sur 42 matchs. Cela a soulev&eacute; des inqui&eacute;tudes quant &agrave; sa capacit&eacute; &agrave; reproduire la forme qu&rsquo;il a montr&eacute;e &agrave; Phoenix il y a deux saisons, o&ugrave; il a jou&eacute; un r&ocirc;le crucial derri&egrave;re Deandre Ayton lors de la finale NBA des Suns, avec une moyenne de 9,2 points, 6,7 rebonds, 1,1 blocs et 15,8 minutes par match. en 74 matchs de saison r&eacute;guli&egrave;re ou m&ecirc;me avec les Warriors il y a de cela plusieurs saisons.<\/p><h3>Un r&ocirc;le crucial &agrave; jouer<\/h3><p>Les Kings ont un besoin urgent de protection dans la raquette, de rebonds et d&rsquo;une longue pr&eacute;sence athl&eacute;tique qui peuvent aider &agrave; am&eacute;liorer leur d&eacute;fense, qui &eacute;tait l&rsquo;une des plus faibles de la ligue la saison derni&egrave;re.<\/p><p>JaVale McGee va retrouver l&rsquo;entra&icirc;neur des Kings Mike Brown lorsqu&rsquo;ils &eacute;taient ensemble avec les Golden State Warriors de 2016 &agrave; 2018.<\/p><p>Cette relation ant&eacute;rieure pourrait jouer un r&ocirc;le important. r&ocirc;le crucial dans l&rsquo;int&eacute;gration de McGee dans l&rsquo;&eacute;quipe et son impact potentiel sur le terrain.<\/p><p>Contrairement &agrave; son s&eacute;jour &agrave; Dallas, o&ugrave; l&rsquo;entra&icirc;neur Jason Kidd lui a donn&eacute; une place de titulaire et n&rsquo;a dur&eacute; que 10 matchs dans ce r&ocirc;le, JaVale McGee fera face &agrave; des attentes raisonnables &agrave; Sacramento. Il fera pression pour une place de rotation derri&egrave;re <a href=\"https:\/\/theplayoffs.news\/fr\/joueur\/domantas-sabonis-nba-6311884\/\" class=\"trk-cta-link\" data-cta-trk='{\"ctaType\":\"Link\",\"ctaSubType\":\"main\"}'><strong>Domantas Sabonis<\/strong><\/a>, en concurrence avec Alex Len et Nerlens Noel.<\/p><p>Cette situation pourrait &ecirc;tre plus adapt&eacute;e au joueur de 35 ans, car elle ne lui met pas de pression excessive mais lui permet tout de m&ecirc;me de contribuer de mani&egrave;re significative &agrave; l&rsquo;&eacute;quipe.<\/p><p>Les Kings ont de l&rsquo;ambition pour cette saison 2023-24 et les r&eacute;centes signatures le d&eacute;montrent. Ils ne veulent pas que la saison derni&egrave;re n&rsquo;ait &eacute;t&eacute; qu&rsquo;une simple anomalie apr&egrave;s tant d&rsquo;ann&eacute;e d&rsquo;&eacute;chec.<\/p><p>&nbsp;<\/p><p><em>Credit: Jerome Miron-USA TODAY Sports<\/em><\/p>\n","protected":false},"excerpt":{"rendered":"","protected":false},"author":13,"featured_media":852889,"comment_status":"open","ping_status":"closed","sticky":false,"template":"","format":"standard","meta":{"inline_featured_image":false,"kia_subtitle":"","_mux_skip_reasons":[],"proofreadBy":0,"footnotes":""},"categories":[110,10],"tags":[2761,698],"sport":[],"saison":[],"class_list":["post-852641","post","type-post","status-publish","format-standard","has-post-thumbnail","hentry","category-actualite-nba","category-nba","tag-javale-mcgee","tag-sacramento-kings"],"acf":[],"yoast_head":"<!-- This site is optimized with the Yoast SEO plugin v24.2 - https:\/\/yoast.com\/wordpress\/plugins\/seo\/ -->\n<title>JaVale McGee rejoint les Kings de Sacramento - The Playoffs FR<\/title>\n<meta name=\"robots\" content=\"index, follow, max-snippet:-1, max-image-preview:large, max-video-preview:-1\" \/>\n<link rel=\"canonical\" href=\"https:\/\/theplayoffs.news\/fr\/actualite-nba\/javale-mcgee-rejoint-kings-de-sacramento\/\" \/>\n<meta property=\"og:locale\" content=\"fr_FR\" \/>\n<meta property=\"og:type\" content=\"article\" \/>\n<meta property=\"og:title\" content=\"JaVale McGee rejoint les Kings de Sacramento - The Playoffs FR\" \/>\n<meta property=\"og:url\" content=\"https:\/\/theplayoffs.news\/fr\/actualite-nba\/javale-mcgee-rejoint-kings-de-sacramento\/\" \/>\n<meta property=\"og:site_name\" content=\"The Playoffs FR\" \/>\n<meta property=\"article:publisher\" content=\"https:\/\/www.facebook.com\/TheFreeAgentFR\/\" \/>\n<meta property=\"article:modified_time\" content=\"2023-09-01T10:13:19+02:00\" \/>\n<meta property=\"og:image\" content=\"https:\/\/theplayoffs.news\/fr\/wp-content\/uploads\/2023\/09\/USATSI_20418745.jpg\" \/>\n\t<meta property=\"og:image:width\" content=\"1920\" \/>\n\t<meta property=\"og:image:height\" content=\"1280\" \/>\n\t<meta property=\"og:image:type\" content=\"image\/jpeg\" \/>\n<meta name=\"author\" content=\"Charles Taudin\" \/>\n<meta name=\"twitter:card\" content=\"summary_large_image\" \/>\n<meta name=\"twitter:creator\" content=\"@TheFreeAgentFR\" \/>\n<meta name=\"twitter:site\" content=\"@TheFreeAgentFR\" \/>\n<meta name=\"twitter:label1\" content=\"\u00c9crit par\" \/>\n\t<meta name=\"twitter:data1\" content=\"Charles Taudin\" \/>\n\t<meta name=\"twitter:label2\" content=\"Dur\u00e9e de lecture estim\u00e9e\" \/>\n\t<meta name=\"twitter:data2\" content=\"2 minutes\" \/>\n<script type=\"application\/ld+json\" class=\"yoast-schema-graph\">{\"@context\":\"https:\/\/schema.org\",\"@graph\":[{\"@type\":\"WebPage\",\"@id\":\"https:\/\/theplayoffs.news\/fr\/actualite-nba\/javale-mcgee-rejoint-kings-de-sacramento\/\",\"url\":\"https:\/\/theplayoffs.news\/fr\/actualite-nba\/javale-mcgee-rejoint-kings-de-sacramento\/\",\"name\":\"JaVale McGee rejoint les Kings de Sacramento - The Playoffs FR\",\"isPartOf\":{\"@id\":\"https:\/\/theplayoffs.news\/fr\/#website\"},\"primaryImageOfPage\":{\"@id\":\"https:\/\/theplayoffs.news\/fr\/actualite-nba\/javale-mcgee-rejoint-kings-de-sacramento\/#primaryimage\"},\"image\":{\"@id\":\"https:\/\/theplayoffs.news\/fr\/actualite-nba\/javale-mcgee-rejoint-kings-de-sacramento\/#primaryimage\"},\"thumbnailUrl\":\"https:\/\/theplayoffs.news\/fr\/wp-content\/uploads\/2023\/09\/USATSI_20418745.jpg\",\"datePublished\":\"2023-09-01T08:13:18+00:00\",\"dateModified\":\"2023-09-01T08:13:19+00:00\",\"author\":{\"@id\":\"https:\/\/theplayoffs.news\/fr\/#\/schema\/person\/eee5b69ad5d3c51cabe881c839dbe133\"},\"breadcrumb\":{\"@id\":\"https:\/\/theplayoffs.news\/fr\/actualite-nba\/javale-mcgee-rejoint-kings-de-sacramento\/#breadcrumb\"},\"inLanguage\":\"fr-FR\",\"potentialAction\":[{\"@type\":\"ReadAction\",\"target\":[\"https:\/\/theplayoffs.news\/fr\/actualite-nba\/javale-mcgee-rejoint-kings-de-sacramento\/\"]}]},{\"@type\":\"ImageObject\",\"inLanguage\":\"fr-FR\",\"@id\":\"https:\/\/theplayoffs.news\/fr\/actualite-nba\/javale-mcgee-rejoint-kings-de-sacramento\/#primaryimage\",\"url\":\"https:\/\/theplayoffs.news\/fr\/wp-content\/uploads\/2023\/09\/USATSI_20418745.jpg\",\"contentUrl\":\"https:\/\/theplayoffs.news\/fr\/wp-content\/uploads\/2023\/09\/USATSI_20418745.jpg\",\"width\":1920,\"height\":1280,\"caption\":\"Apr 7, 2023; Dallas, Texas, USA; Dallas Mavericks center JaVale McGee (00) celebrates after making a three point shot against the Chicago Bulls during the first half at the American Airlines Center. Mandatory Credit: Jerome Miron-USA TODAY Sports\"},{\"@type\":\"BreadcrumbList\",\"@id\":\"https:\/\/theplayoffs.news\/fr\/actualite-nba\/javale-mcgee-rejoint-kings-de-sacramento\/#breadcrumb\",\"itemListElement\":[{\"@type\":\"ListItem\",\"position\":1,\"name\":\"Accueil\",\"item\":\"https:\/\/theplayoffs.news\/fr\/\"},{\"@type\":\"ListItem\",\"position\":2,\"name\":\"JaVale McGee rejoint les Kings de Sacramento\"}]},{\"@type\":\"WebSite\",\"@id\":\"https:\/\/theplayoffs.news\/fr\/#website\",\"url\":\"https:\/\/theplayoffs.news\/fr\/\",\"name\":\"The Playoffs FR\",\"description\":\"NBA-NFL-NHL-MLB\",\"potentialAction\":[{\"@type\":\"SearchAction\",\"target\":{\"@type\":\"EntryPoint\",\"urlTemplate\":\"https:\/\/theplayoffs.news\/fr\/?s={search_term_string}\"},\"query-input\":{\"@type\":\"PropertyValueSpecification\",\"valueRequired\":true,\"valueName\":\"search_term_string\"}}],\"inLanguage\":\"fr-FR\"},{\"@type\":\"Person\",\"@id\":\"https:\/\/theplayoffs.news\/fr\/#\/schema\/person\/eee5b69ad5d3c51cabe881c839dbe133\",\"name\":\"Charles Taudin\",\"image\":{\"@type\":\"ImageObject\",\"inLanguage\":\"fr-FR\",\"@id\":\"https:\/\/theplayoffs.news\/fr\/#\/schema\/person\/image\/\",\"url\":\"https:\/\/secure.gravatar.com\/avatar\/59a1e772205ce9fd255edfcafc93013736822e20261f294c5753b20c41ede9f2?s=96&d=mm&r=g\",\"contentUrl\":\"https:\/\/secure.gravatar.com\/avatar\/59a1e772205ce9fd255edfcafc93013736822e20261f294c5753b20c41ede9f2?s=96&d=mm&r=g\",\"caption\":\"Charles Taudin\"},\"description\":\"R\u00e9dacteur en chef global de The Playoffs, j\u2019ai cr\u00e9\u00e9 The Free Agent, devenu The Playoffs FR, en 2020 durant la pand\u00e9mie. Amoureux depuis des ann\u00e9es des 4 sports majeurs am\u00e9ricains, j\u2019organise maintenant la strat\u00e9gie \u00e9ditoriale et les r\u00e9seaux sociaux de l\u2019ensemble des versions de The Playoffs. Il m\u2019arrive encore d\u2019\u00e9crire sur certains sports que j\u2019affectionne particuli\u00e8rement comme la NFL ou la MLB. Si vous devez retenir qu\u2019une chose : Eli Manning est le vrai GOAT pour avoir battu deux fois Tom Brady.\",\"sameAs\":[\"https:\/\/www.instagram.com\/ctaudin_\/\"],\"url\":\"https:\/\/theplayoffs.news\/fr\/author\/charles-taudin\/\"}]}<\/script>\n<!-- \/ Yoast SEO plugin. -->","yoast_head_json":{"title":"JaVale McGee rejoint les Kings de Sacramento - The Playoffs FR","robots":{"index":"index","follow":"follow","max-snippet":"max-snippet:-1","max-image-preview":"max-image-preview:large","max-video-preview":"max-video-preview:-1"},"canonical":"https:\/\/theplayoffs.news\/fr\/actualite-nba\/javale-mcgee-rejoint-kings-de-sacramento\/","og_locale":"fr_FR","og_type":"article","og_title":"JaVale McGee rejoint les Kings de Sacramento - The Playoffs FR","og_url":"https:\/\/theplayoffs.news\/fr\/actualite-nba\/javale-mcgee-rejoint-kings-de-sacramento\/","og_site_name":"The Playoffs FR","article_publisher":"https:\/\/www.facebook.com\/TheFreeAgentFR\/","article_modified_time":"2023-09-01T08:13:19+00:00","og_image":[{"width":1920,"height":1280,"url":"https:\/\/theplayoffs.news\/fr\/wp-content\/uploads\/2023\/09\/USATSI_20418745.jpg","type":"image\/jpeg"}],"author":"Charles Taudin","twitter_card":"summary_large_image","twitter_creator":"@TheFreeAgentFR","twitter_site":"@TheFreeAgentFR","twitter_misc":{"\u00c9crit par":"Charles Taudin","Dur\u00e9e de lecture estim\u00e9e":"2 minutes"},"schema":{"@context":"https:\/\/schema.org","@graph":[{"@type":"WebPage","@id":"https:\/\/theplayoffs.news\/fr\/actualite-nba\/javale-mcgee-rejoint-kings-de-sacramento\/","url":"https:\/\/theplayoffs.news\/fr\/actualite-nba\/javale-mcgee-rejoint-kings-de-sacramento\/","name":"JaVale McGee rejoint les Kings de Sacramento - The Playoffs FR","isPartOf":{"@id":"https:\/\/theplayoffs.news\/fr\/#website"},"primaryImageOfPage":{"@id":"https:\/\/theplayoffs.news\/fr\/actualite-nba\/javale-mcgee-rejoint-kings-de-sacramento\/#primaryimage"},"image":{"@id":"https:\/\/theplayoffs.news\/fr\/actualite-nba\/javale-mcgee-rejoint-kings-de-sacramento\/#primaryimage"},"thumbnailUrl":"https:\/\/theplayoffs.news\/fr\/wp-content\/uploads\/2023\/09\/USATSI_20418745.jpg","datePublished":"2023-09-01T08:13:18+00:00","dateModified":"2023-09-01T08:13:19+00:00","author":{"@id":"https:\/\/theplayoffs.news\/fr\/#\/schema\/person\/eee5b69ad5d3c51cabe881c839dbe133"},"breadcrumb":{"@id":"https:\/\/theplayoffs.news\/fr\/actualite-nba\/javale-mcgee-rejoint-kings-de-sacramento\/#breadcrumb"},"inLanguage":"fr-FR","potentialAction":[{"@type":"ReadAction","target":["https:\/\/theplayoffs.news\/fr\/actualite-nba\/javale-mcgee-rejoint-kings-de-sacramento\/"]}]},{"@type":"ImageObject","inLanguage":"fr-FR","@id":"https:\/\/theplayoffs.news\/fr\/actualite-nba\/javale-mcgee-rejoint-kings-de-sacramento\/#primaryimage","url":"https:\/\/theplayoffs.news\/fr\/wp-content\/uploads\/2023\/09\/USATSI_20418745.jpg","contentUrl":"https:\/\/theplayoffs.news\/fr\/wp-content\/uploads\/2023\/09\/USATSI_20418745.jpg","width":1920,"height":1280,"caption":"Apr 7, 2023; Dallas, Texas, USA; Dallas Mavericks center JaVale McGee (00) celebrates after making a three point shot against the Chicago Bulls during the first half at the American Airlines Center. Mandatory Credit: Jerome Miron-USA TODAY Sports"},{"@type":"BreadcrumbList","@id":"https:\/\/theplayoffs.news\/fr\/actualite-nba\/javale-mcgee-rejoint-kings-de-sacramento\/#breadcrumb","itemListElement":[{"@type":"ListItem","position":1,"name":"Accueil","item":"https:\/\/theplayoffs.news\/fr\/"},{"@type":"ListItem","position":2,"name":"JaVale McGee rejoint les Kings de Sacramento"}]},{"@type":"WebSite","@id":"https:\/\/theplayoffs.news\/fr\/#website","url":"https:\/\/theplayoffs.news\/fr\/","name":"The Playoffs FR","description":"NBA-NFL-NHL-MLB","potentialAction":[{"@type":"SearchAction","target":{"@type":"EntryPoint","urlTemplate":"https:\/\/theplayoffs.news\/fr\/?s={search_term_string}"},"query-input":{"@type":"PropertyValueSpecification","valueRequired":true,"valueName":"search_term_string"}}],"inLanguage":"fr-FR"},{"@type":"Person","@id":"https:\/\/theplayoffs.news\/fr\/#\/schema\/person\/eee5b69ad5d3c51cabe881c839dbe133","name":"Charles Taudin","image":{"@type":"ImageObject","inLanguage":"fr-FR","@id":"https:\/\/theplayoffs.news\/fr\/#\/schema\/person\/image\/","url":"https:\/\/secure.gravatar.com\/avatar\/59a1e772205ce9fd255edfcafc93013736822e20261f294c5753b20c41ede9f2?s=96&d=mm&r=g","contentUrl":"https:\/\/secure.gravatar.com\/avatar\/59a1e772205ce9fd255edfcafc93013736822e20261f294c5753b20c41ede9f2?s=96&d=mm&r=g","caption":"Charles Taudin"},"description":"R\u00e9dacteur en chef global de The Playoffs, j\u2019ai cr\u00e9\u00e9 The Free Agent, devenu The Playoffs FR, en 2020 durant la pand\u00e9mie. Amoureux depuis des ann\u00e9es des 4 sports majeurs am\u00e9ricains, j\u2019organise maintenant la strat\u00e9gie \u00e9ditoriale et les r\u00e9seaux sociaux de l\u2019ensemble des versions de The Playoffs. Il m\u2019arrive encore d\u2019\u00e9crire sur certains sports que j\u2019affectionne particuli\u00e8rement comme la NFL ou la MLB. Si vous devez retenir qu\u2019une chose : Eli Manning est le vrai GOAT pour avoir battu deux fois Tom Brady.","sameAs":["https:\/\/www.instagram.com\/ctaudin_\/"],"url":"https:\/\/theplayoffs.news\/fr\/author\/charles-taudin\/"}]}},"_links":{"self":[{"href":"https:\/\/theplayoffs.news\/fr\/wp-json\/wp\/v2\/posts\/852641","targetHints":{"allow":["GET"]}}],"collection":[{"href":"https:\/\/theplayoffs.news\/fr\/wp-json\/wp\/v2\/posts"}],"about":[{"href":"https:\/\/theplayoffs.news\/fr\/wp-json\/wp\/v2\/types\/post"}],"author":[{"embeddable":true,"href":"https:\/\/theplayoffs.news\/fr\/wp-json\/wp\/v2\/users\/13"}],"replies":[{"embeddable":true,"href":"https:\/\/theplayoffs.news\/fr\/wp-json\/wp\/v2\/comments?post=852641"}],"version-history":[{"count":2,"href":"https:\/\/theplayoffs.news\/fr\/wp-json\/wp\/v2\/posts\/852641\/revisions"}],"predecessor-version":[{"id":852903,"href":"https:\/\/theplayoffs.news\/fr\/wp-json\/wp\/v2\/posts\/852641\/revisions\/852903"}],"wp:featuredmedia":[{"embeddable":true,"href":"https:\/\/theplayoffs.news\/fr\/wp-json\/wp\/v2\/media\/852889"}],"wp:attachment":[{"href":"https:\/\/theplayoffs.news\/fr\/wp-json\/wp\/v2\/media?parent=852641"}],"wp:term":[{"taxonomy":"category","embeddable":true,"href":"https:\/\/theplayoffs.news\/fr\/wp-json\/wp\/v2\/categories?post=852641"},{"taxonomy":"post_tag","embeddable":true,"href":"https:\/\/theplayoffs.news\/fr\/wp-json\/wp\/v2\/tags?post=852641"},{"taxonomy":"sport","embeddable":true,"href":"https:\/\/theplayoffs.news\/fr\/wp-json\/wp\/v2\/sport?post=852641"},{"taxonomy":"saison","embeddable":true,"href":"https:\/\/theplayoffs.news\/fr\/wp-json\/wp\/v2\/saison?post=852641"}],"curies":[{"name":"wp","href":"https:\/\/api.w.org\/{rel}","templated":true}]}}