{"id":852528,"date":"2023-09-01T08:56:45","date_gmt":"2023-09-01T06:56:45","guid":{"rendered":"https:\/\/theplayoffs.news\/fr\/?p=852528"},"modified":"2023-09-01T08:56:46","modified_gmt":"2023-09-01T06:56:46","slug":"cooper-kupp-fait-face-a-un-autre-revers-pour-son-retour","status":"publish","type":"post","link":"https:\/\/theplayoffs.news\/fr\/actualite-nfl\/cooper-kupp-fait-face-a-un-autre-revers-pour-son-retour\/","title":{"rendered":"Cooper Kupp fait face \u00e0 un autre revers pour son retour"},"content":{"rendered":"<h2>Les Rams de Los Angeles pourraient entamer la nouvelle saison avec un joueur important sur le banc.<\/h2><p>Le receveur vedette Cooper Kupp, une figure cl&eacute; de la formation offensive des Rams, a subi un revers dans sa convalescence suite &agrave; une blessure aux ischio-jambiers, a annonc&eacute; jeudi l&rsquo;entra&icirc;neur-chef Sean McVay.<\/p><h3>Une s&eacute;rie d&rsquo;&eacute;v&eacute;nements malheureux<\/h3><p>La r&eacute;cente blessure aux ischio-jambiers de <a href=\"https:\/\/theplayoffs.news\/fr\/joueur\/cooper-kupp-nfl-5954374\/\" class=\"trk-cta-link\" data-cta-trk='{\"ctaType\":\"Link\",\"ctaSubType\":\"main\"}'><strong>Cooper Kupp<\/strong><\/a> n&rsquo;est pas le premier obstacle auquel il est confront&eacute; dans sa carri&egrave;re. Le joueur de 30 ans a &eacute;galement subi une entorse &agrave; la cheville qui a mis fin &agrave; la saison l&rsquo;ann&eacute;e derni&egrave;re, ce qui a n&eacute;cessit&eacute; une intervention chirurgicale et lui a fait manquer les OTA du printemps.<\/p><p>Cooper Kupp a r&eacute;v&eacute;l&eacute; qu&rsquo;il avait manqu&eacute; les OTA &eacute;galement pour passer du temps avec sa femme, Anna, alors qu&rsquo;ils accueillaient un nouveau b&eacute;b&eacute;. Cependant, son retour au camp d&rsquo;entra&icirc;nement a &eacute;t&eacute; g&acirc;ch&eacute; par un &laquo; tiraillement &raquo; aux ischio-jambiers lors d&rsquo;exercices individuels en red zone, entra&icirc;nant une tension musculaire, comme l&rsquo;a confirm&eacute; McVay.<\/p><p>Malgr&eacute; ses blessures pass&eacute;es, Cooper Kupp a &eacute;t&eacute; un joueur crucial pour les Rams, repr&eacute;sentant plus d&rsquo;un tiers de la part des cible de l&rsquo;&eacute;quipe en 2022 avant sa blessure &agrave; la cheville. L&rsquo;entra&icirc;neur McVay a exprim&eacute; l&rsquo;approche prudente de l&rsquo;&eacute;quipe concernant la r&eacute;cup&eacute;ration de Kupp, <a href=\"https:\/\/twitter.com\/RamsNFL\/status\/1697359794884288599?ref_src=twsrc%5Etfw%7Ctwcamp%5Etweetembed%7Ctwterm%5E1697359794884288599%7Ctwgr%5E9e3c7c862f91bb72faa49327d4e37cea66794f26%7Ctwcon%5Es1_c10&amp;ref_url=https%3A%2F%2Ftheathletic.com%2F4823885%2F2023%2F08%2F31%2Fcooper-kupp-rams-injury-setback%2F\" class=\"trk-cta-link\" data-cta-trk='{\"ctaType\":\"Link\",\"ctaSubType\":\"main\"}'>d&eacute;clarant<\/a> :<\/p><blockquote><p>&laquo; C&rsquo;est juste d&eacute;licat, il y a une diff&eacute;rence entre &laquo; retour au jeu &raquo; et &laquo; retour &agrave; la performance &raquo;. Nous voulons un &laquo; retour &agrave; la performance &raquo; pour Cooper Kupp, et nous savons &agrave; quel point il est sp&eacute;cial en tant que joueur, &agrave; quel point il est sp&eacute;cial en tant que personne. &raquo;<\/p><\/blockquote><p>La franchise ne va en aucun cas se pr&eacute;cipiter pour le faire revenir &agrave; tout prix pour le 10 septembre.<\/p><h3>Impact sur les Rams<\/h3><p>La disponibilit&eacute; incertaine de Cooper Kupp pour le match d&rsquo;ouverture de la saison le 10 septembre &agrave; Seattle pourrait avoir des r&eacute;percussions importantes pour les Rams. L&rsquo;&eacute;quipe, qui a subi une refonte importante de sa d&eacute;fense cette intersaison, consid&egrave;re Kupp, aux c&ocirc;t&eacute;s d&rsquo;Aaron Donald et Matthew Stafford, comme des &laquo;&nbsp;murs porteurs&nbsp;&raquo; pour la prochaine saison 2023.<\/p><p>McVay a reconnu l&rsquo;importance de Cooper Kupp pour l&rsquo;&eacute;quipe, d&eacute;clarant : &laquo;&nbsp;<em>Nous sommes &eacute;videmment une bien meilleure &eacute;quipe lorsqu&rsquo;il est disponible.<\/em>&nbsp;&raquo;<\/p><p>En l&rsquo;absence de Kupp, Van Jefferson assumerait probablement le r&ocirc;le de receveur n&deg;1, tandis que Tutu Atwell et Puka Nacua deviendraient n&deg;2 et 3. Le receveur <a href=\"https:\/\/theplayoffs.news\/fr\/joueur\/ben-skowronek-nfl-8071312\/\" class=\"trk-cta-link\" data-cta-trk='{\"ctaType\":\"Link\",\"ctaSubType\":\"main\"}'><strong>Ben Skowronek<\/strong><\/a> verrait probablement plus d&rsquo;action dans les &eacute;quipes sp&eacute;ciales cette saison, bien qu&rsquo;il soit familier. avec chaque position de r&eacute;ception.<\/p><p><em>Credit: Jayne Kamin-Oncea-USA TODAY Sports<\/em><\/p>\n","protected":false},"excerpt":{"rendered":"","protected":false},"author":13,"featured_media":852557,"comment_status":"open","ping_status":"closed","sticky":false,"template":"","format":"standard","meta":{"inline_featured_image":false,"kia_subtitle":"","_mux_skip_reasons":[],"proofreadBy":0,"footnotes":""},"categories":[118,40],"tags":[934,695],"sport":[],"saison":[],"class_list":["post-852528","post","type-post","status-publish","format-standard","has-post-thumbnail","hentry","category-actualite-nfl","category-nfl","tag-cooper-kupp","tag-los-angeles-rams"],"acf":[],"yoast_head":"<!-- This site is optimized with the Yoast SEO plugin v24.2 - https:\/\/yoast.com\/wordpress\/plugins\/seo\/ -->\n<title>Cooper Kupp fait face &agrave; un autre revers pour son retour - The Playoffs FR<\/title>\n<meta name=\"robots\" content=\"index, follow, max-snippet:-1, max-image-preview:large, max-video-preview:-1\" \/>\n<link rel=\"canonical\" href=\"https:\/\/theplayoffs.news\/fr\/actualite-nfl\/cooper-kupp-fait-face-a-un-autre-revers-pour-son-retour\/\" \/>\n<meta property=\"og:locale\" content=\"fr_FR\" \/>\n<meta property=\"og:type\" content=\"article\" \/>\n<meta property=\"og:title\" content=\"Cooper Kupp fait face &agrave; un autre revers pour son retour - The Playoffs FR\" \/>\n<meta property=\"og:url\" content=\"https:\/\/theplayoffs.news\/fr\/actualite-nfl\/cooper-kupp-fait-face-a-un-autre-revers-pour-son-retour\/\" \/>\n<meta property=\"og:site_name\" content=\"The Playoffs FR\" \/>\n<meta property=\"article:publisher\" content=\"https:\/\/www.facebook.com\/TheFreeAgentFR\/\" \/>\n<meta property=\"article:modified_time\" content=\"2023-09-01T08:56:46+02:00\" \/>\n<meta property=\"og:image\" content=\"https:\/\/theplayoffs.news\/fr\/wp-content\/uploads\/2023\/09\/USATSI_21194769.jpg\" \/>\n\t<meta property=\"og:image:width\" content=\"1920\" \/>\n\t<meta property=\"og:image:height\" content=\"1327\" \/>\n\t<meta property=\"og:image:type\" content=\"image\/jpeg\" \/>\n<meta name=\"author\" content=\"Charles Taudin\" \/>\n<meta name=\"twitter:card\" content=\"summary_large_image\" \/>\n<meta name=\"twitter:creator\" content=\"@TheFreeAgentFR\" \/>\n<meta name=\"twitter:site\" content=\"@TheFreeAgentFR\" \/>\n<meta name=\"twitter:label1\" content=\"\u00c9crit par\" \/>\n\t<meta name=\"twitter:data1\" content=\"Charles Taudin\" \/>\n\t<meta name=\"twitter:label2\" content=\"Dur\u00e9e de lecture estim\u00e9e\" \/>\n\t<meta name=\"twitter:data2\" content=\"2 minutes\" \/>\n<script type=\"application\/ld+json\" class=\"yoast-schema-graph\">{\"@context\":\"https:\/\/schema.org\",\"@graph\":[{\"@type\":\"WebPage\",\"@id\":\"https:\/\/theplayoffs.news\/fr\/actualite-nfl\/cooper-kupp-fait-face-a-un-autre-revers-pour-son-retour\/\",\"url\":\"https:\/\/theplayoffs.news\/fr\/actualite-nfl\/cooper-kupp-fait-face-a-un-autre-revers-pour-son-retour\/\",\"name\":\"Cooper Kupp fait face \u00e0 un autre revers pour son retour - The Playoffs FR\",\"isPartOf\":{\"@id\":\"https:\/\/theplayoffs.news\/fr\/#website\"},\"primaryImageOfPage\":{\"@id\":\"https:\/\/theplayoffs.news\/fr\/actualite-nfl\/cooper-kupp-fait-face-a-un-autre-revers-pour-son-retour\/#primaryimage\"},\"image\":{\"@id\":\"https:\/\/theplayoffs.news\/fr\/actualite-nfl\/cooper-kupp-fait-face-a-un-autre-revers-pour-son-retour\/#primaryimage\"},\"thumbnailUrl\":\"https:\/\/theplayoffs.news\/fr\/wp-content\/uploads\/2023\/09\/USATSI_21194769.jpg\",\"datePublished\":\"2023-09-01T06:56:45+00:00\",\"dateModified\":\"2023-09-01T06:56:46+00:00\",\"author\":{\"@id\":\"https:\/\/theplayoffs.news\/fr\/#\/schema\/person\/eee5b69ad5d3c51cabe881c839dbe133\"},\"breadcrumb\":{\"@id\":\"https:\/\/theplayoffs.news\/fr\/actualite-nfl\/cooper-kupp-fait-face-a-un-autre-revers-pour-son-retour\/#breadcrumb\"},\"inLanguage\":\"fr-FR\",\"potentialAction\":[{\"@type\":\"ReadAction\",\"target\":[\"https:\/\/theplayoffs.news\/fr\/actualite-nfl\/cooper-kupp-fait-face-a-un-autre-revers-pour-son-retour\/\"]}]},{\"@type\":\"ImageObject\",\"inLanguage\":\"fr-FR\",\"@id\":\"https:\/\/theplayoffs.news\/fr\/actualite-nfl\/cooper-kupp-fait-face-a-un-autre-revers-pour-son-retour\/#primaryimage\",\"url\":\"https:\/\/theplayoffs.news\/fr\/wp-content\/uploads\/2023\/09\/USATSI_21194769.jpg\",\"contentUrl\":\"https:\/\/theplayoffs.news\/fr\/wp-content\/uploads\/2023\/09\/USATSI_21194769.jpg\",\"width\":1920,\"height\":1327,\"caption\":\"Aug 12, 2023; Inglewood, California, USA; Los Angeles Rams wide receiver Cooper Kupp (10) looks on from the field prior to the game against the Los Angeles Chargers at SoFi Stadium. Mandatory Credit: Jayne Kamin-Oncea-USA TODAY Sports\"},{\"@type\":\"BreadcrumbList\",\"@id\":\"https:\/\/theplayoffs.news\/fr\/actualite-nfl\/cooper-kupp-fait-face-a-un-autre-revers-pour-son-retour\/#breadcrumb\",\"itemListElement\":[{\"@type\":\"ListItem\",\"position\":1,\"name\":\"Accueil\",\"item\":\"https:\/\/theplayoffs.news\/fr\/\"},{\"@type\":\"ListItem\",\"position\":2,\"name\":\"Cooper Kupp fait face \u00e0 un autre revers pour son retour\"}]},{\"@type\":\"WebSite\",\"@id\":\"https:\/\/theplayoffs.news\/fr\/#website\",\"url\":\"https:\/\/theplayoffs.news\/fr\/\",\"name\":\"The Playoffs FR\",\"description\":\"NBA-NFL-NHL-MLB\",\"potentialAction\":[{\"@type\":\"SearchAction\",\"target\":{\"@type\":\"EntryPoint\",\"urlTemplate\":\"https:\/\/theplayoffs.news\/fr\/?s={search_term_string}\"},\"query-input\":{\"@type\":\"PropertyValueSpecification\",\"valueRequired\":true,\"valueName\":\"search_term_string\"}}],\"inLanguage\":\"fr-FR\"},{\"@type\":\"Person\",\"@id\":\"https:\/\/theplayoffs.news\/fr\/#\/schema\/person\/eee5b69ad5d3c51cabe881c839dbe133\",\"name\":\"Charles Taudin\",\"image\":{\"@type\":\"ImageObject\",\"inLanguage\":\"fr-FR\",\"@id\":\"https:\/\/theplayoffs.news\/fr\/#\/schema\/person\/image\/\",\"url\":\"https:\/\/secure.gravatar.com\/avatar\/59a1e772205ce9fd255edfcafc93013736822e20261f294c5753b20c41ede9f2?s=96&d=mm&r=g\",\"contentUrl\":\"https:\/\/secure.gravatar.com\/avatar\/59a1e772205ce9fd255edfcafc93013736822e20261f294c5753b20c41ede9f2?s=96&d=mm&r=g\",\"caption\":\"Charles Taudin\"},\"description\":\"R\u00e9dacteur en chef global de The Playoffs, j\u2019ai cr\u00e9\u00e9 The Free Agent, devenu The Playoffs FR, en 2020 durant la pand\u00e9mie. Amoureux depuis des ann\u00e9es des 4 sports majeurs am\u00e9ricains, j\u2019organise maintenant la strat\u00e9gie \u00e9ditoriale et les r\u00e9seaux sociaux de l\u2019ensemble des versions de The Playoffs. Il m\u2019arrive encore d\u2019\u00e9crire sur certains sports que j\u2019affectionne particuli\u00e8rement comme la NFL ou la MLB. Si vous devez retenir qu\u2019une chose : Eli Manning est le vrai GOAT pour avoir battu deux fois Tom Brady.\",\"sameAs\":[\"https:\/\/www.instagram.com\/ctaudin_\/\"],\"url\":\"https:\/\/theplayoffs.news\/fr\/author\/charles-taudin\/\"}]}<\/script>\n<!-- \/ Yoast SEO plugin. -->","yoast_head_json":{"title":"Cooper Kupp fait face &agrave; un autre revers pour son retour - The Playoffs FR","robots":{"index":"index","follow":"follow","max-snippet":"max-snippet:-1","max-image-preview":"max-image-preview:large","max-video-preview":"max-video-preview:-1"},"canonical":"https:\/\/theplayoffs.news\/fr\/actualite-nfl\/cooper-kupp-fait-face-a-un-autre-revers-pour-son-retour\/","og_locale":"fr_FR","og_type":"article","og_title":"Cooper Kupp fait face &agrave; un autre revers pour son retour - The Playoffs FR","og_url":"https:\/\/theplayoffs.news\/fr\/actualite-nfl\/cooper-kupp-fait-face-a-un-autre-revers-pour-son-retour\/","og_site_name":"The Playoffs FR","article_publisher":"https:\/\/www.facebook.com\/TheFreeAgentFR\/","article_modified_time":"2023-09-01T06:56:46+00:00","og_image":[{"width":1920,"height":1327,"url":"https:\/\/theplayoffs.news\/fr\/wp-content\/uploads\/2023\/09\/USATSI_21194769.jpg","type":"image\/jpeg"}],"author":"Charles Taudin","twitter_card":"summary_large_image","twitter_creator":"@TheFreeAgentFR","twitter_site":"@TheFreeAgentFR","twitter_misc":{"\u00c9crit par":"Charles Taudin","Dur\u00e9e de lecture estim\u00e9e":"2 minutes"},"schema":{"@context":"https:\/\/schema.org","@graph":[{"@type":"WebPage","@id":"https:\/\/theplayoffs.news\/fr\/actualite-nfl\/cooper-kupp-fait-face-a-un-autre-revers-pour-son-retour\/","url":"https:\/\/theplayoffs.news\/fr\/actualite-nfl\/cooper-kupp-fait-face-a-un-autre-revers-pour-son-retour\/","name":"Cooper Kupp fait face \u00e0 un autre revers pour son retour - The Playoffs FR","isPartOf":{"@id":"https:\/\/theplayoffs.news\/fr\/#website"},"primaryImageOfPage":{"@id":"https:\/\/theplayoffs.news\/fr\/actualite-nfl\/cooper-kupp-fait-face-a-un-autre-revers-pour-son-retour\/#primaryimage"},"image":{"@id":"https:\/\/theplayoffs.news\/fr\/actualite-nfl\/cooper-kupp-fait-face-a-un-autre-revers-pour-son-retour\/#primaryimage"},"thumbnailUrl":"https:\/\/theplayoffs.news\/fr\/wp-content\/uploads\/2023\/09\/USATSI_21194769.jpg","datePublished":"2023-09-01T06:56:45+00:00","dateModified":"2023-09-01T06:56:46+00:00","author":{"@id":"https:\/\/theplayoffs.news\/fr\/#\/schema\/person\/eee5b69ad5d3c51cabe881c839dbe133"},"breadcrumb":{"@id":"https:\/\/theplayoffs.news\/fr\/actualite-nfl\/cooper-kupp-fait-face-a-un-autre-revers-pour-son-retour\/#breadcrumb"},"inLanguage":"fr-FR","potentialAction":[{"@type":"ReadAction","target":["https:\/\/theplayoffs.news\/fr\/actualite-nfl\/cooper-kupp-fait-face-a-un-autre-revers-pour-son-retour\/"]}]},{"@type":"ImageObject","inLanguage":"fr-FR","@id":"https:\/\/theplayoffs.news\/fr\/actualite-nfl\/cooper-kupp-fait-face-a-un-autre-revers-pour-son-retour\/#primaryimage","url":"https:\/\/theplayoffs.news\/fr\/wp-content\/uploads\/2023\/09\/USATSI_21194769.jpg","contentUrl":"https:\/\/theplayoffs.news\/fr\/wp-content\/uploads\/2023\/09\/USATSI_21194769.jpg","width":1920,"height":1327,"caption":"Aug 12, 2023; Inglewood, California, USA; Los Angeles Rams wide receiver Cooper Kupp (10) looks on from the field prior to the game against the Los Angeles Chargers at SoFi Stadium. Mandatory Credit: Jayne Kamin-Oncea-USA TODAY Sports"},{"@type":"BreadcrumbList","@id":"https:\/\/theplayoffs.news\/fr\/actualite-nfl\/cooper-kupp-fait-face-a-un-autre-revers-pour-son-retour\/#breadcrumb","itemListElement":[{"@type":"ListItem","position":1,"name":"Accueil","item":"https:\/\/theplayoffs.news\/fr\/"},{"@type":"ListItem","position":2,"name":"Cooper Kupp fait face \u00e0 un autre revers pour son retour"}]},{"@type":"WebSite","@id":"https:\/\/theplayoffs.news\/fr\/#website","url":"https:\/\/theplayoffs.news\/fr\/","name":"The Playoffs FR","description":"NBA-NFL-NHL-MLB","potentialAction":[{"@type":"SearchAction","target":{"@type":"EntryPoint","urlTemplate":"https:\/\/theplayoffs.news\/fr\/?s={search_term_string}"},"query-input":{"@type":"PropertyValueSpecification","valueRequired":true,"valueName":"search_term_string"}}],"inLanguage":"fr-FR"},{"@type":"Person","@id":"https:\/\/theplayoffs.news\/fr\/#\/schema\/person\/eee5b69ad5d3c51cabe881c839dbe133","name":"Charles Taudin","image":{"@type":"ImageObject","inLanguage":"fr-FR","@id":"https:\/\/theplayoffs.news\/fr\/#\/schema\/person\/image\/","url":"https:\/\/secure.gravatar.com\/avatar\/59a1e772205ce9fd255edfcafc93013736822e20261f294c5753b20c41ede9f2?s=96&d=mm&r=g","contentUrl":"https:\/\/secure.gravatar.com\/avatar\/59a1e772205ce9fd255edfcafc93013736822e20261f294c5753b20c41ede9f2?s=96&d=mm&r=g","caption":"Charles Taudin"},"description":"R\u00e9dacteur en chef global de The Playoffs, j\u2019ai cr\u00e9\u00e9 The Free Agent, devenu The Playoffs FR, en 2020 durant la pand\u00e9mie. Amoureux depuis des ann\u00e9es des 4 sports majeurs am\u00e9ricains, j\u2019organise maintenant la strat\u00e9gie \u00e9ditoriale et les r\u00e9seaux sociaux de l\u2019ensemble des versions de The Playoffs. Il m\u2019arrive encore d\u2019\u00e9crire sur certains sports que j\u2019affectionne particuli\u00e8rement comme la NFL ou la MLB. Si vous devez retenir qu\u2019une chose : Eli Manning est le vrai GOAT pour avoir battu deux fois Tom Brady.","sameAs":["https:\/\/www.instagram.com\/ctaudin_\/"],"url":"https:\/\/theplayoffs.news\/fr\/author\/charles-taudin\/"}]}},"_links":{"self":[{"href":"https:\/\/theplayoffs.news\/fr\/wp-json\/wp\/v2\/posts\/852528","targetHints":{"allow":["GET"]}}],"collection":[{"href":"https:\/\/theplayoffs.news\/fr\/wp-json\/wp\/v2\/posts"}],"about":[{"href":"https:\/\/theplayoffs.news\/fr\/wp-json\/wp\/v2\/types\/post"}],"author":[{"embeddable":true,"href":"https:\/\/theplayoffs.news\/fr\/wp-json\/wp\/v2\/users\/13"}],"replies":[{"embeddable":true,"href":"https:\/\/theplayoffs.news\/fr\/wp-json\/wp\/v2\/comments?post=852528"}],"version-history":[{"count":2,"href":"https:\/\/theplayoffs.news\/fr\/wp-json\/wp\/v2\/posts\/852528\/revisions"}],"predecessor-version":[{"id":852574,"href":"https:\/\/theplayoffs.news\/fr\/wp-json\/wp\/v2\/posts\/852528\/revisions\/852574"}],"wp:featuredmedia":[{"embeddable":true,"href":"https:\/\/theplayoffs.news\/fr\/wp-json\/wp\/v2\/media\/852557"}],"wp:attachment":[{"href":"https:\/\/theplayoffs.news\/fr\/wp-json\/wp\/v2\/media?parent=852528"}],"wp:term":[{"taxonomy":"category","embeddable":true,"href":"https:\/\/theplayoffs.news\/fr\/wp-json\/wp\/v2\/categories?post=852528"},{"taxonomy":"post_tag","embeddable":true,"href":"https:\/\/theplayoffs.news\/fr\/wp-json\/wp\/v2\/tags?post=852528"},{"taxonomy":"sport","embeddable":true,"href":"https:\/\/theplayoffs.news\/fr\/wp-json\/wp\/v2\/sport?post=852528"},{"taxonomy":"saison","embeddable":true,"href":"https:\/\/theplayoffs.news\/fr\/wp-json\/wp\/v2\/saison?post=852528"}],"curies":[{"name":"wp","href":"https:\/\/api.w.org\/{rel}","templated":true}]}}