{"id":849378,"date":"2023-08-31T07:43:13","date_gmt":"2023-08-31T05:43:13","guid":{"rendered":"https:\/\/theplayoffs.news\/fr\/?p=849378"},"modified":"2023-08-31T07:44:05","modified_gmt":"2023-08-31T05:44:05","slug":"relation-fracturee-jonathan-taylor-colts","status":"publish","type":"post","link":"https:\/\/theplayoffs.news\/fr\/actualite-nfl\/relation-fracturee-jonathan-taylor-colts\/","title":{"rendered":"La relation fractur\u00e9e de Jonathan Taylor avec les Colts : peut-elle \u00eatre r\u00e9par\u00e9e ?"},"content":{"rendered":"<h2>Les Colts d&rsquo;Indianapolis sont aux prises avec une situation complexe impliquant leur running back All-Pro, Jonathan Taylor.<\/h2><p>Une relation autrefois forte et mutuellement b&eacute;n&eacute;fique entre Taylor et l&rsquo;&eacute;quipe a d&eacute;g&eacute;n&eacute;r&eacute;, laissant les deux parties &agrave; la crois&eacute;e des chemins. Bien qu&rsquo;il reconnaisse la relation tendue, le directeur g&eacute;n&eacute;ral Chris Ballard a exprim&eacute; le souhait que Taylor revienne sur le terrain cette saison, reconnaissant qu&rsquo;un effort consid&eacute;rable est n&eacute;cessaire pour r&eacute;parer les obstacles.<\/p><h3>Un lien bris&eacute;<\/h3><p>La relation entre <a href=\"https:\/\/theplayoffs.news\/fr\/joueur\/jonathan-taylor-nfl-8484670\/\" class=\"trk-cta-link\" data-cta-trk='{\"ctaType\":\"Link\",\"ctaSubType\":\"main\"}'><strong>Jonathan Taylor<\/strong><\/a> et les Colts s&rsquo;est d&eacute;t&eacute;rior&eacute;e apr&egrave;s que l&rsquo;&eacute;quipe l&rsquo;a inform&eacute; en mai qu&rsquo;elle ne prolongerait pas son contrat cette intersaison. Cette d&eacute;cision, coupl&eacute;e &agrave; la demande ult&eacute;rieure d&rsquo;&eacute;change de Taylor et &agrave; son passage sur la liste des personnes physiquement incapables de performer (PUP), a entra&icirc;n&eacute; une situation tendue.<\/p><p>Malgr&eacute; le refus des offres de trade des Packers et des Dolphins qui n&rsquo;atteignaient pas le seuil souhait&eacute; par l&rsquo;&eacute;quipe, Ballard est cat&eacute;gorique sur la r&eacute;paration de la relation, louant Taylor comme un &laquo;&nbsp;&ecirc;tre humain tr&egrave;s respect&eacute; et vraiment bon&nbsp;&raquo; et un &laquo;&nbsp;putain de bon joueur de football&nbsp;&raquo;.<\/p><p>Cependant, la situation est compliqu&eacute;e par la demande commerciale continue de Jonathan Taylor et la r&eacute;ticence des Colts &agrave; le payer, du moins pour le moment. Bien que le label de franchise reste une option pour les Colts apr&egrave;s cette saison, Taylor se m&eacute;fie naturellement de ce r&eacute;sultat.<\/p><blockquote><p>&laquo;&nbsp;Je ne laisserai pas tomb&eacute; notre relation&nbsp;&raquo; a-t-il d&eacute;clar&eacute; <a href=\"https:\/\/www.espn.com\/nfl\/story\/_\/id\/38293698\/colts-gm-jonathan-taylor-holdout-sucks-team-player-fans\" class=\"trk-cta-link\" data-cta-trk='{\"ctaType\":\"Link\",\"ctaSubType\":\"main\"}'>via ESPN<\/a><\/p><\/blockquote><h3>Le chemin de la r&eacute;conciliation<\/h3><p>Ballard semble adopter une approche compatissante et r&eacute;aliste face &agrave; la situation. Reconnaissant que les d&eacute;saccords sur l&rsquo;argent sont courants et difficiles, il a exprim&eacute; sa profonde pr&eacute;occupation pour Jonathan Taylor et sa d&eacute;termination &agrave; ne pas abandonner leur relation.<\/p><p>Ballard a &eacute;galement reconnu que les deux parties auraient pu faire les choses diff&eacute;remment, mais a soulign&eacute; que bl&acirc;mer les autres ne serait pas productif. Il a compar&eacute; la situation &agrave; un d&eacute;saccord avec un ami proche ou un membre de la famille et a remis en question la sagesse de couper quelqu&rsquo;un de sa vie &agrave; cause d&rsquo;un seul conflit.<\/p><blockquote><p>C&rsquo;est une bonne question&nbsp;&raquo;, a-t-il d&eacute;clar&eacute;. &laquo;&nbsp;J&rsquo;y ai beaucoup r&eacute;fl&eacute;chi. &hellip; J&rsquo;ai senti que j&rsquo;&eacute;tais tr&egrave;s honn&ecirc;te dans toutes mes discussions. J&rsquo;ai r&eacute;fl&eacute;chi &agrave; ce que nous aurions pu faire diff&eacute;remment. Je suis s&ucirc;r que les deux c&ocirc;t&eacute;s vous diraient probablement : &laquo;&nbsp;Mec, j&rsquo;aurais aim&eacute; faire quelque chose d&rsquo;un peu diff&eacute;remment&nbsp;&raquo;. Mais la seule chose que je sais, c&rsquo;est que cela ne sert &agrave; rien ni &agrave; moi ni &agrave; personne de s&rsquo;asseoir et de dire : &laquo; C&rsquo;est la faute de quelqu&rsquo;un d&rsquo;autre &raquo;.<\/p><\/blockquote><p>Au lieu de cela, il semble pr&ocirc;ner le dialogue, la compr&eacute;hension et un effort mutuel pour aller de l&rsquo;avant.<\/p><p>&Agrave; l&rsquo;approche de la nouvelle saison, le statut de Joanthan Taylor reste incertain. M&ecirc;me s&rsquo;il continue sa r&eacute;&eacute;ducation apr&egrave;s son op&eacute;ration &agrave; la cheville l&rsquo;ann&eacute;e derni&egrave;re et n&rsquo;a pas annul&eacute; sa demande d&rsquo;&eacute;change, il y a une lueur d&rsquo;espoir que la relation puisse &ecirc;tre r&eacute;par&eacute;e. L&rsquo;attitude de Ballard sugg&egrave;re une volont&eacute; de r&eacute;soudre les probl&egrave;mes et de trouver une voie &agrave; suivre qui profite aux deux parties. Reste &agrave; savoir si John Irsay a le m&ecirc;me plan en t&ecirc;te que Ballard concernant l&rsquo;avenir de Jonathan Taylor.<\/p><p>Irsay a tout a fait le droit de laisser Jonathan Taylor aller au bout de son contrat rookie, le tagger une ou deux fois pour le conserver encore 2 ou 3 ans de plus. Mais Taylor n&rsquo;a clairement pas ce plan en t&ecirc;te<\/p><p>&nbsp;<\/p><p><em>Credit: Mykal McEldowney\/The Indianapolis Star-USA TODAY Sports<\/em><\/p>\n","protected":false},"excerpt":{"rendered":"","protected":false},"author":13,"featured_media":849392,"comment_status":"open","ping_status":"closed","sticky":false,"template":"","format":"standard","meta":{"inline_featured_image":false,"kia_subtitle":"","_mux_skip_reasons":[],"proofreadBy":0,"footnotes":""},"categories":[118,40],"tags":[509,984],"sport":[],"saison":[],"class_list":["post-849378","post","type-post","status-publish","format-standard","has-post-thumbnail","hentry","category-actualite-nfl","category-nfl","tag-indianapolis-colts","tag-jonathan-taylor"],"acf":[],"yoast_head":"<!-- This site is optimized with the Yoast SEO plugin v24.2 - https:\/\/yoast.com\/wordpress\/plugins\/seo\/ -->\n<title>La relation fractur&eacute;e de Jonathan Taylor avec les Colts : peut-elle &ecirc;tre r&eacute;par&eacute;e ? - The Playoffs FR<\/title>\n<meta name=\"robots\" content=\"index, follow, max-snippet:-1, max-image-preview:large, max-video-preview:-1\" \/>\n<link rel=\"canonical\" href=\"https:\/\/theplayoffs.news\/fr\/actualite-nfl\/relation-fracturee-jonathan-taylor-colts\/\" \/>\n<meta property=\"og:locale\" content=\"fr_FR\" \/>\n<meta property=\"og:type\" content=\"article\" \/>\n<meta property=\"og:title\" content=\"La relation fractur&eacute;e de Jonathan Taylor avec les Colts : peut-elle &ecirc;tre r&eacute;par&eacute;e ? - The Playoffs FR\" \/>\n<meta property=\"og:url\" content=\"https:\/\/theplayoffs.news\/fr\/actualite-nfl\/relation-fracturee-jonathan-taylor-colts\/\" \/>\n<meta property=\"og:site_name\" content=\"The Playoffs FR\" \/>\n<meta property=\"article:publisher\" content=\"https:\/\/www.facebook.com\/TheFreeAgentFR\/\" \/>\n<meta property=\"article:modified_time\" content=\"2023-08-31T07:44:05+02:00\" \/>\n<meta property=\"og:image\" content=\"https:\/\/theplayoffs.news\/fr\/wp-content\/uploads\/2023\/08\/USATSI_21101190.jpg\" \/>\n\t<meta property=\"og:image:width\" content=\"1920\" \/>\n\t<meta property=\"og:image:height\" content=\"1332\" \/>\n\t<meta property=\"og:image:type\" content=\"image\/jpeg\" \/>\n<meta name=\"author\" content=\"Charles Taudin\" \/>\n<meta name=\"twitter:card\" content=\"summary_large_image\" \/>\n<meta name=\"twitter:creator\" content=\"@TheFreeAgentFR\" \/>\n<meta name=\"twitter:site\" content=\"@TheFreeAgentFR\" \/>\n<meta name=\"twitter:label1\" content=\"\u00c9crit par\" \/>\n\t<meta name=\"twitter:data1\" content=\"Charles Taudin\" \/>\n\t<meta name=\"twitter:label2\" content=\"Dur\u00e9e de lecture estim\u00e9e\" \/>\n\t<meta name=\"twitter:data2\" content=\"3 minutes\" \/>\n<script type=\"application\/ld+json\" class=\"yoast-schema-graph\">{\"@context\":\"https:\/\/schema.org\",\"@graph\":[{\"@type\":\"WebPage\",\"@id\":\"https:\/\/theplayoffs.news\/fr\/actualite-nfl\/relation-fracturee-jonathan-taylor-colts\/\",\"url\":\"https:\/\/theplayoffs.news\/fr\/actualite-nfl\/relation-fracturee-jonathan-taylor-colts\/\",\"name\":\"La relation fractur\u00e9e de Jonathan Taylor avec les Colts : peut-elle \u00eatre r\u00e9par\u00e9e ? - The Playoffs FR\",\"isPartOf\":{\"@id\":\"https:\/\/theplayoffs.news\/fr\/#website\"},\"primaryImageOfPage\":{\"@id\":\"https:\/\/theplayoffs.news\/fr\/actualite-nfl\/relation-fracturee-jonathan-taylor-colts\/#primaryimage\"},\"image\":{\"@id\":\"https:\/\/theplayoffs.news\/fr\/actualite-nfl\/relation-fracturee-jonathan-taylor-colts\/#primaryimage\"},\"thumbnailUrl\":\"https:\/\/theplayoffs.news\/fr\/wp-content\/uploads\/2023\/08\/USATSI_21101190.jpg\",\"datePublished\":\"2023-08-31T05:43:13+00:00\",\"dateModified\":\"2023-08-31T05:44:05+00:00\",\"author\":{\"@id\":\"https:\/\/theplayoffs.news\/fr\/#\/schema\/person\/eee5b69ad5d3c51cabe881c839dbe133\"},\"breadcrumb\":{\"@id\":\"https:\/\/theplayoffs.news\/fr\/actualite-nfl\/relation-fracturee-jonathan-taylor-colts\/#breadcrumb\"},\"inLanguage\":\"fr-FR\",\"potentialAction\":[{\"@type\":\"ReadAction\",\"target\":[\"https:\/\/theplayoffs.news\/fr\/actualite-nfl\/relation-fracturee-jonathan-taylor-colts\/\"]}]},{\"@type\":\"ImageObject\",\"inLanguage\":\"fr-FR\",\"@id\":\"https:\/\/theplayoffs.news\/fr\/actualite-nfl\/relation-fracturee-jonathan-taylor-colts\/#primaryimage\",\"url\":\"https:\/\/theplayoffs.news\/fr\/wp-content\/uploads\/2023\/08\/USATSI_21101190.jpg\",\"contentUrl\":\"https:\/\/theplayoffs.news\/fr\/wp-content\/uploads\/2023\/08\/USATSI_21101190.jpg\",\"width\":1920,\"height\":1332,\"caption\":\"Jul 28, 2023; Westfield, Indiana, USA; Indianapolis Colts running back Jonathan Taylor (28) makes his way around the field during an indoor practice at Grand Park Sports Campus. Mandatory Credit: Mykal McEldowney\/The Indianapolis Star-USA TODAY Sports\"},{\"@type\":\"BreadcrumbList\",\"@id\":\"https:\/\/theplayoffs.news\/fr\/actualite-nfl\/relation-fracturee-jonathan-taylor-colts\/#breadcrumb\",\"itemListElement\":[{\"@type\":\"ListItem\",\"position\":1,\"name\":\"Accueil\",\"item\":\"https:\/\/theplayoffs.news\/fr\/\"},{\"@type\":\"ListItem\",\"position\":2,\"name\":\"La relation fractur\u00e9e de Jonathan Taylor avec les Colts : peut-elle \u00eatre r\u00e9par\u00e9e ?\"}]},{\"@type\":\"WebSite\",\"@id\":\"https:\/\/theplayoffs.news\/fr\/#website\",\"url\":\"https:\/\/theplayoffs.news\/fr\/\",\"name\":\"The Playoffs FR\",\"description\":\"NBA-NFL-NHL-MLB\",\"potentialAction\":[{\"@type\":\"SearchAction\",\"target\":{\"@type\":\"EntryPoint\",\"urlTemplate\":\"https:\/\/theplayoffs.news\/fr\/?s={search_term_string}\"},\"query-input\":{\"@type\":\"PropertyValueSpecification\",\"valueRequired\":true,\"valueName\":\"search_term_string\"}}],\"inLanguage\":\"fr-FR\"},{\"@type\":\"Person\",\"@id\":\"https:\/\/theplayoffs.news\/fr\/#\/schema\/person\/eee5b69ad5d3c51cabe881c839dbe133\",\"name\":\"Charles Taudin\",\"image\":{\"@type\":\"ImageObject\",\"inLanguage\":\"fr-FR\",\"@id\":\"https:\/\/theplayoffs.news\/fr\/#\/schema\/person\/image\/\",\"url\":\"https:\/\/secure.gravatar.com\/avatar\/59a1e772205ce9fd255edfcafc93013736822e20261f294c5753b20c41ede9f2?s=96&d=mm&r=g\",\"contentUrl\":\"https:\/\/secure.gravatar.com\/avatar\/59a1e772205ce9fd255edfcafc93013736822e20261f294c5753b20c41ede9f2?s=96&d=mm&r=g\",\"caption\":\"Charles Taudin\"},\"description\":\"R\u00e9dacteur en chef global de The Playoffs, j\u2019ai cr\u00e9\u00e9 The Free Agent, devenu The Playoffs FR, en 2020 durant la pand\u00e9mie. Amoureux depuis des ann\u00e9es des 4 sports majeurs am\u00e9ricains, j\u2019organise maintenant la strat\u00e9gie \u00e9ditoriale et les r\u00e9seaux sociaux de l\u2019ensemble des versions de The Playoffs. Il m\u2019arrive encore d\u2019\u00e9crire sur certains sports que j\u2019affectionne particuli\u00e8rement comme la NFL ou la MLB. Si vous devez retenir qu\u2019une chose : Eli Manning est le vrai GOAT pour avoir battu deux fois Tom Brady.\",\"sameAs\":[\"https:\/\/www.instagram.com\/ctaudin_\/\"],\"url\":\"https:\/\/theplayoffs.news\/fr\/author\/charles-taudin\/\"}]}<\/script>\n<!-- \/ Yoast SEO plugin. -->","yoast_head_json":{"title":"La relation fractur&eacute;e de Jonathan Taylor avec les Colts : peut-elle &ecirc;tre r&eacute;par&eacute;e ? - The Playoffs FR","robots":{"index":"index","follow":"follow","max-snippet":"max-snippet:-1","max-image-preview":"max-image-preview:large","max-video-preview":"max-video-preview:-1"},"canonical":"https:\/\/theplayoffs.news\/fr\/actualite-nfl\/relation-fracturee-jonathan-taylor-colts\/","og_locale":"fr_FR","og_type":"article","og_title":"La relation fractur&eacute;e de Jonathan Taylor avec les Colts : peut-elle &ecirc;tre r&eacute;par&eacute;e ? - The Playoffs FR","og_url":"https:\/\/theplayoffs.news\/fr\/actualite-nfl\/relation-fracturee-jonathan-taylor-colts\/","og_site_name":"The Playoffs FR","article_publisher":"https:\/\/www.facebook.com\/TheFreeAgentFR\/","article_modified_time":"2023-08-31T05:44:05+00:00","og_image":[{"width":1920,"height":1332,"url":"https:\/\/theplayoffs.news\/fr\/wp-content\/uploads\/2023\/08\/USATSI_21101190.jpg","type":"image\/jpeg"}],"author":"Charles Taudin","twitter_card":"summary_large_image","twitter_creator":"@TheFreeAgentFR","twitter_site":"@TheFreeAgentFR","twitter_misc":{"\u00c9crit par":"Charles Taudin","Dur\u00e9e de lecture estim\u00e9e":"3 minutes"},"schema":{"@context":"https:\/\/schema.org","@graph":[{"@type":"WebPage","@id":"https:\/\/theplayoffs.news\/fr\/actualite-nfl\/relation-fracturee-jonathan-taylor-colts\/","url":"https:\/\/theplayoffs.news\/fr\/actualite-nfl\/relation-fracturee-jonathan-taylor-colts\/","name":"La relation fractur\u00e9e de Jonathan Taylor avec les Colts : peut-elle \u00eatre r\u00e9par\u00e9e ? - The Playoffs FR","isPartOf":{"@id":"https:\/\/theplayoffs.news\/fr\/#website"},"primaryImageOfPage":{"@id":"https:\/\/theplayoffs.news\/fr\/actualite-nfl\/relation-fracturee-jonathan-taylor-colts\/#primaryimage"},"image":{"@id":"https:\/\/theplayoffs.news\/fr\/actualite-nfl\/relation-fracturee-jonathan-taylor-colts\/#primaryimage"},"thumbnailUrl":"https:\/\/theplayoffs.news\/fr\/wp-content\/uploads\/2023\/08\/USATSI_21101190.jpg","datePublished":"2023-08-31T05:43:13+00:00","dateModified":"2023-08-31T05:44:05+00:00","author":{"@id":"https:\/\/theplayoffs.news\/fr\/#\/schema\/person\/eee5b69ad5d3c51cabe881c839dbe133"},"breadcrumb":{"@id":"https:\/\/theplayoffs.news\/fr\/actualite-nfl\/relation-fracturee-jonathan-taylor-colts\/#breadcrumb"},"inLanguage":"fr-FR","potentialAction":[{"@type":"ReadAction","target":["https:\/\/theplayoffs.news\/fr\/actualite-nfl\/relation-fracturee-jonathan-taylor-colts\/"]}]},{"@type":"ImageObject","inLanguage":"fr-FR","@id":"https:\/\/theplayoffs.news\/fr\/actualite-nfl\/relation-fracturee-jonathan-taylor-colts\/#primaryimage","url":"https:\/\/theplayoffs.news\/fr\/wp-content\/uploads\/2023\/08\/USATSI_21101190.jpg","contentUrl":"https:\/\/theplayoffs.news\/fr\/wp-content\/uploads\/2023\/08\/USATSI_21101190.jpg","width":1920,"height":1332,"caption":"Jul 28, 2023; Westfield, Indiana, USA; Indianapolis Colts running back Jonathan Taylor (28) makes his way around the field during an indoor practice at Grand Park Sports Campus. Mandatory Credit: Mykal McEldowney\/The Indianapolis Star-USA TODAY Sports"},{"@type":"BreadcrumbList","@id":"https:\/\/theplayoffs.news\/fr\/actualite-nfl\/relation-fracturee-jonathan-taylor-colts\/#breadcrumb","itemListElement":[{"@type":"ListItem","position":1,"name":"Accueil","item":"https:\/\/theplayoffs.news\/fr\/"},{"@type":"ListItem","position":2,"name":"La relation fractur\u00e9e de Jonathan Taylor avec les Colts : peut-elle \u00eatre r\u00e9par\u00e9e ?"}]},{"@type":"WebSite","@id":"https:\/\/theplayoffs.news\/fr\/#website","url":"https:\/\/theplayoffs.news\/fr\/","name":"The Playoffs FR","description":"NBA-NFL-NHL-MLB","potentialAction":[{"@type":"SearchAction","target":{"@type":"EntryPoint","urlTemplate":"https:\/\/theplayoffs.news\/fr\/?s={search_term_string}"},"query-input":{"@type":"PropertyValueSpecification","valueRequired":true,"valueName":"search_term_string"}}],"inLanguage":"fr-FR"},{"@type":"Person","@id":"https:\/\/theplayoffs.news\/fr\/#\/schema\/person\/eee5b69ad5d3c51cabe881c839dbe133","name":"Charles Taudin","image":{"@type":"ImageObject","inLanguage":"fr-FR","@id":"https:\/\/theplayoffs.news\/fr\/#\/schema\/person\/image\/","url":"https:\/\/secure.gravatar.com\/avatar\/59a1e772205ce9fd255edfcafc93013736822e20261f294c5753b20c41ede9f2?s=96&d=mm&r=g","contentUrl":"https:\/\/secure.gravatar.com\/avatar\/59a1e772205ce9fd255edfcafc93013736822e20261f294c5753b20c41ede9f2?s=96&d=mm&r=g","caption":"Charles Taudin"},"description":"R\u00e9dacteur en chef global de The Playoffs, j\u2019ai cr\u00e9\u00e9 The Free Agent, devenu The Playoffs FR, en 2020 durant la pand\u00e9mie. Amoureux depuis des ann\u00e9es des 4 sports majeurs am\u00e9ricains, j\u2019organise maintenant la strat\u00e9gie \u00e9ditoriale et les r\u00e9seaux sociaux de l\u2019ensemble des versions de The Playoffs. Il m\u2019arrive encore d\u2019\u00e9crire sur certains sports que j\u2019affectionne particuli\u00e8rement comme la NFL ou la MLB. Si vous devez retenir qu\u2019une chose : Eli Manning est le vrai GOAT pour avoir battu deux fois Tom Brady.","sameAs":["https:\/\/www.instagram.com\/ctaudin_\/"],"url":"https:\/\/theplayoffs.news\/fr\/author\/charles-taudin\/"}]}},"_links":{"self":[{"href":"https:\/\/theplayoffs.news\/fr\/wp-json\/wp\/v2\/posts\/849378","targetHints":{"allow":["GET"]}}],"collection":[{"href":"https:\/\/theplayoffs.news\/fr\/wp-json\/wp\/v2\/posts"}],"about":[{"href":"https:\/\/theplayoffs.news\/fr\/wp-json\/wp\/v2\/types\/post"}],"author":[{"embeddable":true,"href":"https:\/\/theplayoffs.news\/fr\/wp-json\/wp\/v2\/users\/13"}],"replies":[{"embeddable":true,"href":"https:\/\/theplayoffs.news\/fr\/wp-json\/wp\/v2\/comments?post=849378"}],"version-history":[{"count":3,"href":"https:\/\/theplayoffs.news\/fr\/wp-json\/wp\/v2\/posts\/849378\/revisions"}],"predecessor-version":[{"id":849419,"href":"https:\/\/theplayoffs.news\/fr\/wp-json\/wp\/v2\/posts\/849378\/revisions\/849419"}],"wp:featuredmedia":[{"embeddable":true,"href":"https:\/\/theplayoffs.news\/fr\/wp-json\/wp\/v2\/media\/849392"}],"wp:attachment":[{"href":"https:\/\/theplayoffs.news\/fr\/wp-json\/wp\/v2\/media?parent=849378"}],"wp:term":[{"taxonomy":"category","embeddable":true,"href":"https:\/\/theplayoffs.news\/fr\/wp-json\/wp\/v2\/categories?post=849378"},{"taxonomy":"post_tag","embeddable":true,"href":"https:\/\/theplayoffs.news\/fr\/wp-json\/wp\/v2\/tags?post=849378"},{"taxonomy":"sport","embeddable":true,"href":"https:\/\/theplayoffs.news\/fr\/wp-json\/wp\/v2\/sport?post=849378"},{"taxonomy":"saison","embeddable":true,"href":"https:\/\/theplayoffs.news\/fr\/wp-json\/wp\/v2\/saison?post=849378"}],"curies":[{"name":"wp","href":"https:\/\/api.w.org\/{rel}","templated":true}]}}