{"id":846125,"date":"2023-08-29T18:17:40","date_gmt":"2023-08-29T16:17:40","guid":{"rendered":"https:\/\/theplayoffs.news\/fr\/?p=846125"},"modified":"2023-08-29T18:17:41","modified_gmt":"2023-08-29T16:17:41","slug":"pwhl-devrait-etre-lancee-en-janvier","status":"publish","type":"post","link":"https:\/\/theplayoffs.news\/fr\/actualite-nhl\/pwhl-devrait-etre-lancee-en-janvier\/","title":{"rendered":"La PWHL, ligue de hockey professionnelle f\u00e9minine, devrait \u00eatre lanc\u00e9e en janvier"},"content":{"rendered":"<h2>Le monde du sport f&eacute;minin est sur le point de vivre un moment historique avec le lancement de la Ligue professionnelle de hockey f&eacute;minin (PWHL) en janvier.<\/h2><p>La ligue r&eacute;unira des &eacute;quipes dans six villes nord-am&eacute;ricaines, soit Montr&eacute;al, Ottawa, Toronto, New York, Boston et Minnesota.<\/p><p>La PWHL a &eacute;t&eacute; fond&eacute;e avec la vision de fournir une plateforme permettant aux meilleures joueuses du monde d&rsquo;atteindre des sommets encore plus &eacute;lev&eacute;s et de capitaliser sur la demande croissante pour les sports f&eacute;minins.<\/p><h3>Soutien et leadership<\/h3><p>La PWHL est soutenue financi&egrave;rement par Mark et Kimbra Walter, les propri&eacute;taires des <a href=\"https:\/\/theplayoffs.news\/fr\/equipe\/los-angeles-dodgers-mlb\/\" class=\"trk-cta-link\" data-cta-trk='{\"ctaType\":\"Link\",\"ctaSubType\":\"main\"}'>Dodgers de Los Angeles. <\/a><\/p><p>Le conseil d&rsquo;administration comprend des personnalit&eacute;s renomm&eacute;es telles que la l&eacute;gende du tennis f&eacute;minin Billie Jean King, la directrice sportive Ilana Kloss, le pr&eacute;sident des Los Angeles Dodgers Stan Kasten et le vice-pr&eacute;sident senior de la strat&eacute;gie commerciale des Dodgers Royce Cohen.<\/p><p>Stan Kasten a exprim&eacute; son honneur en annon&ccedil;ant le nom officiel de la nouvelle ligue et en d&eacute;voilant le plan de la saison inaugurale historique. Il a soulign&eacute; l&rsquo;engagement de la ligue &agrave; offrir une nouvelle plateforme aux athl&egrave;tes f&eacute;minines d&rsquo;&eacute;lite et a exprim&eacute; son enthousiasme &agrave; l&rsquo;id&eacute;e de s&rsquo;enraciner dans six des march&eacute;s de hockey les plus passionn&eacute;s d&rsquo;Am&eacute;rique du Nord.<\/p><blockquote><p>&laquo;&nbsp;Au nom des propri&eacute;taires et de notre conseil d&rsquo;administration, j&rsquo;ai l&rsquo;honneur d&rsquo;annoncer le nom officiel de notre nouvelle ligue et de d&eacute;voiler le plan de cette saison inaugurale historique. Et nous sommes particuli&egrave;rement fiers d&rsquo;offrir cette nouvelle plateforme aux athl&egrave;tes f&eacute;minines d&rsquo;&eacute;lite &raquo;, <a href=\"https:\/\/www.nhl.com\/news\/new-professional-womens-hockey-league-to-launch-in-january-2024\/c-345693470\" class=\"trk-cta-link\" data-cta-trk='{\"ctaType\":\"Link\",\"ctaSubType\":\"main\"}'>a d&eacute;clar&eacute; Kasten<\/a>. &laquo; Notre grand sport a le pouvoir de captiver et de connecter les amateurs de sport du monde entier, et nous sommes ravis de planter des racines dans six des ligues de hockey les plus passionn&eacute;es d&rsquo;Am&eacute;rique du Nord. march&eacute;s.&nbsp;&raquo;<\/p><\/blockquote><h3>En route vers l&rsquo;inauguration<\/h3><p>La ligue a pr&eacute;vu une p&eacute;riode d&rsquo;agence libre de 10 jours commen&ccedil;ant le 1er septembre, suivie du rep&ecirc;chage inaugural de la PWHL le 18 septembre. Cela permettra aux &eacute;quipes de rep&eacute;rer et de s&eacute;lectionner les meilleurs talents pour repr&eacute;senter leurs villes. De plus, chaque &eacute;quipe est autoris&eacute;e &agrave; avoir 20 joueurs sous contrat lors de l&rsquo;ouverture des camps d&rsquo;entra&icirc;nement en novembre, ouvrant la voie &agrave; une saison inaugurale passionnante et comp&eacute;titive.<\/p><p>Le lancement de la Ligue professionnelle de hockey f&eacute;minin constitue une &eacute;tape importante dans le d&eacute;veloppement du sport f&eacute;minin. Avec le soutien financier de personnalit&eacute;s influentes et une structure qui permet la croissance et le d&eacute;veloppement des athl&egrave;tes f&eacute;minines d&rsquo;&eacute;lite, la PWHL est pr&ecirc;te &agrave; captiver et &agrave; connecter les amateurs de sport du monde entier.<\/p><p>La saison inaugurale est tr&egrave;s attendue par les joueuses, les partisans et les parties prenantes, car elle marque le d&eacute;but d&rsquo;une nouvelle &egrave;re dans le hockey professionnel f&eacute;minin.<\/p>\n","protected":false},"excerpt":{"rendered":"","protected":false},"author":13,"featured_media":846129,"comment_status":"open","ping_status":"closed","sticky":false,"template":"","format":"standard","meta":{"inline_featured_image":false,"kia_subtitle":"","_mux_skip_reasons":[],"proofreadBy":0,"footnotes":""},"categories":[187,26],"tags":[6391],"sport":[],"saison":[],"class_list":["post-846125","post","type-post","status-publish","format-standard","has-post-thumbnail","hentry","category-actualite-nhl","category-nhl","tag-pwhl"],"acf":[],"yoast_head":"<!-- This site is optimized with the Yoast SEO plugin v24.2 - https:\/\/yoast.com\/wordpress\/plugins\/seo\/ -->\n<title>La PWHL, ligue de hockey professionnelle f&eacute;minine, devrait &ecirc;tre lanc&eacute;e en janvier - The Playoffs FR<\/title>\n<meta name=\"robots\" content=\"index, follow, max-snippet:-1, max-image-preview:large, max-video-preview:-1\" \/>\n<link rel=\"canonical\" href=\"https:\/\/theplayoffs.news\/fr\/actualite-nhl\/pwhl-devrait-etre-lancee-en-janvier\/\" \/>\n<meta property=\"og:locale\" content=\"fr_FR\" \/>\n<meta property=\"og:type\" content=\"article\" \/>\n<meta property=\"og:title\" content=\"La PWHL, ligue de hockey professionnelle f&eacute;minine, devrait &ecirc;tre lanc&eacute;e en janvier - The Playoffs FR\" \/>\n<meta property=\"og:url\" content=\"https:\/\/theplayoffs.news\/fr\/actualite-nhl\/pwhl-devrait-etre-lancee-en-janvier\/\" \/>\n<meta property=\"og:site_name\" content=\"The Playoffs FR\" \/>\n<meta property=\"article:publisher\" content=\"https:\/\/www.facebook.com\/TheFreeAgentFR\/\" \/>\n<meta property=\"article:modified_time\" content=\"2023-08-29T18:17:41+02:00\" \/>\n<meta property=\"og:image\" content=\"https:\/\/theplayoffs.news\/fr\/wp-content\/uploads\/2023\/08\/cut.png\" \/>\n\t<meta property=\"og:image:width\" content=\"1024\" \/>\n\t<meta property=\"og:image:height\" content=\"576\" \/>\n\t<meta property=\"og:image:type\" content=\"image\/png\" \/>\n<meta name=\"author\" content=\"Charles Taudin\" \/>\n<meta name=\"twitter:card\" content=\"summary_large_image\" \/>\n<meta name=\"twitter:creator\" content=\"@TheFreeAgentFR\" \/>\n<meta name=\"twitter:site\" content=\"@TheFreeAgentFR\" \/>\n<meta name=\"twitter:label1\" content=\"\u00c9crit par\" \/>\n\t<meta name=\"twitter:data1\" content=\"Charles Taudin\" \/>\n\t<meta name=\"twitter:label2\" content=\"Dur\u00e9e de lecture estim\u00e9e\" \/>\n\t<meta name=\"twitter:data2\" content=\"2 minutes\" \/>\n<script type=\"application\/ld+json\" class=\"yoast-schema-graph\">{\"@context\":\"https:\/\/schema.org\",\"@graph\":[{\"@type\":\"WebPage\",\"@id\":\"https:\/\/theplayoffs.news\/fr\/actualite-nhl\/pwhl-devrait-etre-lancee-en-janvier\/\",\"url\":\"https:\/\/theplayoffs.news\/fr\/actualite-nhl\/pwhl-devrait-etre-lancee-en-janvier\/\",\"name\":\"La PWHL, ligue de hockey professionnelle f\u00e9minine, devrait \u00eatre lanc\u00e9e en janvier - The Playoffs FR\",\"isPartOf\":{\"@id\":\"https:\/\/theplayoffs.news\/fr\/#website\"},\"primaryImageOfPage\":{\"@id\":\"https:\/\/theplayoffs.news\/fr\/actualite-nhl\/pwhl-devrait-etre-lancee-en-janvier\/#primaryimage\"},\"image\":{\"@id\":\"https:\/\/theplayoffs.news\/fr\/actualite-nhl\/pwhl-devrait-etre-lancee-en-janvier\/#primaryimage\"},\"thumbnailUrl\":\"https:\/\/theplayoffs.news\/fr\/wp-content\/uploads\/2023\/08\/cut.png\",\"datePublished\":\"2023-08-29T16:17:40+00:00\",\"dateModified\":\"2023-08-29T16:17:41+00:00\",\"author\":{\"@id\":\"https:\/\/theplayoffs.news\/fr\/#\/schema\/person\/eee5b69ad5d3c51cabe881c839dbe133\"},\"breadcrumb\":{\"@id\":\"https:\/\/theplayoffs.news\/fr\/actualite-nhl\/pwhl-devrait-etre-lancee-en-janvier\/#breadcrumb\"},\"inLanguage\":\"fr-FR\",\"potentialAction\":[{\"@type\":\"ReadAction\",\"target\":[\"https:\/\/theplayoffs.news\/fr\/actualite-nhl\/pwhl-devrait-etre-lancee-en-janvier\/\"]}]},{\"@type\":\"ImageObject\",\"inLanguage\":\"fr-FR\",\"@id\":\"https:\/\/theplayoffs.news\/fr\/actualite-nhl\/pwhl-devrait-etre-lancee-en-janvier\/#primaryimage\",\"url\":\"https:\/\/theplayoffs.news\/fr\/wp-content\/uploads\/2023\/08\/cut.png\",\"contentUrl\":\"https:\/\/theplayoffs.news\/fr\/wp-content\/uploads\/2023\/08\/cut.png\",\"width\":1024,\"height\":576,\"caption\":\"source : NHL.com\"},{\"@type\":\"BreadcrumbList\",\"@id\":\"https:\/\/theplayoffs.news\/fr\/actualite-nhl\/pwhl-devrait-etre-lancee-en-janvier\/#breadcrumb\",\"itemListElement\":[{\"@type\":\"ListItem\",\"position\":1,\"name\":\"Accueil\",\"item\":\"https:\/\/theplayoffs.news\/fr\/\"},{\"@type\":\"ListItem\",\"position\":2,\"name\":\"La PWHL, ligue de hockey professionnelle f\u00e9minine, devrait \u00eatre lanc\u00e9e en janvier\"}]},{\"@type\":\"WebSite\",\"@id\":\"https:\/\/theplayoffs.news\/fr\/#website\",\"url\":\"https:\/\/theplayoffs.news\/fr\/\",\"name\":\"The Playoffs FR\",\"description\":\"NBA-NFL-NHL-MLB\",\"potentialAction\":[{\"@type\":\"SearchAction\",\"target\":{\"@type\":\"EntryPoint\",\"urlTemplate\":\"https:\/\/theplayoffs.news\/fr\/?s={search_term_string}\"},\"query-input\":{\"@type\":\"PropertyValueSpecification\",\"valueRequired\":true,\"valueName\":\"search_term_string\"}}],\"inLanguage\":\"fr-FR\"},{\"@type\":\"Person\",\"@id\":\"https:\/\/theplayoffs.news\/fr\/#\/schema\/person\/eee5b69ad5d3c51cabe881c839dbe133\",\"name\":\"Charles Taudin\",\"image\":{\"@type\":\"ImageObject\",\"inLanguage\":\"fr-FR\",\"@id\":\"https:\/\/theplayoffs.news\/fr\/#\/schema\/person\/image\/\",\"url\":\"https:\/\/secure.gravatar.com\/avatar\/59a1e772205ce9fd255edfcafc93013736822e20261f294c5753b20c41ede9f2?s=96&d=mm&r=g\",\"contentUrl\":\"https:\/\/secure.gravatar.com\/avatar\/59a1e772205ce9fd255edfcafc93013736822e20261f294c5753b20c41ede9f2?s=96&d=mm&r=g\",\"caption\":\"Charles Taudin\"},\"description\":\"R\u00e9dacteur en chef global de The Playoffs, j\u2019ai cr\u00e9\u00e9 The Free Agent, devenu The Playoffs FR, en 2020 durant la pand\u00e9mie. Amoureux depuis des ann\u00e9es des 4 sports majeurs am\u00e9ricains, j\u2019organise maintenant la strat\u00e9gie \u00e9ditoriale et les r\u00e9seaux sociaux de l\u2019ensemble des versions de The Playoffs. Il m\u2019arrive encore d\u2019\u00e9crire sur certains sports que j\u2019affectionne particuli\u00e8rement comme la NFL ou la MLB. Si vous devez retenir qu\u2019une chose : Eli Manning est le vrai GOAT pour avoir battu deux fois Tom Brady.\",\"sameAs\":[\"https:\/\/www.instagram.com\/ctaudin_\/\"],\"url\":\"https:\/\/theplayoffs.news\/fr\/author\/charles-taudin\/\"}]}<\/script>\n<!-- \/ Yoast SEO plugin. -->","yoast_head_json":{"title":"La PWHL, ligue de hockey professionnelle f&eacute;minine, devrait &ecirc;tre lanc&eacute;e en janvier - The Playoffs FR","robots":{"index":"index","follow":"follow","max-snippet":"max-snippet:-1","max-image-preview":"max-image-preview:large","max-video-preview":"max-video-preview:-1"},"canonical":"https:\/\/theplayoffs.news\/fr\/actualite-nhl\/pwhl-devrait-etre-lancee-en-janvier\/","og_locale":"fr_FR","og_type":"article","og_title":"La PWHL, ligue de hockey professionnelle f&eacute;minine, devrait &ecirc;tre lanc&eacute;e en janvier - The Playoffs FR","og_url":"https:\/\/theplayoffs.news\/fr\/actualite-nhl\/pwhl-devrait-etre-lancee-en-janvier\/","og_site_name":"The Playoffs FR","article_publisher":"https:\/\/www.facebook.com\/TheFreeAgentFR\/","article_modified_time":"2023-08-29T16:17:41+00:00","og_image":[{"width":1024,"height":576,"url":"https:\/\/theplayoffs.news\/fr\/wp-content\/uploads\/2023\/08\/cut.png","type":"image\/png"}],"author":"Charles Taudin","twitter_card":"summary_large_image","twitter_creator":"@TheFreeAgentFR","twitter_site":"@TheFreeAgentFR","twitter_misc":{"\u00c9crit par":"Charles Taudin","Dur\u00e9e de lecture estim\u00e9e":"2 minutes"},"schema":{"@context":"https:\/\/schema.org","@graph":[{"@type":"WebPage","@id":"https:\/\/theplayoffs.news\/fr\/actualite-nhl\/pwhl-devrait-etre-lancee-en-janvier\/","url":"https:\/\/theplayoffs.news\/fr\/actualite-nhl\/pwhl-devrait-etre-lancee-en-janvier\/","name":"La PWHL, ligue de hockey professionnelle f\u00e9minine, devrait \u00eatre lanc\u00e9e en janvier - The Playoffs FR","isPartOf":{"@id":"https:\/\/theplayoffs.news\/fr\/#website"},"primaryImageOfPage":{"@id":"https:\/\/theplayoffs.news\/fr\/actualite-nhl\/pwhl-devrait-etre-lancee-en-janvier\/#primaryimage"},"image":{"@id":"https:\/\/theplayoffs.news\/fr\/actualite-nhl\/pwhl-devrait-etre-lancee-en-janvier\/#primaryimage"},"thumbnailUrl":"https:\/\/theplayoffs.news\/fr\/wp-content\/uploads\/2023\/08\/cut.png","datePublished":"2023-08-29T16:17:40+00:00","dateModified":"2023-08-29T16:17:41+00:00","author":{"@id":"https:\/\/theplayoffs.news\/fr\/#\/schema\/person\/eee5b69ad5d3c51cabe881c839dbe133"},"breadcrumb":{"@id":"https:\/\/theplayoffs.news\/fr\/actualite-nhl\/pwhl-devrait-etre-lancee-en-janvier\/#breadcrumb"},"inLanguage":"fr-FR","potentialAction":[{"@type":"ReadAction","target":["https:\/\/theplayoffs.news\/fr\/actualite-nhl\/pwhl-devrait-etre-lancee-en-janvier\/"]}]},{"@type":"ImageObject","inLanguage":"fr-FR","@id":"https:\/\/theplayoffs.news\/fr\/actualite-nhl\/pwhl-devrait-etre-lancee-en-janvier\/#primaryimage","url":"https:\/\/theplayoffs.news\/fr\/wp-content\/uploads\/2023\/08\/cut.png","contentUrl":"https:\/\/theplayoffs.news\/fr\/wp-content\/uploads\/2023\/08\/cut.png","width":1024,"height":576,"caption":"source : NHL.com"},{"@type":"BreadcrumbList","@id":"https:\/\/theplayoffs.news\/fr\/actualite-nhl\/pwhl-devrait-etre-lancee-en-janvier\/#breadcrumb","itemListElement":[{"@type":"ListItem","position":1,"name":"Accueil","item":"https:\/\/theplayoffs.news\/fr\/"},{"@type":"ListItem","position":2,"name":"La PWHL, ligue de hockey professionnelle f\u00e9minine, devrait \u00eatre lanc\u00e9e en janvier"}]},{"@type":"WebSite","@id":"https:\/\/theplayoffs.news\/fr\/#website","url":"https:\/\/theplayoffs.news\/fr\/","name":"The Playoffs FR","description":"NBA-NFL-NHL-MLB","potentialAction":[{"@type":"SearchAction","target":{"@type":"EntryPoint","urlTemplate":"https:\/\/theplayoffs.news\/fr\/?s={search_term_string}"},"query-input":{"@type":"PropertyValueSpecification","valueRequired":true,"valueName":"search_term_string"}}],"inLanguage":"fr-FR"},{"@type":"Person","@id":"https:\/\/theplayoffs.news\/fr\/#\/schema\/person\/eee5b69ad5d3c51cabe881c839dbe133","name":"Charles Taudin","image":{"@type":"ImageObject","inLanguage":"fr-FR","@id":"https:\/\/theplayoffs.news\/fr\/#\/schema\/person\/image\/","url":"https:\/\/secure.gravatar.com\/avatar\/59a1e772205ce9fd255edfcafc93013736822e20261f294c5753b20c41ede9f2?s=96&d=mm&r=g","contentUrl":"https:\/\/secure.gravatar.com\/avatar\/59a1e772205ce9fd255edfcafc93013736822e20261f294c5753b20c41ede9f2?s=96&d=mm&r=g","caption":"Charles Taudin"},"description":"R\u00e9dacteur en chef global de The Playoffs, j\u2019ai cr\u00e9\u00e9 The Free Agent, devenu The Playoffs FR, en 2020 durant la pand\u00e9mie. Amoureux depuis des ann\u00e9es des 4 sports majeurs am\u00e9ricains, j\u2019organise maintenant la strat\u00e9gie \u00e9ditoriale et les r\u00e9seaux sociaux de l\u2019ensemble des versions de The Playoffs. Il m\u2019arrive encore d\u2019\u00e9crire sur certains sports que j\u2019affectionne particuli\u00e8rement comme la NFL ou la MLB. Si vous devez retenir qu\u2019une chose : Eli Manning est le vrai GOAT pour avoir battu deux fois Tom Brady.","sameAs":["https:\/\/www.instagram.com\/ctaudin_\/"],"url":"https:\/\/theplayoffs.news\/fr\/author\/charles-taudin\/"}]}},"_links":{"self":[{"href":"https:\/\/theplayoffs.news\/fr\/wp-json\/wp\/v2\/posts\/846125","targetHints":{"allow":["GET"]}}],"collection":[{"href":"https:\/\/theplayoffs.news\/fr\/wp-json\/wp\/v2\/posts"}],"about":[{"href":"https:\/\/theplayoffs.news\/fr\/wp-json\/wp\/v2\/types\/post"}],"author":[{"embeddable":true,"href":"https:\/\/theplayoffs.news\/fr\/wp-json\/wp\/v2\/users\/13"}],"replies":[{"embeddable":true,"href":"https:\/\/theplayoffs.news\/fr\/wp-json\/wp\/v2\/comments?post=846125"}],"version-history":[{"count":3,"href":"https:\/\/theplayoffs.news\/fr\/wp-json\/wp\/v2\/posts\/846125\/revisions"}],"predecessor-version":[{"id":846132,"href":"https:\/\/theplayoffs.news\/fr\/wp-json\/wp\/v2\/posts\/846125\/revisions\/846132"}],"wp:featuredmedia":[{"embeddable":true,"href":"https:\/\/theplayoffs.news\/fr\/wp-json\/wp\/v2\/media\/846129"}],"wp:attachment":[{"href":"https:\/\/theplayoffs.news\/fr\/wp-json\/wp\/v2\/media?parent=846125"}],"wp:term":[{"taxonomy":"category","embeddable":true,"href":"https:\/\/theplayoffs.news\/fr\/wp-json\/wp\/v2\/categories?post=846125"},{"taxonomy":"post_tag","embeddable":true,"href":"https:\/\/theplayoffs.news\/fr\/wp-json\/wp\/v2\/tags?post=846125"},{"taxonomy":"sport","embeddable":true,"href":"https:\/\/theplayoffs.news\/fr\/wp-json\/wp\/v2\/sport?post=846125"},{"taxonomy":"saison","embeddable":true,"href":"https:\/\/theplayoffs.news\/fr\/wp-json\/wp\/v2\/saison?post=846125"}],"curies":[{"name":"wp","href":"https:\/\/api.w.org\/{rel}","templated":true}]}}