{"id":815310,"date":"2023-08-20T14:49:26","date_gmt":"2023-08-20T12:49:26","guid":{"rendered":"https:\/\/theplayoffs.news\/fr\/?p=815310"},"modified":"2023-08-20T14:49:27","modified_gmt":"2023-08-20T12:49:27","slug":"isaiah-bolden-patriots-sorti-de-lhopital","status":"publish","type":"post","link":"https:\/\/theplayoffs.news\/fr\/actualite-nfl\/isaiah-bolden-patriots-sorti-de-lhopital\/","title":{"rendered":"Isaiah Bolden (Patriots) est sorti de l&rsquo;h\u00f4pital"},"content":{"rendered":"<h2>Le cornerback des Patriots de la Nouvelle-Angleterre, Isaiah Bolden, avait &eacute;t&eacute; transport&eacute; &agrave; l&rsquo;h&ocirc;pital suite &agrave; un contact avec l&rsquo;un de ses co&eacute;quipiers.<\/h2><p>La stup&eacute;faction, la peur quand &agrave; l&rsquo;&eacute;tat de sant&eacute; d&rsquo;<a href=\"https:\/\/theplayoffs.news\/fr\/joueur\/isaiah-bolden-nfl-9422058\/\" class=\"trk-cta-link\" data-cta-trk='{\"ctaType\":\"Link\",\"ctaSubType\":\"main\"}'>Isaiah Bolden<\/a> puis une sorte de soulagement. Voici les sentiments qui ont du dominer les amoureux de la NFL depuis cette nuit lorsque le jeune cornerback s&rsquo;est effondr&eacute; sur le terrain des Green Bay Packers apr&egrave;s un choc &agrave; la t&ecirc;te avec l&rsquo;un de ses co&eacute;quipiers. Bolden resta alors allong&eacute; sur le terrain nous rappelant &agrave; tous les images encore fra&icirc;ches de Damar Hamlin au mois de janvier dernier. Le cornerback sera alors transport&eacute; &agrave; l&rsquo;h&ocirc;pital et les <a href=\"https:\/\/theplayoffs.news\/fr\/nfl\/reactions-joueurs-suspension-match-packers-patriots\/\" class=\"trk-cta-link\" data-cta-trk='{\"ctaType\":\"Link\",\"ctaSubType\":\"main\"}'>deux &eacute;quipes choisiront de ne pas reprendre la rencontre<\/a> sur la proposition de Bill Belichick.<\/p><p>C&rsquo;est alors que le monde de la NFL a &eacute;t&eacute; confront&eacute; &agrave; de tr&egrave;s longues heures d&rsquo;attente jusqu&rsquo;&agrave; la publication d&rsquo;<a href=\"https:\/\/twitter.com\/AdamSchefter\/status\/1693238500949098918?s=20\" class=\"trk-cta-link\" data-cta-trk='{\"ctaType\":\"Link\",\"ctaSubType\":\"main\"}'>un communiqu&eacute;<\/a> rassurant par la franchise des Patriots en ce d&eacute;but de dimanche apr&egrave;s-midi. Dans ce communiqu&eacute;, la franchise nous apprend qu&rsquo;Isaiah Bolden a &eacute;t&eacute; conserv&eacute; en observation &agrave; l&rsquo;h&ocirc;pital toute la nuit mais qu&rsquo;il a pu sortir &laquo;&nbsp;apr&egrave;s des examens plus pouss&eacute;s&nbsp;&raquo;. Le joueur a donc &eacute;t&eacute; autoris&eacute; par le corps m&eacute;dical &agrave; rejoindre ses co&eacute;quipiers et il &laquo;&nbsp;voyagera avec l&rsquo;&eacute;quipe des Patriots cet apr&egrave;s-midi&nbsp;&raquo; pour rentrer &agrave; Foxborough.<\/p><blockquote class=\"twitter-tweet\" data-width=\"500\" data-dnt=\"true\">\n<p lang=\"en\" dir=\"ltr\">An update from the Patriots&rsquo; on the condition of cornerback Isaiah Bolden: <a href=\"https:\/\/t.co\/RNzzdfdpuL\" class=\"trk-cta-link\" data-cta-trk='{\"ctaType\":\"Link\",\"ctaSubType\":\"main\"}'>pic.twitter.com\/RNzzdfdpuL<\/a><\/p>\n<p>&mdash; Adam Schefter (@AdamSchefter) <a href=\"https:\/\/twitter.com\/AdamSchefter\/status\/1693238500949098918?ref_src=twsrc%5Etfw\" class=\"trk-cta-link\" data-cta-trk='{\"ctaType\":\"Link\",\"ctaSubType\":\"main\"}'>August 20, 2023<\/a><\/p><\/blockquote><p><script async src=\"https:\/\/platform.twitter.com\/widgets.js\" charset=\"utf-8\"><\/script><\/p><p>De bonnes nouvelles donc pour Isaiah Bolden qui semble tir&eacute; d&rsquo;affaire. D&rsquo;un point de vue sportif, la franchise des Patriots ajoute qu&rsquo;elle annule les entra&icirc;nements conjoints pr&eacute;vus la semaine prochaine avec les Tennessee Titans et qu&rsquo;elle se d&eacute;placera uniquement dans le Tennessee dans le cadre de la derni&egrave;re journ&eacute;e de pr&eacute;-saison 2023.<\/p><p><em>Cr&eacute;dit photo: Tork Mason\/USA TODAY NETWORK-Wisconsin<\/em><\/p>\n","protected":false},"excerpt":{"rendered":"","protected":false},"author":180309964,"featured_media":815365,"comment_status":"open","ping_status":"closed","sticky":false,"template":"","format":"standard","meta":{"inline_featured_image":false,"kia_subtitle":"","_mux_skip_reasons":[],"proofreadBy":0,"footnotes":""},"categories":[118,40],"tags":[6368,622],"sport":[2785],"saison":[3453],"class_list":["post-815310","post","type-post","status-publish","format-standard","has-post-thumbnail","hentry","category-actualite-nfl","category-nfl","tag-isaiah-bolden","tag-new-england-patriots","sport-nfl","saison-3453"],"acf":[],"yoast_head":"<!-- This site is optimized with the Yoast SEO plugin v24.2 - https:\/\/yoast.com\/wordpress\/plugins\/seo\/ -->\n<title>Isaiah Bolden (Patriots) est sorti de l&#039;h&ocirc;pital - The Playoffs FR<\/title>\n<meta name=\"robots\" content=\"index, follow, max-snippet:-1, max-image-preview:large, max-video-preview:-1\" \/>\n<link rel=\"canonical\" href=\"https:\/\/theplayoffs.news\/fr\/actualite-nfl\/isaiah-bolden-patriots-sorti-de-lhopital\/\" \/>\n<meta property=\"og:locale\" content=\"fr_FR\" \/>\n<meta property=\"og:type\" content=\"article\" \/>\n<meta property=\"og:title\" content=\"Isaiah Bolden (Patriots) est sorti de l&#039;h&ocirc;pital - The Playoffs FR\" \/>\n<meta property=\"og:url\" content=\"https:\/\/theplayoffs.news\/fr\/actualite-nfl\/isaiah-bolden-patriots-sorti-de-lhopital\/\" \/>\n<meta property=\"og:site_name\" content=\"The Playoffs FR\" \/>\n<meta property=\"article:publisher\" content=\"https:\/\/www.facebook.com\/TheFreeAgentFR\/\" \/>\n<meta property=\"article:modified_time\" content=\"2023-08-20T14:49:27+02:00\" \/>\n<meta property=\"og:image\" content=\"https:\/\/theplayoffs.news\/fr\/wp-content\/uploads\/2023\/08\/USATSI_21237260.jpg\" \/>\n\t<meta property=\"og:image:width\" content=\"1920\" \/>\n\t<meta property=\"og:image:height\" content=\"1738\" \/>\n\t<meta property=\"og:image:type\" content=\"image\/jpeg\" \/>\n<meta name=\"author\" content=\"Flavien Jumeau\" \/>\n<meta name=\"twitter:card\" content=\"summary_large_image\" \/>\n<meta name=\"twitter:creator\" content=\"@TheFreeAgentFR\" \/>\n<meta name=\"twitter:site\" content=\"@TheFreeAgentFR\" \/>\n<meta name=\"twitter:label1\" content=\"\u00c9crit par\" \/>\n\t<meta name=\"twitter:data1\" content=\"Flavien Jumeau\" \/>\n\t<meta name=\"twitter:label2\" content=\"Dur\u00e9e de lecture estim\u00e9e\" \/>\n\t<meta name=\"twitter:data2\" content=\"1 minute\" \/>\n<script type=\"application\/ld+json\" class=\"yoast-schema-graph\">{\"@context\":\"https:\/\/schema.org\",\"@graph\":[{\"@type\":\"WebPage\",\"@id\":\"https:\/\/theplayoffs.news\/fr\/actualite-nfl\/isaiah-bolden-patriots-sorti-de-lhopital\/\",\"url\":\"https:\/\/theplayoffs.news\/fr\/actualite-nfl\/isaiah-bolden-patriots-sorti-de-lhopital\/\",\"name\":\"Isaiah Bolden (Patriots) est sorti de l\\\\'h\u00f4pital - The Playoffs FR\",\"isPartOf\":{\"@id\":\"https:\/\/theplayoffs.news\/fr\/#website\"},\"primaryImageOfPage\":{\"@id\":\"https:\/\/theplayoffs.news\/fr\/actualite-nfl\/isaiah-bolden-patriots-sorti-de-lhopital\/#primaryimage\"},\"image\":{\"@id\":\"https:\/\/theplayoffs.news\/fr\/actualite-nfl\/isaiah-bolden-patriots-sorti-de-lhopital\/#primaryimage\"},\"thumbnailUrl\":\"https:\/\/theplayoffs.news\/fr\/wp-content\/uploads\/2023\/08\/USATSI_21237260.jpg\",\"datePublished\":\"2023-08-20T12:49:26+00:00\",\"dateModified\":\"2023-08-20T12:49:27+00:00\",\"author\":{\"@id\":\"https:\/\/theplayoffs.news\/fr\/#\/schema\/person\/def63bc6746dc5957469b75feb99e66d\"},\"breadcrumb\":{\"@id\":\"https:\/\/theplayoffs.news\/fr\/actualite-nfl\/isaiah-bolden-patriots-sorti-de-lhopital\/#breadcrumb\"},\"inLanguage\":\"fr-FR\",\"potentialAction\":[{\"@type\":\"ReadAction\",\"target\":[\"https:\/\/theplayoffs.news\/fr\/actualite-nfl\/isaiah-bolden-patriots-sorti-de-lhopital\/\"]}]},{\"@type\":\"ImageObject\",\"inLanguage\":\"fr-FR\",\"@id\":\"https:\/\/theplayoffs.news\/fr\/actualite-nfl\/isaiah-bolden-patriots-sorti-de-lhopital\/#primaryimage\",\"url\":\"https:\/\/theplayoffs.news\/fr\/wp-content\/uploads\/2023\/08\/USATSI_21237260.jpg\",\"contentUrl\":\"https:\/\/theplayoffs.news\/fr\/wp-content\/uploads\/2023\/08\/USATSI_21237260.jpg\",\"width\":1920,\"height\":1738,\"caption\":\"Green Bay Packers wide receiver Cody Chrest (82) catches a pass as New England Patriots cornerback Isaiah Bolden (7) makes the tackle during their preseason football game Saturday, August 19, 2023, at Lambeau Field in Green Bay, Wis. The game was suspended in the fourth quarter following an injury to New England Patriots cornerback Isaiah Bolden (7) on the play. Tork Mason\/USA TODAY NETWORK-Wisconsin\"},{\"@type\":\"BreadcrumbList\",\"@id\":\"https:\/\/theplayoffs.news\/fr\/actualite-nfl\/isaiah-bolden-patriots-sorti-de-lhopital\/#breadcrumb\",\"itemListElement\":[{\"@type\":\"ListItem\",\"position\":1,\"name\":\"Accueil\",\"item\":\"https:\/\/theplayoffs.news\/fr\/\"},{\"@type\":\"ListItem\",\"position\":2,\"name\":\"Isaiah Bolden (Patriots) est sorti de l&rsquo;h\u00f4pital\"}]},{\"@type\":\"WebSite\",\"@id\":\"https:\/\/theplayoffs.news\/fr\/#website\",\"url\":\"https:\/\/theplayoffs.news\/fr\/\",\"name\":\"The Playoffs FR\",\"description\":\"NBA-NFL-NHL-MLB\",\"potentialAction\":[{\"@type\":\"SearchAction\",\"target\":{\"@type\":\"EntryPoint\",\"urlTemplate\":\"https:\/\/theplayoffs.news\/fr\/?s={search_term_string}\"},\"query-input\":{\"@type\":\"PropertyValueSpecification\",\"valueRequired\":true,\"valueName\":\"search_term_string\"}}],\"inLanguage\":\"fr-FR\"},{\"@type\":\"Person\",\"@id\":\"https:\/\/theplayoffs.news\/fr\/#\/schema\/person\/def63bc6746dc5957469b75feb99e66d\",\"name\":\"Flavien Jumeau\",\"image\":{\"@type\":\"ImageObject\",\"inLanguage\":\"fr-FR\",\"@id\":\"https:\/\/theplayoffs.news\/fr\/#\/schema\/person\/image\/\",\"url\":\"https:\/\/secure.gravatar.com\/avatar\/e7fa8ba5a4b7e4ce35fe152f083f352db28ad0acce692004ed88a7a7d78893f7?s=96&d=mm&r=g\",\"contentUrl\":\"https:\/\/secure.gravatar.com\/avatar\/e7fa8ba5a4b7e4ce35fe152f083f352db28ad0acce692004ed88a7a7d78893f7?s=96&d=mm&r=g\",\"caption\":\"Flavien Jumeau\"},\"description\":\"Amoureux du sport (et de vraiment tous les sports) depuis mon plus jeune \u00e2ge, j\u2019ai longtemps h\u00e9site entre le snooker et le curling. Finalement c\u2019est le foot US que j\u2019ai d\u00e9cid\u00e9 de choisir! Responsable foot US sur TPO et animateur du podcast Tailgate j\u2019ai pour mission de vous faire d\u00e9couvrir ce sport passionnant si ce n\u2019est pas encore fait et de vous donner les derni\u00e8res actus. Le tout dans la bonne humeur et avec toujours un jeu de mots ou deux savamment distill\u00e9s! Fan des Saints, pour moi Drew Brees est le vrai GOAT!\",\"url\":\"https:\/\/theplayoffs.news\/fr\/author\/flavien-jumeaugmail-com\/\"}]}<\/script>\n<!-- \/ Yoast SEO plugin. -->","yoast_head_json":{"title":"Isaiah Bolden (Patriots) est sorti de l&#039;h&ocirc;pital - The Playoffs FR","robots":{"index":"index","follow":"follow","max-snippet":"max-snippet:-1","max-image-preview":"max-image-preview:large","max-video-preview":"max-video-preview:-1"},"canonical":"https:\/\/theplayoffs.news\/fr\/actualite-nfl\/isaiah-bolden-patriots-sorti-de-lhopital\/","og_locale":"fr_FR","og_type":"article","og_title":"Isaiah Bolden (Patriots) est sorti de l&#039;h&ocirc;pital - The Playoffs FR","og_url":"https:\/\/theplayoffs.news\/fr\/actualite-nfl\/isaiah-bolden-patriots-sorti-de-lhopital\/","og_site_name":"The Playoffs FR","article_publisher":"https:\/\/www.facebook.com\/TheFreeAgentFR\/","article_modified_time":"2023-08-20T12:49:27+00:00","og_image":[{"width":1920,"height":1738,"url":"https:\/\/theplayoffs.news\/fr\/wp-content\/uploads\/2023\/08\/USATSI_21237260.jpg","type":"image\/jpeg"}],"author":"Flavien Jumeau","twitter_card":"summary_large_image","twitter_creator":"@TheFreeAgentFR","twitter_site":"@TheFreeAgentFR","twitter_misc":{"\u00c9crit par":"Flavien Jumeau","Dur\u00e9e de lecture estim\u00e9e":"1 minute"},"schema":{"@context":"https:\/\/schema.org","@graph":[{"@type":"WebPage","@id":"https:\/\/theplayoffs.news\/fr\/actualite-nfl\/isaiah-bolden-patriots-sorti-de-lhopital\/","url":"https:\/\/theplayoffs.news\/fr\/actualite-nfl\/isaiah-bolden-patriots-sorti-de-lhopital\/","name":"Isaiah Bolden (Patriots) est sorti de l\\'h\u00f4pital - The Playoffs FR","isPartOf":{"@id":"https:\/\/theplayoffs.news\/fr\/#website"},"primaryImageOfPage":{"@id":"https:\/\/theplayoffs.news\/fr\/actualite-nfl\/isaiah-bolden-patriots-sorti-de-lhopital\/#primaryimage"},"image":{"@id":"https:\/\/theplayoffs.news\/fr\/actualite-nfl\/isaiah-bolden-patriots-sorti-de-lhopital\/#primaryimage"},"thumbnailUrl":"https:\/\/theplayoffs.news\/fr\/wp-content\/uploads\/2023\/08\/USATSI_21237260.jpg","datePublished":"2023-08-20T12:49:26+00:00","dateModified":"2023-08-20T12:49:27+00:00","author":{"@id":"https:\/\/theplayoffs.news\/fr\/#\/schema\/person\/def63bc6746dc5957469b75feb99e66d"},"breadcrumb":{"@id":"https:\/\/theplayoffs.news\/fr\/actualite-nfl\/isaiah-bolden-patriots-sorti-de-lhopital\/#breadcrumb"},"inLanguage":"fr-FR","potentialAction":[{"@type":"ReadAction","target":["https:\/\/theplayoffs.news\/fr\/actualite-nfl\/isaiah-bolden-patriots-sorti-de-lhopital\/"]}]},{"@type":"ImageObject","inLanguage":"fr-FR","@id":"https:\/\/theplayoffs.news\/fr\/actualite-nfl\/isaiah-bolden-patriots-sorti-de-lhopital\/#primaryimage","url":"https:\/\/theplayoffs.news\/fr\/wp-content\/uploads\/2023\/08\/USATSI_21237260.jpg","contentUrl":"https:\/\/theplayoffs.news\/fr\/wp-content\/uploads\/2023\/08\/USATSI_21237260.jpg","width":1920,"height":1738,"caption":"Green Bay Packers wide receiver Cody Chrest (82) catches a pass as New England Patriots cornerback Isaiah Bolden (7) makes the tackle during their preseason football game Saturday, August 19, 2023, at Lambeau Field in Green Bay, Wis. The game was suspended in the fourth quarter following an injury to New England Patriots cornerback Isaiah Bolden (7) on the play. Tork Mason\/USA TODAY NETWORK-Wisconsin"},{"@type":"BreadcrumbList","@id":"https:\/\/theplayoffs.news\/fr\/actualite-nfl\/isaiah-bolden-patriots-sorti-de-lhopital\/#breadcrumb","itemListElement":[{"@type":"ListItem","position":1,"name":"Accueil","item":"https:\/\/theplayoffs.news\/fr\/"},{"@type":"ListItem","position":2,"name":"Isaiah Bolden (Patriots) est sorti de l&rsquo;h\u00f4pital"}]},{"@type":"WebSite","@id":"https:\/\/theplayoffs.news\/fr\/#website","url":"https:\/\/theplayoffs.news\/fr\/","name":"The Playoffs FR","description":"NBA-NFL-NHL-MLB","potentialAction":[{"@type":"SearchAction","target":{"@type":"EntryPoint","urlTemplate":"https:\/\/theplayoffs.news\/fr\/?s={search_term_string}"},"query-input":{"@type":"PropertyValueSpecification","valueRequired":true,"valueName":"search_term_string"}}],"inLanguage":"fr-FR"},{"@type":"Person","@id":"https:\/\/theplayoffs.news\/fr\/#\/schema\/person\/def63bc6746dc5957469b75feb99e66d","name":"Flavien Jumeau","image":{"@type":"ImageObject","inLanguage":"fr-FR","@id":"https:\/\/theplayoffs.news\/fr\/#\/schema\/person\/image\/","url":"https:\/\/secure.gravatar.com\/avatar\/e7fa8ba5a4b7e4ce35fe152f083f352db28ad0acce692004ed88a7a7d78893f7?s=96&d=mm&r=g","contentUrl":"https:\/\/secure.gravatar.com\/avatar\/e7fa8ba5a4b7e4ce35fe152f083f352db28ad0acce692004ed88a7a7d78893f7?s=96&d=mm&r=g","caption":"Flavien Jumeau"},"description":"Amoureux du sport (et de vraiment tous les sports) depuis mon plus jeune \u00e2ge, j\u2019ai longtemps h\u00e9site entre le snooker et le curling. Finalement c\u2019est le foot US que j\u2019ai d\u00e9cid\u00e9 de choisir! Responsable foot US sur TPO et animateur du podcast Tailgate j\u2019ai pour mission de vous faire d\u00e9couvrir ce sport passionnant si ce n\u2019est pas encore fait et de vous donner les derni\u00e8res actus. Le tout dans la bonne humeur et avec toujours un jeu de mots ou deux savamment distill\u00e9s! Fan des Saints, pour moi Drew Brees est le vrai GOAT!","url":"https:\/\/theplayoffs.news\/fr\/author\/flavien-jumeaugmail-com\/"}]}},"_links":{"self":[{"href":"https:\/\/theplayoffs.news\/fr\/wp-json\/wp\/v2\/posts\/815310","targetHints":{"allow":["GET"]}}],"collection":[{"href":"https:\/\/theplayoffs.news\/fr\/wp-json\/wp\/v2\/posts"}],"about":[{"href":"https:\/\/theplayoffs.news\/fr\/wp-json\/wp\/v2\/types\/post"}],"author":[{"embeddable":true,"href":"https:\/\/theplayoffs.news\/fr\/wp-json\/wp\/v2\/users\/180309964"}],"replies":[{"embeddable":true,"href":"https:\/\/theplayoffs.news\/fr\/wp-json\/wp\/v2\/comments?post=815310"}],"version-history":[{"count":2,"href":"https:\/\/theplayoffs.news\/fr\/wp-json\/wp\/v2\/posts\/815310\/revisions"}],"predecessor-version":[{"id":815374,"href":"https:\/\/theplayoffs.news\/fr\/wp-json\/wp\/v2\/posts\/815310\/revisions\/815374"}],"wp:featuredmedia":[{"embeddable":true,"href":"https:\/\/theplayoffs.news\/fr\/wp-json\/wp\/v2\/media\/815365"}],"wp:attachment":[{"href":"https:\/\/theplayoffs.news\/fr\/wp-json\/wp\/v2\/media?parent=815310"}],"wp:term":[{"taxonomy":"category","embeddable":true,"href":"https:\/\/theplayoffs.news\/fr\/wp-json\/wp\/v2\/categories?post=815310"},{"taxonomy":"post_tag","embeddable":true,"href":"https:\/\/theplayoffs.news\/fr\/wp-json\/wp\/v2\/tags?post=815310"},{"taxonomy":"sport","embeddable":true,"href":"https:\/\/theplayoffs.news\/fr\/wp-json\/wp\/v2\/sport?post=815310"},{"taxonomy":"saison","embeddable":true,"href":"https:\/\/theplayoffs.news\/fr\/wp-json\/wp\/v2\/saison?post=815310"}],"curies":[{"name":"wp","href":"https:\/\/api.w.org\/{rel}","templated":true}]}}