{"id":814271,"date":"2023-08-20T11:33:02","date_gmt":"2023-08-20T09:33:02","guid":{"rendered":"https:\/\/theplayoffs.news\/fr\/?p=814271"},"modified":"2023-08-20T11:36:05","modified_gmt":"2023-08-20T09:36:05","slug":"reactions-joueurs-suspension-match-packers-patriots","status":"publish","type":"post","link":"https:\/\/theplayoffs.news\/fr\/actualite-nfl\/reactions-joueurs-suspension-match-packers-patriots\/","title":{"rendered":"Les r\u00e9actions des joueurs apr\u00e8s la suspension du match Packers-Patriots"},"content":{"rendered":"<h2>Samedi soir a &eacute;t&eacute; t&eacute;moin d&rsquo;un incident profond&eacute;ment pr&eacute;occupant lors d&rsquo;un match de la NFL entre les Patriots de la Nouvelle-Angleterre et les Packers de Green Bay.<\/h2><p>Le cornerback des Patriots, <a href=\"https:\/\/theplayoffs.news\/fr\/joueur\/isaiah-bolden-nfl-9422058\/\" class=\"trk-cta-link\" data-cta-trk='{\"ctaType\":\"Link\",\"ctaSubType\":\"main\"}'><strong>Isaiah Bolden<\/strong><\/a>, est entr&eacute; en collision frontale avec son co&eacute;quipier Calvin Munson. Les deux tentaient de tacler Malik Heath, le receveur des Packers, lorsque l&rsquo;accident s&rsquo;est produit.<\/p><p>Pour ceux qui ont regard&eacute; dans un silence stup&eacute;fait, la vue des joueurs des deux &eacute;quipes agenouill&eacute;s sur le terrain, entourant Bolden, a &eacute;t&eacute; un intense moment de solidarit&eacute;.<\/p><p>\n<div id=\"attachment_814295\" style=\"width: 1930px\" class=\"wp-caption alignnone\"><img loading=\"lazy\" decoding=\"async\" aria-describedby=\"caption-attachment-814295\" class=\"size-full wp-image-814295\" src=\"https:\/\/theplayoffs.news\/fr\/wp-content\/uploads\/2023\/08\/USATSI_21236953.jpg\" alt=\"\" width=\"1920\" height=\"1373\" srcset=\"https:\/\/theplayoffs.news\/fr\/wp-content\/uploads\/2023\/08\/USATSI_21236953.jpg 1920w, https:\/\/theplayoffs.news\/fr\/wp-content\/uploads\/2023\/08\/USATSI_21236953-300x215.jpg 300w, https:\/\/theplayoffs.news\/fr\/wp-content\/uploads\/2023\/08\/USATSI_21236953-1030x737.jpg 1030w, https:\/\/theplayoffs.news\/fr\/wp-content\/uploads\/2023\/08\/USATSI_21236953-768x549.jpg 768w, https:\/\/theplayoffs.news\/fr\/wp-content\/uploads\/2023\/08\/USATSI_21236953-1536x1098.jpg 1536w, https:\/\/theplayoffs.news\/fr\/wp-content\/uploads\/2023\/08\/USATSI_21236953-1500x1073.jpg 1500w, https:\/\/theplayoffs.news\/fr\/wp-content\/uploads\/2023\/08\/USATSI_21236953-705x504.jpg 705w, https:\/\/theplayoffs.news\/fr\/wp-content\/uploads\/2023\/08\/USATSI_21236953-1320x944.jpg 1320w\" sizes=\"auto, (max-width: 1920px) 100vw, 1920px\" \/><p id=\"caption-attachment-814295\" class=\"wp-caption-text\">Aug 19, 2023; Green Bay, WI, USA; New England Patriots linebacker Calvin Munson (43) takes a knee on the field after cornerback Isaiah Bolden (7) was taken off the field on a stretcher after a fourth quarter injury against the Green Bay Packers during their preseason football game at Lambeau Field. The game was suspended in the fourth quarter after the inury. Mandatory Credit: Dan Powers-USA TODAY Sports<\/p><\/div>\n<\/p><p>La gravit&eacute; de la situation est devenue encore plus prononc&eacute;e lorsque des discussions impliquant Matt LaFleur, Bill Belichick et le capitaine des Patriots Matthew Slater, ont abouti &agrave; une d&eacute;cision mutuelle de suspendre le match. Cet acte marqu&eacute; de d&eacute;f&eacute;rence envers l&rsquo;&eacute;tat de sant&eacute; de Bolden a &eacute;t&eacute; renforc&eacute; par l&rsquo;approbation du commissaire de la NFL, Roger Goodell.<\/p><p>\n<div id=\"attachment_814373\" style=\"width: 1930px\" class=\"wp-caption alignnone\"><img loading=\"lazy\" decoding=\"async\" aria-describedby=\"caption-attachment-814373\" class=\"wp-image-814373 size-full\" src=\"https:\/\/theplayoffs.news\/fr\/wp-content\/uploads\/2023\/08\/USATSI_21236752.jpg\" alt=\"Matt Lafleur et Bill Belichick\" width=\"1920\" height=\"1658\" srcset=\"https:\/\/theplayoffs.news\/fr\/wp-content\/uploads\/2023\/08\/USATSI_21236752.jpg 1920w, https:\/\/theplayoffs.news\/fr\/wp-content\/uploads\/2023\/08\/USATSI_21236752-300x259.jpg 300w, https:\/\/theplayoffs.news\/fr\/wp-content\/uploads\/2023\/08\/USATSI_21236752-1030x889.jpg 1030w, https:\/\/theplayoffs.news\/fr\/wp-content\/uploads\/2023\/08\/USATSI_21236752-768x663.jpg 768w, https:\/\/theplayoffs.news\/fr\/wp-content\/uploads\/2023\/08\/USATSI_21236752-1536x1326.jpg 1536w, https:\/\/theplayoffs.news\/fr\/wp-content\/uploads\/2023\/08\/USATSI_21236752-1500x1295.jpg 1500w, https:\/\/theplayoffs.news\/fr\/wp-content\/uploads\/2023\/08\/USATSI_21236752-705x609.jpg 705w, https:\/\/theplayoffs.news\/fr\/wp-content\/uploads\/2023\/08\/USATSI_21236752-1320x1140.jpg 1320w\" sizes=\"auto, (max-width: 1920px) 100vw, 1920px\" \/><p id=\"caption-attachment-814373\" class=\"wp-caption-text\">Aug 19, 2023; Green Bay, WI, USA; New England Patriots head coach Bill Belichick, right, is shown after the game was suspended during the fourth quarter of their preseason game against the Green Bay Packers at Lambeau Field. Mandatory Credit: Mark Hoffman-USA TODAY Sports<\/p><\/div>\n<\/p><p>Belichick, sugg&eacute;rant la suspension, a r&eacute;sum&eacute; le sentiment de mani&egrave;re poignante :<\/p><blockquote><p>&laquo; La vue d&rsquo;ensemble a pris le pas sur le match. Nous disons tous une pri&egrave;re pour Isaiah. j&rsquo;appr&eacute;cie la mani&egrave;re dont la ligue a g&eacute;r&eacute; l&rsquo;&eacute;v&egrave;nement.&nbsp;&raquo;<\/p><\/blockquote><h3>Des images toujours difficiles<\/h3><p>Ce n&rsquo;est pas la premi&egrave;re fois qu&rsquo;un match de la NFL est interrompu pour des raisons de s&eacute;curit&eacute;. Des cas ant&eacute;rieurs comme l&rsquo;incident de Damar Hamlin sont des rappels douloureux des vuln&eacute;rabilit&eacute;s auxquelles m&ecirc;me les athl&egrave;tes les plus accomplis sont confront&eacute;s. Ce dernier accident est une autre occasion de r&eacute;fl&eacute;chir aux risques inh&eacute;rents aux sports de contact et aux mesures mises en place pour assurer la s&eacute;curit&eacute; des joueurs.<\/p><blockquote><p>&laquo;&nbsp;Une de ces choses qui vous donne des frissons quand vous voyez quelqu&rsquo;un sans mouvement sur le terrain de football&nbsp;&raquo;, a d&eacute;clar&eacute; <a href=\"https:\/\/theathletic.com\/4790080\/2023\/08\/20\/packers-patriots-react-isaiah-bolden-injury\/\" class=\"trk-cta-link\" data-cta-trk='{\"ctaType\":\"Link\",\"ctaSubType\":\"main\"}'>Kingsley Enagbare des Packers<\/a>. &laquo;&nbsp;Ce n&rsquo;est jamais bon signe, mais je suppose que c&rsquo;est d&eacute;finitivement pour le mieux que le match se termine comme il l&rsquo;a fait. Je sais que j&rsquo;&eacute;tais un peu secou&eacute;, mec. Je sais que les autres gars ont probablement ressenti la m&ecirc;me chose.&nbsp;&raquo;<\/p><\/blockquote><p>Les v&eacute;t&eacute;rans du jeu, comme Matthew Slater des Patriots, ont ressenti un sentiment de fiert&eacute; dans la fa&ccedil;on dont la situation a &eacute;t&eacute; g&eacute;r&eacute;e.<\/p><p>\n<div id=\"attachment_814297\" style=\"width: 1930px\" class=\"wp-caption alignnone\"><img loading=\"lazy\" decoding=\"async\" aria-describedby=\"caption-attachment-814297\" class=\"size-full wp-image-814297\" src=\"https:\/\/theplayoffs.news\/fr\/wp-content\/uploads\/2023\/08\/USATSI_21237101.jpg\" alt=\"\" width=\"1920\" height=\"1280\" srcset=\"https:\/\/theplayoffs.news\/fr\/wp-content\/uploads\/2023\/08\/USATSI_21237101.jpg 1920w, https:\/\/theplayoffs.news\/fr\/wp-content\/uploads\/2023\/08\/USATSI_21237101-300x200.jpg 300w, https:\/\/theplayoffs.news\/fr\/wp-content\/uploads\/2023\/08\/USATSI_21237101-1030x687.jpg 1030w, https:\/\/theplayoffs.news\/fr\/wp-content\/uploads\/2023\/08\/USATSI_21237101-768x512.jpg 768w, https:\/\/theplayoffs.news\/fr\/wp-content\/uploads\/2023\/08\/USATSI_21237101-1536x1024.jpg 1536w, https:\/\/theplayoffs.news\/fr\/wp-content\/uploads\/2023\/08\/USATSI_21237101-1500x1000.jpg 1500w, https:\/\/theplayoffs.news\/fr\/wp-content\/uploads\/2023\/08\/USATSI_21237101-705x470.jpg 705w, https:\/\/theplayoffs.news\/fr\/wp-content\/uploads\/2023\/08\/USATSI_21237101-1320x880.jpg 1320w\" sizes=\"auto, (max-width: 1920px) 100vw, 1920px\" \/><p id=\"caption-attachment-814297\" class=\"wp-caption-text\">Aug 19, 2023; Green Bay, Wisconsin, USA; New England Patriots players reacts after a serious injury to New England Patriots defensive back Isaiah Bolden in the fourth quarter during game against the Green Bay Packers at Lambeau Field. Mandatory Credit: Benny Sieu-USA TODAY Sports<\/p><\/div>\n<\/p><p>Certains des acteurs sur le terrains avaient d&eacute;j&agrave; &eacute;t&eacute; t&eacute;moin en direct de ce type d&rsquo;&eacute;v&egrave;nements. <a href=\"https:\/\/theplayoffs.news\/fr\/joueur\/aj-dillon-nfl-8479868\/\" class=\"trk-cta-link\" data-cta-trk='{\"ctaType\":\"Link\",\"ctaSubType\":\"main\"}'><strong>AJ Dillon<\/strong><\/a>, le receveur des Packers salue aussi la mani&egrave;re dont les choses ont &eacute;t&eacute; g&eacute;r&eacute;es :<\/p><blockquote><p>&laquo;&nbsp;En fin de compte, tout le monde est humain&nbsp;&raquo;, a d&eacute;clar&eacute; Dillon. &laquo;&nbsp;Vous ne voulez jamais voir quelqu&rsquo;un bless&eacute;, alors pour voir cela, je pense qu&rsquo;il est juste de dire que tout le monde prend du recul. Mais je pense que c&rsquo;&eacute;tait vraiment cool de voir le personnel d&rsquo;urgence des deux c&ocirc;t&eacute;s sortir. Ils avaient raison, s&rsquo;assurant qu&rsquo;il &eacute;tait aussi bon que possible. J&rsquo;esp&egrave;re qu&rsquo;il pourra &ecirc;tre de retour sur le terrain d&egrave;s que possible.<\/p><\/blockquote><p>&nbsp;<\/p><p><em>Credit: Tork Mason-USA TODAY Sports<\/em><\/p>\n","protected":false},"excerpt":{"rendered":"","protected":false},"author":13,"featured_media":814300,"comment_status":"open","ping_status":"closed","sticky":false,"template":"","format":"standard","meta":{"inline_featured_image":false,"kia_subtitle":"","_mux_skip_reasons":[],"proofreadBy":0,"footnotes":""},"categories":[118,40],"tags":[908,622],"sport":[],"saison":[],"class_list":["post-814271","post","type-post","status-publish","format-standard","has-post-thumbnail","hentry","category-actualite-nfl","category-nfl","tag-green-bay-packers","tag-new-england-patriots"],"acf":[],"yoast_head":"<!-- This site is optimized with the Yoast SEO plugin v24.2 - https:\/\/yoast.com\/wordpress\/plugins\/seo\/ -->\n<title>Les r&eacute;actions des joueurs apr&egrave;s la suspension du match Packers-Patriots - The Playoffs FR<\/title>\n<meta name=\"robots\" content=\"index, follow, max-snippet:-1, max-image-preview:large, max-video-preview:-1\" \/>\n<link rel=\"canonical\" href=\"https:\/\/theplayoffs.news\/fr\/actualite-nfl\/reactions-joueurs-suspension-match-packers-patriots\/\" \/>\n<meta property=\"og:locale\" content=\"fr_FR\" \/>\n<meta property=\"og:type\" content=\"article\" \/>\n<meta property=\"og:title\" content=\"Les r&eacute;actions des joueurs apr&egrave;s la suspension du match Packers-Patriots - The Playoffs FR\" \/>\n<meta property=\"og:url\" content=\"https:\/\/theplayoffs.news\/fr\/actualite-nfl\/reactions-joueurs-suspension-match-packers-patriots\/\" \/>\n<meta property=\"og:site_name\" content=\"The Playoffs FR\" \/>\n<meta property=\"article:publisher\" content=\"https:\/\/www.facebook.com\/TheFreeAgentFR\/\" \/>\n<meta property=\"article:modified_time\" content=\"2023-08-20T11:36:05+02:00\" \/>\n<meta property=\"og:image\" content=\"https:\/\/theplayoffs.news\/fr\/wp-content\/uploads\/2023\/08\/USATSI_21237337.jpg\" \/>\n\t<meta property=\"og:image:width\" content=\"1920\" \/>\n\t<meta property=\"og:image:height\" content=\"1371\" \/>\n\t<meta property=\"og:image:type\" content=\"image\/jpeg\" \/>\n<meta name=\"author\" content=\"Charles Taudin\" \/>\n<meta name=\"twitter:card\" content=\"summary_large_image\" \/>\n<meta name=\"twitter:creator\" content=\"@TheFreeAgentFR\" \/>\n<meta name=\"twitter:site\" content=\"@TheFreeAgentFR\" \/>\n<meta name=\"twitter:label1\" content=\"\u00c9crit par\" \/>\n\t<meta name=\"twitter:data1\" content=\"Charles Taudin\" \/>\n\t<meta name=\"twitter:label2\" content=\"Dur\u00e9e de lecture estim\u00e9e\" \/>\n\t<meta name=\"twitter:data2\" content=\"3 minutes\" \/>\n<script type=\"application\/ld+json\" class=\"yoast-schema-graph\">{\"@context\":\"https:\/\/schema.org\",\"@graph\":[{\"@type\":\"WebPage\",\"@id\":\"https:\/\/theplayoffs.news\/fr\/actualite-nfl\/reactions-joueurs-suspension-match-packers-patriots\/\",\"url\":\"https:\/\/theplayoffs.news\/fr\/actualite-nfl\/reactions-joueurs-suspension-match-packers-patriots\/\",\"name\":\"Les r\u00e9actions des joueurs apr\u00e8s la suspension du match Packers-Patriots - The Playoffs FR\",\"isPartOf\":{\"@id\":\"https:\/\/theplayoffs.news\/fr\/#website\"},\"primaryImageOfPage\":{\"@id\":\"https:\/\/theplayoffs.news\/fr\/actualite-nfl\/reactions-joueurs-suspension-match-packers-patriots\/#primaryimage\"},\"image\":{\"@id\":\"https:\/\/theplayoffs.news\/fr\/actualite-nfl\/reactions-joueurs-suspension-match-packers-patriots\/#primaryimage\"},\"thumbnailUrl\":\"https:\/\/theplayoffs.news\/fr\/wp-content\/uploads\/2023\/08\/USATSI_21237337.jpg\",\"datePublished\":\"2023-08-20T09:33:02+00:00\",\"dateModified\":\"2023-08-20T09:36:05+00:00\",\"author\":{\"@id\":\"https:\/\/theplayoffs.news\/fr\/#\/schema\/person\/eee5b69ad5d3c51cabe881c839dbe133\"},\"breadcrumb\":{\"@id\":\"https:\/\/theplayoffs.news\/fr\/actualite-nfl\/reactions-joueurs-suspension-match-packers-patriots\/#breadcrumb\"},\"inLanguage\":\"fr-FR\",\"potentialAction\":[{\"@type\":\"ReadAction\",\"target\":[\"https:\/\/theplayoffs.news\/fr\/actualite-nfl\/reactions-joueurs-suspension-match-packers-patriots\/\"]}]},{\"@type\":\"ImageObject\",\"inLanguage\":\"fr-FR\",\"@id\":\"https:\/\/theplayoffs.news\/fr\/actualite-nfl\/reactions-joueurs-suspension-match-packers-patriots\/#primaryimage\",\"url\":\"https:\/\/theplayoffs.news\/fr\/wp-content\/uploads\/2023\/08\/USATSI_21237337.jpg\",\"contentUrl\":\"https:\/\/theplayoffs.news\/fr\/wp-content\/uploads\/2023\/08\/USATSI_21237337.jpg\",\"width\":1920,\"height\":1371,\"caption\":\"Aug 19, 2023; Green Bay, WI, USA; New England Patriots linebacker Jahlani Tavai (48) looks on as cornerback Isaiah Bolden (7) is carted off the field during their preseason football game against the Green Bay Packers at Lambeau Field. The game was suspended in the fourth quarter following Bolden\u2019s injury. Mandatory Credit: Tork Mason-USA TODAY Sports\"},{\"@type\":\"BreadcrumbList\",\"@id\":\"https:\/\/theplayoffs.news\/fr\/actualite-nfl\/reactions-joueurs-suspension-match-packers-patriots\/#breadcrumb\",\"itemListElement\":[{\"@type\":\"ListItem\",\"position\":1,\"name\":\"Accueil\",\"item\":\"https:\/\/theplayoffs.news\/fr\/\"},{\"@type\":\"ListItem\",\"position\":2,\"name\":\"Les r\u00e9actions des joueurs apr\u00e8s la suspension du match Packers-Patriots\"}]},{\"@type\":\"WebSite\",\"@id\":\"https:\/\/theplayoffs.news\/fr\/#website\",\"url\":\"https:\/\/theplayoffs.news\/fr\/\",\"name\":\"The Playoffs FR\",\"description\":\"NBA-NFL-NHL-MLB\",\"potentialAction\":[{\"@type\":\"SearchAction\",\"target\":{\"@type\":\"EntryPoint\",\"urlTemplate\":\"https:\/\/theplayoffs.news\/fr\/?s={search_term_string}\"},\"query-input\":{\"@type\":\"PropertyValueSpecification\",\"valueRequired\":true,\"valueName\":\"search_term_string\"}}],\"inLanguage\":\"fr-FR\"},{\"@type\":\"Person\",\"@id\":\"https:\/\/theplayoffs.news\/fr\/#\/schema\/person\/eee5b69ad5d3c51cabe881c839dbe133\",\"name\":\"Charles Taudin\",\"image\":{\"@type\":\"ImageObject\",\"inLanguage\":\"fr-FR\",\"@id\":\"https:\/\/theplayoffs.news\/fr\/#\/schema\/person\/image\/\",\"url\":\"https:\/\/secure.gravatar.com\/avatar\/59a1e772205ce9fd255edfcafc93013736822e20261f294c5753b20c41ede9f2?s=96&d=mm&r=g\",\"contentUrl\":\"https:\/\/secure.gravatar.com\/avatar\/59a1e772205ce9fd255edfcafc93013736822e20261f294c5753b20c41ede9f2?s=96&d=mm&r=g\",\"caption\":\"Charles Taudin\"},\"description\":\"R\u00e9dacteur en chef global de The Playoffs, j\u2019ai cr\u00e9\u00e9 The Free Agent, devenu The Playoffs FR, en 2020 durant la pand\u00e9mie. Amoureux depuis des ann\u00e9es des 4 sports majeurs am\u00e9ricains, j\u2019organise maintenant la strat\u00e9gie \u00e9ditoriale et les r\u00e9seaux sociaux de l\u2019ensemble des versions de The Playoffs. Il m\u2019arrive encore d\u2019\u00e9crire sur certains sports que j\u2019affectionne particuli\u00e8rement comme la NFL ou la MLB. Si vous devez retenir qu\u2019une chose : Eli Manning est le vrai GOAT pour avoir battu deux fois Tom Brady.\",\"sameAs\":[\"https:\/\/www.instagram.com\/ctaudin_\/\"],\"url\":\"https:\/\/theplayoffs.news\/fr\/author\/charles-taudin\/\"}]}<\/script>\n<!-- \/ Yoast SEO plugin. -->","yoast_head_json":{"title":"Les r&eacute;actions des joueurs apr&egrave;s la suspension du match Packers-Patriots - The Playoffs FR","robots":{"index":"index","follow":"follow","max-snippet":"max-snippet:-1","max-image-preview":"max-image-preview:large","max-video-preview":"max-video-preview:-1"},"canonical":"https:\/\/theplayoffs.news\/fr\/actualite-nfl\/reactions-joueurs-suspension-match-packers-patriots\/","og_locale":"fr_FR","og_type":"article","og_title":"Les r&eacute;actions des joueurs apr&egrave;s la suspension du match Packers-Patriots - The Playoffs FR","og_url":"https:\/\/theplayoffs.news\/fr\/actualite-nfl\/reactions-joueurs-suspension-match-packers-patriots\/","og_site_name":"The Playoffs FR","article_publisher":"https:\/\/www.facebook.com\/TheFreeAgentFR\/","article_modified_time":"2023-08-20T09:36:05+00:00","og_image":[{"width":1920,"height":1371,"url":"https:\/\/theplayoffs.news\/fr\/wp-content\/uploads\/2023\/08\/USATSI_21237337.jpg","type":"image\/jpeg"}],"author":"Charles Taudin","twitter_card":"summary_large_image","twitter_creator":"@TheFreeAgentFR","twitter_site":"@TheFreeAgentFR","twitter_misc":{"\u00c9crit par":"Charles Taudin","Dur\u00e9e de lecture estim\u00e9e":"3 minutes"},"schema":{"@context":"https:\/\/schema.org","@graph":[{"@type":"WebPage","@id":"https:\/\/theplayoffs.news\/fr\/actualite-nfl\/reactions-joueurs-suspension-match-packers-patriots\/","url":"https:\/\/theplayoffs.news\/fr\/actualite-nfl\/reactions-joueurs-suspension-match-packers-patriots\/","name":"Les r\u00e9actions des joueurs apr\u00e8s la suspension du match Packers-Patriots - The Playoffs FR","isPartOf":{"@id":"https:\/\/theplayoffs.news\/fr\/#website"},"primaryImageOfPage":{"@id":"https:\/\/theplayoffs.news\/fr\/actualite-nfl\/reactions-joueurs-suspension-match-packers-patriots\/#primaryimage"},"image":{"@id":"https:\/\/theplayoffs.news\/fr\/actualite-nfl\/reactions-joueurs-suspension-match-packers-patriots\/#primaryimage"},"thumbnailUrl":"https:\/\/theplayoffs.news\/fr\/wp-content\/uploads\/2023\/08\/USATSI_21237337.jpg","datePublished":"2023-08-20T09:33:02+00:00","dateModified":"2023-08-20T09:36:05+00:00","author":{"@id":"https:\/\/theplayoffs.news\/fr\/#\/schema\/person\/eee5b69ad5d3c51cabe881c839dbe133"},"breadcrumb":{"@id":"https:\/\/theplayoffs.news\/fr\/actualite-nfl\/reactions-joueurs-suspension-match-packers-patriots\/#breadcrumb"},"inLanguage":"fr-FR","potentialAction":[{"@type":"ReadAction","target":["https:\/\/theplayoffs.news\/fr\/actualite-nfl\/reactions-joueurs-suspension-match-packers-patriots\/"]}]},{"@type":"ImageObject","inLanguage":"fr-FR","@id":"https:\/\/theplayoffs.news\/fr\/actualite-nfl\/reactions-joueurs-suspension-match-packers-patriots\/#primaryimage","url":"https:\/\/theplayoffs.news\/fr\/wp-content\/uploads\/2023\/08\/USATSI_21237337.jpg","contentUrl":"https:\/\/theplayoffs.news\/fr\/wp-content\/uploads\/2023\/08\/USATSI_21237337.jpg","width":1920,"height":1371,"caption":"Aug 19, 2023; Green Bay, WI, USA; New England Patriots linebacker Jahlani Tavai (48) looks on as cornerback Isaiah Bolden (7) is carted off the field during their preseason football game against the Green Bay Packers at Lambeau Field. The game was suspended in the fourth quarter following Bolden\u2019s injury. Mandatory Credit: Tork Mason-USA TODAY Sports"},{"@type":"BreadcrumbList","@id":"https:\/\/theplayoffs.news\/fr\/actualite-nfl\/reactions-joueurs-suspension-match-packers-patriots\/#breadcrumb","itemListElement":[{"@type":"ListItem","position":1,"name":"Accueil","item":"https:\/\/theplayoffs.news\/fr\/"},{"@type":"ListItem","position":2,"name":"Les r\u00e9actions des joueurs apr\u00e8s la suspension du match Packers-Patriots"}]},{"@type":"WebSite","@id":"https:\/\/theplayoffs.news\/fr\/#website","url":"https:\/\/theplayoffs.news\/fr\/","name":"The Playoffs FR","description":"NBA-NFL-NHL-MLB","potentialAction":[{"@type":"SearchAction","target":{"@type":"EntryPoint","urlTemplate":"https:\/\/theplayoffs.news\/fr\/?s={search_term_string}"},"query-input":{"@type":"PropertyValueSpecification","valueRequired":true,"valueName":"search_term_string"}}],"inLanguage":"fr-FR"},{"@type":"Person","@id":"https:\/\/theplayoffs.news\/fr\/#\/schema\/person\/eee5b69ad5d3c51cabe881c839dbe133","name":"Charles Taudin","image":{"@type":"ImageObject","inLanguage":"fr-FR","@id":"https:\/\/theplayoffs.news\/fr\/#\/schema\/person\/image\/","url":"https:\/\/secure.gravatar.com\/avatar\/59a1e772205ce9fd255edfcafc93013736822e20261f294c5753b20c41ede9f2?s=96&d=mm&r=g","contentUrl":"https:\/\/secure.gravatar.com\/avatar\/59a1e772205ce9fd255edfcafc93013736822e20261f294c5753b20c41ede9f2?s=96&d=mm&r=g","caption":"Charles Taudin"},"description":"R\u00e9dacteur en chef global de The Playoffs, j\u2019ai cr\u00e9\u00e9 The Free Agent, devenu The Playoffs FR, en 2020 durant la pand\u00e9mie. Amoureux depuis des ann\u00e9es des 4 sports majeurs am\u00e9ricains, j\u2019organise maintenant la strat\u00e9gie \u00e9ditoriale et les r\u00e9seaux sociaux de l\u2019ensemble des versions de The Playoffs. Il m\u2019arrive encore d\u2019\u00e9crire sur certains sports que j\u2019affectionne particuli\u00e8rement comme la NFL ou la MLB. Si vous devez retenir qu\u2019une chose : Eli Manning est le vrai GOAT pour avoir battu deux fois Tom Brady.","sameAs":["https:\/\/www.instagram.com\/ctaudin_\/"],"url":"https:\/\/theplayoffs.news\/fr\/author\/charles-taudin\/"}]}},"_links":{"self":[{"href":"https:\/\/theplayoffs.news\/fr\/wp-json\/wp\/v2\/posts\/814271","targetHints":{"allow":["GET"]}}],"collection":[{"href":"https:\/\/theplayoffs.news\/fr\/wp-json\/wp\/v2\/posts"}],"about":[{"href":"https:\/\/theplayoffs.news\/fr\/wp-json\/wp\/v2\/types\/post"}],"author":[{"embeddable":true,"href":"https:\/\/theplayoffs.news\/fr\/wp-json\/wp\/v2\/users\/13"}],"replies":[{"embeddable":true,"href":"https:\/\/theplayoffs.news\/fr\/wp-json\/wp\/v2\/comments?post=814271"}],"version-history":[{"count":2,"href":"https:\/\/theplayoffs.news\/fr\/wp-json\/wp\/v2\/posts\/814271\/revisions"}],"predecessor-version":[{"id":814411,"href":"https:\/\/theplayoffs.news\/fr\/wp-json\/wp\/v2\/posts\/814271\/revisions\/814411"}],"wp:featuredmedia":[{"embeddable":true,"href":"https:\/\/theplayoffs.news\/fr\/wp-json\/wp\/v2\/media\/814300"}],"wp:attachment":[{"href":"https:\/\/theplayoffs.news\/fr\/wp-json\/wp\/v2\/media?parent=814271"}],"wp:term":[{"taxonomy":"category","embeddable":true,"href":"https:\/\/theplayoffs.news\/fr\/wp-json\/wp\/v2\/categories?post=814271"},{"taxonomy":"post_tag","embeddable":true,"href":"https:\/\/theplayoffs.news\/fr\/wp-json\/wp\/v2\/tags?post=814271"},{"taxonomy":"sport","embeddable":true,"href":"https:\/\/theplayoffs.news\/fr\/wp-json\/wp\/v2\/sport?post=814271"},{"taxonomy":"saison","embeddable":true,"href":"https:\/\/theplayoffs.news\/fr\/wp-json\/wp\/v2\/saison?post=814271"}],"curies":[{"name":"wp","href":"https:\/\/api.w.org\/{rel}","templated":true}]}}