{"id":807863,"date":"2023-08-18T13:57:00","date_gmt":"2023-08-18T11:57:00","guid":{"rendered":"https:\/\/theplayoffs.news\/fr\/?p=807863"},"modified":"2023-08-18T14:05:17","modified_gmt":"2023-08-18T12:05:17","slug":"marcus-mariota-decu-match-face-aux-browns","status":"publish","type":"post","link":"https:\/\/theplayoffs.news\/fr\/actualite-nfl\/marcus-mariota-decu-match-face-aux-browns\/","title":{"rendered":"Marcus Mariota d\u00e9\u00e7u de son match face aux Browns"},"content":{"rendered":"<h2>Le nouveau quarterback num&eacute;ro deux de Philadelphie, Marcus Mariota, a &eacute;t&eacute; d&eacute;&ccedil;u se sa prestation lors du deuxi&egrave;me match de pr&eacute;saison face aux Browns.<\/h2><p>Les <a href=\"https:\/\/theplayoffs.news\/fr\/equipe\/philadelphia-eagles-nfl\/\" class=\"trk-cta-link\" data-cta-trk='{\"ctaType\":\"Link\",\"ctaSubType\":\"main\"}'>Eagles<\/a> se sont occup&eacute; d&rsquo;un probl&egrave;me presque majeur pour la franchise, celui de trouver un quarterback rempla&ccedil;ant solide au cas o&ugrave; il y aurait des probl&egrave;mes avec le titulaire. La saison derni&egrave;re, ce probl&egrave;me a bien failli co&ucirc;ter la premi&egrave;re place de la NFC &agrave; Philadelphie, lorsque Jalen Hurts a manqu&eacute; quelques matchs de saison r&eacute;guli&egrave;re. Ces petites absences auraient pu co&ucirc;ter la premi&egrave;re place de la NFC ce qui aurait fait perdre l&rsquo;avantage de la qualification directe au tour de division.<\/p><p>Le match du jeudi soir opposant les Eagles aux <a href=\"https:\/\/theplayoffs.news\/fr\/equipe\/cleveland-browns-nfl\/\" class=\"trk-cta-link\" data-cta-trk='{\"ctaType\":\"Link\",\"ctaSubType\":\"main\"}'>Browns<\/a> n&rsquo;a pas &eacute;t&eacute; r&eacute;ussi par Marcus Mariota, qui a compl&eacute;t&eacute; seulement 9 passes sur 17 pour 86 yards et une interception en plus de 3 sacks. Pour &ecirc;tre bref, Mariota n&rsquo;a pas appr&eacute;ci&eacute; son match et est d&eacute;&ccedil;u de ses performances, lui sur qui compte les Eagles en cas de p&eacute;pin avec Hurts.<\/p><blockquote><p>&laquo;&nbsp;J&rsquo;ai &eacute;t&eacute; n&eacute;gligent&nbsp;&raquo;, a <a href=\"https:\/\/www.nbcsports.com\/nfl\/profootballtalk\" class=\"trk-cta-link\" data-cta-trk='{\"ctaType\":\"Link\",\"ctaSubType\":\"main\"}'>d&eacute;clar&eacute; Mariota<\/a>. &laquo;&nbsp;Je peux faire mieux pour que nos gars travaillent plus proprement et plus efficacement. Mais c&rsquo;est &agrave; cela que sert la pr&eacute;saison. C&rsquo;est &agrave; cela que sert la pr&eacute;saison. Nettoyer un peu la rouille. Nous trouverons les moyens de nous am&eacute;liorer&nbsp;&raquo;.<\/p><\/blockquote><p>Le staff des Eagles se retrouve dans une situation compliqu&eacute;e, &eacute;tant donn&eacute; qu&rsquo;ils doivent tout faire pour que Mariota r&eacute;ussisse un minimum ce qu&rsquo;il doit faire.<\/p><blockquote><p>&laquo;&nbsp;C&rsquo;est aussi pour nous l&rsquo;occasion de d&eacute;couvrir ce qu&rsquo;il fait bien&nbsp;&raquo;, a d&eacute;clar&eacute; Sirianni. &laquo;&nbsp;Ce qu&rsquo;il voit bien, ce qui lui semble bon. Je sais qu&rsquo;il n&rsquo;a pas jou&eacute; comme il le voulait ce soir. Je ne dirais pas qu&rsquo;il a eu du mal lors du dernier match. Vous avez peut-&ecirc;tre dit cela. Je n&rsquo;ai pas dit cela. Il a couru, il a fait de bons jeux et il a tr&egrave;s bien fait circuler le ballon contre Baltimore. Ce soir, il est &eacute;vident qu&rsquo;il n&rsquo;a pas &eacute;t&eacute; &agrave; la hauteur, mais il s&rsquo;agit pour nous de trouver ce qui lui convient. Et c&rsquo;est juste nous qui l&rsquo;apprenons. C&rsquo;est nous qui travaillons ensemble pour trouver ce qu&rsquo;il faut.&nbsp;&raquo;<\/p><\/blockquote><p>Dans le meilleur des cas pour Philadelphie, Mariota n&rsquo;aura pas besoin de jouer de match &agrave; la place de Jalen Hurts. Cependant, le monde de la NFL est impr&eacute;visible et tout peut &ecirc;tre possible donc il faut se pr&eacute;parer &agrave; tout pour les Eagles. Philadelphie ach&egrave;vera sa pr&eacute;saison la semaine prochaine face aux Colts d&rsquo;Indianapolis.<\/p>\n","protected":false},"excerpt":{"rendered":"","protected":false},"author":180310178,"featured_media":807991,"comment_status":"open","ping_status":"closed","sticky":false,"template":"","format":"standard","meta":{"inline_featured_image":false,"kia_subtitle":"","_mux_skip_reasons":[],"proofreadBy":0,"footnotes":""},"categories":[118,40],"tags":[2005,79,773],"sport":[2785],"saison":[3453],"class_list":["post-807863","post","type-post","status-publish","format-standard","has-post-thumbnail","hentry","category-actualite-nfl","category-nfl","tag-marcus-mariota","tag-nfl","tag-philadelphia-eagles","sport-nfl","saison-3453"],"acf":[],"yoast_head":"<!-- This site is optimized with the Yoast SEO plugin v24.2 - https:\/\/yoast.com\/wordpress\/plugins\/seo\/ -->\n<title>Marcus Mariota d&eacute;&ccedil;u de son match face aux Browns - The Playoffs FR<\/title>\n<meta name=\"robots\" content=\"index, follow, max-snippet:-1, max-image-preview:large, max-video-preview:-1\" \/>\n<link rel=\"canonical\" href=\"https:\/\/theplayoffs.news\/fr\/actualite-nfl\/marcus-mariota-decu-match-face-aux-browns\/\" \/>\n<meta property=\"og:locale\" content=\"fr_FR\" \/>\n<meta property=\"og:type\" content=\"article\" \/>\n<meta property=\"og:title\" content=\"Marcus Mariota d&eacute;&ccedil;u de son match face aux Browns - The Playoffs FR\" \/>\n<meta property=\"og:url\" content=\"https:\/\/theplayoffs.news\/fr\/actualite-nfl\/marcus-mariota-decu-match-face-aux-browns\/\" \/>\n<meta property=\"og:site_name\" content=\"The Playoffs FR\" \/>\n<meta property=\"article:publisher\" content=\"https:\/\/www.facebook.com\/TheFreeAgentFR\/\" \/>\n<meta property=\"article:modified_time\" content=\"2023-08-18T14:05:17+02:00\" \/>\n<meta property=\"og:image\" content=\"https:\/\/theplayoffs.news\/fr\/wp-content\/uploads\/2023\/08\/Marcus-Mariota-071123.jpg\" \/>\n\t<meta property=\"og:image:width\" content=\"1920\" \/>\n\t<meta property=\"og:image:height\" content=\"1080\" \/>\n\t<meta property=\"og:image:type\" content=\"image\/jpeg\" \/>\n<meta name=\"author\" content=\"Arthur Berlemont\" \/>\n<meta name=\"twitter:card\" content=\"summary_large_image\" \/>\n<meta name=\"twitter:creator\" content=\"@TheFreeAgentFR\" \/>\n<meta name=\"twitter:site\" content=\"@TheFreeAgentFR\" \/>\n<meta name=\"twitter:label1\" content=\"\u00c9crit par\" \/>\n\t<meta name=\"twitter:data1\" content=\"Arthur Berlemont\" \/>\n\t<meta name=\"twitter:label2\" content=\"Dur\u00e9e de lecture estim\u00e9e\" \/>\n\t<meta name=\"twitter:data2\" content=\"2 minutes\" \/>\n<script type=\"application\/ld+json\" class=\"yoast-schema-graph\">{\"@context\":\"https:\/\/schema.org\",\"@graph\":[{\"@type\":\"WebPage\",\"@id\":\"https:\/\/theplayoffs.news\/fr\/actualite-nfl\/marcus-mariota-decu-match-face-aux-browns\/\",\"url\":\"https:\/\/theplayoffs.news\/fr\/actualite-nfl\/marcus-mariota-decu-match-face-aux-browns\/\",\"name\":\"Marcus Mariota d\u00e9\u00e7u de son match face aux Browns - The Playoffs FR\",\"isPartOf\":{\"@id\":\"https:\/\/theplayoffs.news\/fr\/#website\"},\"primaryImageOfPage\":{\"@id\":\"https:\/\/theplayoffs.news\/fr\/actualite-nfl\/marcus-mariota-decu-match-face-aux-browns\/#primaryimage\"},\"image\":{\"@id\":\"https:\/\/theplayoffs.news\/fr\/actualite-nfl\/marcus-mariota-decu-match-face-aux-browns\/#primaryimage\"},\"thumbnailUrl\":\"https:\/\/theplayoffs.news\/fr\/wp-content\/uploads\/2023\/08\/Marcus-Mariota-071123.jpg\",\"datePublished\":\"2023-08-18T11:57:00+00:00\",\"dateModified\":\"2023-08-18T12:05:17+00:00\",\"author\":{\"@id\":\"https:\/\/theplayoffs.news\/fr\/#\/schema\/person\/b6b04a451dab03a5ab75cec8912e8942\"},\"breadcrumb\":{\"@id\":\"https:\/\/theplayoffs.news\/fr\/actualite-nfl\/marcus-mariota-decu-match-face-aux-browns\/#breadcrumb\"},\"inLanguage\":\"fr-FR\",\"potentialAction\":[{\"@type\":\"ReadAction\",\"target\":[\"https:\/\/theplayoffs.news\/fr\/actualite-nfl\/marcus-mariota-decu-match-face-aux-browns\/\"]}]},{\"@type\":\"ImageObject\",\"inLanguage\":\"fr-FR\",\"@id\":\"https:\/\/theplayoffs.news\/fr\/actualite-nfl\/marcus-mariota-decu-match-face-aux-browns\/#primaryimage\",\"url\":\"https:\/\/theplayoffs.news\/fr\/wp-content\/uploads\/2023\/08\/Marcus-Mariota-071123.jpg\",\"contentUrl\":\"https:\/\/theplayoffs.news\/fr\/wp-content\/uploads\/2023\/08\/Marcus-Mariota-071123.jpg\",\"width\":1920,\"height\":1080,\"caption\":\"Marcus Mariota\"},{\"@type\":\"BreadcrumbList\",\"@id\":\"https:\/\/theplayoffs.news\/fr\/actualite-nfl\/marcus-mariota-decu-match-face-aux-browns\/#breadcrumb\",\"itemListElement\":[{\"@type\":\"ListItem\",\"position\":1,\"name\":\"Accueil\",\"item\":\"https:\/\/theplayoffs.news\/fr\/\"},{\"@type\":\"ListItem\",\"position\":2,\"name\":\"Marcus Mariota d\u00e9\u00e7u de son match face aux Browns\"}]},{\"@type\":\"WebSite\",\"@id\":\"https:\/\/theplayoffs.news\/fr\/#website\",\"url\":\"https:\/\/theplayoffs.news\/fr\/\",\"name\":\"The Playoffs FR\",\"description\":\"NBA-NFL-NHL-MLB\",\"potentialAction\":[{\"@type\":\"SearchAction\",\"target\":{\"@type\":\"EntryPoint\",\"urlTemplate\":\"https:\/\/theplayoffs.news\/fr\/?s={search_term_string}\"},\"query-input\":{\"@type\":\"PropertyValueSpecification\",\"valueRequired\":true,\"valueName\":\"search_term_string\"}}],\"inLanguage\":\"fr-FR\"},{\"@type\":\"Person\",\"@id\":\"https:\/\/theplayoffs.news\/fr\/#\/schema\/person\/b6b04a451dab03a5ab75cec8912e8942\",\"name\":\"Arthur Berlemont\",\"image\":{\"@type\":\"ImageObject\",\"inLanguage\":\"fr-FR\",\"@id\":\"https:\/\/theplayoffs.news\/fr\/#\/schema\/person\/image\/\",\"url\":\"https:\/\/secure.gravatar.com\/avatar\/19ddab1d62ab0a19b186b86cee130432b120dd6f085625a6a6757dd1aa90a5f3?s=96&d=mm&r=g\",\"contentUrl\":\"https:\/\/secure.gravatar.com\/avatar\/19ddab1d62ab0a19b186b86cee130432b120dd6f085625a6a6757dd1aa90a5f3?s=96&d=mm&r=g\",\"caption\":\"Arthur Berlemont\"},\"description\":\"Etudiant passionn\u00e9 de sport, avant tout m\u00e9caniques, j\\\\'ai d\u00e9couvert les sports US il y a quelques ann\u00e9es. J\\\\'ai tout de suite accroch\u00e9 pour la ville de Cincinnati et ses franchises de NFL et MLB. Aujourd\\\\'hui, je suis l\u00e0 par passion dans la r\u00e9daction d\\\\'articles sur divers sports que j\\\\'affectionne.\",\"url\":\"https:\/\/theplayoffs.news\/fr\/author\/arthur-berlemontgmail-com\/\"}]}<\/script>\n<!-- \/ Yoast SEO plugin. -->","yoast_head_json":{"title":"Marcus Mariota d&eacute;&ccedil;u de son match face aux Browns - The Playoffs FR","robots":{"index":"index","follow":"follow","max-snippet":"max-snippet:-1","max-image-preview":"max-image-preview:large","max-video-preview":"max-video-preview:-1"},"canonical":"https:\/\/theplayoffs.news\/fr\/actualite-nfl\/marcus-mariota-decu-match-face-aux-browns\/","og_locale":"fr_FR","og_type":"article","og_title":"Marcus Mariota d&eacute;&ccedil;u de son match face aux Browns - The Playoffs FR","og_url":"https:\/\/theplayoffs.news\/fr\/actualite-nfl\/marcus-mariota-decu-match-face-aux-browns\/","og_site_name":"The Playoffs FR","article_publisher":"https:\/\/www.facebook.com\/TheFreeAgentFR\/","article_modified_time":"2023-08-18T12:05:17+00:00","og_image":[{"width":1920,"height":1080,"url":"https:\/\/theplayoffs.news\/fr\/wp-content\/uploads\/2023\/08\/Marcus-Mariota-071123.jpg","type":"image\/jpeg"}],"author":"Arthur Berlemont","twitter_card":"summary_large_image","twitter_creator":"@TheFreeAgentFR","twitter_site":"@TheFreeAgentFR","twitter_misc":{"\u00c9crit par":"Arthur Berlemont","Dur\u00e9e de lecture estim\u00e9e":"2 minutes"},"schema":{"@context":"https:\/\/schema.org","@graph":[{"@type":"WebPage","@id":"https:\/\/theplayoffs.news\/fr\/actualite-nfl\/marcus-mariota-decu-match-face-aux-browns\/","url":"https:\/\/theplayoffs.news\/fr\/actualite-nfl\/marcus-mariota-decu-match-face-aux-browns\/","name":"Marcus Mariota d\u00e9\u00e7u de son match face aux Browns - The Playoffs FR","isPartOf":{"@id":"https:\/\/theplayoffs.news\/fr\/#website"},"primaryImageOfPage":{"@id":"https:\/\/theplayoffs.news\/fr\/actualite-nfl\/marcus-mariota-decu-match-face-aux-browns\/#primaryimage"},"image":{"@id":"https:\/\/theplayoffs.news\/fr\/actualite-nfl\/marcus-mariota-decu-match-face-aux-browns\/#primaryimage"},"thumbnailUrl":"https:\/\/theplayoffs.news\/fr\/wp-content\/uploads\/2023\/08\/Marcus-Mariota-071123.jpg","datePublished":"2023-08-18T11:57:00+00:00","dateModified":"2023-08-18T12:05:17+00:00","author":{"@id":"https:\/\/theplayoffs.news\/fr\/#\/schema\/person\/b6b04a451dab03a5ab75cec8912e8942"},"breadcrumb":{"@id":"https:\/\/theplayoffs.news\/fr\/actualite-nfl\/marcus-mariota-decu-match-face-aux-browns\/#breadcrumb"},"inLanguage":"fr-FR","potentialAction":[{"@type":"ReadAction","target":["https:\/\/theplayoffs.news\/fr\/actualite-nfl\/marcus-mariota-decu-match-face-aux-browns\/"]}]},{"@type":"ImageObject","inLanguage":"fr-FR","@id":"https:\/\/theplayoffs.news\/fr\/actualite-nfl\/marcus-mariota-decu-match-face-aux-browns\/#primaryimage","url":"https:\/\/theplayoffs.news\/fr\/wp-content\/uploads\/2023\/08\/Marcus-Mariota-071123.jpg","contentUrl":"https:\/\/theplayoffs.news\/fr\/wp-content\/uploads\/2023\/08\/Marcus-Mariota-071123.jpg","width":1920,"height":1080,"caption":"Marcus Mariota"},{"@type":"BreadcrumbList","@id":"https:\/\/theplayoffs.news\/fr\/actualite-nfl\/marcus-mariota-decu-match-face-aux-browns\/#breadcrumb","itemListElement":[{"@type":"ListItem","position":1,"name":"Accueil","item":"https:\/\/theplayoffs.news\/fr\/"},{"@type":"ListItem","position":2,"name":"Marcus Mariota d\u00e9\u00e7u de son match face aux Browns"}]},{"@type":"WebSite","@id":"https:\/\/theplayoffs.news\/fr\/#website","url":"https:\/\/theplayoffs.news\/fr\/","name":"The Playoffs FR","description":"NBA-NFL-NHL-MLB","potentialAction":[{"@type":"SearchAction","target":{"@type":"EntryPoint","urlTemplate":"https:\/\/theplayoffs.news\/fr\/?s={search_term_string}"},"query-input":{"@type":"PropertyValueSpecification","valueRequired":true,"valueName":"search_term_string"}}],"inLanguage":"fr-FR"},{"@type":"Person","@id":"https:\/\/theplayoffs.news\/fr\/#\/schema\/person\/b6b04a451dab03a5ab75cec8912e8942","name":"Arthur Berlemont","image":{"@type":"ImageObject","inLanguage":"fr-FR","@id":"https:\/\/theplayoffs.news\/fr\/#\/schema\/person\/image\/","url":"https:\/\/secure.gravatar.com\/avatar\/19ddab1d62ab0a19b186b86cee130432b120dd6f085625a6a6757dd1aa90a5f3?s=96&d=mm&r=g","contentUrl":"https:\/\/secure.gravatar.com\/avatar\/19ddab1d62ab0a19b186b86cee130432b120dd6f085625a6a6757dd1aa90a5f3?s=96&d=mm&r=g","caption":"Arthur Berlemont"},"description":"Etudiant passionn\u00e9 de sport, avant tout m\u00e9caniques, j\\'ai d\u00e9couvert les sports US il y a quelques ann\u00e9es. J\\'ai tout de suite accroch\u00e9 pour la ville de Cincinnati et ses franchises de NFL et MLB. Aujourd\\'hui, je suis l\u00e0 par passion dans la r\u00e9daction d\\'articles sur divers sports que j\\'affectionne.","url":"https:\/\/theplayoffs.news\/fr\/author\/arthur-berlemontgmail-com\/"}]}},"_links":{"self":[{"href":"https:\/\/theplayoffs.news\/fr\/wp-json\/wp\/v2\/posts\/807863","targetHints":{"allow":["GET"]}}],"collection":[{"href":"https:\/\/theplayoffs.news\/fr\/wp-json\/wp\/v2\/posts"}],"about":[{"href":"https:\/\/theplayoffs.news\/fr\/wp-json\/wp\/v2\/types\/post"}],"author":[{"embeddable":true,"href":"https:\/\/theplayoffs.news\/fr\/wp-json\/wp\/v2\/users\/180310178"}],"replies":[{"embeddable":true,"href":"https:\/\/theplayoffs.news\/fr\/wp-json\/wp\/v2\/comments?post=807863"}],"version-history":[{"count":3,"href":"https:\/\/theplayoffs.news\/fr\/wp-json\/wp\/v2\/posts\/807863\/revisions"}],"predecessor-version":[{"id":807990,"href":"https:\/\/theplayoffs.news\/fr\/wp-json\/wp\/v2\/posts\/807863\/revisions\/807990"}],"wp:featuredmedia":[{"embeddable":true,"href":"https:\/\/theplayoffs.news\/fr\/wp-json\/wp\/v2\/media\/807991"}],"wp:attachment":[{"href":"https:\/\/theplayoffs.news\/fr\/wp-json\/wp\/v2\/media?parent=807863"}],"wp:term":[{"taxonomy":"category","embeddable":true,"href":"https:\/\/theplayoffs.news\/fr\/wp-json\/wp\/v2\/categories?post=807863"},{"taxonomy":"post_tag","embeddable":true,"href":"https:\/\/theplayoffs.news\/fr\/wp-json\/wp\/v2\/tags?post=807863"},{"taxonomy":"sport","embeddable":true,"href":"https:\/\/theplayoffs.news\/fr\/wp-json\/wp\/v2\/sport?post=807863"},{"taxonomy":"saison","embeddable":true,"href":"https:\/\/theplayoffs.news\/fr\/wp-json\/wp\/v2\/saison?post=807863"}],"curies":[{"name":"wp","href":"https:\/\/api.w.org\/{rel}","templated":true}]}}