{"id":803689,"date":"2023-08-17T10:37:37","date_gmt":"2023-08-17T08:37:37","guid":{"rendered":"https:\/\/theplayoffs.news\/fr\/?p=803689"},"modified":"2023-08-17T10:37:39","modified_gmt":"2023-08-17T08:37:39","slug":"ben-simmons-retour-en-force-saison-nba-2023-24","status":"publish","type":"post","link":"https:\/\/theplayoffs.news\/fr\/actualite-nba\/ben-simmons-retour-en-force-saison-nba-2023-24\/","title":{"rendered":"Ben Simmons: pr\u00eat pour un retour en force dans la saison NBA 2023-24"},"content":{"rendered":"<h2>Le meneur des Brooklyn Nets, Ben Simmons a connu deux saisons difficiles marqu&eacute;es par des blessures, mais des nouvelles r&eacute;centes indiquent une r&eacute;surgence pleine d&rsquo;espoir.<\/h2><p>Apr&egrave;s avoir rat&eacute; toute la saison 2021-22 en raison d&rsquo;une grave blessure au dos, il &eacute;tait de retour sur le parquet pour la saison 2022-23. Cependant, son passage a &eacute;t&eacute; &eacute;court&eacute; car le probl&egrave;me de dos a de nouveau fait son apparition. Malgr&eacute; ces revers, les derni&egrave;res mises &agrave; jour de sources internes d&eacute;peignent un joueur qui n&rsquo;a rien m&eacute;nag&eacute; dans sa r&eacute;habilitation.<\/p><p>Mark Jones d&rsquo;ESPN a r&eacute;cemment partag&eacute; des informations sur la condition physique de <a href=\"https:\/\/theplayoffs.news\/fr\/joueur\/ben-simmons-nba-7814774\/\" class=\"trk-cta-link\" data-cta-trk='{\"ctaType\":\"Link\",\"ctaSubType\":\"main\"}'><strong>Ben Simmons<\/strong><\/a>, le d&eacute;crivant comme &laquo;&nbsp;muscl&eacute;&nbsp;&raquo;.<\/p><blockquote class=\"twitter-tweet\" data-width=\"500\" data-dnt=\"true\">\n<p lang=\"en\" dir=\"ltr\">I saw and spoke with <a href=\"https:\/\/twitter.com\/BrooklynNets?ref_src=twsrc%5Etfw\" class=\"trk-cta-link\" data-cta-trk='{\"ctaType\":\"Link\",\"ctaSubType\":\"main\"}'>@BrooklynNets<\/a> Ben Simmons today. <br>He&rsquo;s in fantastic shape. He&rsquo;s shredded&#128170;&#127997;. <br>He&rsquo;s in a good place. &#128076;&#127997;Ben has spent quality time this summer with Head Coach Jacque Vaughn,teammates Royce O&rsquo;Neal and Dennis Smith Jr. It&rsquo;s lining up for Simmons&#128175; <a href=\"https:\/\/t.co\/jT6QrIYB1U\" class=\"trk-cta-link\" data-cta-trk='{\"ctaType\":\"Link\",\"ctaSubType\":\"main\"}'>pic.twitter.com\/jT6QrIYB1U<\/a><\/p>\n<p>&mdash; MarkJonesESPN (@MarkJonesESPN) <a href=\"https:\/\/twitter.com\/MarkJonesESPN\/status\/1691953271357784522?ref_src=twsrc%5Etfw\" class=\"trk-cta-link\" data-cta-trk='{\"ctaType\":\"Link\",\"ctaSubType\":\"main\"}'>August 16, 2023<\/a><\/p><\/blockquote><p><script async src=\"https:\/\/platform.twitter.com\/widgets.js\" charset=\"utf-8\"><\/script><\/p><p>De plus, il a relay&eacute; l&rsquo;atmosph&egrave;re positive autour de Simmons, faisant allusion &agrave; la forte pr&eacute;paration mentale et &eacute;motionnelle du joueur pour la saison &agrave; venir. De tels rapports soulignent non seulement la transformation physique de Simmons, mais &eacute;galement la force psychologique louable dont il fait preuve face &agrave; l&rsquo;adversit&eacute;.<\/p><h3>Vers un r&ocirc;le de leader ?<\/h3><p>Les Nets sont s&ucirc;rement impatients du retour de Ben Simmons, en particulier avec la promesse d&rsquo;un joueur qui n&rsquo;est pas seulement en bonne forme physique mais aussi dans un bon esprit tourn&eacute; vers le basket plus que sur l&rsquo;extra-sportif.<\/p><p><a href=\"https:\/\/www.sny.tv\/articles\/sources-nets-ben-simmons-100-percent-healthy-focused-on-skill-work-conditioning\" class=\"trk-cta-link\" data-cta-trk='{\"ctaType\":\"Link\",\"ctaSubType\":\"main\"}'>Ian Begley de SNY<\/a> a rapport&eacute; le mois dernier que Simmons est maintenant en bonne sant&eacute; &agrave; 100%. Son agent, Bernie Lee, a renforc&eacute; ce sentiment lors d&rsquo;une r&eacute;cente interview, assurant aux fans que Simmons est pr&ecirc;t pour le camp d&rsquo;entra&icirc;nement et la saison r&eacute;guli&egrave;re sans aucun obstacle.<\/p><p>Aux c&ocirc;t&eacute;s de ses co&eacute;quipiers Mikal Bridges et Spencer Dinwiddie, Simmons devrait assumer un r&ocirc;le de leadership important pour permettre aux Nets d&rsquo;accrocher une place dans le top 8 de la conf&eacute;rence Est.<\/p>\n","protected":false},"excerpt":{"rendered":"","protected":false},"author":13,"featured_media":803751,"comment_status":"open","ping_status":"closed","sticky":false,"template":"","format":"standard","meta":{"inline_featured_image":false,"kia_subtitle":"","_mux_skip_reasons":[],"proofreadBy":0,"footnotes":""},"categories":[110,10],"tags":[518,499],"sport":[],"saison":[],"class_list":["post-803689","post","type-post","status-publish","format-standard","has-post-thumbnail","hentry","category-actualite-nba","category-nba","tag-ben-simmons","tag-brooklyn-nets"],"acf":[],"yoast_head":"<!-- This site is optimized with the Yoast SEO plugin v24.2 - https:\/\/yoast.com\/wordpress\/plugins\/seo\/ -->\n<title>Ben Simmons: pr&ecirc;t pour un retour en force dans la saison NBA 2023-24 - The Playoffs FR<\/title>\n<meta name=\"robots\" content=\"index, follow, max-snippet:-1, max-image-preview:large, max-video-preview:-1\" \/>\n<link rel=\"canonical\" href=\"https:\/\/theplayoffs.news\/fr\/actualite-nba\/ben-simmons-retour-en-force-saison-nba-2023-24\/\" \/>\n<meta property=\"og:locale\" content=\"fr_FR\" \/>\n<meta property=\"og:type\" content=\"article\" \/>\n<meta property=\"og:title\" content=\"Ben Simmons: pr&ecirc;t pour un retour en force dans la saison NBA 2023-24 - The Playoffs FR\" \/>\n<meta property=\"og:url\" content=\"https:\/\/theplayoffs.news\/fr\/actualite-nba\/ben-simmons-retour-en-force-saison-nba-2023-24\/\" \/>\n<meta property=\"og:site_name\" content=\"The Playoffs FR\" \/>\n<meta property=\"article:publisher\" content=\"https:\/\/www.facebook.com\/TheFreeAgentFR\/\" \/>\n<meta property=\"article:modified_time\" content=\"2023-08-17T10:37:39+02:00\" \/>\n<meta property=\"og:image\" content=\"https:\/\/theplayoffs.news\/fr\/wp-content\/uploads\/2023\/08\/maxresdefault-15.jpg\" \/>\n\t<meta property=\"og:image:width\" content=\"1280\" \/>\n\t<meta property=\"og:image:height\" content=\"720\" \/>\n\t<meta property=\"og:image:type\" content=\"image\/jpeg\" \/>\n<meta name=\"author\" content=\"Charles Taudin\" \/>\n<meta name=\"twitter:card\" content=\"summary_large_image\" \/>\n<meta name=\"twitter:creator\" content=\"@TheFreeAgentFR\" \/>\n<meta name=\"twitter:site\" content=\"@TheFreeAgentFR\" \/>\n<meta name=\"twitter:label1\" content=\"\u00c9crit par\" \/>\n\t<meta name=\"twitter:data1\" content=\"Charles Taudin\" \/>\n\t<meta name=\"twitter:label2\" content=\"Dur\u00e9e de lecture estim\u00e9e\" \/>\n\t<meta name=\"twitter:data2\" content=\"2 minutes\" \/>\n<script type=\"application\/ld+json\" class=\"yoast-schema-graph\">{\"@context\":\"https:\/\/schema.org\",\"@graph\":[{\"@type\":\"WebPage\",\"@id\":\"https:\/\/theplayoffs.news\/fr\/actualite-nba\/ben-simmons-retour-en-force-saison-nba-2023-24\/\",\"url\":\"https:\/\/theplayoffs.news\/fr\/actualite-nba\/ben-simmons-retour-en-force-saison-nba-2023-24\/\",\"name\":\"Ben Simmons: pr\u00eat pour un retour en force dans la saison NBA 2023-24 - The Playoffs FR\",\"isPartOf\":{\"@id\":\"https:\/\/theplayoffs.news\/fr\/#website\"},\"primaryImageOfPage\":{\"@id\":\"https:\/\/theplayoffs.news\/fr\/actualite-nba\/ben-simmons-retour-en-force-saison-nba-2023-24\/#primaryimage\"},\"image\":{\"@id\":\"https:\/\/theplayoffs.news\/fr\/actualite-nba\/ben-simmons-retour-en-force-saison-nba-2023-24\/#primaryimage\"},\"thumbnailUrl\":\"https:\/\/theplayoffs.news\/fr\/wp-content\/uploads\/2023\/08\/maxresdefault-15.jpg\",\"datePublished\":\"2023-08-17T08:37:37+00:00\",\"dateModified\":\"2023-08-17T08:37:39+00:00\",\"author\":{\"@id\":\"https:\/\/theplayoffs.news\/fr\/#\/schema\/person\/eee5b69ad5d3c51cabe881c839dbe133\"},\"breadcrumb\":{\"@id\":\"https:\/\/theplayoffs.news\/fr\/actualite-nba\/ben-simmons-retour-en-force-saison-nba-2023-24\/#breadcrumb\"},\"inLanguage\":\"fr-FR\",\"potentialAction\":[{\"@type\":\"ReadAction\",\"target\":[\"https:\/\/theplayoffs.news\/fr\/actualite-nba\/ben-simmons-retour-en-force-saison-nba-2023-24\/\"]}]},{\"@type\":\"ImageObject\",\"inLanguage\":\"fr-FR\",\"@id\":\"https:\/\/theplayoffs.news\/fr\/actualite-nba\/ben-simmons-retour-en-force-saison-nba-2023-24\/#primaryimage\",\"url\":\"https:\/\/theplayoffs.news\/fr\/wp-content\/uploads\/2023\/08\/maxresdefault-15.jpg\",\"contentUrl\":\"https:\/\/theplayoffs.news\/fr\/wp-content\/uploads\/2023\/08\/maxresdefault-15.jpg\",\"width\":1280,\"height\":720,\"caption\":\"Ben Simmons\"},{\"@type\":\"BreadcrumbList\",\"@id\":\"https:\/\/theplayoffs.news\/fr\/actualite-nba\/ben-simmons-retour-en-force-saison-nba-2023-24\/#breadcrumb\",\"itemListElement\":[{\"@type\":\"ListItem\",\"position\":1,\"name\":\"Accueil\",\"item\":\"https:\/\/theplayoffs.news\/fr\/\"},{\"@type\":\"ListItem\",\"position\":2,\"name\":\"Ben Simmons: pr\u00eat pour un retour en force dans la saison NBA 2023-24\"}]},{\"@type\":\"WebSite\",\"@id\":\"https:\/\/theplayoffs.news\/fr\/#website\",\"url\":\"https:\/\/theplayoffs.news\/fr\/\",\"name\":\"The Playoffs FR\",\"description\":\"NBA-NFL-NHL-MLB\",\"potentialAction\":[{\"@type\":\"SearchAction\",\"target\":{\"@type\":\"EntryPoint\",\"urlTemplate\":\"https:\/\/theplayoffs.news\/fr\/?s={search_term_string}\"},\"query-input\":{\"@type\":\"PropertyValueSpecification\",\"valueRequired\":true,\"valueName\":\"search_term_string\"}}],\"inLanguage\":\"fr-FR\"},{\"@type\":\"Person\",\"@id\":\"https:\/\/theplayoffs.news\/fr\/#\/schema\/person\/eee5b69ad5d3c51cabe881c839dbe133\",\"name\":\"Charles Taudin\",\"image\":{\"@type\":\"ImageObject\",\"inLanguage\":\"fr-FR\",\"@id\":\"https:\/\/theplayoffs.news\/fr\/#\/schema\/person\/image\/\",\"url\":\"https:\/\/secure.gravatar.com\/avatar\/59a1e772205ce9fd255edfcafc93013736822e20261f294c5753b20c41ede9f2?s=96&d=mm&r=g\",\"contentUrl\":\"https:\/\/secure.gravatar.com\/avatar\/59a1e772205ce9fd255edfcafc93013736822e20261f294c5753b20c41ede9f2?s=96&d=mm&r=g\",\"caption\":\"Charles Taudin\"},\"description\":\"R\u00e9dacteur en chef global de The Playoffs, j\u2019ai cr\u00e9\u00e9 The Free Agent, devenu The Playoffs FR, en 2020 durant la pand\u00e9mie. Amoureux depuis des ann\u00e9es des 4 sports majeurs am\u00e9ricains, j\u2019organise maintenant la strat\u00e9gie \u00e9ditoriale et les r\u00e9seaux sociaux de l\u2019ensemble des versions de The Playoffs. Il m\u2019arrive encore d\u2019\u00e9crire sur certains sports que j\u2019affectionne particuli\u00e8rement comme la NFL ou la MLB. Si vous devez retenir qu\u2019une chose : Eli Manning est le vrai GOAT pour avoir battu deux fois Tom Brady.\",\"sameAs\":[\"https:\/\/www.instagram.com\/ctaudin_\/\"],\"url\":\"https:\/\/theplayoffs.news\/fr\/author\/charles-taudin\/\"}]}<\/script>\n<!-- \/ Yoast SEO plugin. -->","yoast_head_json":{"title":"Ben Simmons: pr&ecirc;t pour un retour en force dans la saison NBA 2023-24 - The Playoffs FR","robots":{"index":"index","follow":"follow","max-snippet":"max-snippet:-1","max-image-preview":"max-image-preview:large","max-video-preview":"max-video-preview:-1"},"canonical":"https:\/\/theplayoffs.news\/fr\/actualite-nba\/ben-simmons-retour-en-force-saison-nba-2023-24\/","og_locale":"fr_FR","og_type":"article","og_title":"Ben Simmons: pr&ecirc;t pour un retour en force dans la saison NBA 2023-24 - The Playoffs FR","og_url":"https:\/\/theplayoffs.news\/fr\/actualite-nba\/ben-simmons-retour-en-force-saison-nba-2023-24\/","og_site_name":"The Playoffs FR","article_publisher":"https:\/\/www.facebook.com\/TheFreeAgentFR\/","article_modified_time":"2023-08-17T08:37:39+00:00","og_image":[{"width":1280,"height":720,"url":"https:\/\/theplayoffs.news\/fr\/wp-content\/uploads\/2023\/08\/maxresdefault-15.jpg","type":"image\/jpeg"}],"author":"Charles Taudin","twitter_card":"summary_large_image","twitter_creator":"@TheFreeAgentFR","twitter_site":"@TheFreeAgentFR","twitter_misc":{"\u00c9crit par":"Charles Taudin","Dur\u00e9e de lecture estim\u00e9e":"2 minutes"},"schema":{"@context":"https:\/\/schema.org","@graph":[{"@type":"WebPage","@id":"https:\/\/theplayoffs.news\/fr\/actualite-nba\/ben-simmons-retour-en-force-saison-nba-2023-24\/","url":"https:\/\/theplayoffs.news\/fr\/actualite-nba\/ben-simmons-retour-en-force-saison-nba-2023-24\/","name":"Ben Simmons: pr\u00eat pour un retour en force dans la saison NBA 2023-24 - The Playoffs FR","isPartOf":{"@id":"https:\/\/theplayoffs.news\/fr\/#website"},"primaryImageOfPage":{"@id":"https:\/\/theplayoffs.news\/fr\/actualite-nba\/ben-simmons-retour-en-force-saison-nba-2023-24\/#primaryimage"},"image":{"@id":"https:\/\/theplayoffs.news\/fr\/actualite-nba\/ben-simmons-retour-en-force-saison-nba-2023-24\/#primaryimage"},"thumbnailUrl":"https:\/\/theplayoffs.news\/fr\/wp-content\/uploads\/2023\/08\/maxresdefault-15.jpg","datePublished":"2023-08-17T08:37:37+00:00","dateModified":"2023-08-17T08:37:39+00:00","author":{"@id":"https:\/\/theplayoffs.news\/fr\/#\/schema\/person\/eee5b69ad5d3c51cabe881c839dbe133"},"breadcrumb":{"@id":"https:\/\/theplayoffs.news\/fr\/actualite-nba\/ben-simmons-retour-en-force-saison-nba-2023-24\/#breadcrumb"},"inLanguage":"fr-FR","potentialAction":[{"@type":"ReadAction","target":["https:\/\/theplayoffs.news\/fr\/actualite-nba\/ben-simmons-retour-en-force-saison-nba-2023-24\/"]}]},{"@type":"ImageObject","inLanguage":"fr-FR","@id":"https:\/\/theplayoffs.news\/fr\/actualite-nba\/ben-simmons-retour-en-force-saison-nba-2023-24\/#primaryimage","url":"https:\/\/theplayoffs.news\/fr\/wp-content\/uploads\/2023\/08\/maxresdefault-15.jpg","contentUrl":"https:\/\/theplayoffs.news\/fr\/wp-content\/uploads\/2023\/08\/maxresdefault-15.jpg","width":1280,"height":720,"caption":"Ben Simmons"},{"@type":"BreadcrumbList","@id":"https:\/\/theplayoffs.news\/fr\/actualite-nba\/ben-simmons-retour-en-force-saison-nba-2023-24\/#breadcrumb","itemListElement":[{"@type":"ListItem","position":1,"name":"Accueil","item":"https:\/\/theplayoffs.news\/fr\/"},{"@type":"ListItem","position":2,"name":"Ben Simmons: pr\u00eat pour un retour en force dans la saison NBA 2023-24"}]},{"@type":"WebSite","@id":"https:\/\/theplayoffs.news\/fr\/#website","url":"https:\/\/theplayoffs.news\/fr\/","name":"The Playoffs FR","description":"NBA-NFL-NHL-MLB","potentialAction":[{"@type":"SearchAction","target":{"@type":"EntryPoint","urlTemplate":"https:\/\/theplayoffs.news\/fr\/?s={search_term_string}"},"query-input":{"@type":"PropertyValueSpecification","valueRequired":true,"valueName":"search_term_string"}}],"inLanguage":"fr-FR"},{"@type":"Person","@id":"https:\/\/theplayoffs.news\/fr\/#\/schema\/person\/eee5b69ad5d3c51cabe881c839dbe133","name":"Charles Taudin","image":{"@type":"ImageObject","inLanguage":"fr-FR","@id":"https:\/\/theplayoffs.news\/fr\/#\/schema\/person\/image\/","url":"https:\/\/secure.gravatar.com\/avatar\/59a1e772205ce9fd255edfcafc93013736822e20261f294c5753b20c41ede9f2?s=96&d=mm&r=g","contentUrl":"https:\/\/secure.gravatar.com\/avatar\/59a1e772205ce9fd255edfcafc93013736822e20261f294c5753b20c41ede9f2?s=96&d=mm&r=g","caption":"Charles Taudin"},"description":"R\u00e9dacteur en chef global de The Playoffs, j\u2019ai cr\u00e9\u00e9 The Free Agent, devenu The Playoffs FR, en 2020 durant la pand\u00e9mie. Amoureux depuis des ann\u00e9es des 4 sports majeurs am\u00e9ricains, j\u2019organise maintenant la strat\u00e9gie \u00e9ditoriale et les r\u00e9seaux sociaux de l\u2019ensemble des versions de The Playoffs. Il m\u2019arrive encore d\u2019\u00e9crire sur certains sports que j\u2019affectionne particuli\u00e8rement comme la NFL ou la MLB. Si vous devez retenir qu\u2019une chose : Eli Manning est le vrai GOAT pour avoir battu deux fois Tom Brady.","sameAs":["https:\/\/www.instagram.com\/ctaudin_\/"],"url":"https:\/\/theplayoffs.news\/fr\/author\/charles-taudin\/"}]}},"_links":{"self":[{"href":"https:\/\/theplayoffs.news\/fr\/wp-json\/wp\/v2\/posts\/803689","targetHints":{"allow":["GET"]}}],"collection":[{"href":"https:\/\/theplayoffs.news\/fr\/wp-json\/wp\/v2\/posts"}],"about":[{"href":"https:\/\/theplayoffs.news\/fr\/wp-json\/wp\/v2\/types\/post"}],"author":[{"embeddable":true,"href":"https:\/\/theplayoffs.news\/fr\/wp-json\/wp\/v2\/users\/13"}],"replies":[{"embeddable":true,"href":"https:\/\/theplayoffs.news\/fr\/wp-json\/wp\/v2\/comments?post=803689"}],"version-history":[{"count":2,"href":"https:\/\/theplayoffs.news\/fr\/wp-json\/wp\/v2\/posts\/803689\/revisions"}],"predecessor-version":[{"id":803776,"href":"https:\/\/theplayoffs.news\/fr\/wp-json\/wp\/v2\/posts\/803689\/revisions\/803776"}],"wp:featuredmedia":[{"embeddable":true,"href":"https:\/\/theplayoffs.news\/fr\/wp-json\/wp\/v2\/media\/803751"}],"wp:attachment":[{"href":"https:\/\/theplayoffs.news\/fr\/wp-json\/wp\/v2\/media?parent=803689"}],"wp:term":[{"taxonomy":"category","embeddable":true,"href":"https:\/\/theplayoffs.news\/fr\/wp-json\/wp\/v2\/categories?post=803689"},{"taxonomy":"post_tag","embeddable":true,"href":"https:\/\/theplayoffs.news\/fr\/wp-json\/wp\/v2\/tags?post=803689"},{"taxonomy":"sport","embeddable":true,"href":"https:\/\/theplayoffs.news\/fr\/wp-json\/wp\/v2\/sport?post=803689"},{"taxonomy":"saison","embeddable":true,"href":"https:\/\/theplayoffs.news\/fr\/wp-json\/wp\/v2\/saison?post=803689"}],"curies":[{"name":"wp","href":"https:\/\/api.w.org\/{rel}","templated":true}]}}