{"id":803348,"date":"2023-08-17T09:25:08","date_gmt":"2023-08-17T07:25:08","guid":{"rendered":"https:\/\/theplayoffs.news\/fr\/?p=803348"},"modified":"2023-08-17T09:25:09","modified_gmt":"2023-08-17T07:25:09","slug":"premiere-pour-les-reds-face-a-syndergaard","status":"publish","type":"post","link":"https:\/\/theplayoffs.news\/fr\/actualite-mlb\/premiere-pour-les-reds-face-a-syndergaard\/","title":{"rendered":"Une premi\u00e8re pour les Reds face \u00e0 Syndergaard"},"content":{"rendered":"<h2>Les Reds de Cincinnati ont battu les Guardians de Cleveland hier soir 7-2 dans un match crucial pour une place en play-offs.<\/h2><p>Les <a href=\"https:\/\/theplayoffs.news\/fr\/equipe\/cincinnati-reds-mlb\/\" class=\"trk-cta-link\" data-cta-trk='{\"ctaType\":\"Link\",\"ctaSubType\":\"main\"}'>Reds<\/a> ont rattrap&eacute; leur bavure de la vieille en battant Cleveland. Cette victoire &agrave; un go&ucirc;t sp&eacute;cial pour Cincinnati, &eacute;tant donn&eacute; que c&rsquo;est la premi&egrave;re fois que celle-ci bat Noah Syndergaard en <a href=\"https:\/\/www.mlb.com\/reds\/video\/ramon-laureano-flies-out-to-center-fielder-tj-friedl\" class=\"trk-cta-link\" data-cta-trk='{\"ctaType\":\"Link\",\"ctaSubType\":\"main\"}'>MLB<\/a>. Cette victoire a &eacute;t&eacute; marqu&eacute; par l&rsquo;incroyable performance de TJ Friedl, ayant r&eacute;alis&eacute; trois coups s&ucirc;rs et marqu&eacute; trois points. En plus de cette belle performance offensive, Friedl a &eacute;galement attrap&eacute; deux magnifiques balles en d&eacute;fense au milieu de terrain.<\/p><p>Andrew Abbott est &eacute;galement auteur d&rsquo;une bonne prestation hier soir. Celui-ci a effectu&eacute; six coups s&ucirc;rs pour deux points. Le match a &eacute;galement &eacute;t&eacute; r&eacute;ussi par les lanceurs de Cincinnati en fin de match. Depuis quelques semaines, les Reds encaissent beaucoup de points dans les trois derni&egrave;res manches, ce qui leur a co&ucirc;t&eacute; un bon nombre de victoires. Hier soir, les lanceurs rempla&ccedil;ants, Fernando Cruz, Sam Moll, Derek Law ainsi qu&rsquo;Alan Busenitz, ont accord&eacute; seulement trois coups s&ucirc;rs en quatre manches vierges pour les <a href=\"https:\/\/theplayoffs.news\/fr\/equipe\/cleveland-guardians-mlb\/\" class=\"trk-cta-link\" data-cta-trk='{\"ctaType\":\"Link\",\"ctaSubType\":\"main\"}'>Guardians<\/a>.<\/p><p>Cette victoire permet aux Reds de recoller avec les Cubs dans ce qui est une bataille pour acc&eacute;der aux play-offs. Cincinnati a &eacute;galement d&eacute;pass&eacute; son total de victoires de 2022 avec une quarantaine de matchs restants. La franchise de l&rsquo;Ohio a montr&eacute; cette saison de gros prog&egrave;s, avec notamment la recrue Elly De La Cruz.<\/p><p>Les Reds retrouveront les Guardians les 26 et 27 septembre, pour d&eacute;terminer le vainqueur de la coupe de l&rsquo;Ohio d&eacute;partageant les deux franchises de Cincinnati et Cleveland. En attendant, Cincinnati va affronter les Toronto Blue Jays dans une s&eacute;rie de deux matchs, alors que les Guardians affronteront les Tigers dans une s&eacute;rie de quatre matchs.<\/p>\n","protected":false},"excerpt":{"rendered":"","protected":false},"author":180310178,"featured_media":337051,"comment_status":"open","ping_status":"closed","sticky":false,"template":"","format":"standard","meta":{"inline_featured_image":false,"kia_subtitle":"","_mux_skip_reasons":[],"proofreadBy":0,"footnotes":""},"categories":[188,9],"tags":[452,2729,29,6358],"sport":[2786],"saison":[3453],"class_list":["post-803348","post","type-post","status-publish","format-standard","has-post-thumbnail","hentry","category-actualite-mlb","category-mlb","tag-cincinnati-reds","tag-cleveland-guardians","tag-mlb","tag-tj-friedl","sport-mlb","saison-3453"],"acf":[],"yoast_head":"<!-- This site is optimized with the Yoast SEO plugin v24.2 - https:\/\/yoast.com\/wordpress\/plugins\/seo\/ -->\n<title>Une premi&egrave;re pour les Reds face &agrave; Syndergaard - The Playoffs FR<\/title>\n<meta name=\"robots\" content=\"index, follow, max-snippet:-1, max-image-preview:large, max-video-preview:-1\" \/>\n<link rel=\"canonical\" href=\"https:\/\/theplayoffs.news\/fr\/actualite-mlb\/premiere-pour-les-reds-face-a-syndergaard\/\" \/>\n<meta property=\"og:locale\" content=\"fr_FR\" \/>\n<meta property=\"og:type\" content=\"article\" \/>\n<meta property=\"og:title\" content=\"Une premi&egrave;re pour les Reds face &agrave; Syndergaard - The Playoffs FR\" \/>\n<meta property=\"og:url\" content=\"https:\/\/theplayoffs.news\/fr\/actualite-mlb\/premiere-pour-les-reds-face-a-syndergaard\/\" \/>\n<meta property=\"og:site_name\" content=\"The Playoffs FR\" \/>\n<meta property=\"article:publisher\" content=\"https:\/\/www.facebook.com\/TheFreeAgentFR\/\" \/>\n<meta property=\"article:modified_time\" content=\"2023-08-17T09:25:09+02:00\" \/>\n<meta property=\"og:image\" content=\"https:\/\/theplayoffs.news\/fr\/wp-content\/uploads\/2022\/04\/Cincinnati-Reds.jpg\" \/>\n\t<meta property=\"og:image:width\" content=\"1920\" \/>\n\t<meta property=\"og:image:height\" content=\"1080\" \/>\n\t<meta property=\"og:image:type\" content=\"image\/jpeg\" \/>\n<meta name=\"author\" content=\"Arthur Berlemont\" \/>\n<meta name=\"twitter:card\" content=\"summary_large_image\" \/>\n<meta name=\"twitter:creator\" content=\"@TheFreeAgentFR\" \/>\n<meta name=\"twitter:site\" content=\"@TheFreeAgentFR\" \/>\n<meta name=\"twitter:label1\" content=\"\u00c9crit par\" \/>\n\t<meta name=\"twitter:data1\" content=\"Arthur Berlemont\" \/>\n\t<meta name=\"twitter:label2\" content=\"Dur\u00e9e de lecture estim\u00e9e\" \/>\n\t<meta name=\"twitter:data2\" content=\"2 minutes\" \/>\n<script type=\"application\/ld+json\" class=\"yoast-schema-graph\">{\"@context\":\"https:\/\/schema.org\",\"@graph\":[{\"@type\":\"WebPage\",\"@id\":\"https:\/\/theplayoffs.news\/fr\/actualite-mlb\/premiere-pour-les-reds-face-a-syndergaard\/\",\"url\":\"https:\/\/theplayoffs.news\/fr\/actualite-mlb\/premiere-pour-les-reds-face-a-syndergaard\/\",\"name\":\"Une premi\u00e8re pour les Reds face \u00e0 Syndergaard - The Playoffs FR\",\"isPartOf\":{\"@id\":\"https:\/\/theplayoffs.news\/fr\/#website\"},\"primaryImageOfPage\":{\"@id\":\"https:\/\/theplayoffs.news\/fr\/actualite-mlb\/premiere-pour-les-reds-face-a-syndergaard\/#primaryimage\"},\"image\":{\"@id\":\"https:\/\/theplayoffs.news\/fr\/actualite-mlb\/premiere-pour-les-reds-face-a-syndergaard\/#primaryimage\"},\"thumbnailUrl\":\"https:\/\/theplayoffs.news\/fr\/wp-content\/uploads\/2022\/04\/Cincinnati-Reds.jpg\",\"datePublished\":\"2023-08-17T07:25:08+00:00\",\"dateModified\":\"2023-08-17T07:25:09+00:00\",\"author\":{\"@id\":\"https:\/\/theplayoffs.news\/fr\/#\/schema\/person\/b6b04a451dab03a5ab75cec8912e8942\"},\"breadcrumb\":{\"@id\":\"https:\/\/theplayoffs.news\/fr\/actualite-mlb\/premiere-pour-les-reds-face-a-syndergaard\/#breadcrumb\"},\"inLanguage\":\"fr-FR\",\"potentialAction\":[{\"@type\":\"ReadAction\",\"target\":[\"https:\/\/theplayoffs.news\/fr\/actualite-mlb\/premiere-pour-les-reds-face-a-syndergaard\/\"]}]},{\"@type\":\"ImageObject\",\"inLanguage\":\"fr-FR\",\"@id\":\"https:\/\/theplayoffs.news\/fr\/actualite-mlb\/premiere-pour-les-reds-face-a-syndergaard\/#primaryimage\",\"url\":\"https:\/\/theplayoffs.news\/fr\/wp-content\/uploads\/2022\/04\/Cincinnati-Reds.jpg\",\"contentUrl\":\"https:\/\/theplayoffs.news\/fr\/wp-content\/uploads\/2022\/04\/Cincinnati-Reds.jpg\",\"width\":1920,\"height\":1080},{\"@type\":\"BreadcrumbList\",\"@id\":\"https:\/\/theplayoffs.news\/fr\/actualite-mlb\/premiere-pour-les-reds-face-a-syndergaard\/#breadcrumb\",\"itemListElement\":[{\"@type\":\"ListItem\",\"position\":1,\"name\":\"Accueil\",\"item\":\"https:\/\/theplayoffs.news\/fr\/\"},{\"@type\":\"ListItem\",\"position\":2,\"name\":\"Une premi\u00e8re pour les Reds face \u00e0 Syndergaard\"}]},{\"@type\":\"WebSite\",\"@id\":\"https:\/\/theplayoffs.news\/fr\/#website\",\"url\":\"https:\/\/theplayoffs.news\/fr\/\",\"name\":\"The Playoffs FR\",\"description\":\"NBA-NFL-NHL-MLB\",\"potentialAction\":[{\"@type\":\"SearchAction\",\"target\":{\"@type\":\"EntryPoint\",\"urlTemplate\":\"https:\/\/theplayoffs.news\/fr\/?s={search_term_string}\"},\"query-input\":{\"@type\":\"PropertyValueSpecification\",\"valueRequired\":true,\"valueName\":\"search_term_string\"}}],\"inLanguage\":\"fr-FR\"},{\"@type\":\"Person\",\"@id\":\"https:\/\/theplayoffs.news\/fr\/#\/schema\/person\/b6b04a451dab03a5ab75cec8912e8942\",\"name\":\"Arthur Berlemont\",\"image\":{\"@type\":\"ImageObject\",\"inLanguage\":\"fr-FR\",\"@id\":\"https:\/\/theplayoffs.news\/fr\/#\/schema\/person\/image\/\",\"url\":\"https:\/\/secure.gravatar.com\/avatar\/19ddab1d62ab0a19b186b86cee130432b120dd6f085625a6a6757dd1aa90a5f3?s=96&d=mm&r=g\",\"contentUrl\":\"https:\/\/secure.gravatar.com\/avatar\/19ddab1d62ab0a19b186b86cee130432b120dd6f085625a6a6757dd1aa90a5f3?s=96&d=mm&r=g\",\"caption\":\"Arthur Berlemont\"},\"description\":\"Etudiant passionn\u00e9 de sport, avant tout m\u00e9caniques, j\\\\'ai d\u00e9couvert les sports US il y a quelques ann\u00e9es. J\\\\'ai tout de suite accroch\u00e9 pour la ville de Cincinnati et ses franchises de NFL et MLB. Aujourd\\\\'hui, je suis l\u00e0 par passion dans la r\u00e9daction d\\\\'articles sur divers sports que j\\\\'affectionne.\",\"url\":\"https:\/\/theplayoffs.news\/fr\/author\/arthur-berlemontgmail-com\/\"}]}<\/script>\n<!-- \/ Yoast SEO plugin. -->","yoast_head_json":{"title":"Une premi&egrave;re pour les Reds face &agrave; Syndergaard - The Playoffs FR","robots":{"index":"index","follow":"follow","max-snippet":"max-snippet:-1","max-image-preview":"max-image-preview:large","max-video-preview":"max-video-preview:-1"},"canonical":"https:\/\/theplayoffs.news\/fr\/actualite-mlb\/premiere-pour-les-reds-face-a-syndergaard\/","og_locale":"fr_FR","og_type":"article","og_title":"Une premi&egrave;re pour les Reds face &agrave; Syndergaard - The Playoffs FR","og_url":"https:\/\/theplayoffs.news\/fr\/actualite-mlb\/premiere-pour-les-reds-face-a-syndergaard\/","og_site_name":"The Playoffs FR","article_publisher":"https:\/\/www.facebook.com\/TheFreeAgentFR\/","article_modified_time":"2023-08-17T07:25:09+00:00","og_image":[{"width":1920,"height":1080,"url":"https:\/\/theplayoffs.news\/fr\/wp-content\/uploads\/2022\/04\/Cincinnati-Reds.jpg","type":"image\/jpeg"}],"author":"Arthur Berlemont","twitter_card":"summary_large_image","twitter_creator":"@TheFreeAgentFR","twitter_site":"@TheFreeAgentFR","twitter_misc":{"\u00c9crit par":"Arthur Berlemont","Dur\u00e9e de lecture estim\u00e9e":"2 minutes"},"schema":{"@context":"https:\/\/schema.org","@graph":[{"@type":"WebPage","@id":"https:\/\/theplayoffs.news\/fr\/actualite-mlb\/premiere-pour-les-reds-face-a-syndergaard\/","url":"https:\/\/theplayoffs.news\/fr\/actualite-mlb\/premiere-pour-les-reds-face-a-syndergaard\/","name":"Une premi\u00e8re pour les Reds face \u00e0 Syndergaard - The Playoffs FR","isPartOf":{"@id":"https:\/\/theplayoffs.news\/fr\/#website"},"primaryImageOfPage":{"@id":"https:\/\/theplayoffs.news\/fr\/actualite-mlb\/premiere-pour-les-reds-face-a-syndergaard\/#primaryimage"},"image":{"@id":"https:\/\/theplayoffs.news\/fr\/actualite-mlb\/premiere-pour-les-reds-face-a-syndergaard\/#primaryimage"},"thumbnailUrl":"https:\/\/theplayoffs.news\/fr\/wp-content\/uploads\/2022\/04\/Cincinnati-Reds.jpg","datePublished":"2023-08-17T07:25:08+00:00","dateModified":"2023-08-17T07:25:09+00:00","author":{"@id":"https:\/\/theplayoffs.news\/fr\/#\/schema\/person\/b6b04a451dab03a5ab75cec8912e8942"},"breadcrumb":{"@id":"https:\/\/theplayoffs.news\/fr\/actualite-mlb\/premiere-pour-les-reds-face-a-syndergaard\/#breadcrumb"},"inLanguage":"fr-FR","potentialAction":[{"@type":"ReadAction","target":["https:\/\/theplayoffs.news\/fr\/actualite-mlb\/premiere-pour-les-reds-face-a-syndergaard\/"]}]},{"@type":"ImageObject","inLanguage":"fr-FR","@id":"https:\/\/theplayoffs.news\/fr\/actualite-mlb\/premiere-pour-les-reds-face-a-syndergaard\/#primaryimage","url":"https:\/\/theplayoffs.news\/fr\/wp-content\/uploads\/2022\/04\/Cincinnati-Reds.jpg","contentUrl":"https:\/\/theplayoffs.news\/fr\/wp-content\/uploads\/2022\/04\/Cincinnati-Reds.jpg","width":1920,"height":1080},{"@type":"BreadcrumbList","@id":"https:\/\/theplayoffs.news\/fr\/actualite-mlb\/premiere-pour-les-reds-face-a-syndergaard\/#breadcrumb","itemListElement":[{"@type":"ListItem","position":1,"name":"Accueil","item":"https:\/\/theplayoffs.news\/fr\/"},{"@type":"ListItem","position":2,"name":"Une premi\u00e8re pour les Reds face \u00e0 Syndergaard"}]},{"@type":"WebSite","@id":"https:\/\/theplayoffs.news\/fr\/#website","url":"https:\/\/theplayoffs.news\/fr\/","name":"The Playoffs FR","description":"NBA-NFL-NHL-MLB","potentialAction":[{"@type":"SearchAction","target":{"@type":"EntryPoint","urlTemplate":"https:\/\/theplayoffs.news\/fr\/?s={search_term_string}"},"query-input":{"@type":"PropertyValueSpecification","valueRequired":true,"valueName":"search_term_string"}}],"inLanguage":"fr-FR"},{"@type":"Person","@id":"https:\/\/theplayoffs.news\/fr\/#\/schema\/person\/b6b04a451dab03a5ab75cec8912e8942","name":"Arthur Berlemont","image":{"@type":"ImageObject","inLanguage":"fr-FR","@id":"https:\/\/theplayoffs.news\/fr\/#\/schema\/person\/image\/","url":"https:\/\/secure.gravatar.com\/avatar\/19ddab1d62ab0a19b186b86cee130432b120dd6f085625a6a6757dd1aa90a5f3?s=96&d=mm&r=g","contentUrl":"https:\/\/secure.gravatar.com\/avatar\/19ddab1d62ab0a19b186b86cee130432b120dd6f085625a6a6757dd1aa90a5f3?s=96&d=mm&r=g","caption":"Arthur Berlemont"},"description":"Etudiant passionn\u00e9 de sport, avant tout m\u00e9caniques, j\\'ai d\u00e9couvert les sports US il y a quelques ann\u00e9es. J\\'ai tout de suite accroch\u00e9 pour la ville de Cincinnati et ses franchises de NFL et MLB. Aujourd\\'hui, je suis l\u00e0 par passion dans la r\u00e9daction d\\'articles sur divers sports que j\\'affectionne.","url":"https:\/\/theplayoffs.news\/fr\/author\/arthur-berlemontgmail-com\/"}]}},"_links":{"self":[{"href":"https:\/\/theplayoffs.news\/fr\/wp-json\/wp\/v2\/posts\/803348","targetHints":{"allow":["GET"]}}],"collection":[{"href":"https:\/\/theplayoffs.news\/fr\/wp-json\/wp\/v2\/posts"}],"about":[{"href":"https:\/\/theplayoffs.news\/fr\/wp-json\/wp\/v2\/types\/post"}],"author":[{"embeddable":true,"href":"https:\/\/theplayoffs.news\/fr\/wp-json\/wp\/v2\/users\/180310178"}],"replies":[{"embeddable":true,"href":"https:\/\/theplayoffs.news\/fr\/wp-json\/wp\/v2\/comments?post=803348"}],"version-history":[{"count":2,"href":"https:\/\/theplayoffs.news\/fr\/wp-json\/wp\/v2\/posts\/803348\/revisions"}],"predecessor-version":[{"id":803463,"href":"https:\/\/theplayoffs.news\/fr\/wp-json\/wp\/v2\/posts\/803348\/revisions\/803463"}],"wp:featuredmedia":[{"embeddable":true,"href":"https:\/\/theplayoffs.news\/fr\/wp-json\/wp\/v2\/media\/337051"}],"wp:attachment":[{"href":"https:\/\/theplayoffs.news\/fr\/wp-json\/wp\/v2\/media?parent=803348"}],"wp:term":[{"taxonomy":"category","embeddable":true,"href":"https:\/\/theplayoffs.news\/fr\/wp-json\/wp\/v2\/categories?post=803348"},{"taxonomy":"post_tag","embeddable":true,"href":"https:\/\/theplayoffs.news\/fr\/wp-json\/wp\/v2\/tags?post=803348"},{"taxonomy":"sport","embeddable":true,"href":"https:\/\/theplayoffs.news\/fr\/wp-json\/wp\/v2\/sport?post=803348"},{"taxonomy":"saison","embeddable":true,"href":"https:\/\/theplayoffs.news\/fr\/wp-json\/wp\/v2\/saison?post=803348"}],"curies":[{"name":"wp","href":"https:\/\/api.w.org\/{rel}","templated":true}]}}