{"id":801808,"date":"2023-08-16T16:45:07","date_gmt":"2023-08-16T14:45:07","guid":{"rendered":"https:\/\/theplayoffs.news\/fr\/?p=801808"},"modified":"2023-08-16T16:48:06","modified_gmt":"2023-08-16T14:48:06","slug":"coupe-du-monde-de-basket-porzingis-forfait","status":"publish","type":"post","link":"https:\/\/theplayoffs.news\/fr\/actualite-nba\/coupe-du-monde-de-basket-porzingis-forfait\/","title":{"rendered":"Coupe du monde de basket : Kristaps Porzingis est lui aussi forfait"},"content":{"rendered":"<h2>Kristaps Porzingis, joueur letton des Celtics, d&eacute;clare lui aussi forfait pour la coupe du monde de basket, qui a lieu en Indon&eacute;sie, au Japon et aux Philippines.<\/h2><p>La semaine derni&egrave;re, des rumeurs indiquaient que Kristaps Porzingis de la Lettonie, allait devoir d&eacute;clarer forfait pour la coupe du monde de basket en Asie. Cependant, le joueur des <a href=\"https:\/\/theplayoffs.news\/fr\/equipe\/boston-celtics-nba\/\" class=\"trk-cta-link\" data-cta-trk='{\"ctaType\":\"Link\",\"ctaSubType\":\"main\"}'>Boston Celtics<\/a> a ni&eacute; ces rumeurs et affirm&eacute; qu&rsquo;il jouerait pour son pays. Cependant, Porzingis a r&eacute;cemment annonc&eacute; sur <a href=\"https:\/\/twitter.com\/kporzee\/status\/1691527368244953089?s=20\" class=\"trk-cta-link\" data-cta-trk='{\"ctaType\":\"Link\",\"ctaSubType\":\"main\"}'>ses r&eacute;seaux<\/a> qu&rsquo;il allait devoir d&eacute;clarer forfait suite &agrave; une blessure au pied.<\/p><blockquote><p>&laquo;&nbsp;Apr&egrave;s plusieurs semaines de convalescence et un nouvel examen IRM, la fasciite plantaire de mon pied m&rsquo;emp&ecirc;che toujours d&rsquo;&ecirc;tre sur le terrain en pleine possession de mes moyens. Cette d&eacute;cision a &eacute;t&eacute; prise conjointement par le staff m&eacute;dical et l&rsquo;encadrement de l&rsquo;&eacute;quipe nationale, ainsi que par l&rsquo;&eacute;quipe des Celtics&hellip; Une telle d&eacute;cision n&rsquo;est pas facile &agrave; prendre, mais je promets que je serai l&agrave; et que je soutiendrai l&rsquo;&eacute;quipe autant que je le pourrai&nbsp;&raquo;.<\/p><\/blockquote><p>Les lettons sont de moins en moins optimistes pour pouvoir au moins se qualifier pour les phases &eacute;liminatoires de cette coupe du monde de basket. Les chances se sont clairement r&eacute;duites pour eux, surtout que ceux-ci &eacute;taient d&eacute;j&agrave; dans un groupe tr&egrave;s compliqu&eacute;, compos&eacute; de la France, du Canada et du Liban. Le joueur f&eacute;tiche des lettons va laisser un grand vide dans l&rsquo;&eacute;quipe pour le mondial.<\/p><p>Cette nouvelle a &eacute;galement de quoi inqui&eacute;ter les Celtics, eux qui viennent d&rsquo;acqu&eacute;rir le letton. En effet, Porzingis a &eacute;t&eacute; trade envers les Celtics, et ceux-ci lui ont accord&eacute; un contrat de 60 millions de dollars sur deux ans.<\/p>\n","protected":false},"excerpt":{"rendered":"","protected":false},"author":180310178,"featured_media":668504,"comment_status":"open","ping_status":"closed","sticky":false,"template":"","format":"standard","meta":{"inline_featured_image":false,"kia_subtitle":"","_mux_skip_reasons":[],"proofreadBy":0,"footnotes":""},"categories":[110,10],"tags":[5054,2071,23],"sport":[2783],"saison":[3453],"class_list":["post-801808","post","type-post","status-publish","format-standard","has-post-thumbnail","hentry","category-actualite-nba","category-nba","tag-coupe-du-monde-2023","tag-kristaps-porzingis","tag-nba-tag","sport-nba","saison-3453"],"acf":[],"yoast_head":"<!-- This site is optimized with the Yoast SEO plugin v24.2 - https:\/\/yoast.com\/wordpress\/plugins\/seo\/ -->\n<title>Coupe du monde de basket : Kristaps Porzingis est lui aussi forfait - The Playoffs FR<\/title>\n<meta name=\"robots\" content=\"index, follow, max-snippet:-1, max-image-preview:large, max-video-preview:-1\" \/>\n<link rel=\"canonical\" href=\"https:\/\/theplayoffs.news\/fr\/actualite-nba\/coupe-du-monde-de-basket-porzingis-forfait\/\" \/>\n<meta property=\"og:locale\" content=\"fr_FR\" \/>\n<meta property=\"og:type\" content=\"article\" \/>\n<meta property=\"og:title\" content=\"Coupe du monde de basket : Kristaps Porzingis est lui aussi forfait - The Playoffs FR\" \/>\n<meta property=\"og:url\" content=\"https:\/\/theplayoffs.news\/fr\/actualite-nba\/coupe-du-monde-de-basket-porzingis-forfait\/\" \/>\n<meta property=\"og:site_name\" content=\"The Playoffs FR\" \/>\n<meta property=\"article:publisher\" content=\"https:\/\/www.facebook.com\/TheFreeAgentFR\/\" \/>\n<meta property=\"article:modified_time\" content=\"2023-08-16T16:48:06+02:00\" \/>\n<meta property=\"og:image\" content=\"https:\/\/theplayoffs.news\/fr\/wp-content\/uploads\/2023\/06\/Kristaps-Porzingis-1.jpg\" \/>\n\t<meta property=\"og:image:width\" content=\"1849\" \/>\n\t<meta property=\"og:image:height\" content=\"959\" \/>\n\t<meta property=\"og:image:type\" content=\"image\/jpeg\" \/>\n<meta name=\"author\" content=\"Arthur Berlemont\" \/>\n<meta name=\"twitter:card\" content=\"summary_large_image\" \/>\n<meta name=\"twitter:creator\" content=\"@TheFreeAgentFR\" \/>\n<meta name=\"twitter:site\" content=\"@TheFreeAgentFR\" \/>\n<meta name=\"twitter:label1\" content=\"\u00c9crit par\" \/>\n\t<meta name=\"twitter:data1\" content=\"Arthur Berlemont\" \/>\n\t<meta name=\"twitter:label2\" content=\"Dur\u00e9e de lecture estim\u00e9e\" \/>\n\t<meta name=\"twitter:data2\" content=\"1 minute\" \/>\n<script type=\"application\/ld+json\" class=\"yoast-schema-graph\">{\"@context\":\"https:\/\/schema.org\",\"@graph\":[{\"@type\":\"WebPage\",\"@id\":\"https:\/\/theplayoffs.news\/fr\/actualite-nba\/coupe-du-monde-de-basket-porzingis-forfait\/\",\"url\":\"https:\/\/theplayoffs.news\/fr\/actualite-nba\/coupe-du-monde-de-basket-porzingis-forfait\/\",\"name\":\"Coupe du monde de basket : Kristaps Porzingis est lui aussi forfait - The Playoffs FR\",\"isPartOf\":{\"@id\":\"https:\/\/theplayoffs.news\/fr\/#website\"},\"primaryImageOfPage\":{\"@id\":\"https:\/\/theplayoffs.news\/fr\/actualite-nba\/coupe-du-monde-de-basket-porzingis-forfait\/#primaryimage\"},\"image\":{\"@id\":\"https:\/\/theplayoffs.news\/fr\/actualite-nba\/coupe-du-monde-de-basket-porzingis-forfait\/#primaryimage\"},\"thumbnailUrl\":\"https:\/\/theplayoffs.news\/fr\/wp-content\/uploads\/2023\/06\/Kristaps-Porzingis-1.jpg\",\"datePublished\":\"2023-08-16T14:45:07+00:00\",\"dateModified\":\"2023-08-16T14:48:06+00:00\",\"author\":{\"@id\":\"https:\/\/theplayoffs.news\/fr\/#\/schema\/person\/b6b04a451dab03a5ab75cec8912e8942\"},\"breadcrumb\":{\"@id\":\"https:\/\/theplayoffs.news\/fr\/actualite-nba\/coupe-du-monde-de-basket-porzingis-forfait\/#breadcrumb\"},\"inLanguage\":\"fr-FR\",\"potentialAction\":[{\"@type\":\"ReadAction\",\"target\":[\"https:\/\/theplayoffs.news\/fr\/actualite-nba\/coupe-du-monde-de-basket-porzingis-forfait\/\"]}]},{\"@type\":\"ImageObject\",\"inLanguage\":\"fr-FR\",\"@id\":\"https:\/\/theplayoffs.news\/fr\/actualite-nba\/coupe-du-monde-de-basket-porzingis-forfait\/#primaryimage\",\"url\":\"https:\/\/theplayoffs.news\/fr\/wp-content\/uploads\/2023\/06\/Kristaps-Porzingis-1.jpg\",\"contentUrl\":\"https:\/\/theplayoffs.news\/fr\/wp-content\/uploads\/2023\/06\/Kristaps-Porzingis-1.jpg\",\"width\":1849,\"height\":959,\"caption\":\"Kristaps Porzingis\"},{\"@type\":\"BreadcrumbList\",\"@id\":\"https:\/\/theplayoffs.news\/fr\/actualite-nba\/coupe-du-monde-de-basket-porzingis-forfait\/#breadcrumb\",\"itemListElement\":[{\"@type\":\"ListItem\",\"position\":1,\"name\":\"Accueil\",\"item\":\"https:\/\/theplayoffs.news\/fr\/\"},{\"@type\":\"ListItem\",\"position\":2,\"name\":\"Coupe du monde de basket : Kristaps Porzingis est lui aussi forfait\"}]},{\"@type\":\"WebSite\",\"@id\":\"https:\/\/theplayoffs.news\/fr\/#website\",\"url\":\"https:\/\/theplayoffs.news\/fr\/\",\"name\":\"The Playoffs FR\",\"description\":\"NBA-NFL-NHL-MLB\",\"potentialAction\":[{\"@type\":\"SearchAction\",\"target\":{\"@type\":\"EntryPoint\",\"urlTemplate\":\"https:\/\/theplayoffs.news\/fr\/?s={search_term_string}\"},\"query-input\":{\"@type\":\"PropertyValueSpecification\",\"valueRequired\":true,\"valueName\":\"search_term_string\"}}],\"inLanguage\":\"fr-FR\"},{\"@type\":\"Person\",\"@id\":\"https:\/\/theplayoffs.news\/fr\/#\/schema\/person\/b6b04a451dab03a5ab75cec8912e8942\",\"name\":\"Arthur Berlemont\",\"image\":{\"@type\":\"ImageObject\",\"inLanguage\":\"fr-FR\",\"@id\":\"https:\/\/theplayoffs.news\/fr\/#\/schema\/person\/image\/\",\"url\":\"https:\/\/secure.gravatar.com\/avatar\/19ddab1d62ab0a19b186b86cee130432b120dd6f085625a6a6757dd1aa90a5f3?s=96&d=mm&r=g\",\"contentUrl\":\"https:\/\/secure.gravatar.com\/avatar\/19ddab1d62ab0a19b186b86cee130432b120dd6f085625a6a6757dd1aa90a5f3?s=96&d=mm&r=g\",\"caption\":\"Arthur Berlemont\"},\"description\":\"Etudiant passionn\u00e9 de sport, avant tout m\u00e9caniques, j\\\\'ai d\u00e9couvert les sports US il y a quelques ann\u00e9es. J\\\\'ai tout de suite accroch\u00e9 pour la ville de Cincinnati et ses franchises de NFL et MLB. Aujourd\\\\'hui, je suis l\u00e0 par passion dans la r\u00e9daction d\\\\'articles sur divers sports que j\\\\'affectionne.\",\"url\":\"https:\/\/theplayoffs.news\/fr\/author\/arthur-berlemontgmail-com\/\"}]}<\/script>\n<!-- \/ Yoast SEO plugin. -->","yoast_head_json":{"title":"Coupe du monde de basket : Kristaps Porzingis est lui aussi forfait - The Playoffs FR","robots":{"index":"index","follow":"follow","max-snippet":"max-snippet:-1","max-image-preview":"max-image-preview:large","max-video-preview":"max-video-preview:-1"},"canonical":"https:\/\/theplayoffs.news\/fr\/actualite-nba\/coupe-du-monde-de-basket-porzingis-forfait\/","og_locale":"fr_FR","og_type":"article","og_title":"Coupe du monde de basket : Kristaps Porzingis est lui aussi forfait - The Playoffs FR","og_url":"https:\/\/theplayoffs.news\/fr\/actualite-nba\/coupe-du-monde-de-basket-porzingis-forfait\/","og_site_name":"The Playoffs FR","article_publisher":"https:\/\/www.facebook.com\/TheFreeAgentFR\/","article_modified_time":"2023-08-16T14:48:06+00:00","og_image":[{"width":1849,"height":959,"url":"https:\/\/theplayoffs.news\/fr\/wp-content\/uploads\/2023\/06\/Kristaps-Porzingis-1.jpg","type":"image\/jpeg"}],"author":"Arthur Berlemont","twitter_card":"summary_large_image","twitter_creator":"@TheFreeAgentFR","twitter_site":"@TheFreeAgentFR","twitter_misc":{"\u00c9crit par":"Arthur Berlemont","Dur\u00e9e de lecture estim\u00e9e":"1 minute"},"schema":{"@context":"https:\/\/schema.org","@graph":[{"@type":"WebPage","@id":"https:\/\/theplayoffs.news\/fr\/actualite-nba\/coupe-du-monde-de-basket-porzingis-forfait\/","url":"https:\/\/theplayoffs.news\/fr\/actualite-nba\/coupe-du-monde-de-basket-porzingis-forfait\/","name":"Coupe du monde de basket : Kristaps Porzingis est lui aussi forfait - The Playoffs FR","isPartOf":{"@id":"https:\/\/theplayoffs.news\/fr\/#website"},"primaryImageOfPage":{"@id":"https:\/\/theplayoffs.news\/fr\/actualite-nba\/coupe-du-monde-de-basket-porzingis-forfait\/#primaryimage"},"image":{"@id":"https:\/\/theplayoffs.news\/fr\/actualite-nba\/coupe-du-monde-de-basket-porzingis-forfait\/#primaryimage"},"thumbnailUrl":"https:\/\/theplayoffs.news\/fr\/wp-content\/uploads\/2023\/06\/Kristaps-Porzingis-1.jpg","datePublished":"2023-08-16T14:45:07+00:00","dateModified":"2023-08-16T14:48:06+00:00","author":{"@id":"https:\/\/theplayoffs.news\/fr\/#\/schema\/person\/b6b04a451dab03a5ab75cec8912e8942"},"breadcrumb":{"@id":"https:\/\/theplayoffs.news\/fr\/actualite-nba\/coupe-du-monde-de-basket-porzingis-forfait\/#breadcrumb"},"inLanguage":"fr-FR","potentialAction":[{"@type":"ReadAction","target":["https:\/\/theplayoffs.news\/fr\/actualite-nba\/coupe-du-monde-de-basket-porzingis-forfait\/"]}]},{"@type":"ImageObject","inLanguage":"fr-FR","@id":"https:\/\/theplayoffs.news\/fr\/actualite-nba\/coupe-du-monde-de-basket-porzingis-forfait\/#primaryimage","url":"https:\/\/theplayoffs.news\/fr\/wp-content\/uploads\/2023\/06\/Kristaps-Porzingis-1.jpg","contentUrl":"https:\/\/theplayoffs.news\/fr\/wp-content\/uploads\/2023\/06\/Kristaps-Porzingis-1.jpg","width":1849,"height":959,"caption":"Kristaps Porzingis"},{"@type":"BreadcrumbList","@id":"https:\/\/theplayoffs.news\/fr\/actualite-nba\/coupe-du-monde-de-basket-porzingis-forfait\/#breadcrumb","itemListElement":[{"@type":"ListItem","position":1,"name":"Accueil","item":"https:\/\/theplayoffs.news\/fr\/"},{"@type":"ListItem","position":2,"name":"Coupe du monde de basket : Kristaps Porzingis est lui aussi forfait"}]},{"@type":"WebSite","@id":"https:\/\/theplayoffs.news\/fr\/#website","url":"https:\/\/theplayoffs.news\/fr\/","name":"The Playoffs FR","description":"NBA-NFL-NHL-MLB","potentialAction":[{"@type":"SearchAction","target":{"@type":"EntryPoint","urlTemplate":"https:\/\/theplayoffs.news\/fr\/?s={search_term_string}"},"query-input":{"@type":"PropertyValueSpecification","valueRequired":true,"valueName":"search_term_string"}}],"inLanguage":"fr-FR"},{"@type":"Person","@id":"https:\/\/theplayoffs.news\/fr\/#\/schema\/person\/b6b04a451dab03a5ab75cec8912e8942","name":"Arthur Berlemont","image":{"@type":"ImageObject","inLanguage":"fr-FR","@id":"https:\/\/theplayoffs.news\/fr\/#\/schema\/person\/image\/","url":"https:\/\/secure.gravatar.com\/avatar\/19ddab1d62ab0a19b186b86cee130432b120dd6f085625a6a6757dd1aa90a5f3?s=96&d=mm&r=g","contentUrl":"https:\/\/secure.gravatar.com\/avatar\/19ddab1d62ab0a19b186b86cee130432b120dd6f085625a6a6757dd1aa90a5f3?s=96&d=mm&r=g","caption":"Arthur Berlemont"},"description":"Etudiant passionn\u00e9 de sport, avant tout m\u00e9caniques, j\\'ai d\u00e9couvert les sports US il y a quelques ann\u00e9es. J\\'ai tout de suite accroch\u00e9 pour la ville de Cincinnati et ses franchises de NFL et MLB. Aujourd\\'hui, je suis l\u00e0 par passion dans la r\u00e9daction d\\'articles sur divers sports que j\\'affectionne.","url":"https:\/\/theplayoffs.news\/fr\/author\/arthur-berlemontgmail-com\/"}]}},"_links":{"self":[{"href":"https:\/\/theplayoffs.news\/fr\/wp-json\/wp\/v2\/posts\/801808","targetHints":{"allow":["GET"]}}],"collection":[{"href":"https:\/\/theplayoffs.news\/fr\/wp-json\/wp\/v2\/posts"}],"about":[{"href":"https:\/\/theplayoffs.news\/fr\/wp-json\/wp\/v2\/types\/post"}],"author":[{"embeddable":true,"href":"https:\/\/theplayoffs.news\/fr\/wp-json\/wp\/v2\/users\/180310178"}],"replies":[{"embeddable":true,"href":"https:\/\/theplayoffs.news\/fr\/wp-json\/wp\/v2\/comments?post=801808"}],"version-history":[{"count":2,"href":"https:\/\/theplayoffs.news\/fr\/wp-json\/wp\/v2\/posts\/801808\/revisions"}],"predecessor-version":[{"id":801883,"href":"https:\/\/theplayoffs.news\/fr\/wp-json\/wp\/v2\/posts\/801808\/revisions\/801883"}],"wp:featuredmedia":[{"embeddable":true,"href":"https:\/\/theplayoffs.news\/fr\/wp-json\/wp\/v2\/media\/668504"}],"wp:attachment":[{"href":"https:\/\/theplayoffs.news\/fr\/wp-json\/wp\/v2\/media?parent=801808"}],"wp:term":[{"taxonomy":"category","embeddable":true,"href":"https:\/\/theplayoffs.news\/fr\/wp-json\/wp\/v2\/categories?post=801808"},{"taxonomy":"post_tag","embeddable":true,"href":"https:\/\/theplayoffs.news\/fr\/wp-json\/wp\/v2\/tags?post=801808"},{"taxonomy":"sport","embeddable":true,"href":"https:\/\/theplayoffs.news\/fr\/wp-json\/wp\/v2\/sport?post=801808"},{"taxonomy":"saison","embeddable":true,"href":"https:\/\/theplayoffs.news\/fr\/wp-json\/wp\/v2\/saison?post=801808"}],"curies":[{"name":"wp","href":"https:\/\/api.w.org\/{rel}","templated":true}]}}