{"id":797157,"date":"2023-08-15T11:27:58","date_gmt":"2023-08-15T09:27:58","guid":{"rendered":"https:\/\/theplayoffs.news\/fr\/?p=797157"},"modified":"2023-08-15T11:27:59","modified_gmt":"2023-08-15T09:27:59","slug":"wander-franco-mis-a-lecart-quelle-suite","status":"publish","type":"post","link":"https:\/\/theplayoffs.news\/fr\/actualite-mlb\/wander-franco-mis-a-lecart-quelle-suite\/","title":{"rendered":"Wander Franco mis \u00e0 l&rsquo;\u00e9cart : quelle suite pour le joueur des Rays ?"},"content":{"rendered":"<h2>Au lendemain de la mise &agrave; l&rsquo;&eacute;cart de Wander Franco par les Rays, la MLB a ouvert une enqu&ecirc;te pour une conduite inappropri&eacute; avec un mineur.<\/h2><p>Pour l&rsquo;instant, aucune sanction n&rsquo;a &eacute;t&eacute; prononc&eacute; par la franchise ou par la ligue qui entame tout juste sa proc&eacute;dure.<\/p><blockquote><p>&laquo;&nbsp;Pendant le match d&rsquo;aujourd&rsquo;hui, nous avons &eacute;t&eacute; inform&eacute;s des publications sur les r&eacute;seaux sociaux qui circulent concernant Wander Franco&nbsp;&raquo;, a d&eacute;clar&eacute; dimanche le communiqu&eacute; des Rays <a href=\"https:\/\/theathletic.com\/4774003\/2023\/08\/14\/wander-franco-allegations-rays-mlb\/\" class=\"trk-cta-link\" data-cta-trk='{\"ctaType\":\"Link\",\"ctaSubType\":\"main\"}'>via The Athletic<\/a>. &laquo;&nbsp;Nous prenons la situation au s&eacute;rieux et sommes en contact &eacute;troit avec la Major League Baseball dans le cadre de son audit.&nbsp;&raquo;<\/p><\/blockquote><p>Dans le camp de Wander Franco, on nie totalement toutes ces all&eacute;gations.<\/p><h3>Quelles sont &agrave; pr&eacute;sent les suites possibles pour Wander Franco ?<\/h3><p>&Agrave; ce stade, tout peut &ecirc;tre envisag&eacute; : une mise en cong&eacute;s administratif &agrave; l&rsquo;image de Trevor Bauer l&rsquo;an dernier pour au moins 7 jours, &agrave; un retour sur les terrains de MLB &agrave; partir du 22 ao&ucirc;t.<\/p><p>Tout va d&eacute;pendre de ce que la MLB trouvera dans son enqu&ecirc;te. Le fait que <a href=\"https:\/\/theplayoffs.news\/fr\/joueur\/wander-franco-mlb-81858\/\" class=\"trk-cta-link\" data-cta-trk='{\"ctaType\":\"Link\",\"ctaSubType\":\"main\"}'><strong>Wander Franco<\/strong><\/a> n&rsquo;ait pas &eacute;t&eacute; plac&eacute; en cong&eacute;s administratif d&eacute;montre que la ligue n&rsquo;en est qu&rsquo;aux stades pr&eacute;liminaires de son enqu&ecirc;te et qu&rsquo;elle n&rsquo;a pas encore amass&eacute; suffisamment de preuve pour cette sanction. La Ligue place g&eacute;n&eacute;ralement les joueurs en cong&eacute;s administratif lorsqu&rsquo;une affaire est rendue publique et que les preuves commencent &agrave; &ecirc;tre suffisante.<\/p><p>Dans la convention collective ce type de comportement est passible de sanction de mani&egrave;re ind&eacute;pendantes d&rsquo;un tribunal de justice traditionnel.<\/p><p>La MLB peut donc placer Wander Franco en cong&eacute;s administratif et de fait sur liste restreinte comme maintenant, ce qui entra&icirc;ne une suspension de temps de service et de son salaire. Mais ce cong&eacute;s administratif n&rsquo;est en rien un pr&eacute;-requis pour une &eacute;ventuelle sanction.<\/p><p>La Ligue peut tout &agrave; fait sanctionner directement Franco.<\/p><p>Pour rappel, Wander Franco a sign&eacute; le plus gros contrat de l&rsquo;histoire de la franchise pour 11 ans et 182 millions de dollars. Cette saison, Wander Franco frappe &agrave; .281, 17 home runs, 58 RBI et un OPS de .819 qui le classe 39&egrave; au sein de la ligue.<\/p>\n","protected":false},"excerpt":{"rendered":"","protected":false},"author":13,"featured_media":797238,"comment_status":"open","ping_status":"closed","sticky":false,"template":"","format":"standard","meta":{"inline_featured_image":false,"kia_subtitle":"","_mux_skip_reasons":[],"proofreadBy":0,"footnotes":""},"categories":[188,9],"tags":[3927],"sport":[],"saison":[],"class_list":["post-797157","post","type-post","status-publish","format-standard","has-post-thumbnail","hentry","category-actualite-mlb","category-mlb","tag-wander-franco"],"acf":[],"yoast_head":"<!-- This site is optimized with the Yoast SEO plugin v24.2 - https:\/\/yoast.com\/wordpress\/plugins\/seo\/ -->\n<title>Wander Franco mis &agrave; l&#039;&eacute;cart : quelle suite pour le joueur des Rays ? - The Playoffs FR<\/title>\n<meta name=\"robots\" content=\"index, follow, max-snippet:-1, max-image-preview:large, max-video-preview:-1\" \/>\n<link rel=\"canonical\" href=\"https:\/\/theplayoffs.news\/fr\/actualite-mlb\/wander-franco-mis-a-lecart-quelle-suite\/\" \/>\n<meta property=\"og:locale\" content=\"fr_FR\" \/>\n<meta property=\"og:type\" content=\"article\" \/>\n<meta property=\"og:title\" content=\"Wander Franco mis &agrave; l&#039;&eacute;cart : quelle suite pour le joueur des Rays ? - The Playoffs FR\" \/>\n<meta property=\"og:url\" content=\"https:\/\/theplayoffs.news\/fr\/actualite-mlb\/wander-franco-mis-a-lecart-quelle-suite\/\" \/>\n<meta property=\"og:site_name\" content=\"The Playoffs FR\" \/>\n<meta property=\"article:publisher\" content=\"https:\/\/www.facebook.com\/TheFreeAgentFR\/\" \/>\n<meta property=\"article:modified_time\" content=\"2023-08-15T11:27:59+02:00\" \/>\n<meta property=\"og:image\" content=\"https:\/\/theplayoffs.news\/fr\/wp-content\/uploads\/2023\/08\/maxresdefault-10.jpg\" \/>\n\t<meta property=\"og:image:width\" content=\"1280\" \/>\n\t<meta property=\"og:image:height\" content=\"720\" \/>\n\t<meta property=\"og:image:type\" content=\"image\/jpeg\" \/>\n<meta name=\"author\" content=\"Charles Taudin\" \/>\n<meta name=\"twitter:card\" content=\"summary_large_image\" \/>\n<meta name=\"twitter:creator\" content=\"@TheFreeAgentFR\" \/>\n<meta name=\"twitter:site\" content=\"@TheFreeAgentFR\" \/>\n<meta name=\"twitter:label1\" content=\"\u00c9crit par\" \/>\n\t<meta name=\"twitter:data1\" content=\"Charles Taudin\" \/>\n\t<meta name=\"twitter:label2\" content=\"Dur\u00e9e de lecture estim\u00e9e\" \/>\n\t<meta name=\"twitter:data2\" content=\"2 minutes\" \/>\n<script type=\"application\/ld+json\" class=\"yoast-schema-graph\">{\"@context\":\"https:\/\/schema.org\",\"@graph\":[{\"@type\":\"WebPage\",\"@id\":\"https:\/\/theplayoffs.news\/fr\/actualite-mlb\/wander-franco-mis-a-lecart-quelle-suite\/\",\"url\":\"https:\/\/theplayoffs.news\/fr\/actualite-mlb\/wander-franco-mis-a-lecart-quelle-suite\/\",\"name\":\"Wander Franco mis \u00e0 l\\\\'\u00e9cart : quelle suite pour le joueur des Rays ? - The Playoffs FR\",\"isPartOf\":{\"@id\":\"https:\/\/theplayoffs.news\/fr\/#website\"},\"primaryImageOfPage\":{\"@id\":\"https:\/\/theplayoffs.news\/fr\/actualite-mlb\/wander-franco-mis-a-lecart-quelle-suite\/#primaryimage\"},\"image\":{\"@id\":\"https:\/\/theplayoffs.news\/fr\/actualite-mlb\/wander-franco-mis-a-lecart-quelle-suite\/#primaryimage\"},\"thumbnailUrl\":\"https:\/\/theplayoffs.news\/fr\/wp-content\/uploads\/2023\/08\/maxresdefault-10.jpg\",\"datePublished\":\"2023-08-15T09:27:58+00:00\",\"dateModified\":\"2023-08-15T09:27:59+00:00\",\"author\":{\"@id\":\"https:\/\/theplayoffs.news\/fr\/#\/schema\/person\/eee5b69ad5d3c51cabe881c839dbe133\"},\"breadcrumb\":{\"@id\":\"https:\/\/theplayoffs.news\/fr\/actualite-mlb\/wander-franco-mis-a-lecart-quelle-suite\/#breadcrumb\"},\"inLanguage\":\"fr-FR\",\"potentialAction\":[{\"@type\":\"ReadAction\",\"target\":[\"https:\/\/theplayoffs.news\/fr\/actualite-mlb\/wander-franco-mis-a-lecart-quelle-suite\/\"]}]},{\"@type\":\"ImageObject\",\"inLanguage\":\"fr-FR\",\"@id\":\"https:\/\/theplayoffs.news\/fr\/actualite-mlb\/wander-franco-mis-a-lecart-quelle-suite\/#primaryimage\",\"url\":\"https:\/\/theplayoffs.news\/fr\/wp-content\/uploads\/2023\/08\/maxresdefault-10.jpg\",\"contentUrl\":\"https:\/\/theplayoffs.news\/fr\/wp-content\/uploads\/2023\/08\/maxresdefault-10.jpg\",\"width\":1280,\"height\":720,\"caption\":\"Wander Franco\"},{\"@type\":\"BreadcrumbList\",\"@id\":\"https:\/\/theplayoffs.news\/fr\/actualite-mlb\/wander-franco-mis-a-lecart-quelle-suite\/#breadcrumb\",\"itemListElement\":[{\"@type\":\"ListItem\",\"position\":1,\"name\":\"Accueil\",\"item\":\"https:\/\/theplayoffs.news\/fr\/\"},{\"@type\":\"ListItem\",\"position\":2,\"name\":\"Wander Franco mis \u00e0 l&rsquo;\u00e9cart : quelle suite pour le joueur des Rays ?\"}]},{\"@type\":\"WebSite\",\"@id\":\"https:\/\/theplayoffs.news\/fr\/#website\",\"url\":\"https:\/\/theplayoffs.news\/fr\/\",\"name\":\"The Playoffs FR\",\"description\":\"NBA-NFL-NHL-MLB\",\"potentialAction\":[{\"@type\":\"SearchAction\",\"target\":{\"@type\":\"EntryPoint\",\"urlTemplate\":\"https:\/\/theplayoffs.news\/fr\/?s={search_term_string}\"},\"query-input\":{\"@type\":\"PropertyValueSpecification\",\"valueRequired\":true,\"valueName\":\"search_term_string\"}}],\"inLanguage\":\"fr-FR\"},{\"@type\":\"Person\",\"@id\":\"https:\/\/theplayoffs.news\/fr\/#\/schema\/person\/eee5b69ad5d3c51cabe881c839dbe133\",\"name\":\"Charles Taudin\",\"image\":{\"@type\":\"ImageObject\",\"inLanguage\":\"fr-FR\",\"@id\":\"https:\/\/theplayoffs.news\/fr\/#\/schema\/person\/image\/\",\"url\":\"https:\/\/secure.gravatar.com\/avatar\/59a1e772205ce9fd255edfcafc93013736822e20261f294c5753b20c41ede9f2?s=96&d=mm&r=g\",\"contentUrl\":\"https:\/\/secure.gravatar.com\/avatar\/59a1e772205ce9fd255edfcafc93013736822e20261f294c5753b20c41ede9f2?s=96&d=mm&r=g\",\"caption\":\"Charles Taudin\"},\"description\":\"R\u00e9dacteur en chef global de The Playoffs, j\u2019ai cr\u00e9\u00e9 The Free Agent, devenu The Playoffs FR, en 2020 durant la pand\u00e9mie. Amoureux depuis des ann\u00e9es des 4 sports majeurs am\u00e9ricains, j\u2019organise maintenant la strat\u00e9gie \u00e9ditoriale et les r\u00e9seaux sociaux de l\u2019ensemble des versions de The Playoffs. Il m\u2019arrive encore d\u2019\u00e9crire sur certains sports que j\u2019affectionne particuli\u00e8rement comme la NFL ou la MLB. Si vous devez retenir qu\u2019une chose : Eli Manning est le vrai GOAT pour avoir battu deux fois Tom Brady.\",\"sameAs\":[\"https:\/\/www.instagram.com\/ctaudin_\/\"],\"url\":\"https:\/\/theplayoffs.news\/fr\/author\/charles-taudin\/\"}]}<\/script>\n<!-- \/ Yoast SEO plugin. -->","yoast_head_json":{"title":"Wander Franco mis &agrave; l&#039;&eacute;cart : quelle suite pour le joueur des Rays ? - The Playoffs FR","robots":{"index":"index","follow":"follow","max-snippet":"max-snippet:-1","max-image-preview":"max-image-preview:large","max-video-preview":"max-video-preview:-1"},"canonical":"https:\/\/theplayoffs.news\/fr\/actualite-mlb\/wander-franco-mis-a-lecart-quelle-suite\/","og_locale":"fr_FR","og_type":"article","og_title":"Wander Franco mis &agrave; l&#039;&eacute;cart : quelle suite pour le joueur des Rays ? - The Playoffs FR","og_url":"https:\/\/theplayoffs.news\/fr\/actualite-mlb\/wander-franco-mis-a-lecart-quelle-suite\/","og_site_name":"The Playoffs FR","article_publisher":"https:\/\/www.facebook.com\/TheFreeAgentFR\/","article_modified_time":"2023-08-15T09:27:59+00:00","og_image":[{"width":1280,"height":720,"url":"https:\/\/theplayoffs.news\/fr\/wp-content\/uploads\/2023\/08\/maxresdefault-10.jpg","type":"image\/jpeg"}],"author":"Charles Taudin","twitter_card":"summary_large_image","twitter_creator":"@TheFreeAgentFR","twitter_site":"@TheFreeAgentFR","twitter_misc":{"\u00c9crit par":"Charles Taudin","Dur\u00e9e de lecture estim\u00e9e":"2 minutes"},"schema":{"@context":"https:\/\/schema.org","@graph":[{"@type":"WebPage","@id":"https:\/\/theplayoffs.news\/fr\/actualite-mlb\/wander-franco-mis-a-lecart-quelle-suite\/","url":"https:\/\/theplayoffs.news\/fr\/actualite-mlb\/wander-franco-mis-a-lecart-quelle-suite\/","name":"Wander Franco mis \u00e0 l\\'\u00e9cart : quelle suite pour le joueur des Rays ? - The Playoffs FR","isPartOf":{"@id":"https:\/\/theplayoffs.news\/fr\/#website"},"primaryImageOfPage":{"@id":"https:\/\/theplayoffs.news\/fr\/actualite-mlb\/wander-franco-mis-a-lecart-quelle-suite\/#primaryimage"},"image":{"@id":"https:\/\/theplayoffs.news\/fr\/actualite-mlb\/wander-franco-mis-a-lecart-quelle-suite\/#primaryimage"},"thumbnailUrl":"https:\/\/theplayoffs.news\/fr\/wp-content\/uploads\/2023\/08\/maxresdefault-10.jpg","datePublished":"2023-08-15T09:27:58+00:00","dateModified":"2023-08-15T09:27:59+00:00","author":{"@id":"https:\/\/theplayoffs.news\/fr\/#\/schema\/person\/eee5b69ad5d3c51cabe881c839dbe133"},"breadcrumb":{"@id":"https:\/\/theplayoffs.news\/fr\/actualite-mlb\/wander-franco-mis-a-lecart-quelle-suite\/#breadcrumb"},"inLanguage":"fr-FR","potentialAction":[{"@type":"ReadAction","target":["https:\/\/theplayoffs.news\/fr\/actualite-mlb\/wander-franco-mis-a-lecart-quelle-suite\/"]}]},{"@type":"ImageObject","inLanguage":"fr-FR","@id":"https:\/\/theplayoffs.news\/fr\/actualite-mlb\/wander-franco-mis-a-lecart-quelle-suite\/#primaryimage","url":"https:\/\/theplayoffs.news\/fr\/wp-content\/uploads\/2023\/08\/maxresdefault-10.jpg","contentUrl":"https:\/\/theplayoffs.news\/fr\/wp-content\/uploads\/2023\/08\/maxresdefault-10.jpg","width":1280,"height":720,"caption":"Wander Franco"},{"@type":"BreadcrumbList","@id":"https:\/\/theplayoffs.news\/fr\/actualite-mlb\/wander-franco-mis-a-lecart-quelle-suite\/#breadcrumb","itemListElement":[{"@type":"ListItem","position":1,"name":"Accueil","item":"https:\/\/theplayoffs.news\/fr\/"},{"@type":"ListItem","position":2,"name":"Wander Franco mis \u00e0 l&rsquo;\u00e9cart : quelle suite pour le joueur des Rays ?"}]},{"@type":"WebSite","@id":"https:\/\/theplayoffs.news\/fr\/#website","url":"https:\/\/theplayoffs.news\/fr\/","name":"The Playoffs FR","description":"NBA-NFL-NHL-MLB","potentialAction":[{"@type":"SearchAction","target":{"@type":"EntryPoint","urlTemplate":"https:\/\/theplayoffs.news\/fr\/?s={search_term_string}"},"query-input":{"@type":"PropertyValueSpecification","valueRequired":true,"valueName":"search_term_string"}}],"inLanguage":"fr-FR"},{"@type":"Person","@id":"https:\/\/theplayoffs.news\/fr\/#\/schema\/person\/eee5b69ad5d3c51cabe881c839dbe133","name":"Charles Taudin","image":{"@type":"ImageObject","inLanguage":"fr-FR","@id":"https:\/\/theplayoffs.news\/fr\/#\/schema\/person\/image\/","url":"https:\/\/secure.gravatar.com\/avatar\/59a1e772205ce9fd255edfcafc93013736822e20261f294c5753b20c41ede9f2?s=96&d=mm&r=g","contentUrl":"https:\/\/secure.gravatar.com\/avatar\/59a1e772205ce9fd255edfcafc93013736822e20261f294c5753b20c41ede9f2?s=96&d=mm&r=g","caption":"Charles Taudin"},"description":"R\u00e9dacteur en chef global de The Playoffs, j\u2019ai cr\u00e9\u00e9 The Free Agent, devenu The Playoffs FR, en 2020 durant la pand\u00e9mie. Amoureux depuis des ann\u00e9es des 4 sports majeurs am\u00e9ricains, j\u2019organise maintenant la strat\u00e9gie \u00e9ditoriale et les r\u00e9seaux sociaux de l\u2019ensemble des versions de The Playoffs. Il m\u2019arrive encore d\u2019\u00e9crire sur certains sports que j\u2019affectionne particuli\u00e8rement comme la NFL ou la MLB. Si vous devez retenir qu\u2019une chose : Eli Manning est le vrai GOAT pour avoir battu deux fois Tom Brady.","sameAs":["https:\/\/www.instagram.com\/ctaudin_\/"],"url":"https:\/\/theplayoffs.news\/fr\/author\/charles-taudin\/"}]}},"_links":{"self":[{"href":"https:\/\/theplayoffs.news\/fr\/wp-json\/wp\/v2\/posts\/797157","targetHints":{"allow":["GET"]}}],"collection":[{"href":"https:\/\/theplayoffs.news\/fr\/wp-json\/wp\/v2\/posts"}],"about":[{"href":"https:\/\/theplayoffs.news\/fr\/wp-json\/wp\/v2\/types\/post"}],"author":[{"embeddable":true,"href":"https:\/\/theplayoffs.news\/fr\/wp-json\/wp\/v2\/users\/13"}],"replies":[{"embeddable":true,"href":"https:\/\/theplayoffs.news\/fr\/wp-json\/wp\/v2\/comments?post=797157"}],"version-history":[{"count":3,"href":"https:\/\/theplayoffs.news\/fr\/wp-json\/wp\/v2\/posts\/797157\/revisions"}],"predecessor-version":[{"id":797328,"href":"https:\/\/theplayoffs.news\/fr\/wp-json\/wp\/v2\/posts\/797157\/revisions\/797328"}],"wp:featuredmedia":[{"embeddable":true,"href":"https:\/\/theplayoffs.news\/fr\/wp-json\/wp\/v2\/media\/797238"}],"wp:attachment":[{"href":"https:\/\/theplayoffs.news\/fr\/wp-json\/wp\/v2\/media?parent=797157"}],"wp:term":[{"taxonomy":"category","embeddable":true,"href":"https:\/\/theplayoffs.news\/fr\/wp-json\/wp\/v2\/categories?post=797157"},{"taxonomy":"post_tag","embeddable":true,"href":"https:\/\/theplayoffs.news\/fr\/wp-json\/wp\/v2\/tags?post=797157"},{"taxonomy":"sport","embeddable":true,"href":"https:\/\/theplayoffs.news\/fr\/wp-json\/wp\/v2\/sport?post=797157"},{"taxonomy":"saison","embeddable":true,"href":"https:\/\/theplayoffs.news\/fr\/wp-json\/wp\/v2\/saison?post=797157"}],"curies":[{"name":"wp","href":"https:\/\/api.w.org\/{rel}","templated":true}]}}