{"id":794988,"date":"2023-08-14T15:30:56","date_gmt":"2023-08-14T13:30:56","guid":{"rendered":"https:\/\/theplayoffs.news\/fr\/?p=794988"},"modified":"2023-08-14T15:39:25","modified_gmt":"2023-08-14T13:39:25","slug":"david-krejci-tire-sa-reverence","status":"publish","type":"post","link":"https:\/\/theplayoffs.news\/fr\/actualite-nhl\/david-krejci-tire-sa-reverence\/","title":{"rendered":"David Krejci tire sa r\u00e9v\u00e9rence"},"content":{"rendered":"<p><span data-contrast=\"auto\">Les l&eacute;gendes des Bruins raccrochent les patins les unes apr&egrave;s les autres. Apr&egrave;s Patrice Bergeron, c&rsquo;est au tour de David Krejci de tirer sa r&eacute;v&eacute;rence et de mettre fin &agrave; sa (riche) carri&egrave;re au sein de la NHL.<\/span><span data-ccp-props='{\"201341983\":0,\"335559739\":160,\"335559740\":259}'>&nbsp;<\/span><\/p><p><span data-contrast=\"auto\">Alors que <a href=\"https:\/\/theplayoffs.news\/fr\/nhl\/david-krejci-une-retraite-imminente\/\" class=\"trk-cta-link\" data-cta-trk='{\"ctaType\":\"Link\",\"ctaSubType\":\"main\"}'>la rumeur courrait depuis une bonne semaine d&eacute;j&agrave;<\/a>, les Bruins ont enfin officialis&eacute; la nouvelle sur leurs r&eacute;seaux sociaux. Draft&eacute; en 64&egrave;me position en 2004 par les Bruins, Krejci ne d&eacute;bute dans la NHL qu&rsquo;en 2006. D&egrave;s 2007 il deviendra un &eacute;l&eacute;ment fort de la franchise &agrave; ses premi&egrave;res s&eacute;ries &eacute;liminatoires et sera l&rsquo;un des hommes forts de la franchise jusqu&rsquo;en 2023.<\/span><span data-ccp-props='{\"201341983\":0,\"335559739\":160,\"335559740\":259}'>&nbsp;<\/span><\/p><p><span data-contrast=\"auto\">Avec les Bruins il a particip&eacute; &agrave; 3 finales de Coupe Stanley et en a remport&eacute; une (2011). Une page se tourne dans le Massachussets.<\/span><span data-ccp-props='{\"201341983\":0,\"335559739\":160,\"335559740\":259}'>&nbsp;<\/span><\/p>\n","protected":false},"excerpt":{"rendered":"","protected":false},"author":180309816,"featured_media":296722,"comment_status":"open","ping_status":"closed","sticky":false,"template":"","format":"standard","meta":{"inline_featured_image":false,"kia_subtitle":"","_mux_skip_reasons":[],"proofreadBy":0,"footnotes":""},"categories":[187,26],"tags":[65,6346],"sport":[],"saison":[3453],"class_list":["post-794988","post","type-post","status-publish","format-standard","has-post-thumbnail","hentry","category-actualite-nhl","category-nhl","tag-bruins","tag-krejci","saison-3453"],"acf":[],"yoast_head":"<!-- This site is optimized with the Yoast SEO plugin v24.2 - https:\/\/yoast.com\/wordpress\/plugins\/seo\/ -->\n<title>David Krejci tire sa r&eacute;v&eacute;rence - The Playoffs FR<\/title>\n<meta name=\"robots\" content=\"index, follow, max-snippet:-1, max-image-preview:large, max-video-preview:-1\" \/>\n<link rel=\"canonical\" href=\"https:\/\/theplayoffs.news\/fr\/actualite-nhl\/david-krejci-tire-sa-reverence\/\" \/>\n<meta property=\"og:locale\" content=\"fr_FR\" \/>\n<meta property=\"og:type\" content=\"article\" \/>\n<meta property=\"og:title\" content=\"David Krejci tire sa r&eacute;v&eacute;rence - The Playoffs FR\" \/>\n<meta property=\"og:url\" content=\"https:\/\/theplayoffs.news\/fr\/actualite-nhl\/david-krejci-tire-sa-reverence\/\" \/>\n<meta property=\"og:site_name\" content=\"The Playoffs FR\" \/>\n<meta property=\"article:publisher\" content=\"https:\/\/www.facebook.com\/TheFreeAgentFR\/\" \/>\n<meta property=\"article:modified_time\" content=\"2023-08-14T15:39:25+02:00\" \/>\n<meta property=\"og:image\" content=\"https:\/\/theplayoffs.news\/fr\/wp-content\/uploads\/2021\/03\/Krejci.jpg\" \/>\n\t<meta property=\"og:image:width\" content=\"768\" \/>\n\t<meta property=\"og:image:height\" content=\"576\" \/>\n\t<meta property=\"og:image:type\" content=\"image\/jpeg\" \/>\n<meta name=\"author\" content=\"Jordan\" \/>\n<meta name=\"twitter:card\" content=\"summary_large_image\" \/>\n<meta name=\"twitter:creator\" content=\"@TheFreeAgentFR\" \/>\n<meta name=\"twitter:site\" content=\"@TheFreeAgentFR\" \/>\n<meta name=\"twitter:label1\" content=\"\u00c9crit par\" \/>\n\t<meta name=\"twitter:data1\" content=\"Jordan\" \/>\n\t<meta name=\"twitter:label2\" content=\"Dur\u00e9e de lecture estim\u00e9e\" \/>\n\t<meta name=\"twitter:data2\" content=\"1 minute\" \/>\n<script type=\"application\/ld+json\" class=\"yoast-schema-graph\">{\"@context\":\"https:\/\/schema.org\",\"@graph\":[{\"@type\":\"WebPage\",\"@id\":\"https:\/\/theplayoffs.news\/fr\/actualite-nhl\/david-krejci-tire-sa-reverence\/\",\"url\":\"https:\/\/theplayoffs.news\/fr\/actualite-nhl\/david-krejci-tire-sa-reverence\/\",\"name\":\"David Krejci tire sa r\u00e9v\u00e9rence - The Playoffs FR\",\"isPartOf\":{\"@id\":\"https:\/\/theplayoffs.news\/fr\/#website\"},\"primaryImageOfPage\":{\"@id\":\"https:\/\/theplayoffs.news\/fr\/actualite-nhl\/david-krejci-tire-sa-reverence\/#primaryimage\"},\"image\":{\"@id\":\"https:\/\/theplayoffs.news\/fr\/actualite-nhl\/david-krejci-tire-sa-reverence\/#primaryimage\"},\"thumbnailUrl\":\"https:\/\/theplayoffs.news\/fr\/wp-content\/uploads\/2021\/03\/Krejci.jpg\",\"datePublished\":\"2023-08-14T13:30:56+00:00\",\"dateModified\":\"2023-08-14T13:39:25+00:00\",\"author\":{\"@id\":\"https:\/\/theplayoffs.news\/fr\/#\/schema\/person\/d6157b38cc07b295b3d3661f604f7134\"},\"breadcrumb\":{\"@id\":\"https:\/\/theplayoffs.news\/fr\/actualite-nhl\/david-krejci-tire-sa-reverence\/#breadcrumb\"},\"inLanguage\":\"fr-FR\",\"potentialAction\":[{\"@type\":\"ReadAction\",\"target\":[\"https:\/\/theplayoffs.news\/fr\/actualite-nhl\/david-krejci-tire-sa-reverence\/\"]}]},{\"@type\":\"ImageObject\",\"inLanguage\":\"fr-FR\",\"@id\":\"https:\/\/theplayoffs.news\/fr\/actualite-nhl\/david-krejci-tire-sa-reverence\/#primaryimage\",\"url\":\"https:\/\/theplayoffs.news\/fr\/wp-content\/uploads\/2021\/03\/Krejci.jpg\",\"contentUrl\":\"https:\/\/theplayoffs.news\/fr\/wp-content\/uploads\/2021\/03\/Krejci.jpg\",\"width\":768,\"height\":576},{\"@type\":\"BreadcrumbList\",\"@id\":\"https:\/\/theplayoffs.news\/fr\/actualite-nhl\/david-krejci-tire-sa-reverence\/#breadcrumb\",\"itemListElement\":[{\"@type\":\"ListItem\",\"position\":1,\"name\":\"Accueil\",\"item\":\"https:\/\/theplayoffs.news\/fr\/\"},{\"@type\":\"ListItem\",\"position\":2,\"name\":\"David Krejci tire sa r\u00e9v\u00e9rence\"}]},{\"@type\":\"WebSite\",\"@id\":\"https:\/\/theplayoffs.news\/fr\/#website\",\"url\":\"https:\/\/theplayoffs.news\/fr\/\",\"name\":\"The Playoffs FR\",\"description\":\"NBA-NFL-NHL-MLB\",\"potentialAction\":[{\"@type\":\"SearchAction\",\"target\":{\"@type\":\"EntryPoint\",\"urlTemplate\":\"https:\/\/theplayoffs.news\/fr\/?s={search_term_string}\"},\"query-input\":{\"@type\":\"PropertyValueSpecification\",\"valueRequired\":true,\"valueName\":\"search_term_string\"}}],\"inLanguage\":\"fr-FR\"},{\"@type\":\"Person\",\"@id\":\"https:\/\/theplayoffs.news\/fr\/#\/schema\/person\/d6157b38cc07b295b3d3661f604f7134\",\"name\":\"Jordan\",\"image\":{\"@type\":\"ImageObject\",\"inLanguage\":\"fr-FR\",\"@id\":\"https:\/\/theplayoffs.news\/fr\/#\/schema\/person\/image\/\",\"url\":\"https:\/\/secure.gravatar.com\/avatar\/9a2463e5d22f25bd334f67f63d7f14c9b6cb300ad6129ae77658cc3cf82747bb?s=96&d=mm&r=g\",\"contentUrl\":\"https:\/\/secure.gravatar.com\/avatar\/9a2463e5d22f25bd334f67f63d7f14c9b6cb300ad6129ae77658cc3cf82747bb?s=96&d=mm&r=g\",\"caption\":\"Jordan\"},\"description\":\"Passionn\u00e9 de NHL depuis 15 ans et r\u00e9dacteur NHL pour The Playoffs depuis 2020, j\\\\'ai toujours souhait\u00e9 pouvoir couvrir l\\\\'actualit\u00e9 NHL et offrir du contenu NHL aux fans francophones. Fan des Maple Leafs (un brin malgr\u00e9 moi), j\\\\'esp\u00e8re les voir soulever la Coupe de mon vivant, ce qui n\\\\'est pas gagn\u00e9. Passionn\u00e9 par l\\\\'\u00e9conomie et la finance, j\\\\'essaie d\\\\'apporter une vision business aux contenus produits afin d\\\\'offrir aux lecteurs des cl\u00e9s de lecture diff\u00e9rente de celles habituelles.\",\"sameAs\":[\"https:\/\/www.instagram.com\/joogzd\/\"],\"url\":\"https:\/\/theplayoffs.news\/fr\/author\/xtanza\/\"}]}<\/script>\n<!-- \/ Yoast SEO plugin. -->","yoast_head_json":{"title":"David Krejci tire sa r&eacute;v&eacute;rence - The Playoffs FR","robots":{"index":"index","follow":"follow","max-snippet":"max-snippet:-1","max-image-preview":"max-image-preview:large","max-video-preview":"max-video-preview:-1"},"canonical":"https:\/\/theplayoffs.news\/fr\/actualite-nhl\/david-krejci-tire-sa-reverence\/","og_locale":"fr_FR","og_type":"article","og_title":"David Krejci tire sa r&eacute;v&eacute;rence - The Playoffs FR","og_url":"https:\/\/theplayoffs.news\/fr\/actualite-nhl\/david-krejci-tire-sa-reverence\/","og_site_name":"The Playoffs FR","article_publisher":"https:\/\/www.facebook.com\/TheFreeAgentFR\/","article_modified_time":"2023-08-14T13:39:25+00:00","og_image":[{"width":768,"height":576,"url":"https:\/\/theplayoffs.news\/fr\/wp-content\/uploads\/2021\/03\/Krejci.jpg","type":"image\/jpeg"}],"author":"Jordan","twitter_card":"summary_large_image","twitter_creator":"@TheFreeAgentFR","twitter_site":"@TheFreeAgentFR","twitter_misc":{"\u00c9crit par":"Jordan","Dur\u00e9e de lecture estim\u00e9e":"1 minute"},"schema":{"@context":"https:\/\/schema.org","@graph":[{"@type":"WebPage","@id":"https:\/\/theplayoffs.news\/fr\/actualite-nhl\/david-krejci-tire-sa-reverence\/","url":"https:\/\/theplayoffs.news\/fr\/actualite-nhl\/david-krejci-tire-sa-reverence\/","name":"David Krejci tire sa r\u00e9v\u00e9rence - The Playoffs FR","isPartOf":{"@id":"https:\/\/theplayoffs.news\/fr\/#website"},"primaryImageOfPage":{"@id":"https:\/\/theplayoffs.news\/fr\/actualite-nhl\/david-krejci-tire-sa-reverence\/#primaryimage"},"image":{"@id":"https:\/\/theplayoffs.news\/fr\/actualite-nhl\/david-krejci-tire-sa-reverence\/#primaryimage"},"thumbnailUrl":"https:\/\/theplayoffs.news\/fr\/wp-content\/uploads\/2021\/03\/Krejci.jpg","datePublished":"2023-08-14T13:30:56+00:00","dateModified":"2023-08-14T13:39:25+00:00","author":{"@id":"https:\/\/theplayoffs.news\/fr\/#\/schema\/person\/d6157b38cc07b295b3d3661f604f7134"},"breadcrumb":{"@id":"https:\/\/theplayoffs.news\/fr\/actualite-nhl\/david-krejci-tire-sa-reverence\/#breadcrumb"},"inLanguage":"fr-FR","potentialAction":[{"@type":"ReadAction","target":["https:\/\/theplayoffs.news\/fr\/actualite-nhl\/david-krejci-tire-sa-reverence\/"]}]},{"@type":"ImageObject","inLanguage":"fr-FR","@id":"https:\/\/theplayoffs.news\/fr\/actualite-nhl\/david-krejci-tire-sa-reverence\/#primaryimage","url":"https:\/\/theplayoffs.news\/fr\/wp-content\/uploads\/2021\/03\/Krejci.jpg","contentUrl":"https:\/\/theplayoffs.news\/fr\/wp-content\/uploads\/2021\/03\/Krejci.jpg","width":768,"height":576},{"@type":"BreadcrumbList","@id":"https:\/\/theplayoffs.news\/fr\/actualite-nhl\/david-krejci-tire-sa-reverence\/#breadcrumb","itemListElement":[{"@type":"ListItem","position":1,"name":"Accueil","item":"https:\/\/theplayoffs.news\/fr\/"},{"@type":"ListItem","position":2,"name":"David Krejci tire sa r\u00e9v\u00e9rence"}]},{"@type":"WebSite","@id":"https:\/\/theplayoffs.news\/fr\/#website","url":"https:\/\/theplayoffs.news\/fr\/","name":"The Playoffs FR","description":"NBA-NFL-NHL-MLB","potentialAction":[{"@type":"SearchAction","target":{"@type":"EntryPoint","urlTemplate":"https:\/\/theplayoffs.news\/fr\/?s={search_term_string}"},"query-input":{"@type":"PropertyValueSpecification","valueRequired":true,"valueName":"search_term_string"}}],"inLanguage":"fr-FR"},{"@type":"Person","@id":"https:\/\/theplayoffs.news\/fr\/#\/schema\/person\/d6157b38cc07b295b3d3661f604f7134","name":"Jordan","image":{"@type":"ImageObject","inLanguage":"fr-FR","@id":"https:\/\/theplayoffs.news\/fr\/#\/schema\/person\/image\/","url":"https:\/\/secure.gravatar.com\/avatar\/9a2463e5d22f25bd334f67f63d7f14c9b6cb300ad6129ae77658cc3cf82747bb?s=96&d=mm&r=g","contentUrl":"https:\/\/secure.gravatar.com\/avatar\/9a2463e5d22f25bd334f67f63d7f14c9b6cb300ad6129ae77658cc3cf82747bb?s=96&d=mm&r=g","caption":"Jordan"},"description":"Passionn\u00e9 de NHL depuis 15 ans et r\u00e9dacteur NHL pour The Playoffs depuis 2020, j\\'ai toujours souhait\u00e9 pouvoir couvrir l\\'actualit\u00e9 NHL et offrir du contenu NHL aux fans francophones. Fan des Maple Leafs (un brin malgr\u00e9 moi), j\\'esp\u00e8re les voir soulever la Coupe de mon vivant, ce qui n\\'est pas gagn\u00e9. Passionn\u00e9 par l\\'\u00e9conomie et la finance, j\\'essaie d\\'apporter une vision business aux contenus produits afin d\\'offrir aux lecteurs des cl\u00e9s de lecture diff\u00e9rente de celles habituelles.","sameAs":["https:\/\/www.instagram.com\/joogzd\/"],"url":"https:\/\/theplayoffs.news\/fr\/author\/xtanza\/"}]}},"_links":{"self":[{"href":"https:\/\/theplayoffs.news\/fr\/wp-json\/wp\/v2\/posts\/794988","targetHints":{"allow":["GET"]}}],"collection":[{"href":"https:\/\/theplayoffs.news\/fr\/wp-json\/wp\/v2\/posts"}],"about":[{"href":"https:\/\/theplayoffs.news\/fr\/wp-json\/wp\/v2\/types\/post"}],"author":[{"embeddable":true,"href":"https:\/\/theplayoffs.news\/fr\/wp-json\/wp\/v2\/users\/180309816"}],"replies":[{"embeddable":true,"href":"https:\/\/theplayoffs.news\/fr\/wp-json\/wp\/v2\/comments?post=794988"}],"version-history":[{"count":3,"href":"https:\/\/theplayoffs.news\/fr\/wp-json\/wp\/v2\/posts\/794988\/revisions"}],"predecessor-version":[{"id":795057,"href":"https:\/\/theplayoffs.news\/fr\/wp-json\/wp\/v2\/posts\/794988\/revisions\/795057"}],"wp:featuredmedia":[{"embeddable":true,"href":"https:\/\/theplayoffs.news\/fr\/wp-json\/wp\/v2\/media\/296722"}],"wp:attachment":[{"href":"https:\/\/theplayoffs.news\/fr\/wp-json\/wp\/v2\/media?parent=794988"}],"wp:term":[{"taxonomy":"category","embeddable":true,"href":"https:\/\/theplayoffs.news\/fr\/wp-json\/wp\/v2\/categories?post=794988"},{"taxonomy":"post_tag","embeddable":true,"href":"https:\/\/theplayoffs.news\/fr\/wp-json\/wp\/v2\/tags?post=794988"},{"taxonomy":"sport","embeddable":true,"href":"https:\/\/theplayoffs.news\/fr\/wp-json\/wp\/v2\/sport?post=794988"},{"taxonomy":"saison","embeddable":true,"href":"https:\/\/theplayoffs.news\/fr\/wp-json\/wp\/v2\/saison?post=794988"}],"curies":[{"name":"wp","href":"https:\/\/api.w.org\/{rel}","templated":true}]}}