{"id":792260,"date":"2023-08-13T18:34:02","date_gmt":"2023-08-13T16:34:02","guid":{"rendered":"https:\/\/theplayoffs.news\/fr\/?p=792260"},"modified":"2023-08-13T18:36:05","modified_gmt":"2023-08-13T16:36:05","slug":"les-penguins-sinteressent-a-tomas-tatar","status":"publish","type":"post","link":"https:\/\/theplayoffs.news\/fr\/actualite-nhl\/les-penguins-sinteressent-a-tomas-tatar\/","title":{"rendered":"Les Penguins s&rsquo;int\u00e9ressent \u00e0 Tomas Tatar ?"},"content":{"rendered":"<h2>La free agency n&rsquo;est peut-&ecirc;tre pas encore finie pour les Penguins du nouveau directeur g&eacute;n&eacute;ral, Kyle Dubas puisque Tomas Tatar serait dans leur viseur.<\/h2><p>L&rsquo;int&eacute;r&ecirc;t de Pittsburgh pour Tomas Tatar a &eacute;t&eacute; un nouveau sujet ces derniers temps. <a href=\"https:\/\/twitter.com\/Real_RobRossi\/status\/1690402736037150720\" class=\"trk-cta-link\" data-cta-trk='{\"ctaType\":\"Link\",\"ctaSubType\":\"main\"}'>Rob Rossi de The Athletic<\/a> sugg&egrave;re que les Penguins sont &laquo;&nbsp;tr&egrave;s int&eacute;ress&eacute;s&nbsp;&raquo; par l&rsquo;acquisition de l&rsquo;agent libre.<\/p><p>Cette r&eacute;v&eacute;lation n&rsquo;est pas une pure surprise, &eacute;tant donn&eacute; le penchant de l&rsquo;&eacute;quipe pour renforcer ses ailes. Tatar lui-m&ecirc;me n&rsquo;a pas ignor&eacute; ces rumeurs. Lors d&rsquo;une r&eacute;cente conversation avec <a href=\"https:\/\/sport.aktuality.sk\/hokej\/clanok\/tomas-tatar-prehovoril-o-svojej-buducnosti-2023081009525048342\" class=\"trk-cta-link\" data-cta-trk='{\"ctaType\":\"Link\",\"ctaSubType\":\"main\"}'>Sport.sk<\/a>, il n&rsquo;a pas &eacute;cart&eacute; cette possibilit&eacute; mais a gard&eacute; ses atout dans sa manche, d&eacute;clarant via une transcription de <a href=\"https:\/\/www.prohockeyrumors.com\/2023\/08\/pittsburgh-penguins-interested-in-tomas-tatar.html\" class=\"trk-cta-link\" data-cta-trk='{\"ctaType\":\"Link\",\"ctaSubType\":\"main\"}'>ProHockey rumors<\/a> :<\/p><blockquote><p>&laquo; Ce serait bien de jouer pour Pittsburgh, mais je ne veux pas en parler davantage. &rdquo;<\/p><\/blockquote><p>Le directeur g&eacute;n&eacute;ral des Penguins, Kyle Dubas, avait r&eacute;cemment comment&eacute; l&rsquo;alignement stable de l&rsquo;&eacute;quipe pour la saison &agrave; venir apr&egrave;s avoir <a href=\"https:\/\/theplayoffs.news\/fr\/divers\/erik-karlsson-prend-la-direction-des-penguins\/\" class=\"trk-cta-link\" data-cta-trk='{\"ctaType\":\"Link\",\"ctaSubType\":\"main\"}'>acquis le d&eacute;fenseur vedette Erik Karlsson<\/a>. Cependant, il convient de noter que l&rsquo;entr&eacute;e de Tatar pourrait am&eacute;liorer l&rsquo;alignement, en particulier avec Jake Guentzel, un ailier de premier trio, qui se remet d&rsquo;une op&eacute;ration &agrave; la cheville.<\/p><p>D&eacute;j&agrave; projet&eacute; au-dessus du cap, la signature de Tatar obligerait la franchise &agrave; proc&eacute;der &agrave; des coupes.<\/p><h3>L&rsquo;ascension de Tatar et la qu&ecirc;te de la coupe<\/h3><p>Tatar, &agrave; 32 ans, a eu un parcours digne de mention. Apr&egrave;s un passage pas si m&eacute;morable avec les Canadiens de Montr&eacute;al qui l&rsquo;a vu au banc pour la plupart lors de leur course &agrave; la Coupe Stanley 2021, il a trouv&eacute; un r&ocirc;le plus gratifiant avec les Devils du New Jersey.<\/p><p>En deux saisons et 158 matchs avec les Devils, Tomas Tatar a r&eacute;ussi &agrave; marquer 78 points, soit 35 buts et 43 passes. Sa performance de la saison 2022-23 a &eacute;t&eacute; particuli&egrave;rement remarquable, lui valant des votes pour le troph&eacute;e Selke en raison de son jeu d&eacute;fensif d&eacute;cisif et d&rsquo;une note de +41.<\/p><p>Pourtant, la Coupe Stanley reste insaisissable pour <a href=\"https:\/\/theplayoffs.news\/fr\/joueur\/tomas-tatar-nhl-10454\/\" class=\"trk-cta-link\" data-cta-trk='{\"ctaType\":\"Link\",\"ctaSubType\":\"main\"}'><strong>Tomas Tatar<\/strong><\/a>. Il s&rsquo;est rapproch&eacute; deux fois &ndash; avec les Canadiens en 2021 et les Golden Knights de Vegas en 2018 &ndash; mais n&rsquo;a pas encore soulev&eacute; le troph&eacute;e tant convoit&eacute;.<\/p><p>L&rsquo;app&eacute;tit du joueur slovaque pour la Coupe est &eacute;vident dans ses r&eacute;centes d&eacute;clarations, o&ugrave; il a exprim&eacute; son d&eacute;sir de faire preuve de discernement quant &agrave; son prochain mouvement dans l&rsquo;espoir de r&eacute;aliser enfin ce r&ecirc;ve.<\/p>\n","protected":false},"excerpt":{"rendered":"","protected":false},"author":13,"featured_media":792277,"comment_status":"open","ping_status":"closed","sticky":false,"template":"","format":"standard","meta":{"inline_featured_image":false,"kia_subtitle":"","_mux_skip_reasons":[],"proofreadBy":0,"footnotes":""},"categories":[187,26],"tags":[6262,6341],"sport":[],"saison":[],"class_list":["post-792260","post","type-post","status-publish","format-standard","has-post-thumbnail","hentry","category-actualite-nhl","category-nhl","tag-penguins-de-pittsburgh","tag-tomas-tatar"],"acf":[],"yoast_head":"<!-- This site is optimized with the Yoast SEO plugin v24.2 - https:\/\/yoast.com\/wordpress\/plugins\/seo\/ -->\n<title>Les Penguins s&#039;int&eacute;ressent &agrave; Tomas Tatar ? - The Playoffs FR<\/title>\n<meta name=\"robots\" content=\"index, follow, max-snippet:-1, max-image-preview:large, max-video-preview:-1\" \/>\n<link rel=\"canonical\" href=\"https:\/\/theplayoffs.news\/fr\/actualite-nhl\/les-penguins-sinteressent-a-tomas-tatar\/\" \/>\n<meta property=\"og:locale\" content=\"fr_FR\" \/>\n<meta property=\"og:type\" content=\"article\" \/>\n<meta property=\"og:title\" content=\"Les Penguins s&#039;int&eacute;ressent &agrave; Tomas Tatar ? - The Playoffs FR\" \/>\n<meta property=\"og:url\" content=\"https:\/\/theplayoffs.news\/fr\/actualite-nhl\/les-penguins-sinteressent-a-tomas-tatar\/\" \/>\n<meta property=\"og:site_name\" content=\"The Playoffs FR\" \/>\n<meta property=\"article:publisher\" content=\"https:\/\/www.facebook.com\/TheFreeAgentFR\/\" \/>\n<meta property=\"article:modified_time\" content=\"2023-08-13T18:36:05+02:00\" \/>\n<meta property=\"og:image\" content=\"https:\/\/theplayoffs.news\/fr\/wp-content\/uploads\/2023\/08\/Capture-decran-2023-08-13-a-18.02.31.jpg\" \/>\n\t<meta property=\"og:image:width\" content=\"1920\" \/>\n\t<meta property=\"og:image:height\" content=\"1246\" \/>\n\t<meta property=\"og:image:type\" content=\"image\/jpeg\" \/>\n<meta name=\"author\" content=\"Charles Taudin\" \/>\n<meta name=\"twitter:card\" content=\"summary_large_image\" \/>\n<meta name=\"twitter:creator\" content=\"@TheFreeAgentFR\" \/>\n<meta name=\"twitter:site\" content=\"@TheFreeAgentFR\" \/>\n<meta name=\"twitter:label1\" content=\"\u00c9crit par\" \/>\n\t<meta name=\"twitter:data1\" content=\"Charles Taudin\" \/>\n\t<meta name=\"twitter:label2\" content=\"Dur\u00e9e de lecture estim\u00e9e\" \/>\n\t<meta name=\"twitter:data2\" content=\"2 minutes\" \/>\n<script type=\"application\/ld+json\" class=\"yoast-schema-graph\">{\"@context\":\"https:\/\/schema.org\",\"@graph\":[{\"@type\":\"WebPage\",\"@id\":\"https:\/\/theplayoffs.news\/fr\/actualite-nhl\/les-penguins-sinteressent-a-tomas-tatar\/\",\"url\":\"https:\/\/theplayoffs.news\/fr\/actualite-nhl\/les-penguins-sinteressent-a-tomas-tatar\/\",\"name\":\"Les Penguins s\\\\'int\u00e9ressent \u00e0 Tomas Tatar ? - The Playoffs FR\",\"isPartOf\":{\"@id\":\"https:\/\/theplayoffs.news\/fr\/#website\"},\"primaryImageOfPage\":{\"@id\":\"https:\/\/theplayoffs.news\/fr\/actualite-nhl\/les-penguins-sinteressent-a-tomas-tatar\/#primaryimage\"},\"image\":{\"@id\":\"https:\/\/theplayoffs.news\/fr\/actualite-nhl\/les-penguins-sinteressent-a-tomas-tatar\/#primaryimage\"},\"thumbnailUrl\":\"https:\/\/theplayoffs.news\/fr\/wp-content\/uploads\/2023\/08\/Capture-decran-2023-08-13-a-18.02.31.jpg\",\"datePublished\":\"2023-08-13T16:34:02+00:00\",\"dateModified\":\"2023-08-13T16:36:05+00:00\",\"author\":{\"@id\":\"https:\/\/theplayoffs.news\/fr\/#\/schema\/person\/eee5b69ad5d3c51cabe881c839dbe133\"},\"breadcrumb\":{\"@id\":\"https:\/\/theplayoffs.news\/fr\/actualite-nhl\/les-penguins-sinteressent-a-tomas-tatar\/#breadcrumb\"},\"inLanguage\":\"fr-FR\",\"potentialAction\":[{\"@type\":\"ReadAction\",\"target\":[\"https:\/\/theplayoffs.news\/fr\/actualite-nhl\/les-penguins-sinteressent-a-tomas-tatar\/\"]}]},{\"@type\":\"ImageObject\",\"inLanguage\":\"fr-FR\",\"@id\":\"https:\/\/theplayoffs.news\/fr\/actualite-nhl\/les-penguins-sinteressent-a-tomas-tatar\/#primaryimage\",\"url\":\"https:\/\/theplayoffs.news\/fr\/wp-content\/uploads\/2023\/08\/Capture-decran-2023-08-13-a-18.02.31.jpg\",\"contentUrl\":\"https:\/\/theplayoffs.news\/fr\/wp-content\/uploads\/2023\/08\/Capture-decran-2023-08-13-a-18.02.31.jpg\",\"width\":1920,\"height\":1246,\"caption\":\"Tomas Tatar\"},{\"@type\":\"BreadcrumbList\",\"@id\":\"https:\/\/theplayoffs.news\/fr\/actualite-nhl\/les-penguins-sinteressent-a-tomas-tatar\/#breadcrumb\",\"itemListElement\":[{\"@type\":\"ListItem\",\"position\":1,\"name\":\"Accueil\",\"item\":\"https:\/\/theplayoffs.news\/fr\/\"},{\"@type\":\"ListItem\",\"position\":2,\"name\":\"Les Penguins s&rsquo;int\u00e9ressent \u00e0 Tomas Tatar ?\"}]},{\"@type\":\"WebSite\",\"@id\":\"https:\/\/theplayoffs.news\/fr\/#website\",\"url\":\"https:\/\/theplayoffs.news\/fr\/\",\"name\":\"The Playoffs FR\",\"description\":\"NBA-NFL-NHL-MLB\",\"potentialAction\":[{\"@type\":\"SearchAction\",\"target\":{\"@type\":\"EntryPoint\",\"urlTemplate\":\"https:\/\/theplayoffs.news\/fr\/?s={search_term_string}\"},\"query-input\":{\"@type\":\"PropertyValueSpecification\",\"valueRequired\":true,\"valueName\":\"search_term_string\"}}],\"inLanguage\":\"fr-FR\"},{\"@type\":\"Person\",\"@id\":\"https:\/\/theplayoffs.news\/fr\/#\/schema\/person\/eee5b69ad5d3c51cabe881c839dbe133\",\"name\":\"Charles Taudin\",\"image\":{\"@type\":\"ImageObject\",\"inLanguage\":\"fr-FR\",\"@id\":\"https:\/\/theplayoffs.news\/fr\/#\/schema\/person\/image\/\",\"url\":\"https:\/\/secure.gravatar.com\/avatar\/59a1e772205ce9fd255edfcafc93013736822e20261f294c5753b20c41ede9f2?s=96&d=mm&r=g\",\"contentUrl\":\"https:\/\/secure.gravatar.com\/avatar\/59a1e772205ce9fd255edfcafc93013736822e20261f294c5753b20c41ede9f2?s=96&d=mm&r=g\",\"caption\":\"Charles Taudin\"},\"description\":\"R\u00e9dacteur en chef global de The Playoffs, j\u2019ai cr\u00e9\u00e9 The Free Agent, devenu The Playoffs FR, en 2020 durant la pand\u00e9mie. Amoureux depuis des ann\u00e9es des 4 sports majeurs am\u00e9ricains, j\u2019organise maintenant la strat\u00e9gie \u00e9ditoriale et les r\u00e9seaux sociaux de l\u2019ensemble des versions de The Playoffs. Il m\u2019arrive encore d\u2019\u00e9crire sur certains sports que j\u2019affectionne particuli\u00e8rement comme la NFL ou la MLB. Si vous devez retenir qu\u2019une chose : Eli Manning est le vrai GOAT pour avoir battu deux fois Tom Brady.\",\"sameAs\":[\"https:\/\/www.instagram.com\/ctaudin_\/\"],\"url\":\"https:\/\/theplayoffs.news\/fr\/author\/charles-taudin\/\"}]}<\/script>\n<!-- \/ Yoast SEO plugin. -->","yoast_head_json":{"title":"Les Penguins s&#039;int&eacute;ressent &agrave; Tomas Tatar ? - The Playoffs FR","robots":{"index":"index","follow":"follow","max-snippet":"max-snippet:-1","max-image-preview":"max-image-preview:large","max-video-preview":"max-video-preview:-1"},"canonical":"https:\/\/theplayoffs.news\/fr\/actualite-nhl\/les-penguins-sinteressent-a-tomas-tatar\/","og_locale":"fr_FR","og_type":"article","og_title":"Les Penguins s&#039;int&eacute;ressent &agrave; Tomas Tatar ? - The Playoffs FR","og_url":"https:\/\/theplayoffs.news\/fr\/actualite-nhl\/les-penguins-sinteressent-a-tomas-tatar\/","og_site_name":"The Playoffs FR","article_publisher":"https:\/\/www.facebook.com\/TheFreeAgentFR\/","article_modified_time":"2023-08-13T16:36:05+00:00","og_image":[{"width":1920,"height":1246,"url":"https:\/\/theplayoffs.news\/fr\/wp-content\/uploads\/2023\/08\/Capture-decran-2023-08-13-a-18.02.31.jpg","type":"image\/jpeg"}],"author":"Charles Taudin","twitter_card":"summary_large_image","twitter_creator":"@TheFreeAgentFR","twitter_site":"@TheFreeAgentFR","twitter_misc":{"\u00c9crit par":"Charles Taudin","Dur\u00e9e de lecture estim\u00e9e":"2 minutes"},"schema":{"@context":"https:\/\/schema.org","@graph":[{"@type":"WebPage","@id":"https:\/\/theplayoffs.news\/fr\/actualite-nhl\/les-penguins-sinteressent-a-tomas-tatar\/","url":"https:\/\/theplayoffs.news\/fr\/actualite-nhl\/les-penguins-sinteressent-a-tomas-tatar\/","name":"Les Penguins s\\'int\u00e9ressent \u00e0 Tomas Tatar ? - The Playoffs FR","isPartOf":{"@id":"https:\/\/theplayoffs.news\/fr\/#website"},"primaryImageOfPage":{"@id":"https:\/\/theplayoffs.news\/fr\/actualite-nhl\/les-penguins-sinteressent-a-tomas-tatar\/#primaryimage"},"image":{"@id":"https:\/\/theplayoffs.news\/fr\/actualite-nhl\/les-penguins-sinteressent-a-tomas-tatar\/#primaryimage"},"thumbnailUrl":"https:\/\/theplayoffs.news\/fr\/wp-content\/uploads\/2023\/08\/Capture-decran-2023-08-13-a-18.02.31.jpg","datePublished":"2023-08-13T16:34:02+00:00","dateModified":"2023-08-13T16:36:05+00:00","author":{"@id":"https:\/\/theplayoffs.news\/fr\/#\/schema\/person\/eee5b69ad5d3c51cabe881c839dbe133"},"breadcrumb":{"@id":"https:\/\/theplayoffs.news\/fr\/actualite-nhl\/les-penguins-sinteressent-a-tomas-tatar\/#breadcrumb"},"inLanguage":"fr-FR","potentialAction":[{"@type":"ReadAction","target":["https:\/\/theplayoffs.news\/fr\/actualite-nhl\/les-penguins-sinteressent-a-tomas-tatar\/"]}]},{"@type":"ImageObject","inLanguage":"fr-FR","@id":"https:\/\/theplayoffs.news\/fr\/actualite-nhl\/les-penguins-sinteressent-a-tomas-tatar\/#primaryimage","url":"https:\/\/theplayoffs.news\/fr\/wp-content\/uploads\/2023\/08\/Capture-decran-2023-08-13-a-18.02.31.jpg","contentUrl":"https:\/\/theplayoffs.news\/fr\/wp-content\/uploads\/2023\/08\/Capture-decran-2023-08-13-a-18.02.31.jpg","width":1920,"height":1246,"caption":"Tomas Tatar"},{"@type":"BreadcrumbList","@id":"https:\/\/theplayoffs.news\/fr\/actualite-nhl\/les-penguins-sinteressent-a-tomas-tatar\/#breadcrumb","itemListElement":[{"@type":"ListItem","position":1,"name":"Accueil","item":"https:\/\/theplayoffs.news\/fr\/"},{"@type":"ListItem","position":2,"name":"Les Penguins s&rsquo;int\u00e9ressent \u00e0 Tomas Tatar ?"}]},{"@type":"WebSite","@id":"https:\/\/theplayoffs.news\/fr\/#website","url":"https:\/\/theplayoffs.news\/fr\/","name":"The Playoffs FR","description":"NBA-NFL-NHL-MLB","potentialAction":[{"@type":"SearchAction","target":{"@type":"EntryPoint","urlTemplate":"https:\/\/theplayoffs.news\/fr\/?s={search_term_string}"},"query-input":{"@type":"PropertyValueSpecification","valueRequired":true,"valueName":"search_term_string"}}],"inLanguage":"fr-FR"},{"@type":"Person","@id":"https:\/\/theplayoffs.news\/fr\/#\/schema\/person\/eee5b69ad5d3c51cabe881c839dbe133","name":"Charles Taudin","image":{"@type":"ImageObject","inLanguage":"fr-FR","@id":"https:\/\/theplayoffs.news\/fr\/#\/schema\/person\/image\/","url":"https:\/\/secure.gravatar.com\/avatar\/59a1e772205ce9fd255edfcafc93013736822e20261f294c5753b20c41ede9f2?s=96&d=mm&r=g","contentUrl":"https:\/\/secure.gravatar.com\/avatar\/59a1e772205ce9fd255edfcafc93013736822e20261f294c5753b20c41ede9f2?s=96&d=mm&r=g","caption":"Charles Taudin"},"description":"R\u00e9dacteur en chef global de The Playoffs, j\u2019ai cr\u00e9\u00e9 The Free Agent, devenu The Playoffs FR, en 2020 durant la pand\u00e9mie. Amoureux depuis des ann\u00e9es des 4 sports majeurs am\u00e9ricains, j\u2019organise maintenant la strat\u00e9gie \u00e9ditoriale et les r\u00e9seaux sociaux de l\u2019ensemble des versions de The Playoffs. Il m\u2019arrive encore d\u2019\u00e9crire sur certains sports que j\u2019affectionne particuli\u00e8rement comme la NFL ou la MLB. Si vous devez retenir qu\u2019une chose : Eli Manning est le vrai GOAT pour avoir battu deux fois Tom Brady.","sameAs":["https:\/\/www.instagram.com\/ctaudin_\/"],"url":"https:\/\/theplayoffs.news\/fr\/author\/charles-taudin\/"}]}},"_links":{"self":[{"href":"https:\/\/theplayoffs.news\/fr\/wp-json\/wp\/v2\/posts\/792260","targetHints":{"allow":["GET"]}}],"collection":[{"href":"https:\/\/theplayoffs.news\/fr\/wp-json\/wp\/v2\/posts"}],"about":[{"href":"https:\/\/theplayoffs.news\/fr\/wp-json\/wp\/v2\/types\/post"}],"author":[{"embeddable":true,"href":"https:\/\/theplayoffs.news\/fr\/wp-json\/wp\/v2\/users\/13"}],"replies":[{"embeddable":true,"href":"https:\/\/theplayoffs.news\/fr\/wp-json\/wp\/v2\/comments?post=792260"}],"version-history":[{"count":3,"href":"https:\/\/theplayoffs.news\/fr\/wp-json\/wp\/v2\/posts\/792260\/revisions"}],"predecessor-version":[{"id":792280,"href":"https:\/\/theplayoffs.news\/fr\/wp-json\/wp\/v2\/posts\/792260\/revisions\/792280"}],"wp:featuredmedia":[{"embeddable":true,"href":"https:\/\/theplayoffs.news\/fr\/wp-json\/wp\/v2\/media\/792277"}],"wp:attachment":[{"href":"https:\/\/theplayoffs.news\/fr\/wp-json\/wp\/v2\/media?parent=792260"}],"wp:term":[{"taxonomy":"category","embeddable":true,"href":"https:\/\/theplayoffs.news\/fr\/wp-json\/wp\/v2\/categories?post=792260"},{"taxonomy":"post_tag","embeddable":true,"href":"https:\/\/theplayoffs.news\/fr\/wp-json\/wp\/v2\/tags?post=792260"},{"taxonomy":"sport","embeddable":true,"href":"https:\/\/theplayoffs.news\/fr\/wp-json\/wp\/v2\/sport?post=792260"},{"taxonomy":"saison","embeddable":true,"href":"https:\/\/theplayoffs.news\/fr\/wp-json\/wp\/v2\/saison?post=792260"}],"curies":[{"name":"wp","href":"https:\/\/api.w.org\/{rel}","templated":true}]}}