{"id":792141,"date":"2023-08-13T18:01:53","date_gmt":"2023-08-13T16:01:53","guid":{"rendered":"https:\/\/theplayoffs.news\/fr\/?p=792141"},"modified":"2023-08-13T18:01:54","modified_gmt":"2023-08-13T16:01:54","slug":"mlb-2023-petit-point-sur-les-blesses","status":"publish","type":"post","link":"https:\/\/theplayoffs.news\/fr\/actualite-mlb\/mlb-2023-petit-point-sur-les-blesses\/","title":{"rendered":"MLB 2023\u00a0: Petit point sur les bless\u00e9s\u00a0!"},"content":{"rendered":"<p style=\"text-align: justify\">La saison MLB 2023 approche petit &agrave; petit de la fin avec encore un mois et demi de comp&eacute;tition. Les encha&icirc;nements de matchs commencent &agrave; peser sur l&rsquo;organisme des joueurs et le risque de blessure s&rsquo;accro&icirc;t. Faisons un petit tour d&rsquo;horizon de la liste des bless&eacute;s.<\/p><h3 style=\"text-align: justify\">MLB 2023&nbsp;: Les bless&eacute;s proche d&rsquo;un retour<\/h3><h4 style=\"text-align: justify\">Marcus Stroman (Chicago Cubs)<\/h4><p><img loading=\"lazy\" decoding=\"async\" class=\"alignnone wp-image-792262 size-full\" src=\"https:\/\/theplayoffs.news\/fr\/wp-content\/uploads\/2023\/08\/Marcus-stroman-1.jpg\" alt=\"MLB 2023\" width=\"680\" height=\"386\" srcset=\"https:\/\/theplayoffs.news\/fr\/wp-content\/uploads\/2023\/08\/Marcus-stroman-1.jpg 680w, https:\/\/theplayoffs.news\/fr\/wp-content\/uploads\/2023\/08\/Marcus-stroman-1-300x170.jpg 300w\" sizes=\"auto, (max-width: 680px) 100vw, 680px\" \/><\/p><p style=\"text-align: justify\">Le lanceur partant num&eacute;ro un des <a href=\"https:\/\/theplayoffs.news\/fr\/equipe\/chicago-cubs-mlb\/\" class=\"trk-cta-link\" data-cta-trk='{\"ctaType\":\"Link\",\"ctaSubType\":\"main\"}'>Chicago Cubs<\/a> avait rejoint l&rsquo;infirmerie le 1<sup>er<\/sup> ao&ucirc;t des suites d&rsquo;une blessure &agrave; la hanche droite. Il avait &eacute;t&eacute; plac&eacute; sur la liste des bless&eacute;s pour 15 jours.<\/p><p style=\"text-align: justify\">Sa blessure le faisait souffrir bien avant d&rsquo;&ecirc;tre officiellement mis sur la liste des joueurs bless&eacute;s. Ses performances en subissaient les cons&eacute;quences avec des d&eacute;parts en dessous du niveau qu&rsquo;il avait affich&eacute; depuis le d&eacute;but de saison de cette saison MLB 2023.<\/p><p style=\"text-align: justify\">En effet, au cours de ses trois derni&egrave;res sorties, <a href=\"https:\/\/theplayoffs.news\/fr\/joueur\/marcus-stroman-mlb-65630\/\" class=\"trk-cta-link\" data-cta-trk='{\"ctaType\":\"Link\",\"ctaSubType\":\"main\"}'>Marcus Stroman<\/a> n&rsquo;avait pas d&eacute;pass&eacute; les 4 manches lanc&eacute;es. Il encaissa 17 points en seulement 10 manches.<\/p><blockquote class=\"twitter-tweet\" data-width=\"500\" data-dnt=\"true\">\n<p lang=\"en\" dir=\"ltr\">Marcus Stroman entered July with a 2.47 ERA, 3rd in MLB behind his teammate Justin Steele (2.43) and Bryce Elder (2.44).<\/p>\n<p>His 9.11 ERA in July is the worst among qualifying pitchers. <a href=\"https:\/\/t.co\/2kvDp1ESAj\" class=\"trk-cta-link\" data-cta-trk='{\"ctaType\":\"Link\",\"ctaSubType\":\"main\"}'>pic.twitter.com\/2kvDp1ESAj<\/a><\/p>\n<p>&mdash; ESPN Stats &amp; Info (@ESPNStatsInfo) <a href=\"https:\/\/twitter.com\/ESPNStatsInfo\/status\/1686205220164898816?ref_src=twsrc%5Etfw\" class=\"trk-cta-link\" data-cta-trk='{\"ctaType\":\"Link\",\"ctaSubType\":\"main\"}'>August 1, 2023<\/a><\/p><\/blockquote><p><script async src=\"https:\/\/platform.twitter.com\/widgets.js\" charset=\"utf-8\"><\/script><\/p><blockquote>\n<p style=\"text-align: justify\">&laquo;&nbsp;Cela m&rsquo;a touch&eacute; dans l&rsquo;ensemble. J&rsquo;ai essay&eacute; de changer ma m&eacute;canique. C&rsquo;est juste que je ne pouvais pas faire grand-chose de plus pour changer. C&rsquo;&eacute;tait plus que frustrant quand tout ce que vous faites ne r&eacute;sout pas le probl&egrave;me.&nbsp;&raquo; Marcus Stroman<\/p>\n<\/blockquote><p style=\"text-align: justify\">Vendredi dernier Marcus Stroman a pu participer &agrave; une session avec le bullpen et a r&eacute;alis&eacute; 50 lancers. Il devrait &ecirc;tre apte a retourn&eacute; sur le monticule mercredi prochain avec la r&eacute;ception des Chicago White Sox.<\/p><h4 style=\"text-align: justify\">Mike Trout<\/h4><p style=\"text-align: justify\">La malchance avait encore frapp&eacute; <a href=\"https:\/\/theplayoffs.news\/fr\/joueur\/mike-trout-mlb-61672\/\" class=\"trk-cta-link\" data-cta-trk='{\"ctaType\":\"Link\",\"ctaSubType\":\"main\"}'>Mike Trout<\/a> le 2 juillet dernier. En effet, la star des <a href=\"https:\/\/theplayoffs.news\/fr\/equipe\/los-angeles-angels-mlb\/\" class=\"trk-cta-link\" data-cta-trk='{\"ctaType\":\"Link\",\"ctaSubType\":\"main\"}'>Los Angeles Angels<\/a> a du quitter ses co&eacute;quipiers apr&egrave;s s&rsquo;&ecirc;tre fractur&eacute; le poignet gauche au cours de la d&eacute;faite des siens face aux <a href=\"https:\/\/theplayoffs.news\/fr\/equipe\/san-diego-padres-mlb\/\" class=\"trk-cta-link\" data-cta-trk='{\"ctaType\":\"Link\",\"ctaSubType\":\"main\"}'>San Diego Padres<\/a>.<\/p><p style=\"text-align: justify\">Il avait du subir une op&eacute;ration le 5 juillet dernier. Une intervention qui allait le tenir &eacute;loigner des terrains pour environ 8 semaines. Mike Trout &eacute;tait alors d&eacute;sireux de tout faire pour revenir le plus vite possible avant la fin de la saison.<\/p><blockquote>\n<p style=\"text-align: justify\">&laquo;&nbsp;J&rsquo;essaie de revenir aussi vite que possible. C&rsquo;est l&rsquo;objectif principal. Je rends probablement le staff compl&egrave;tement fou. Je suis ici t&ocirc;t tous les jours. J&rsquo;attends simplement qu&rsquo;il gu&eacute;risse avant de faire quoi que ce soit. Une fois la blessure compl&egrave;tement gu&eacute;rit, je pourrais attaquer les activit&eacute;s li&eacute;es au baseball.&nbsp;&raquo; Mike Trout<\/p>\n<\/blockquote><p style=\"text-align: justify\">Les Los Angeles Angels sont dans le dur avec un bilan de 2 victoires pour 8 d&eacute;faites depuis la trade deadline. Une s&eacute;rie noire qui compromet fortement leur chance pour une &eacute;ventuelle place en wild card.<\/p><p style=\"text-align: justify\">De son c&ocirc;t&eacute;, Mike Trout a r&eacute;alis&eacute; bons progr&egrave;s dans la r&eacute;&eacute;ducation. Selon <a href=\"https:\/\/www.mlb.com\/player\/phil-nevin-119732\" class=\"trk-cta-link\" data-cta-trk='{\"ctaType\":\"Link\",\"ctaSubType\":\"main\"}'>Phil Nevin<\/a>, Mike Trout a repris le b&acirc;ton devant une machine. La prochaine &eacute;tape sera de le faire frapper des balades plus puissantes.<\/p><p style=\"text-align: justify\">Le staff se demande si Mike Trout doit repasser par les ligues mineures avant un retour avec l&rsquo;&eacute;quipe. Avec leurs derni&egrave;res chances d&rsquo;accrocher la Wild Card, les Angels ne devraient probablement pas pr&eacute;cipiter un retour de Mike Trout pour cette fin de saison MLB 2023.<\/p><blockquote class=\"twitter-tweet\" data-width=\"500\" data-dnt=\"true\">\n<p lang=\"en\" dir=\"ltr\">A Mike Trout return could be on the horizon.<a href=\"https:\/\/twitter.com\/hashtag\/Angels?src=hash&amp;ref_src=twsrc%5Etfw\" class=\"trk-cta-link\" data-cta-trk='{\"ctaType\":\"Link\",\"ctaSubType\":\"main\"}'>#Angels<\/a> | <a href=\"https:\/\/twitter.com\/hashtag\/GoHalos?src=hash&amp;ref_src=twsrc%5Etfw\" class=\"trk-cta-link\" data-cta-trk='{\"ctaType\":\"Link\",\"ctaSubType\":\"main\"}'>#GoHalos<\/a> | <a href=\"https:\/\/twitter.com\/Angels?ref_src=twsrc%5Etfw\" class=\"trk-cta-link\" data-cta-trk='{\"ctaType\":\"Link\",\"ctaSubType\":\"main\"}'>@Angels<\/a> <a href=\"https:\/\/t.co\/ABDDawqtjo\" class=\"trk-cta-link\" data-cta-trk='{\"ctaType\":\"Link\",\"ctaSubType\":\"main\"}'>pic.twitter.com\/ABDDawqtjo<\/a><\/p>\n<p>&mdash; MLB Network Radio on SiriusXM (@MLBNetworkRadio) <a href=\"https:\/\/twitter.com\/MLBNetworkRadio\/status\/1690091716647485440?ref_src=twsrc%5Etfw\" class=\"trk-cta-link\" data-cta-trk='{\"ctaType\":\"Link\",\"ctaSubType\":\"main\"}'>August 11, 2023<\/a><\/p><\/blockquote><p><script async src=\"https:\/\/platform.twitter.com\/widgets.js\" charset=\"utf-8\"><\/script><\/p><h4 style=\"text-align: justify\">C.J Cron<\/h4><p style=\"text-align: justify\">La derni&egrave;re acquisition des Los Angeles Angels a du quitter ses co&eacute;quipiers lors de la d&eacute;faite de son &eacute;quipe face aux Astros (11-3). Le joueur souffrait de douleurs en bas du dos. Il a d&rsquo;abord &eacute;tait replac&eacute; en premi&egrave;re base afin de terminer la sixi&egrave;me manche avant de quitter d&eacute;finitivement le match.<\/p><p style=\"text-align: justify\">Phil Nevin a alors confirm&eacute; qu&rsquo;il s&rsquo;agissait de douleurs que <a href=\"https:\/\/theplayoffs.news\/fr\/joueur\/c-j-cron-mlb-64310\/\" class=\"trk-cta-link\" data-cta-trk='{\"ctaType\":\"Link\",\"ctaSubType\":\"main\"}'>C.J Cron<\/a> avait d&eacute;j&agrave; ressenti durant cette saison MLB 2023 et que sa sortie &eacute;tait plus pour le pr&eacute;server qu&rsquo;autre chose. Toutefois, il ne devrait pas &ecirc;tre dans l&rsquo;alignement ce soir encore face aux Houston Astros.<\/p><h4 style=\"text-align: justify\">Jose Abreu<\/h4><p style=\"text-align: justify\">Les <a href=\"https:\/\/theplayoffs.news\/fr\/equipe\/houston-astros-mlb\/\" class=\"trk-cta-link\" data-cta-trk='{\"ctaType\":\"Link\",\"ctaSubType\":\"main\"}'>Astros<\/a> ont envoy&eacute; leur v&eacute;t&eacute;ran en premi&egrave;re base sur la liste des bless&eacute;s pour 10 jours apr&egrave;s que ce dernier ait subit une inflammation du rachis lombaire.<\/p><p style=\"text-align: justify\">Cette d&eacute;cision intervient quelques jours apr&egrave;s que <a href=\"https:\/\/theplayoffs.news\/fr\/joueur\/jose-abreu-mlb-66190\/\" class=\"trk-cta-link\" data-cta-trk='{\"ctaType\":\"Link\",\"ctaSubType\":\"main\"}'>Jose Abreu<\/a> ait rejoint l&rsquo;infirmerie pour des douleurs au dos. Il n&rsquo;avait pas &eacute;t&eacute; appel&eacute; dans le roster de l&rsquo;&eacute;quipe vendredi dans la victoire des siens face aux Angels.<\/p><p style=\"text-align: justify\">Les Astros ont alors d&eacute;cid&eacute; de le remplacer par <a href=\"https:\/\/theplayoffs.news\/fr\/joueur\/jon-singleton-mlb-62412\/\" class=\"trk-cta-link\" data-cta-trk='{\"ctaType\":\"Link\",\"ctaSubType\":\"main\"}'>Jon Singleton<\/a> qui frappera deux homeruns.<\/p><blockquote class=\"twitter-tweet\" data-width=\"500\" data-dnt=\"true\">\n<p lang=\"en\" dir=\"ltr\">It&rsquo;s been a long road back for <a href=\"https:\/\/twitter.com\/astros?ref_src=twsrc%5Etfw\" class=\"trk-cta-link\" data-cta-trk='{\"ctaType\":\"Link\",\"ctaSubType\":\"main\"}'>@Astros<\/a> 1B Jon Singleton, alumnus of MLB&rsquo;s Compton Youth Academy.<\/p>\n<p> His perseverance paid off in a big way tonight. <a href=\"https:\/\/t.co\/YuLXM0PyvW\" class=\"trk-cta-link\" data-cta-trk='{\"ctaType\":\"Link\",\"ctaSubType\":\"main\"}'>pic.twitter.com\/YuLXM0PyvW<\/a><\/p>\n<p>&mdash; MLB (@MLB) <a href=\"https:\/\/twitter.com\/MLB\/status\/1690197583900065793?ref_src=twsrc%5Etfw\" class=\"trk-cta-link\" data-cta-trk='{\"ctaType\":\"Link\",\"ctaSubType\":\"main\"}'>August 12, 2023<\/a><\/p><\/blockquote><p><script async src=\"https:\/\/platform.twitter.com\/widgets.js\" charset=\"utf-8\"><\/script><\/p><p style=\"text-align: justify\"><a href=\"https:\/\/theplayoffs.news\/fr\/joueur\/david-hensley-mlb-7797002\/\" class=\"trk-cta-link\" data-cta-trk='{\"ctaType\":\"Link\",\"ctaSubType\":\"main\"}'>David Hensley<\/a> a &eacute;t&eacute; rappel&eacute; de triple-A afin de pallier &agrave; l&rsquo;absence de Jos&eacute; Abreu.<\/p><h4 style=\"text-align: justify\">Phil Maton<\/h4><p style=\"text-align: justify\">Toujours du c&ocirc;t&eacute; des Houston Astros, le releveur <a href=\"https:\/\/theplayoffs.news\/fr\/joueur\/phil-maton-mlb-72322\/\" class=\"trk-cta-link\" data-cta-trk='{\"ctaType\":\"Link\",\"ctaSubType\":\"main\"}'>Phil Maton<\/a> a lui aussi &eacute;t&eacute; envoy&eacute; &agrave; l&rsquo;infirmerie pour 15 jours apr&egrave;s une contusion au coude droit.<\/p><p style=\"text-align: justify\">Parker Munshinski a &eacute;t&eacute; rappel&eacute; lui aussi de Triple-A. En 8 apparences avec les Astros cette saison, le lanceur de rel&egrave;ve affiche une ERA de 2.79.<\/p><h4 style=\"text-align: justify\">Shane McClanahan<\/h4><p style=\"text-align: justify\">Dans cette brillante saison MLB 2023, les <a href=\"https:\/\/theplayoffs.news\/fr\/equipe\/tampa-bay-rays-mlb\/\" class=\"trk-cta-link\" data-cta-trk='{\"ctaType\":\"Link\",\"ctaSubType\":\"main\"}'>Rays de Tampa Bay<\/a> viennent de connaitre un gros coup dur avec la perte pour le reste de la saison de leur lanceur partant <a href=\"https:\/\/theplayoffs.news\/fr\/joueur\/shane-mcclanahan-mlb-82398\/\" class=\"trk-cta-link\" data-cta-trk='{\"ctaType\":\"Link\",\"ctaSubType\":\"main\"}'>Shane McClanahan<\/a>.<\/p><p style=\"text-align: justify\">Ce dernier avait d&rsquo;abord &eacute;t&eacute; plac&eacute; sur la liste des bless&eacute;s pour 10 jours le 4 ao&ucirc;t dernier apr&egrave;s une blessure au bras gauche. Finalement le verdict est tomb&eacute; et il ne reviendra pas d&rsquo;ici la fin de saison MLB 2023.<\/p><p style=\"text-align: justify\">Pire Shane McClanahan pourrait connaitre sa deuxi&egrave;me op&eacute;ration Tommy John. En 2016, il avait d&ucirc; subir cette m&ecirc;me intervention chirurgicale l&rsquo;&eacute;cartant pour sa saison universitaire enti&egrave;rement.<\/p><p style=\"text-align: justify\">Cette blessure vient donc mettre un terme &agrave; une saison compliqu&eacute; sur le plan physique pour le lanceur des Rays. Pour rappel il avait d&eacute;j&agrave; rejoint l&rsquo;infirmerie en raison de douleur au milieu du dos.<\/p><blockquote>\n<p style=\"text-align: justify\">&laquo;&nbsp;C&rsquo;est d&eacute;chirant. Ce n&rsquo;est pas facile de perdre l&rsquo;un des meilleurs lanceur du monde. Mais au final Tu te dois d&rsquo;avancer. Tout le monde dans le clubhouse a un r&ocirc;le &agrave; joueur.&nbsp;&raquo; Zac Efflin<\/p>\n<\/blockquote><p style=\"text-align: justify\">Shane McClanahan rejoint donc une infirmerie bien garnie chez les Rays avec <a href=\"https:\/\/theplayoffs.news\/fr\/joueur\/jeffrey-springs-mlb-70794\/\" class=\"trk-cta-link\" data-cta-trk='{\"ctaType\":\"Link\",\"ctaSubType\":\"main\"}'>Jeffrey Springs<\/a> (Op&eacute;ration Tommy John), <a href=\"https:\/\/theplayoffs.news\/fr\/joueur\/drew-rasmussen-mlb-85168\/\" class=\"trk-cta-link\" data-cta-trk='{\"ctaType\":\"Link\",\"ctaSubType\":\"main\"}'>Drew Rasmussen<\/a> (coude droit) et <a href=\"https:\/\/theplayoffs.news\/fr\/joueur\/shane-baz-mlb-79278\/\" class=\"trk-cta-link\" data-cta-trk='{\"ctaType\":\"Link\",\"ctaSubType\":\"main\"}'>Shane Baz<\/a> (op&eacute;ration Tommy John).<\/p><h4 style=\"text-align: justify\">Nestor Cortes Jr<\/h4><p><img loading=\"lazy\" decoding=\"async\" class=\"alignnone wp-image-792243 size-full\" src=\"https:\/\/theplayoffs.news\/fr\/wp-content\/uploads\/2023\/08\/Nestor-Cortes.jpg\" alt=\"MLB 2023 \" width=\"680\" height=\"453\" srcset=\"https:\/\/theplayoffs.news\/fr\/wp-content\/uploads\/2023\/08\/Nestor-Cortes.jpg 680w, https:\/\/theplayoffs.news\/fr\/wp-content\/uploads\/2023\/08\/Nestor-Cortes-300x200.jpg 300w\" sizes=\"auto, (max-width: 680px) 100vw, 680px\" \/><\/p><p style=\"text-align: justify\">Apr&egrave;s Shane McClanahan c&rsquo;est un autre grand lanceur qui pourrait bien voir sa saison prendre fin d&egrave;s ce mois d&rsquo;ao&ucirc;t.<\/p><p style=\"text-align: justify\">En effet <a href=\"https:\/\/theplayoffs.news\/fr\/joueur\/nestor-cortes-mlb-72960\/\" class=\"trk-cta-link\" data-cta-trk='{\"ctaType\":\"Link\",\"ctaSubType\":\"main\"}'>Nestor Cortes Jr<\/a> avait &eacute;t&eacute; plac&eacute; sur la liste des bless&eacute;s pour 15 jours avant en raison d&rsquo;une d&eacute;formation de la coiffe gauche des rotateurs (&eacute;paule). Le lanceur partant des New York Yankees &eacute;tait revenu le 5 ao&ucirc;t dernier pour lancer. Il avait alors pu lancer 4 manches.<\/p><p style=\"text-align: justify\">Apr&egrave;s cette derni&egrave;re sortie il a &eacute;t&eacute; renvoy&eacute; sur la liste des bless&eacute;s pour la m&ecirc;me blessure. Nestor Cortes Jr avait alors annonc&eacute; que sa blessure le tiendrait &agrave; l&rsquo;&eacute;cart pour environ un mois et qu&rsquo;un retour en fin de saison &eacute;tait probablement &agrave; oublier.<\/p><blockquote class=\"twitter-tweet\" data-width=\"500\" data-dnt=\"true\">\n<p lang=\"en\" dir=\"ltr\">Nestor Cortes speaks with <a href=\"https:\/\/twitter.com\/M_Marakovits?ref_src=twsrc%5Etfw\" class=\"trk-cta-link\" data-cta-trk='{\"ctaType\":\"Link\",\"ctaSubType\":\"main\"}'>@M_Marakovits<\/a> about being back on the I.L. <a href=\"https:\/\/t.co\/tZPazDigJG\" class=\"trk-cta-link\" data-cta-trk='{\"ctaType\":\"Link\",\"ctaSubType\":\"main\"}'>pic.twitter.com\/tZPazDigJG<\/a><\/p>\n<p>&mdash; YES Network (@YESNetwork) <a href=\"https:\/\/twitter.com\/YESNetwork\/status\/1690131009855959040?ref_src=twsrc%5Etfw\" class=\"trk-cta-link\" data-cta-trk='{\"ctaType\":\"Link\",\"ctaSubType\":\"main\"}'>August 11, 2023<\/a><\/p><\/blockquote><p><script async src=\"https:\/\/platform.twitter.com\/widgets.js\" charset=\"utf-8\"><\/script><\/p><p style=\"text-align: justify\">La rotation des New York Yankees perd encore un autre membre important. En effet, les Bronx Bombers devront se passer de <a href=\"https:\/\/theplayoffs.news\/fr\/joueur\/carlos-rodon-mlb-67392\/\" class=\"trk-cta-link\" data-cta-trk='{\"ctaType\":\"Link\",\"ctaSubType\":\"main\"}'>Carlos Rodon<\/a> pour quelques jours (ischio-jambier) et de <a href=\"https:\/\/theplayoffs.news\/fr\/joueur\/domingo-german-mlb-67320\/\" class=\"trk-cta-link\" data-cta-trk='{\"ctaType\":\"Link\",\"ctaSubType\":\"main\"}'>Domingo German<\/a>, auteur d&rsquo;un perfect game cette saison, qui ne relancera pas cette saison puisqu&rsquo;il suit un traitement pour lutter contre ses probl&egrave;mes d&rsquo;alcool.<\/p><blockquote>\n<p style=\"text-align: justify\">&laquo;&nbsp;C&rsquo;est difficile. Si nous voulons faire un run, nous avons besoin que tout le monde soit en forme, et pas seulement moi, mais Carlos et les autre lanceurs aussi.&nbsp;&raquo; Nestor Cortes Jr.<\/p>\n<\/blockquote><p style=\"text-align: justify\">La fin de saison MLB 2023 risque d&rsquo;&ecirc;tre longue pour les fans des New York Yankees malgr&eacute; qu&rsquo;ils soient encore en course pour une place en Wild Card.<\/p><h4 style=\"text-align: justify\">Bo Bichette<\/h4><p style=\"text-align: justify\">Peu avant la fin de la trade deadline, les Blue Jays ont vu leur arr&ecirc;t-court <a href=\"https:\/\/theplayoffs.news\/fr\/joueur\/bo-bichette-toronto-blue-jays-mlb\/\" class=\"trk-cta-link\" data-cta-trk='{\"ctaType\":\"Link\",\"ctaSubType\":\"main\"}'>Bo Bichette<\/a> rejoindre l&rsquo;infirmerie en raison d&rsquo;une blessure au genou. Une situation qui avait alors forc&eacute; la franchise canadienne &agrave; trouver un rempla&ccedil;ant, et ils jet&egrave;rent leur d&eacute;volu sur <a href=\"https:\/\/theplayoffs.news\/fr\/joueur\/paul-dejong-mlb-70370\/\" class=\"trk-cta-link\" data-cta-trk='{\"ctaType\":\"Link\",\"ctaSubType\":\"main\"}'>Paul DeJong<\/a>.<\/p><p style=\"text-align: justify\">Le cas de Bo Bichette &eacute;tait alors surveill&eacute; au jour le jour. Finalement aucun dommage n&rsquo;a &eacute;t&eacute; caus&eacute; sur la structure du genou de ce dernier.<\/p><p style=\"text-align: justify\">Bo Bichette a repris doucement la course, mais il n&rsquo;est pas encore apte &agrave; tester les courses rapides. Il a repris les sessions de frappe en cage aussi. De bonne augure avant un &eacute;ventuel retour d&rsquo;ici la fin de saison.<\/p><blockquote class=\"twitter-tweet\" data-width=\"500\" data-dnt=\"true\">\n<p lang=\"en\" dir=\"ltr\">Whip It Good!! Bo Bichette of the Toronto Blue Jays. <a href=\"https:\/\/t.co\/L5LeLMqeLn\" class=\"trk-cta-link\" data-cta-trk='{\"ctaType\":\"Link\",\"ctaSubType\":\"main\"}'>pic.twitter.com\/L5LeLMqeLn<\/a><\/p>\n<p>&mdash; Mike Bahamas (@mike_bahamas) <a href=\"https:\/\/twitter.com\/mike_bahamas\/status\/1690473326194438144?ref_src=twsrc%5Etfw\" class=\"trk-cta-link\" data-cta-trk='{\"ctaType\":\"Link\",\"ctaSubType\":\"main\"}'>August 12, 2023<\/a><\/p><\/blockquote><p><script async src=\"https:\/\/platform.twitter.com\/widgets.js\" charset=\"utf-8\"><\/script><\/p><p style=\"text-align: justify\">Alors que les <a href=\"https:\/\/theplayoffs.news\/fr\/equipe\/toronto-blue-jays-mlb\/\" class=\"trk-cta-link\" data-cta-trk='{\"ctaType\":\"Link\",\"ctaSubType\":\"main\"}'>Blue Jays de Toronto<\/a> sont plus qu&rsquo;en course pour une place en Wild Card dans l&rsquo;American League cette saison MLB 2023, ils ont vu d&rsquo;autres joueurs rejoindre l&rsquo;infirmerie comme <a href=\"https:\/\/theplayoffs.news\/fr\/joueur\/jordan-romano-mlb-72760\/\" class=\"trk-cta-link\" data-cta-trk='{\"ctaType\":\"Link\",\"ctaSubType\":\"main\"}'>Jordan Romano<\/a> (inflammation en bas du dos), <a href=\"https:\/\/theplayoffs.news\/fr\/joueur\/hyun-jin-ryu-mlb-65164\/\" class=\"trk-cta-link\" data-cta-trk='{\"ctaType\":\"Link\",\"ctaSubType\":\"main\"}'>Hyun Jin Ryu<\/a> (contusion au genou droit), <a href=\"https:\/\/theplayoffs.news\/fr\/joueur\/kevin-kiermaier-mlb-62892\/\" class=\"trk-cta-link\" data-cta-trk='{\"ctaType\":\"Link\",\"ctaSubType\":\"main\"}'>Kevin Kiermaier<\/a> s&rsquo;est ouvert le coude droit, n&eacute;cessitant 8 points de sutures.<\/p><h4 style=\"text-align: justify\">Nathan Eovaldi<\/h4><p><img loading=\"lazy\" decoding=\"async\" class=\"alignnone wp-image-792254 size-full\" src=\"https:\/\/theplayoffs.news\/fr\/wp-content\/uploads\/2023\/08\/Nathan-eovaldi.jpg\" alt=\"mlb 2023\" width=\"680\" height=\"466\" srcset=\"https:\/\/theplayoffs.news\/fr\/wp-content\/uploads\/2023\/08\/Nathan-eovaldi.jpg 680w, https:\/\/theplayoffs.news\/fr\/wp-content\/uploads\/2023\/08\/Nathan-eovaldi-300x206.jpg 300w\" sizes=\"auto, (max-width: 680px) 100vw, 680px\" \/><\/p><p style=\"text-align: justify\">Les Texas Rangers vivent une saison de r&ecirc;ve avec une surprenante premi&egrave;re place dans l&rsquo;American League West. Toutefois la franchise texane doit composer avec une rotation pas &eacute;pargn&eacute; par les blessures.<\/p><p style=\"text-align: justify\">&nbsp;Apr&egrave;s avoir perdu <a href=\"https:\/\/theplayoffs.news\/fr\/joueur\/jacob-degrom-mlb-65592\/\" class=\"trk-cta-link\" data-cta-trk='{\"ctaType\":\"Link\",\"ctaSubType\":\"main\"}'>Jacob deGrom,<\/a> c&rsquo;&eacute;tait au tour de <a href=\"https:\/\/theplayoffs.news\/fr\/joueur\/nathan-eovaldi-mlb-62348\/\" class=\"trk-cta-link\" data-cta-trk='{\"ctaType\":\"Link\",\"ctaSubType\":\"main\"}'>Nathan Eovaldi<\/a> de rejoindre l&rsquo;infirmerie en raison d&rsquo;une blessure &agrave; l&rsquo;avant-bras droit. Aucune blessure grave n&rsquo;est &agrave; d&eacute;plorer.<\/p><p style=\"text-align: justify\">Cependant, Bruce Bochy avait convenu avant la saison qu&rsquo;en cas de blessure, le staff ne prendrait pas de d&eacute;cision trop h&acirc;tive, laissant un peu plus de repos aux joueurs.<\/p><blockquote>\n<p style=\"text-align: justify\">&laquo;&nbsp;On en a parl&eacute; avant la saison. A un moment donn&eacute; nous aimerions leur donner un peu plus de temps de repos.&nbsp;&raquo; Bruce Bochy.<\/p>\n<\/blockquote><p style=\"text-align: justify\">Les Texas Rangers ont r&eacute;ussi un gros coup en faisant venir <a href=\"https:\/\/theplayoffs.news\/fr\/joueur\/max-scherzer-mlb-57952\/\" class=\"trk-cta-link\" data-cta-trk='{\"ctaType\":\"Link\",\"ctaSubType\":\"main\"}'>Max Scherzer<\/a> &agrave; la trade deadline afin de renforcer leur rotation.<\/p><blockquote class=\"twitter-tweet\" data-width=\"500\" data-dnt=\"true\">\n<p lang=\"en\" dir=\"ltr\">Nathan Eovaldi has a 0.68 ERA and 0.68 WHIP over his last 7 starts. <a href=\"https:\/\/t.co\/C0aLVKBl34\" class=\"trk-cta-link\" data-cta-trk='{\"ctaType\":\"Link\",\"ctaSubType\":\"main\"}'>pic.twitter.com\/C0aLVKBl34<\/a><\/p>\n<p>&mdash; MLB (@MLB) <a href=\"https:\/\/twitter.com\/MLB\/status\/1665483266718048266?ref_src=twsrc%5Etfw\" class=\"trk-cta-link\" data-cta-trk='{\"ctaType\":\"Link\",\"ctaSubType\":\"main\"}'>June 4, 2023<\/a><\/p><\/blockquote><p><script async src=\"https:\/\/platform.twitter.com\/widgets.js\" charset=\"utf-8\"><\/script><\/p><p style=\"text-align: justify\">Les enjeux en cette fin de saison MLB 2023 sont tr&egrave;s denses et chaque &eacute;quipe devra compter sur ses joueurs importants.<\/p>\n","protected":false},"excerpt":{"rendered":"","protected":false},"author":180309823,"featured_media":792243,"comment_status":"open","ping_status":"closed","sticky":false,"template":"","format":"standard","meta":{"inline_featured_image":false,"kia_subtitle":"","_mux_skip_reasons":[],"proofreadBy":0,"footnotes":""},"categories":[188,9],"tags":[4756,4769,451,458,1272,459,1321,703,5890,4229,717,6340,4581,876,461,883],"sport":[2786],"saison":[3453],"class_list":["post-792141","post","type-post","status-publish","format-standard","has-post-thumbnail","hentry","category-actualite-mlb","category-mlb","tag-bo-bichette","tag-c-j-cron","tag-chicago-cubs","tag-houston-astros","tag-jose-abreu","tag-los-angeles-angels","tag-marcus-stroman","tag-mike-trout","tag-nathan-eovaldi","tag-nestor-cortes","tag-new-york-yankees","tag-phil-maton","tag-shane-mcclanahan","tag-tampa-bay-rays","tag-texas-rangers","tag-toronto-blue-jays","sport-mlb","saison-3453"],"acf":[],"yoast_head":"<!-- This site is optimized with the Yoast SEO plugin v24.2 - https:\/\/yoast.com\/wordpress\/plugins\/seo\/ -->\n<title>MLB 2023&nbsp;: Petit point sur les bless&eacute;s&nbsp;! - The Playoffs FR<\/title>\n<meta name=\"robots\" content=\"index, follow, max-snippet:-1, max-image-preview:large, max-video-preview:-1\" \/>\n<link rel=\"canonical\" href=\"https:\/\/theplayoffs.news\/fr\/actualite-mlb\/mlb-2023-petit-point-sur-les-blesses\/\" \/>\n<meta property=\"og:locale\" content=\"fr_FR\" \/>\n<meta property=\"og:type\" content=\"article\" \/>\n<meta property=\"og:title\" content=\"MLB 2023&nbsp;: Petit point sur les bless&eacute;s&nbsp;! - The Playoffs FR\" \/>\n<meta property=\"og:url\" content=\"https:\/\/theplayoffs.news\/fr\/actualite-mlb\/mlb-2023-petit-point-sur-les-blesses\/\" \/>\n<meta property=\"og:site_name\" content=\"The Playoffs FR\" \/>\n<meta property=\"article:publisher\" content=\"https:\/\/www.facebook.com\/TheFreeAgentFR\/\" \/>\n<meta property=\"article:modified_time\" content=\"2023-08-13T18:01:54+02:00\" \/>\n<meta property=\"og:image\" content=\"https:\/\/theplayoffs.news\/fr\/wp-content\/uploads\/2023\/08\/Nestor-Cortes.jpg\" \/>\n\t<meta property=\"og:image:width\" content=\"680\" \/>\n\t<meta property=\"og:image:height\" content=\"453\" \/>\n\t<meta property=\"og:image:type\" content=\"image\/jpeg\" \/>\n<meta name=\"author\" content=\"Nicolas Blanchard\" \/>\n<meta name=\"twitter:card\" content=\"summary_large_image\" \/>\n<meta name=\"twitter:creator\" content=\"@TheFreeAgentFR\" \/>\n<meta name=\"twitter:site\" content=\"@TheFreeAgentFR\" \/>\n<meta name=\"twitter:label1\" content=\"\u00c9crit par\" \/>\n\t<meta name=\"twitter:data1\" content=\"Nicolas Blanchard\" \/>\n\t<meta name=\"twitter:label2\" content=\"Dur\u00e9e de lecture estim\u00e9e\" \/>\n\t<meta name=\"twitter:data2\" content=\"8 minutes\" \/>\n<script type=\"application\/ld+json\" class=\"yoast-schema-graph\">{\"@context\":\"https:\/\/schema.org\",\"@graph\":[{\"@type\":\"WebPage\",\"@id\":\"https:\/\/theplayoffs.news\/fr\/actualite-mlb\/mlb-2023-petit-point-sur-les-blesses\/\",\"url\":\"https:\/\/theplayoffs.news\/fr\/actualite-mlb\/mlb-2023-petit-point-sur-les-blesses\/\",\"name\":\"MLB 2023\u00a0: Petit point sur les bless\u00e9s\u00a0! - The Playoffs FR\",\"isPartOf\":{\"@id\":\"https:\/\/theplayoffs.news\/fr\/#website\"},\"primaryImageOfPage\":{\"@id\":\"https:\/\/theplayoffs.news\/fr\/actualite-mlb\/mlb-2023-petit-point-sur-les-blesses\/#primaryimage\"},\"image\":{\"@id\":\"https:\/\/theplayoffs.news\/fr\/actualite-mlb\/mlb-2023-petit-point-sur-les-blesses\/#primaryimage\"},\"thumbnailUrl\":\"https:\/\/theplayoffs.news\/fr\/wp-content\/uploads\/2023\/08\/Nestor-Cortes.jpg\",\"datePublished\":\"2023-08-13T16:01:53+00:00\",\"dateModified\":\"2023-08-13T16:01:54+00:00\",\"author\":{\"@id\":\"https:\/\/theplayoffs.news\/fr\/#\/schema\/person\/940879031feb6d5e27cf3c6b69917900\"},\"breadcrumb\":{\"@id\":\"https:\/\/theplayoffs.news\/fr\/actualite-mlb\/mlb-2023-petit-point-sur-les-blesses\/#breadcrumb\"},\"inLanguage\":\"fr-FR\",\"potentialAction\":[{\"@type\":\"ReadAction\",\"target\":[\"https:\/\/theplayoffs.news\/fr\/actualite-mlb\/mlb-2023-petit-point-sur-les-blesses\/\"]}]},{\"@type\":\"ImageObject\",\"inLanguage\":\"fr-FR\",\"@id\":\"https:\/\/theplayoffs.news\/fr\/actualite-mlb\/mlb-2023-petit-point-sur-les-blesses\/#primaryimage\",\"url\":\"https:\/\/theplayoffs.news\/fr\/wp-content\/uploads\/2023\/08\/Nestor-Cortes.jpg\",\"contentUrl\":\"https:\/\/theplayoffs.news\/fr\/wp-content\/uploads\/2023\/08\/Nestor-Cortes.jpg\",\"width\":680,\"height\":453},{\"@type\":\"BreadcrumbList\",\"@id\":\"https:\/\/theplayoffs.news\/fr\/actualite-mlb\/mlb-2023-petit-point-sur-les-blesses\/#breadcrumb\",\"itemListElement\":[{\"@type\":\"ListItem\",\"position\":1,\"name\":\"Accueil\",\"item\":\"https:\/\/theplayoffs.news\/fr\/\"},{\"@type\":\"ListItem\",\"position\":2,\"name\":\"MLB 2023\u00a0: Petit point sur les bless\u00e9s\u00a0!\"}]},{\"@type\":\"WebSite\",\"@id\":\"https:\/\/theplayoffs.news\/fr\/#website\",\"url\":\"https:\/\/theplayoffs.news\/fr\/\",\"name\":\"The Playoffs FR\",\"description\":\"NBA-NFL-NHL-MLB\",\"potentialAction\":[{\"@type\":\"SearchAction\",\"target\":{\"@type\":\"EntryPoint\",\"urlTemplate\":\"https:\/\/theplayoffs.news\/fr\/?s={search_term_string}\"},\"query-input\":{\"@type\":\"PropertyValueSpecification\",\"valueRequired\":true,\"valueName\":\"search_term_string\"}}],\"inLanguage\":\"fr-FR\"},{\"@type\":\"Person\",\"@id\":\"https:\/\/theplayoffs.news\/fr\/#\/schema\/person\/940879031feb6d5e27cf3c6b69917900\",\"name\":\"Nicolas Blanchard\",\"image\":{\"@type\":\"ImageObject\",\"inLanguage\":\"fr-FR\",\"@id\":\"https:\/\/theplayoffs.news\/fr\/#\/schema\/person\/image\/\",\"url\":\"https:\/\/secure.gravatar.com\/avatar\/98953498460526f9290cb098aaa573c5e0a48837b1ca5807dd22cace83810899?s=96&d=mm&r=g\",\"contentUrl\":\"https:\/\/secure.gravatar.com\/avatar\/98953498460526f9290cb098aaa573c5e0a48837b1ca5807dd22cace83810899?s=96&d=mm&r=g\",\"caption\":\"Nicolas Blanchard\"},\"description\":\"Fan de MLB depuis une dizaine d\u2019ann\u00e9es, je suis tomb\u00e9 amoureux des Chicago Cubs lorsque j\u2019ai vu Bill Murray c\u00e9l\u00e9brer ce premier sacre depuis 108 ans. Mon premier contact avec le Sport US s\u2019est fait lorsque je suis tomb\u00e9 sur une VHS d\u2019Allen Iverson et se fut la r\u00e9v\u00e9lation. Je suis devenu r\u00e9dacteur depuis maintenant 4 ans et cela m\u2019apporte une nouvelle vision du Sport US \u00e0 la fois analytique et bien plus globale (et oui il faut couvrir toutes les \u00e9quipes m\u00eame les chaussettes rouges de Boston).\",\"url\":\"https:\/\/theplayoffs.news\/fr\/author\/nico4017\/\"}]}<\/script>\n<!-- \/ Yoast SEO plugin. -->","yoast_head_json":{"title":"MLB 2023&nbsp;: Petit point sur les bless&eacute;s&nbsp;! - The Playoffs FR","robots":{"index":"index","follow":"follow","max-snippet":"max-snippet:-1","max-image-preview":"max-image-preview:large","max-video-preview":"max-video-preview:-1"},"canonical":"https:\/\/theplayoffs.news\/fr\/actualite-mlb\/mlb-2023-petit-point-sur-les-blesses\/","og_locale":"fr_FR","og_type":"article","og_title":"MLB 2023&nbsp;: Petit point sur les bless&eacute;s&nbsp;! - The Playoffs FR","og_url":"https:\/\/theplayoffs.news\/fr\/actualite-mlb\/mlb-2023-petit-point-sur-les-blesses\/","og_site_name":"The Playoffs FR","article_publisher":"https:\/\/www.facebook.com\/TheFreeAgentFR\/","article_modified_time":"2023-08-13T16:01:54+00:00","og_image":[{"width":680,"height":453,"url":"https:\/\/theplayoffs.news\/fr\/wp-content\/uploads\/2023\/08\/Nestor-Cortes.jpg","type":"image\/jpeg"}],"author":"Nicolas Blanchard","twitter_card":"summary_large_image","twitter_creator":"@TheFreeAgentFR","twitter_site":"@TheFreeAgentFR","twitter_misc":{"\u00c9crit par":"Nicolas Blanchard","Dur\u00e9e de lecture estim\u00e9e":"8 minutes"},"schema":{"@context":"https:\/\/schema.org","@graph":[{"@type":"WebPage","@id":"https:\/\/theplayoffs.news\/fr\/actualite-mlb\/mlb-2023-petit-point-sur-les-blesses\/","url":"https:\/\/theplayoffs.news\/fr\/actualite-mlb\/mlb-2023-petit-point-sur-les-blesses\/","name":"MLB 2023\u00a0: Petit point sur les bless\u00e9s\u00a0! - The Playoffs FR","isPartOf":{"@id":"https:\/\/theplayoffs.news\/fr\/#website"},"primaryImageOfPage":{"@id":"https:\/\/theplayoffs.news\/fr\/actualite-mlb\/mlb-2023-petit-point-sur-les-blesses\/#primaryimage"},"image":{"@id":"https:\/\/theplayoffs.news\/fr\/actualite-mlb\/mlb-2023-petit-point-sur-les-blesses\/#primaryimage"},"thumbnailUrl":"https:\/\/theplayoffs.news\/fr\/wp-content\/uploads\/2023\/08\/Nestor-Cortes.jpg","datePublished":"2023-08-13T16:01:53+00:00","dateModified":"2023-08-13T16:01:54+00:00","author":{"@id":"https:\/\/theplayoffs.news\/fr\/#\/schema\/person\/940879031feb6d5e27cf3c6b69917900"},"breadcrumb":{"@id":"https:\/\/theplayoffs.news\/fr\/actualite-mlb\/mlb-2023-petit-point-sur-les-blesses\/#breadcrumb"},"inLanguage":"fr-FR","potentialAction":[{"@type":"ReadAction","target":["https:\/\/theplayoffs.news\/fr\/actualite-mlb\/mlb-2023-petit-point-sur-les-blesses\/"]}]},{"@type":"ImageObject","inLanguage":"fr-FR","@id":"https:\/\/theplayoffs.news\/fr\/actualite-mlb\/mlb-2023-petit-point-sur-les-blesses\/#primaryimage","url":"https:\/\/theplayoffs.news\/fr\/wp-content\/uploads\/2023\/08\/Nestor-Cortes.jpg","contentUrl":"https:\/\/theplayoffs.news\/fr\/wp-content\/uploads\/2023\/08\/Nestor-Cortes.jpg","width":680,"height":453},{"@type":"BreadcrumbList","@id":"https:\/\/theplayoffs.news\/fr\/actualite-mlb\/mlb-2023-petit-point-sur-les-blesses\/#breadcrumb","itemListElement":[{"@type":"ListItem","position":1,"name":"Accueil","item":"https:\/\/theplayoffs.news\/fr\/"},{"@type":"ListItem","position":2,"name":"MLB 2023\u00a0: Petit point sur les bless\u00e9s\u00a0!"}]},{"@type":"WebSite","@id":"https:\/\/theplayoffs.news\/fr\/#website","url":"https:\/\/theplayoffs.news\/fr\/","name":"The Playoffs FR","description":"NBA-NFL-NHL-MLB","potentialAction":[{"@type":"SearchAction","target":{"@type":"EntryPoint","urlTemplate":"https:\/\/theplayoffs.news\/fr\/?s={search_term_string}"},"query-input":{"@type":"PropertyValueSpecification","valueRequired":true,"valueName":"search_term_string"}}],"inLanguage":"fr-FR"},{"@type":"Person","@id":"https:\/\/theplayoffs.news\/fr\/#\/schema\/person\/940879031feb6d5e27cf3c6b69917900","name":"Nicolas Blanchard","image":{"@type":"ImageObject","inLanguage":"fr-FR","@id":"https:\/\/theplayoffs.news\/fr\/#\/schema\/person\/image\/","url":"https:\/\/secure.gravatar.com\/avatar\/98953498460526f9290cb098aaa573c5e0a48837b1ca5807dd22cace83810899?s=96&d=mm&r=g","contentUrl":"https:\/\/secure.gravatar.com\/avatar\/98953498460526f9290cb098aaa573c5e0a48837b1ca5807dd22cace83810899?s=96&d=mm&r=g","caption":"Nicolas Blanchard"},"description":"Fan de MLB depuis une dizaine d\u2019ann\u00e9es, je suis tomb\u00e9 amoureux des Chicago Cubs lorsque j\u2019ai vu Bill Murray c\u00e9l\u00e9brer ce premier sacre depuis 108 ans. Mon premier contact avec le Sport US s\u2019est fait lorsque je suis tomb\u00e9 sur une VHS d\u2019Allen Iverson et se fut la r\u00e9v\u00e9lation. Je suis devenu r\u00e9dacteur depuis maintenant 4 ans et cela m\u2019apporte une nouvelle vision du Sport US \u00e0 la fois analytique et bien plus globale (et oui il faut couvrir toutes les \u00e9quipes m\u00eame les chaussettes rouges de Boston).","url":"https:\/\/theplayoffs.news\/fr\/author\/nico4017\/"}]}},"_links":{"self":[{"href":"https:\/\/theplayoffs.news\/fr\/wp-json\/wp\/v2\/posts\/792141","targetHints":{"allow":["GET"]}}],"collection":[{"href":"https:\/\/theplayoffs.news\/fr\/wp-json\/wp\/v2\/posts"}],"about":[{"href":"https:\/\/theplayoffs.news\/fr\/wp-json\/wp\/v2\/types\/post"}],"author":[{"embeddable":true,"href":"https:\/\/theplayoffs.news\/fr\/wp-json\/wp\/v2\/users\/180309823"}],"replies":[{"embeddable":true,"href":"https:\/\/theplayoffs.news\/fr\/wp-json\/wp\/v2\/comments?post=792141"}],"version-history":[{"count":2,"href":"https:\/\/theplayoffs.news\/fr\/wp-json\/wp\/v2\/posts\/792141\/revisions"}],"predecessor-version":[{"id":792276,"href":"https:\/\/theplayoffs.news\/fr\/wp-json\/wp\/v2\/posts\/792141\/revisions\/792276"}],"wp:featuredmedia":[{"embeddable":true,"href":"https:\/\/theplayoffs.news\/fr\/wp-json\/wp\/v2\/media\/792243"}],"wp:attachment":[{"href":"https:\/\/theplayoffs.news\/fr\/wp-json\/wp\/v2\/media?parent=792141"}],"wp:term":[{"taxonomy":"category","embeddable":true,"href":"https:\/\/theplayoffs.news\/fr\/wp-json\/wp\/v2\/categories?post=792141"},{"taxonomy":"post_tag","embeddable":true,"href":"https:\/\/theplayoffs.news\/fr\/wp-json\/wp\/v2\/tags?post=792141"},{"taxonomy":"sport","embeddable":true,"href":"https:\/\/theplayoffs.news\/fr\/wp-json\/wp\/v2\/sport?post=792141"},{"taxonomy":"saison","embeddable":true,"href":"https:\/\/theplayoffs.news\/fr\/wp-json\/wp\/v2\/saison?post=792141"}],"curies":[{"name":"wp","href":"https:\/\/api.w.org\/{rel}","templated":true}]}}