{"id":782055,"date":"2023-08-10T20:39:11","date_gmt":"2023-08-10T18:39:11","guid":{"rendered":"https:\/\/theplayoffs.news\/fr\/?p=782055"},"modified":"2023-08-10T20:39:12","modified_gmt":"2023-08-10T18:39:12","slug":"adam-otavino-pas-inquiet-competitivite-mets-2024","status":"publish","type":"post","link":"https:\/\/theplayoffs.news\/fr\/actualite-mlb\/adam-otavino-pas-inquiet-competitivite-mets-2024\/","title":{"rendered":"Adam Otavino n&rsquo;est pas inquiet pour la comp\u00e9titivit\u00e9 des Mets en 2024"},"content":{"rendered":"<h2>La r&eacute;cente vente qui a impliqu&eacute; certains des joueurs les plus embl&eacute;matiques des Mets comme David Robertson, Max Scherzer et Justin Verlander, a soulev&eacute; des sourcils.<\/h2><p>Cela semblait &ecirc;tre une d&eacute;cision non conventionnelle, surtout apr&egrave;s l&rsquo;une des saisons les plus difficiles de la franchise. Cela a envoy&eacute; des ondes de choc sur l&rsquo;avenir imm&eacute;diat de l&rsquo;&eacute;quipe et l&rsquo;engagement du propri&eacute;taire Steve Cohen.<\/p><p>Le lanceur de rel&egrave;ve <a href=\"https:\/\/theplayoffs.news\/fr\/joueur\/adam-ottavino-mlb-59410\/\" class=\"trk-cta-link\" data-cta-trk='{\"ctaType\":\"Link\",\"ctaSubType\":\"main\"}'><strong>Adam Ottavino<\/strong><\/a>, cependant, a offert une perspective diff&eacute;rente selon <a href=\"https:\/\/nypost.com\/2023\/08\/09\/adam-ottavinos-steve-cohen-faith-has-him-eager-to-stay-with-mets\/\" class=\"trk-cta-link\" data-cta-trk='{\"ctaType\":\"Link\",\"ctaSubType\":\"main\"}'>Dan Martin du NY Post<\/a>.<\/p><p>Selon Ottavino, les intentions de Cohen pour les Mets sont authentiques. Il a comment&eacute; une r&eacute;cente conversation qu&rsquo;il a eue avec Cohen, le citant comme disant:<\/p><blockquote><p>&laquo;&nbsp;Il ne va pas s&rsquo;asseoir et laisser l&rsquo;&eacute;quipe se noyer.&nbsp;&raquo;<\/p><\/blockquote><p>Le d&eacute;vouement et l&rsquo;amour de Cohen pour l&rsquo;&eacute;quipe, combin&eacute;s &agrave; sa volont&eacute; de la maintenir comp&eacute;titive, sont une lueur d&rsquo;espoir pour de nombreux partisans des Mets.<\/p><p>Pourtant, les rumeurs selon lesquelles les Mets pr&eacute;voient d&rsquo;utiliser 2024 comme une &laquo;&nbsp;ann&eacute;e transitoire&nbsp;&raquo; p&egrave;sent toujours lourd. La direction pivote-t-elle vers un jeu &agrave; long terme, se concentrant sur la construction d&rsquo;un solide syst&egrave;me de ligue mineure tout en assurant la comp&eacute;titivit&eacute; au sommet?<\/p><h3>Un aper&ccedil;u de l&rsquo;avenir des Mets&nbsp;: talent et promesse<\/h3><p>On ne peut nier le bassin de talents que poss&egrave;dent actuellement les Mets. Ottavino, qui aura 38 ans en novembre, reste attach&eacute; &agrave; l&rsquo;&eacute;quipe et a l&rsquo;intention d&rsquo;exercer son option de joueur 2024.<\/p><p>L&rsquo;alignement des Mets met en valeur l&rsquo;&eacute;clat de l&rsquo;arr&ecirc;t-court star Francisco Lindor, du joueur de premier but All-Star Pete Alonso, de l&rsquo;as japonais Kodai Senga et du jeune et dynamique receveur Francisco Alvarez. Le sentiment repris par Ottavino selon lequel &laquo;&nbsp;(le baseball) tourne en un rien de temps&nbsp;&raquo; sonne vrai.<\/p><p>Des rumeurs, telles que rapport&eacute;es par <a href=\"https:\/\/www.usatoday.com\/story\/sports\/mlb\/columnist\/bob-nightengale\/2023\/08\/06\/cardinals-adam-wainwright-chasing-200-wins-in-final-season\/70538172007\/\" class=\"trk-cta-link\" data-cta-trk='{\"ctaType\":\"Link\",\"ctaSubType\":\"main\"}'>Bob Nightengale de USA Today<\/a>, sugg&egrave;rent que les Mets pourraient envisager de rendre Alonso et le All-Star closer Edwin Diaz disponibles pour les &eacute;changes.<\/p><p>Ce mouvement potentiel pose une question importante : qu&rsquo;est-ce que cela signifierait pour des joueurs comme Ottavino, qui sont engag&eacute;s dans l&rsquo;avenir de l&rsquo;&eacute;quipe ?<\/p><p>Les Mets de New York sont sans aucun doute dans une phase de transition. Alors que la route &agrave; parcourir semble incertaine, des joueurs comme Ottavino offrent une perspective unique, renfor&ccedil;ant la confiance dans la gestion de l&rsquo;&eacute;quipe et l&rsquo;orientation future.<\/p>\n","protected":false},"excerpt":{"rendered":"","protected":false},"author":13,"featured_media":341640,"comment_status":"open","ping_status":"closed","sticky":false,"template":"","format":"standard","meta":{"inline_featured_image":false,"kia_subtitle":"","_mux_skip_reasons":[],"proofreadBy":0,"footnotes":""},"categories":[188,9],"tags":[6329,444,1258],"sport":[],"saison":[],"class_list":["post-782055","post","type-post","status-publish","format-standard","has-post-thumbnail","hentry","category-actualite-mlb","category-mlb","tag-adam-otavino","tag-new-york-mets","tag-steve-cohen"],"acf":[],"yoast_head":"<!-- This site is optimized with the Yoast SEO plugin v24.2 - https:\/\/yoast.com\/wordpress\/plugins\/seo\/ -->\n<title>Adam Otavino n&#039;est pas inquiet pour la comp&eacute;titivit&eacute; des Mets en 2024 - The Playoffs FR<\/title>\n<meta name=\"robots\" content=\"index, follow, max-snippet:-1, max-image-preview:large, max-video-preview:-1\" \/>\n<link rel=\"canonical\" href=\"https:\/\/theplayoffs.news\/fr\/actualite-mlb\/adam-otavino-pas-inquiet-competitivite-mets-2024\/\" \/>\n<meta property=\"og:locale\" content=\"fr_FR\" \/>\n<meta property=\"og:type\" content=\"article\" \/>\n<meta property=\"og:title\" content=\"Adam Otavino n&#039;est pas inquiet pour la comp&eacute;titivit&eacute; des Mets en 2024 - The Playoffs FR\" \/>\n<meta property=\"og:url\" content=\"https:\/\/theplayoffs.news\/fr\/actualite-mlb\/adam-otavino-pas-inquiet-competitivite-mets-2024\/\" \/>\n<meta property=\"og:site_name\" content=\"The Playoffs FR\" \/>\n<meta property=\"article:publisher\" content=\"https:\/\/www.facebook.com\/TheFreeAgentFR\/\" \/>\n<meta property=\"article:modified_time\" content=\"2023-08-10T20:39:12+02:00\" \/>\n<meta property=\"og:image\" content=\"https:\/\/theplayoffs.news\/fr\/wp-content\/uploads\/2022\/06\/hi-res-5cf00a291bdf584ca4ba68035580d386_crop_north.jpeg\" \/>\n\t<meta property=\"og:image:width\" content=\"1920\" \/>\n\t<meta property=\"og:image:height\" content=\"1280\" \/>\n\t<meta property=\"og:image:type\" content=\"image\/jpeg\" \/>\n<meta name=\"author\" content=\"Charles Taudin\" \/>\n<meta name=\"twitter:card\" content=\"summary_large_image\" \/>\n<meta name=\"twitter:creator\" content=\"@TheFreeAgentFR\" \/>\n<meta name=\"twitter:site\" content=\"@TheFreeAgentFR\" \/>\n<meta name=\"twitter:label1\" content=\"\u00c9crit par\" \/>\n\t<meta name=\"twitter:data1\" content=\"Charles Taudin\" \/>\n\t<meta name=\"twitter:label2\" content=\"Dur\u00e9e de lecture estim\u00e9e\" \/>\n\t<meta name=\"twitter:data2\" content=\"2 minutes\" \/>\n<script type=\"application\/ld+json\" class=\"yoast-schema-graph\">{\"@context\":\"https:\/\/schema.org\",\"@graph\":[{\"@type\":\"WebPage\",\"@id\":\"https:\/\/theplayoffs.news\/fr\/actualite-mlb\/adam-otavino-pas-inquiet-competitivite-mets-2024\/\",\"url\":\"https:\/\/theplayoffs.news\/fr\/actualite-mlb\/adam-otavino-pas-inquiet-competitivite-mets-2024\/\",\"name\":\"Adam Otavino n\\\\'est pas inquiet pour la comp\u00e9titivit\u00e9 des Mets en 2024 - The Playoffs FR\",\"isPartOf\":{\"@id\":\"https:\/\/theplayoffs.news\/fr\/#website\"},\"primaryImageOfPage\":{\"@id\":\"https:\/\/theplayoffs.news\/fr\/actualite-mlb\/adam-otavino-pas-inquiet-competitivite-mets-2024\/#primaryimage\"},\"image\":{\"@id\":\"https:\/\/theplayoffs.news\/fr\/actualite-mlb\/adam-otavino-pas-inquiet-competitivite-mets-2024\/#primaryimage\"},\"thumbnailUrl\":\"https:\/\/theplayoffs.news\/fr\/wp-content\/uploads\/2022\/06\/hi-res-5cf00a291bdf584ca4ba68035580d386_crop_north.jpeg\",\"datePublished\":\"2023-08-10T18:39:11+00:00\",\"dateModified\":\"2023-08-10T18:39:12+00:00\",\"author\":{\"@id\":\"https:\/\/theplayoffs.news\/fr\/#\/schema\/person\/eee5b69ad5d3c51cabe881c839dbe133\"},\"breadcrumb\":{\"@id\":\"https:\/\/theplayoffs.news\/fr\/actualite-mlb\/adam-otavino-pas-inquiet-competitivite-mets-2024\/#breadcrumb\"},\"inLanguage\":\"fr-FR\",\"potentialAction\":[{\"@type\":\"ReadAction\",\"target\":[\"https:\/\/theplayoffs.news\/fr\/actualite-mlb\/adam-otavino-pas-inquiet-competitivite-mets-2024\/\"]}]},{\"@type\":\"ImageObject\",\"inLanguage\":\"fr-FR\",\"@id\":\"https:\/\/theplayoffs.news\/fr\/actualite-mlb\/adam-otavino-pas-inquiet-competitivite-mets-2024\/#primaryimage\",\"url\":\"https:\/\/theplayoffs.news\/fr\/wp-content\/uploads\/2022\/06\/hi-res-5cf00a291bdf584ca4ba68035580d386_crop_north.jpeg\",\"contentUrl\":\"https:\/\/theplayoffs.news\/fr\/wp-content\/uploads\/2022\/06\/hi-res-5cf00a291bdf584ca4ba68035580d386_crop_north.jpeg\",\"width\":1920,\"height\":1280,\"caption\":\"Steve Cohen\"},{\"@type\":\"BreadcrumbList\",\"@id\":\"https:\/\/theplayoffs.news\/fr\/actualite-mlb\/adam-otavino-pas-inquiet-competitivite-mets-2024\/#breadcrumb\",\"itemListElement\":[{\"@type\":\"ListItem\",\"position\":1,\"name\":\"Accueil\",\"item\":\"https:\/\/theplayoffs.news\/fr\/\"},{\"@type\":\"ListItem\",\"position\":2,\"name\":\"Adam Otavino n&rsquo;est pas inquiet pour la comp\u00e9titivit\u00e9 des Mets en 2024\"}]},{\"@type\":\"WebSite\",\"@id\":\"https:\/\/theplayoffs.news\/fr\/#website\",\"url\":\"https:\/\/theplayoffs.news\/fr\/\",\"name\":\"The Playoffs FR\",\"description\":\"NBA-NFL-NHL-MLB\",\"potentialAction\":[{\"@type\":\"SearchAction\",\"target\":{\"@type\":\"EntryPoint\",\"urlTemplate\":\"https:\/\/theplayoffs.news\/fr\/?s={search_term_string}\"},\"query-input\":{\"@type\":\"PropertyValueSpecification\",\"valueRequired\":true,\"valueName\":\"search_term_string\"}}],\"inLanguage\":\"fr-FR\"},{\"@type\":\"Person\",\"@id\":\"https:\/\/theplayoffs.news\/fr\/#\/schema\/person\/eee5b69ad5d3c51cabe881c839dbe133\",\"name\":\"Charles Taudin\",\"image\":{\"@type\":\"ImageObject\",\"inLanguage\":\"fr-FR\",\"@id\":\"https:\/\/theplayoffs.news\/fr\/#\/schema\/person\/image\/\",\"url\":\"https:\/\/secure.gravatar.com\/avatar\/59a1e772205ce9fd255edfcafc93013736822e20261f294c5753b20c41ede9f2?s=96&d=mm&r=g\",\"contentUrl\":\"https:\/\/secure.gravatar.com\/avatar\/59a1e772205ce9fd255edfcafc93013736822e20261f294c5753b20c41ede9f2?s=96&d=mm&r=g\",\"caption\":\"Charles Taudin\"},\"description\":\"R\u00e9dacteur en chef global de The Playoffs, j\u2019ai cr\u00e9\u00e9 The Free Agent, devenu The Playoffs FR, en 2020 durant la pand\u00e9mie. Amoureux depuis des ann\u00e9es des 4 sports majeurs am\u00e9ricains, j\u2019organise maintenant la strat\u00e9gie \u00e9ditoriale et les r\u00e9seaux sociaux de l\u2019ensemble des versions de The Playoffs. Il m\u2019arrive encore d\u2019\u00e9crire sur certains sports que j\u2019affectionne particuli\u00e8rement comme la NFL ou la MLB. Si vous devez retenir qu\u2019une chose : Eli Manning est le vrai GOAT pour avoir battu deux fois Tom Brady.\",\"sameAs\":[\"https:\/\/www.instagram.com\/ctaudin_\/\"],\"url\":\"https:\/\/theplayoffs.news\/fr\/author\/charles-taudin\/\"}]}<\/script>\n<!-- \/ Yoast SEO plugin. -->","yoast_head_json":{"title":"Adam Otavino n&#039;est pas inquiet pour la comp&eacute;titivit&eacute; des Mets en 2024 - The Playoffs FR","robots":{"index":"index","follow":"follow","max-snippet":"max-snippet:-1","max-image-preview":"max-image-preview:large","max-video-preview":"max-video-preview:-1"},"canonical":"https:\/\/theplayoffs.news\/fr\/actualite-mlb\/adam-otavino-pas-inquiet-competitivite-mets-2024\/","og_locale":"fr_FR","og_type":"article","og_title":"Adam Otavino n&#039;est pas inquiet pour la comp&eacute;titivit&eacute; des Mets en 2024 - The Playoffs FR","og_url":"https:\/\/theplayoffs.news\/fr\/actualite-mlb\/adam-otavino-pas-inquiet-competitivite-mets-2024\/","og_site_name":"The Playoffs FR","article_publisher":"https:\/\/www.facebook.com\/TheFreeAgentFR\/","article_modified_time":"2023-08-10T18:39:12+00:00","og_image":[{"width":1920,"height":1280,"url":"https:\/\/theplayoffs.news\/fr\/wp-content\/uploads\/2022\/06\/hi-res-5cf00a291bdf584ca4ba68035580d386_crop_north.jpeg","type":"image\/jpeg"}],"author":"Charles Taudin","twitter_card":"summary_large_image","twitter_creator":"@TheFreeAgentFR","twitter_site":"@TheFreeAgentFR","twitter_misc":{"\u00c9crit par":"Charles Taudin","Dur\u00e9e de lecture estim\u00e9e":"2 minutes"},"schema":{"@context":"https:\/\/schema.org","@graph":[{"@type":"WebPage","@id":"https:\/\/theplayoffs.news\/fr\/actualite-mlb\/adam-otavino-pas-inquiet-competitivite-mets-2024\/","url":"https:\/\/theplayoffs.news\/fr\/actualite-mlb\/adam-otavino-pas-inquiet-competitivite-mets-2024\/","name":"Adam Otavino n\\'est pas inquiet pour la comp\u00e9titivit\u00e9 des Mets en 2024 - The Playoffs FR","isPartOf":{"@id":"https:\/\/theplayoffs.news\/fr\/#website"},"primaryImageOfPage":{"@id":"https:\/\/theplayoffs.news\/fr\/actualite-mlb\/adam-otavino-pas-inquiet-competitivite-mets-2024\/#primaryimage"},"image":{"@id":"https:\/\/theplayoffs.news\/fr\/actualite-mlb\/adam-otavino-pas-inquiet-competitivite-mets-2024\/#primaryimage"},"thumbnailUrl":"https:\/\/theplayoffs.news\/fr\/wp-content\/uploads\/2022\/06\/hi-res-5cf00a291bdf584ca4ba68035580d386_crop_north.jpeg","datePublished":"2023-08-10T18:39:11+00:00","dateModified":"2023-08-10T18:39:12+00:00","author":{"@id":"https:\/\/theplayoffs.news\/fr\/#\/schema\/person\/eee5b69ad5d3c51cabe881c839dbe133"},"breadcrumb":{"@id":"https:\/\/theplayoffs.news\/fr\/actualite-mlb\/adam-otavino-pas-inquiet-competitivite-mets-2024\/#breadcrumb"},"inLanguage":"fr-FR","potentialAction":[{"@type":"ReadAction","target":["https:\/\/theplayoffs.news\/fr\/actualite-mlb\/adam-otavino-pas-inquiet-competitivite-mets-2024\/"]}]},{"@type":"ImageObject","inLanguage":"fr-FR","@id":"https:\/\/theplayoffs.news\/fr\/actualite-mlb\/adam-otavino-pas-inquiet-competitivite-mets-2024\/#primaryimage","url":"https:\/\/theplayoffs.news\/fr\/wp-content\/uploads\/2022\/06\/hi-res-5cf00a291bdf584ca4ba68035580d386_crop_north.jpeg","contentUrl":"https:\/\/theplayoffs.news\/fr\/wp-content\/uploads\/2022\/06\/hi-res-5cf00a291bdf584ca4ba68035580d386_crop_north.jpeg","width":1920,"height":1280,"caption":"Steve Cohen"},{"@type":"BreadcrumbList","@id":"https:\/\/theplayoffs.news\/fr\/actualite-mlb\/adam-otavino-pas-inquiet-competitivite-mets-2024\/#breadcrumb","itemListElement":[{"@type":"ListItem","position":1,"name":"Accueil","item":"https:\/\/theplayoffs.news\/fr\/"},{"@type":"ListItem","position":2,"name":"Adam Otavino n&rsquo;est pas inquiet pour la comp\u00e9titivit\u00e9 des Mets en 2024"}]},{"@type":"WebSite","@id":"https:\/\/theplayoffs.news\/fr\/#website","url":"https:\/\/theplayoffs.news\/fr\/","name":"The Playoffs FR","description":"NBA-NFL-NHL-MLB","potentialAction":[{"@type":"SearchAction","target":{"@type":"EntryPoint","urlTemplate":"https:\/\/theplayoffs.news\/fr\/?s={search_term_string}"},"query-input":{"@type":"PropertyValueSpecification","valueRequired":true,"valueName":"search_term_string"}}],"inLanguage":"fr-FR"},{"@type":"Person","@id":"https:\/\/theplayoffs.news\/fr\/#\/schema\/person\/eee5b69ad5d3c51cabe881c839dbe133","name":"Charles Taudin","image":{"@type":"ImageObject","inLanguage":"fr-FR","@id":"https:\/\/theplayoffs.news\/fr\/#\/schema\/person\/image\/","url":"https:\/\/secure.gravatar.com\/avatar\/59a1e772205ce9fd255edfcafc93013736822e20261f294c5753b20c41ede9f2?s=96&d=mm&r=g","contentUrl":"https:\/\/secure.gravatar.com\/avatar\/59a1e772205ce9fd255edfcafc93013736822e20261f294c5753b20c41ede9f2?s=96&d=mm&r=g","caption":"Charles Taudin"},"description":"R\u00e9dacteur en chef global de The Playoffs, j\u2019ai cr\u00e9\u00e9 The Free Agent, devenu The Playoffs FR, en 2020 durant la pand\u00e9mie. Amoureux depuis des ann\u00e9es des 4 sports majeurs am\u00e9ricains, j\u2019organise maintenant la strat\u00e9gie \u00e9ditoriale et les r\u00e9seaux sociaux de l\u2019ensemble des versions de The Playoffs. Il m\u2019arrive encore d\u2019\u00e9crire sur certains sports que j\u2019affectionne particuli\u00e8rement comme la NFL ou la MLB. Si vous devez retenir qu\u2019une chose : Eli Manning est le vrai GOAT pour avoir battu deux fois Tom Brady.","sameAs":["https:\/\/www.instagram.com\/ctaudin_\/"],"url":"https:\/\/theplayoffs.news\/fr\/author\/charles-taudin\/"}]}},"_links":{"self":[{"href":"https:\/\/theplayoffs.news\/fr\/wp-json\/wp\/v2\/posts\/782055","targetHints":{"allow":["GET"]}}],"collection":[{"href":"https:\/\/theplayoffs.news\/fr\/wp-json\/wp\/v2\/posts"}],"about":[{"href":"https:\/\/theplayoffs.news\/fr\/wp-json\/wp\/v2\/types\/post"}],"author":[{"embeddable":true,"href":"https:\/\/theplayoffs.news\/fr\/wp-json\/wp\/v2\/users\/13"}],"replies":[{"embeddable":true,"href":"https:\/\/theplayoffs.news\/fr\/wp-json\/wp\/v2\/comments?post=782055"}],"version-history":[{"count":2,"href":"https:\/\/theplayoffs.news\/fr\/wp-json\/wp\/v2\/posts\/782055\/revisions"}],"predecessor-version":[{"id":782061,"href":"https:\/\/theplayoffs.news\/fr\/wp-json\/wp\/v2\/posts\/782055\/revisions\/782061"}],"wp:featuredmedia":[{"embeddable":true,"href":"https:\/\/theplayoffs.news\/fr\/wp-json\/wp\/v2\/media\/341640"}],"wp:attachment":[{"href":"https:\/\/theplayoffs.news\/fr\/wp-json\/wp\/v2\/media?parent=782055"}],"wp:term":[{"taxonomy":"category","embeddable":true,"href":"https:\/\/theplayoffs.news\/fr\/wp-json\/wp\/v2\/categories?post=782055"},{"taxonomy":"post_tag","embeddable":true,"href":"https:\/\/theplayoffs.news\/fr\/wp-json\/wp\/v2\/tags?post=782055"},{"taxonomy":"sport","embeddable":true,"href":"https:\/\/theplayoffs.news\/fr\/wp-json\/wp\/v2\/sport?post=782055"},{"taxonomy":"saison","embeddable":true,"href":"https:\/\/theplayoffs.news\/fr\/wp-json\/wp\/v2\/saison?post=782055"}],"curies":[{"name":"wp","href":"https:\/\/api.w.org\/{rel}","templated":true}]}}