{"id":778798,"date":"2023-08-09T20:03:57","date_gmt":"2023-08-09T18:03:57","guid":{"rendered":"https:\/\/theplayoffs.news\/fr\/?p=778798"},"modified":"2023-08-09T20:04:05","modified_gmt":"2023-08-09T18:04:05","slug":"mark-wilf-focalise-saison-2023-pas-contrat-kirk-cousins","status":"publish","type":"post","link":"https:\/\/theplayoffs.news\/fr\/actualite-nfl\/mark-wilf-focalise-saison-2023-pas-contrat-kirk-cousins\/","title":{"rendered":"Mark Wilf, propri\u00e9taire des Vikings, est focalis\u00e9 sur la saison 2023, pas sur le contrat de Kirk Cousins"},"content":{"rendered":"<h2>&Agrave; Minnesota, la saison 2023 sera peut-&ecirc;tre la derni&egrave;re de Kirk Cousins. Ou pas.<\/h2><p>Lorsque le propri&eacute;taire des Vikings du Minnesota, Mark Wilf, a &eacute;t&eacute; interrog&eacute; sur la poursuite du r&ocirc;le de <a href=\"https:\/\/theplayoffs.news\/fr\/joueur\/kirk-cousins-nfl-29760\/\" class=\"trk-cta-link\" data-cta-trk='{\"ctaType\":\"Link\",\"ctaSubType\":\"main\"}'><strong>Kirk Cousins<\/strong><\/a> &#8203;&#8203;dans l&rsquo;&eacute;quipe, il a opt&eacute; pour un silence strat&eacute;gique. Wilf a soulign&eacute; les d&eacute;cisions incombant au directeur g&eacute;n&eacute;ral Kwesi Adofo-Mensah et au personnel d&rsquo;entra&icirc;neurs.<\/p><p>Bien qu&rsquo;il &eacute;vite les r&eacute;ponses directes, l&rsquo;accent mis par Wilf sur la saison actuelle et la concentration de l&rsquo;&eacute;quipe sur ses objectifs de 2023 en disent long. Son silence pourrait &ecirc;tre interpr&eacute;t&eacute; comme une prudence, ou peut-&ecirc;tre un signe des n&eacute;gociations en cours dans les coulisses.<\/p><p>Le voyage de Kirk Cousins avec les Vikings a commenc&eacute; en 2018.<\/p><p>Avec deux prolongations de contrat dans sa poche depuis lors, il est sur le point de jouer sa derni&egrave;re ann&eacute;e, envisageant un autre passage dans le march&eacute; des agents libres en 2024.<\/p><p>Ses statistiques louables &ndash; lancer pour 20 934 yards, et marquant 153 touchdowns en cinq saisons &ndash; renforce sa place dans l&rsquo;histoire de l&rsquo;&eacute;quipe. Trois de ses quatre reconnaissances au Pro Bowl ont &eacute;t&eacute; attribu&eacute;es &agrave; son temps avec le Minnesota, d&eacute;montrant son d&eacute;vouement et ses comp&eacute;tences in&eacute;branlables.<\/p><p>Cependant, comme le note <a href=\"https:\/\/theathletic.com\/4762257\/2023\/08\/09\/vikings-kirk-cousins-contract-mark-wilf\/\" class=\"trk-cta-link\" data-cta-trk='{\"ctaType\":\"Link\",\"ctaSubType\":\"main\"}'>The Athletic<\/a>, les commentaires de Wilf dans diverses apparitions dans les m&eacute;dias brossent un tableau coh&eacute;rent. Bien qu&rsquo;il reconnaisse le leadership et les capacit&eacute;s de Cousins, un engagement solide apr&egrave;s 2023 reste insaisissable.<\/p><h3>Tables de n&eacute;gociation et aspirations futures<\/h3><p>Les rumeurs autour de la direction de la franchise sugg&egrave;rent un th&egrave;me global. Pour l&rsquo;instant, il ne semble y avoir aucune assurance concr&egrave;te concernant la position de Kirk Cousins en tant que quarterback au del&agrave; cette saison. Les r&eacute;centes n&eacute;gociations entre Adofo-Mensah et les repr&eacute;sentants de Kirk Cousins ont tent&eacute; de combler le foss&eacute;, mais ils ont rencontr&eacute; des obstacles.<\/p><p>Le d&eacute;sir de Cousins est clair. Il recherche une stabilit&eacute; &agrave; long terme et souhaite conclure son illustre carri&egrave;re avec les Vikings. Son affinit&eacute; pour l&rsquo;&eacute;quipe, la ville et sa culture transpara&icirc;t dans ses d&eacute;clarations publiques et a &eacute;t&eacute; plus que visible dans la s&eacute;rie &laquo;&nbsp;Quarterback&nbsp;&raquo; de Netflix, le rendant tr&egrave;s attachant.<\/p><p>De plus, lors de la draft 2023, les Vikings ont draft&eacute; Jaren Hall lors du 5&egrave; tour, donnant peut-&ecirc;tre un indice sur la trajectoire que souhaite emprunter la franchise d&egrave;s la saison prochaine.<\/p>\n","protected":false},"excerpt":{"rendered":"","protected":false},"author":13,"featured_media":778800,"comment_status":"open","ping_status":"closed","sticky":false,"template":"","format":"standard","meta":{"inline_featured_image":false,"kia_subtitle":"","_mux_skip_reasons":[],"proofreadBy":0,"footnotes":""},"categories":[118,40],"tags":[913,744],"sport":[],"saison":[],"class_list":["post-778798","post","type-post","status-publish","format-standard","has-post-thumbnail","hentry","category-actualite-nfl","category-nfl","tag-kirk-cousins","tag-minnesota-vikings"],"acf":[],"yoast_head":"<!-- This site is optimized with the Yoast SEO plugin v24.2 - https:\/\/yoast.com\/wordpress\/plugins\/seo\/ -->\n<title>Mark Wilf, propri&eacute;taire des Vikings, est focalis&eacute; sur la saison 2023, pas sur le contrat de Kirk Cousins - The Playoffs FR<\/title>\n<meta name=\"robots\" content=\"index, follow, max-snippet:-1, max-image-preview:large, max-video-preview:-1\" \/>\n<link rel=\"canonical\" href=\"https:\/\/theplayoffs.news\/fr\/actualite-nfl\/mark-wilf-focalise-saison-2023-pas-contrat-kirk-cousins\/\" \/>\n<meta property=\"og:locale\" content=\"fr_FR\" \/>\n<meta property=\"og:type\" content=\"article\" \/>\n<meta property=\"og:title\" content=\"Mark Wilf, propri&eacute;taire des Vikings, est focalis&eacute; sur la saison 2023, pas sur le contrat de Kirk Cousins - The Playoffs FR\" \/>\n<meta property=\"og:url\" content=\"https:\/\/theplayoffs.news\/fr\/actualite-nfl\/mark-wilf-focalise-saison-2023-pas-contrat-kirk-cousins\/\" \/>\n<meta property=\"og:site_name\" content=\"The Playoffs FR\" \/>\n<meta property=\"article:publisher\" content=\"https:\/\/www.facebook.com\/TheFreeAgentFR\/\" \/>\n<meta property=\"article:modified_time\" content=\"2023-08-09T20:04:05+02:00\" \/>\n<meta property=\"og:image\" content=\"https:\/\/theplayoffs.news\/fr\/wp-content\/uploads\/2023\/08\/Capture-decran-2023-08-09-a-19.43.43.jpg\" \/>\n\t<meta property=\"og:image:width\" content=\"1920\" \/>\n\t<meta property=\"og:image:height\" content=\"1075\" \/>\n\t<meta property=\"og:image:type\" content=\"image\/jpeg\" \/>\n<meta name=\"author\" content=\"Charles Taudin\" \/>\n<meta name=\"twitter:card\" content=\"summary_large_image\" \/>\n<meta name=\"twitter:creator\" content=\"@TheFreeAgentFR\" \/>\n<meta name=\"twitter:site\" content=\"@TheFreeAgentFR\" \/>\n<meta name=\"twitter:label1\" content=\"\u00c9crit par\" \/>\n\t<meta name=\"twitter:data1\" content=\"Charles Taudin\" \/>\n\t<meta name=\"twitter:label2\" content=\"Dur\u00e9e de lecture estim\u00e9e\" \/>\n\t<meta name=\"twitter:data2\" content=\"2 minutes\" \/>\n<script type=\"application\/ld+json\" class=\"yoast-schema-graph\">{\"@context\":\"https:\/\/schema.org\",\"@graph\":[{\"@type\":\"WebPage\",\"@id\":\"https:\/\/theplayoffs.news\/fr\/actualite-nfl\/mark-wilf-focalise-saison-2023-pas-contrat-kirk-cousins\/\",\"url\":\"https:\/\/theplayoffs.news\/fr\/actualite-nfl\/mark-wilf-focalise-saison-2023-pas-contrat-kirk-cousins\/\",\"name\":\"Mark Wilf, propri\u00e9taire des Vikings, est focalis\u00e9 sur la saison 2023, pas sur le contrat de Kirk Cousins - The Playoffs FR\",\"isPartOf\":{\"@id\":\"https:\/\/theplayoffs.news\/fr\/#website\"},\"primaryImageOfPage\":{\"@id\":\"https:\/\/theplayoffs.news\/fr\/actualite-nfl\/mark-wilf-focalise-saison-2023-pas-contrat-kirk-cousins\/#primaryimage\"},\"image\":{\"@id\":\"https:\/\/theplayoffs.news\/fr\/actualite-nfl\/mark-wilf-focalise-saison-2023-pas-contrat-kirk-cousins\/#primaryimage\"},\"thumbnailUrl\":\"https:\/\/theplayoffs.news\/fr\/wp-content\/uploads\/2023\/08\/Capture-decran-2023-08-09-a-19.43.43.jpg\",\"datePublished\":\"2023-08-09T18:03:57+00:00\",\"dateModified\":\"2023-08-09T18:04:05+00:00\",\"author\":{\"@id\":\"https:\/\/theplayoffs.news\/fr\/#\/schema\/person\/eee5b69ad5d3c51cabe881c839dbe133\"},\"breadcrumb\":{\"@id\":\"https:\/\/theplayoffs.news\/fr\/actualite-nfl\/mark-wilf-focalise-saison-2023-pas-contrat-kirk-cousins\/#breadcrumb\"},\"inLanguage\":\"fr-FR\",\"potentialAction\":[{\"@type\":\"ReadAction\",\"target\":[\"https:\/\/theplayoffs.news\/fr\/actualite-nfl\/mark-wilf-focalise-saison-2023-pas-contrat-kirk-cousins\/\"]}]},{\"@type\":\"ImageObject\",\"inLanguage\":\"fr-FR\",\"@id\":\"https:\/\/theplayoffs.news\/fr\/actualite-nfl\/mark-wilf-focalise-saison-2023-pas-contrat-kirk-cousins\/#primaryimage\",\"url\":\"https:\/\/theplayoffs.news\/fr\/wp-content\/uploads\/2023\/08\/Capture-decran-2023-08-09-a-19.43.43.jpg\",\"contentUrl\":\"https:\/\/theplayoffs.news\/fr\/wp-content\/uploads\/2023\/08\/Capture-decran-2023-08-09-a-19.43.43.jpg\",\"width\":1920,\"height\":1075,\"caption\":\"Kirk Cousins\"},{\"@type\":\"BreadcrumbList\",\"@id\":\"https:\/\/theplayoffs.news\/fr\/actualite-nfl\/mark-wilf-focalise-saison-2023-pas-contrat-kirk-cousins\/#breadcrumb\",\"itemListElement\":[{\"@type\":\"ListItem\",\"position\":1,\"name\":\"Accueil\",\"item\":\"https:\/\/theplayoffs.news\/fr\/\"},{\"@type\":\"ListItem\",\"position\":2,\"name\":\"Mark Wilf, propri\u00e9taire des Vikings, est focalis\u00e9 sur la saison 2023, pas sur le contrat de Kirk Cousins\"}]},{\"@type\":\"WebSite\",\"@id\":\"https:\/\/theplayoffs.news\/fr\/#website\",\"url\":\"https:\/\/theplayoffs.news\/fr\/\",\"name\":\"The Playoffs FR\",\"description\":\"NBA-NFL-NHL-MLB\",\"potentialAction\":[{\"@type\":\"SearchAction\",\"target\":{\"@type\":\"EntryPoint\",\"urlTemplate\":\"https:\/\/theplayoffs.news\/fr\/?s={search_term_string}\"},\"query-input\":{\"@type\":\"PropertyValueSpecification\",\"valueRequired\":true,\"valueName\":\"search_term_string\"}}],\"inLanguage\":\"fr-FR\"},{\"@type\":\"Person\",\"@id\":\"https:\/\/theplayoffs.news\/fr\/#\/schema\/person\/eee5b69ad5d3c51cabe881c839dbe133\",\"name\":\"Charles Taudin\",\"image\":{\"@type\":\"ImageObject\",\"inLanguage\":\"fr-FR\",\"@id\":\"https:\/\/theplayoffs.news\/fr\/#\/schema\/person\/image\/\",\"url\":\"https:\/\/secure.gravatar.com\/avatar\/59a1e772205ce9fd255edfcafc93013736822e20261f294c5753b20c41ede9f2?s=96&d=mm&r=g\",\"contentUrl\":\"https:\/\/secure.gravatar.com\/avatar\/59a1e772205ce9fd255edfcafc93013736822e20261f294c5753b20c41ede9f2?s=96&d=mm&r=g\",\"caption\":\"Charles Taudin\"},\"description\":\"R\u00e9dacteur en chef global de The Playoffs, j\u2019ai cr\u00e9\u00e9 The Free Agent, devenu The Playoffs FR, en 2020 durant la pand\u00e9mie. Amoureux depuis des ann\u00e9es des 4 sports majeurs am\u00e9ricains, j\u2019organise maintenant la strat\u00e9gie \u00e9ditoriale et les r\u00e9seaux sociaux de l\u2019ensemble des versions de The Playoffs. Il m\u2019arrive encore d\u2019\u00e9crire sur certains sports que j\u2019affectionne particuli\u00e8rement comme la NFL ou la MLB. Si vous devez retenir qu\u2019une chose : Eli Manning est le vrai GOAT pour avoir battu deux fois Tom Brady.\",\"sameAs\":[\"https:\/\/www.instagram.com\/ctaudin_\/\"],\"url\":\"https:\/\/theplayoffs.news\/fr\/author\/charles-taudin\/\"}]}<\/script>\n<!-- \/ Yoast SEO plugin. -->","yoast_head_json":{"title":"Mark Wilf, propri&eacute;taire des Vikings, est focalis&eacute; sur la saison 2023, pas sur le contrat de Kirk Cousins - The Playoffs FR","robots":{"index":"index","follow":"follow","max-snippet":"max-snippet:-1","max-image-preview":"max-image-preview:large","max-video-preview":"max-video-preview:-1"},"canonical":"https:\/\/theplayoffs.news\/fr\/actualite-nfl\/mark-wilf-focalise-saison-2023-pas-contrat-kirk-cousins\/","og_locale":"fr_FR","og_type":"article","og_title":"Mark Wilf, propri&eacute;taire des Vikings, est focalis&eacute; sur la saison 2023, pas sur le contrat de Kirk Cousins - The Playoffs FR","og_url":"https:\/\/theplayoffs.news\/fr\/actualite-nfl\/mark-wilf-focalise-saison-2023-pas-contrat-kirk-cousins\/","og_site_name":"The Playoffs FR","article_publisher":"https:\/\/www.facebook.com\/TheFreeAgentFR\/","article_modified_time":"2023-08-09T18:04:05+00:00","og_image":[{"width":1920,"height":1075,"url":"https:\/\/theplayoffs.news\/fr\/wp-content\/uploads\/2023\/08\/Capture-decran-2023-08-09-a-19.43.43.jpg","type":"image\/jpeg"}],"author":"Charles Taudin","twitter_card":"summary_large_image","twitter_creator":"@TheFreeAgentFR","twitter_site":"@TheFreeAgentFR","twitter_misc":{"\u00c9crit par":"Charles Taudin","Dur\u00e9e de lecture estim\u00e9e":"2 minutes"},"schema":{"@context":"https:\/\/schema.org","@graph":[{"@type":"WebPage","@id":"https:\/\/theplayoffs.news\/fr\/actualite-nfl\/mark-wilf-focalise-saison-2023-pas-contrat-kirk-cousins\/","url":"https:\/\/theplayoffs.news\/fr\/actualite-nfl\/mark-wilf-focalise-saison-2023-pas-contrat-kirk-cousins\/","name":"Mark Wilf, propri\u00e9taire des Vikings, est focalis\u00e9 sur la saison 2023, pas sur le contrat de Kirk Cousins - The Playoffs FR","isPartOf":{"@id":"https:\/\/theplayoffs.news\/fr\/#website"},"primaryImageOfPage":{"@id":"https:\/\/theplayoffs.news\/fr\/actualite-nfl\/mark-wilf-focalise-saison-2023-pas-contrat-kirk-cousins\/#primaryimage"},"image":{"@id":"https:\/\/theplayoffs.news\/fr\/actualite-nfl\/mark-wilf-focalise-saison-2023-pas-contrat-kirk-cousins\/#primaryimage"},"thumbnailUrl":"https:\/\/theplayoffs.news\/fr\/wp-content\/uploads\/2023\/08\/Capture-decran-2023-08-09-a-19.43.43.jpg","datePublished":"2023-08-09T18:03:57+00:00","dateModified":"2023-08-09T18:04:05+00:00","author":{"@id":"https:\/\/theplayoffs.news\/fr\/#\/schema\/person\/eee5b69ad5d3c51cabe881c839dbe133"},"breadcrumb":{"@id":"https:\/\/theplayoffs.news\/fr\/actualite-nfl\/mark-wilf-focalise-saison-2023-pas-contrat-kirk-cousins\/#breadcrumb"},"inLanguage":"fr-FR","potentialAction":[{"@type":"ReadAction","target":["https:\/\/theplayoffs.news\/fr\/actualite-nfl\/mark-wilf-focalise-saison-2023-pas-contrat-kirk-cousins\/"]}]},{"@type":"ImageObject","inLanguage":"fr-FR","@id":"https:\/\/theplayoffs.news\/fr\/actualite-nfl\/mark-wilf-focalise-saison-2023-pas-contrat-kirk-cousins\/#primaryimage","url":"https:\/\/theplayoffs.news\/fr\/wp-content\/uploads\/2023\/08\/Capture-decran-2023-08-09-a-19.43.43.jpg","contentUrl":"https:\/\/theplayoffs.news\/fr\/wp-content\/uploads\/2023\/08\/Capture-decran-2023-08-09-a-19.43.43.jpg","width":1920,"height":1075,"caption":"Kirk Cousins"},{"@type":"BreadcrumbList","@id":"https:\/\/theplayoffs.news\/fr\/actualite-nfl\/mark-wilf-focalise-saison-2023-pas-contrat-kirk-cousins\/#breadcrumb","itemListElement":[{"@type":"ListItem","position":1,"name":"Accueil","item":"https:\/\/theplayoffs.news\/fr\/"},{"@type":"ListItem","position":2,"name":"Mark Wilf, propri\u00e9taire des Vikings, est focalis\u00e9 sur la saison 2023, pas sur le contrat de Kirk Cousins"}]},{"@type":"WebSite","@id":"https:\/\/theplayoffs.news\/fr\/#website","url":"https:\/\/theplayoffs.news\/fr\/","name":"The Playoffs FR","description":"NBA-NFL-NHL-MLB","potentialAction":[{"@type":"SearchAction","target":{"@type":"EntryPoint","urlTemplate":"https:\/\/theplayoffs.news\/fr\/?s={search_term_string}"},"query-input":{"@type":"PropertyValueSpecification","valueRequired":true,"valueName":"search_term_string"}}],"inLanguage":"fr-FR"},{"@type":"Person","@id":"https:\/\/theplayoffs.news\/fr\/#\/schema\/person\/eee5b69ad5d3c51cabe881c839dbe133","name":"Charles Taudin","image":{"@type":"ImageObject","inLanguage":"fr-FR","@id":"https:\/\/theplayoffs.news\/fr\/#\/schema\/person\/image\/","url":"https:\/\/secure.gravatar.com\/avatar\/59a1e772205ce9fd255edfcafc93013736822e20261f294c5753b20c41ede9f2?s=96&d=mm&r=g","contentUrl":"https:\/\/secure.gravatar.com\/avatar\/59a1e772205ce9fd255edfcafc93013736822e20261f294c5753b20c41ede9f2?s=96&d=mm&r=g","caption":"Charles Taudin"},"description":"R\u00e9dacteur en chef global de The Playoffs, j\u2019ai cr\u00e9\u00e9 The Free Agent, devenu The Playoffs FR, en 2020 durant la pand\u00e9mie. Amoureux depuis des ann\u00e9es des 4 sports majeurs am\u00e9ricains, j\u2019organise maintenant la strat\u00e9gie \u00e9ditoriale et les r\u00e9seaux sociaux de l\u2019ensemble des versions de The Playoffs. Il m\u2019arrive encore d\u2019\u00e9crire sur certains sports que j\u2019affectionne particuli\u00e8rement comme la NFL ou la MLB. Si vous devez retenir qu\u2019une chose : Eli Manning est le vrai GOAT pour avoir battu deux fois Tom Brady.","sameAs":["https:\/\/www.instagram.com\/ctaudin_\/"],"url":"https:\/\/theplayoffs.news\/fr\/author\/charles-taudin\/"}]}},"_links":{"self":[{"href":"https:\/\/theplayoffs.news\/fr\/wp-json\/wp\/v2\/posts\/778798","targetHints":{"allow":["GET"]}}],"collection":[{"href":"https:\/\/theplayoffs.news\/fr\/wp-json\/wp\/v2\/posts"}],"about":[{"href":"https:\/\/theplayoffs.news\/fr\/wp-json\/wp\/v2\/types\/post"}],"author":[{"embeddable":true,"href":"https:\/\/theplayoffs.news\/fr\/wp-json\/wp\/v2\/users\/13"}],"replies":[{"embeddable":true,"href":"https:\/\/theplayoffs.news\/fr\/wp-json\/wp\/v2\/comments?post=778798"}],"version-history":[{"count":2,"href":"https:\/\/theplayoffs.news\/fr\/wp-json\/wp\/v2\/posts\/778798\/revisions"}],"predecessor-version":[{"id":778802,"href":"https:\/\/theplayoffs.news\/fr\/wp-json\/wp\/v2\/posts\/778798\/revisions\/778802"}],"wp:featuredmedia":[{"embeddable":true,"href":"https:\/\/theplayoffs.news\/fr\/wp-json\/wp\/v2\/media\/778800"}],"wp:attachment":[{"href":"https:\/\/theplayoffs.news\/fr\/wp-json\/wp\/v2\/media?parent=778798"}],"wp:term":[{"taxonomy":"category","embeddable":true,"href":"https:\/\/theplayoffs.news\/fr\/wp-json\/wp\/v2\/categories?post=778798"},{"taxonomy":"post_tag","embeddable":true,"href":"https:\/\/theplayoffs.news\/fr\/wp-json\/wp\/v2\/tags?post=778798"},{"taxonomy":"sport","embeddable":true,"href":"https:\/\/theplayoffs.news\/fr\/wp-json\/wp\/v2\/sport?post=778798"},{"taxonomy":"saison","embeddable":true,"href":"https:\/\/theplayoffs.news\/fr\/wp-json\/wp\/v2\/saison?post=778798"}],"curies":[{"name":"wp","href":"https:\/\/api.w.org\/{rel}","templated":true}]}}