{"id":775972,"date":"2023-08-09T08:00:17","date_gmt":"2023-08-09T06:00:17","guid":{"rendered":"https:\/\/theplayoffs.news\/fr\/?p=775972"},"modified":"2023-08-09T08:04:05","modified_gmt":"2023-08-09T06:04:05","slug":"un-hommage-a-bud-grant-vikings-saison-2023","status":"publish","type":"post","link":"https:\/\/theplayoffs.news\/fr\/actualite-nfl\/un-hommage-a-bud-grant-vikings-saison-2023\/","title":{"rendered":"Un hommage \u00e0 Bud Grant par les Vikings lors de la saison 2023."},"content":{"rendered":"<h2>Les Vikings du Minnesota vont honorer la m&eacute;moire de leur ancien entra&icirc;neur principal Bud Grant lors de la saison 2023.<\/h2><p>Il est difficile, pour les Minnesota Vikings, d&rsquo;oublier tout ce que l&rsquo;entra&icirc;neur <a href=\"https:\/\/www.pro-football-reference.com\/coaches\/GranBu0.htm\" class=\"trk-cta-link\" data-cta-trk='{\"ctaType\":\"Link\",\"ctaSubType\":\"main\"}'>Bud Grant<\/a> a apport&eacute; &agrave; la franchise. D&eacute;c&eacute;d&eacute; au mois de mars de cette ann&eacute;e, l&rsquo;ancien entra&icirc;neur de NFL mais aussi de NBA occupe toujours une place dans le c&oelig;ur des fans des Vikings. Il aura donc en toute logique &eacute;galement sa place sur le c&oelig;ur des joueurs de Minnesota pour le premier match de la saison et sur leur t&ecirc;te pour l&rsquo;ensemble de la campagne NFL 2023.<\/p><p>En effet, les dirigeants des Vikings du Minnesota ont d&eacute;cid&eacute; d&rsquo;apposer un patch avec la c&eacute;l&egrave;bre signature de Bud Grant sur le haut du maillot pour la <a href=\"https:\/\/theplayoffs.news\/fr\/match\/tampa-bay-buccaneers-vs-minnesota-vikings-match-du-10092023-nfl-saison-2023\/\" class=\"trk-cta-link\" data-cta-trk='{\"ctaType\":\"Link\",\"ctaSubType\":\"main\"}'>premi&egrave;re journ&eacute;e 2023 de NFL<\/a> de la franchise de NFC Nord face aux Buccaneers de Tampa Bay. Tout le reste de la saison, les joueurs de Minnesota porteront un sticker avec la m&ecirc;me signature de cet entra&icirc;neur iconique sur leur casque.<\/p><p>D&eacute;c&eacute;d&eacute; le 11 mars 2023 a l&rsquo;&acirc;ge de 95 ans, Bud Grant fait partie des grands noms du sport am&eacute;ricain. Entra&icirc;neur principal des Vikings pendant pas moins de 18 ans dont 17 ann&eacute;es cons&eacute;cutives entre 1967 et 1983, Grant va conduire la franchise du Minnesota &agrave; 4 finales nationales qui seront malheureusement toutes perdues par les Vikings.<\/p><p>L&rsquo;entra&icirc;neur trouvera alors sa place &agrave; sa retraite dans le c&eacute;l&egrave;bre Temple de la Renomm&eacute;e de la NFL&hellip; et lors de la saison 2023 sur les casques et parfois les maillots des Vikings du Minnesota.<\/p>\n","protected":false},"excerpt":{"rendered":"","protected":false},"author":180309964,"featured_media":776050,"comment_status":"open","ping_status":"closed","sticky":false,"template":"","format":"standard","meta":{"inline_featured_image":false,"kia_subtitle":"","_mux_skip_reasons":[],"proofreadBy":0,"footnotes":""},"categories":[118,40],"tags":[6325,744],"sport":[2785],"saison":[3453],"class_list":["post-775972","post","type-post","status-publish","format-standard","has-post-thumbnail","hentry","category-actualite-nfl","category-nfl","tag-bud-grant","tag-minnesota-vikings","sport-nfl","saison-3453"],"acf":[],"yoast_head":"<!-- This site is optimized with the Yoast SEO plugin v24.2 - https:\/\/yoast.com\/wordpress\/plugins\/seo\/ -->\n<title>Un hommage &agrave; Bud Grant par les Vikings lors de la saison 2023. - The Playoffs FR<\/title>\n<meta name=\"robots\" content=\"index, follow, max-snippet:-1, max-image-preview:large, max-video-preview:-1\" \/>\n<link rel=\"canonical\" href=\"https:\/\/theplayoffs.news\/fr\/actualite-nfl\/un-hommage-a-bud-grant-vikings-saison-2023\/\" \/>\n<meta property=\"og:locale\" content=\"fr_FR\" \/>\n<meta property=\"og:type\" content=\"article\" \/>\n<meta property=\"og:title\" content=\"Un hommage &agrave; Bud Grant par les Vikings lors de la saison 2023. - The Playoffs FR\" \/>\n<meta property=\"og:url\" content=\"https:\/\/theplayoffs.news\/fr\/actualite-nfl\/un-hommage-a-bud-grant-vikings-saison-2023\/\" \/>\n<meta property=\"og:site_name\" content=\"The Playoffs FR\" \/>\n<meta property=\"article:publisher\" content=\"https:\/\/www.facebook.com\/TheFreeAgentFR\/\" \/>\n<meta property=\"article:modified_time\" content=\"2023-08-09T08:04:05+02:00\" \/>\n<meta property=\"og:image\" content=\"https:\/\/theplayoffs.news\/fr\/wp-content\/uploads\/2023\/08\/1ECA6AA4-788B-473E-865A-5A2B931A8C91.jpeg\" \/>\n\t<meta property=\"og:image:width\" content=\"1536\" \/>\n\t<meta property=\"og:image:height\" content=\"1018\" \/>\n\t<meta property=\"og:image:type\" content=\"image\/jpeg\" \/>\n<meta name=\"author\" content=\"Flavien Jumeau\" \/>\n<meta name=\"twitter:card\" content=\"summary_large_image\" \/>\n<meta name=\"twitter:creator\" content=\"@TheFreeAgentFR\" \/>\n<meta name=\"twitter:site\" content=\"@TheFreeAgentFR\" \/>\n<meta name=\"twitter:label1\" content=\"\u00c9crit par\" \/>\n\t<meta name=\"twitter:data1\" content=\"Flavien Jumeau\" \/>\n\t<meta name=\"twitter:label2\" content=\"Dur\u00e9e de lecture estim\u00e9e\" \/>\n\t<meta name=\"twitter:data2\" content=\"1 minute\" \/>\n<script type=\"application\/ld+json\" class=\"yoast-schema-graph\">{\"@context\":\"https:\/\/schema.org\",\"@graph\":[{\"@type\":\"WebPage\",\"@id\":\"https:\/\/theplayoffs.news\/fr\/actualite-nfl\/un-hommage-a-bud-grant-vikings-saison-2023\/\",\"url\":\"https:\/\/theplayoffs.news\/fr\/actualite-nfl\/un-hommage-a-bud-grant-vikings-saison-2023\/\",\"name\":\"Un hommage \u00e0 Bud Grant par les Vikings lors de la saison 2023. - The Playoffs FR\",\"isPartOf\":{\"@id\":\"https:\/\/theplayoffs.news\/fr\/#website\"},\"primaryImageOfPage\":{\"@id\":\"https:\/\/theplayoffs.news\/fr\/actualite-nfl\/un-hommage-a-bud-grant-vikings-saison-2023\/#primaryimage\"},\"image\":{\"@id\":\"https:\/\/theplayoffs.news\/fr\/actualite-nfl\/un-hommage-a-bud-grant-vikings-saison-2023\/#primaryimage\"},\"thumbnailUrl\":\"https:\/\/theplayoffs.news\/fr\/wp-content\/uploads\/2023\/08\/1ECA6AA4-788B-473E-865A-5A2B931A8C91.jpeg\",\"datePublished\":\"2023-08-09T06:00:17+00:00\",\"dateModified\":\"2023-08-09T06:04:05+00:00\",\"author\":{\"@id\":\"https:\/\/theplayoffs.news\/fr\/#\/schema\/person\/def63bc6746dc5957469b75feb99e66d\"},\"breadcrumb\":{\"@id\":\"https:\/\/theplayoffs.news\/fr\/actualite-nfl\/un-hommage-a-bud-grant-vikings-saison-2023\/#breadcrumb\"},\"inLanguage\":\"fr-FR\",\"potentialAction\":[{\"@type\":\"ReadAction\",\"target\":[\"https:\/\/theplayoffs.news\/fr\/actualite-nfl\/un-hommage-a-bud-grant-vikings-saison-2023\/\"]}]},{\"@type\":\"ImageObject\",\"inLanguage\":\"fr-FR\",\"@id\":\"https:\/\/theplayoffs.news\/fr\/actualite-nfl\/un-hommage-a-bud-grant-vikings-saison-2023\/#primaryimage\",\"url\":\"https:\/\/theplayoffs.news\/fr\/wp-content\/uploads\/2023\/08\/1ECA6AA4-788B-473E-865A-5A2B931A8C91.jpeg\",\"contentUrl\":\"https:\/\/theplayoffs.news\/fr\/wp-content\/uploads\/2023\/08\/1ECA6AA4-788B-473E-865A-5A2B931A8C91.jpeg\",\"width\":1536,\"height\":1018,\"caption\":\"Bud Grant Vikings\"},{\"@type\":\"BreadcrumbList\",\"@id\":\"https:\/\/theplayoffs.news\/fr\/actualite-nfl\/un-hommage-a-bud-grant-vikings-saison-2023\/#breadcrumb\",\"itemListElement\":[{\"@type\":\"ListItem\",\"position\":1,\"name\":\"Accueil\",\"item\":\"https:\/\/theplayoffs.news\/fr\/\"},{\"@type\":\"ListItem\",\"position\":2,\"name\":\"Un hommage \u00e0 Bud Grant par les Vikings lors de la saison 2023.\"}]},{\"@type\":\"WebSite\",\"@id\":\"https:\/\/theplayoffs.news\/fr\/#website\",\"url\":\"https:\/\/theplayoffs.news\/fr\/\",\"name\":\"The Playoffs FR\",\"description\":\"NBA-NFL-NHL-MLB\",\"potentialAction\":[{\"@type\":\"SearchAction\",\"target\":{\"@type\":\"EntryPoint\",\"urlTemplate\":\"https:\/\/theplayoffs.news\/fr\/?s={search_term_string}\"},\"query-input\":{\"@type\":\"PropertyValueSpecification\",\"valueRequired\":true,\"valueName\":\"search_term_string\"}}],\"inLanguage\":\"fr-FR\"},{\"@type\":\"Person\",\"@id\":\"https:\/\/theplayoffs.news\/fr\/#\/schema\/person\/def63bc6746dc5957469b75feb99e66d\",\"name\":\"Flavien Jumeau\",\"image\":{\"@type\":\"ImageObject\",\"inLanguage\":\"fr-FR\",\"@id\":\"https:\/\/theplayoffs.news\/fr\/#\/schema\/person\/image\/\",\"url\":\"https:\/\/secure.gravatar.com\/avatar\/e7fa8ba5a4b7e4ce35fe152f083f352db28ad0acce692004ed88a7a7d78893f7?s=96&d=mm&r=g\",\"contentUrl\":\"https:\/\/secure.gravatar.com\/avatar\/e7fa8ba5a4b7e4ce35fe152f083f352db28ad0acce692004ed88a7a7d78893f7?s=96&d=mm&r=g\",\"caption\":\"Flavien Jumeau\"},\"description\":\"Amoureux du sport (et de vraiment tous les sports) depuis mon plus jeune \u00e2ge, j\u2019ai longtemps h\u00e9site entre le snooker et le curling. Finalement c\u2019est le foot US que j\u2019ai d\u00e9cid\u00e9 de choisir! Responsable foot US sur TPO et animateur du podcast Tailgate j\u2019ai pour mission de vous faire d\u00e9couvrir ce sport passionnant si ce n\u2019est pas encore fait et de vous donner les derni\u00e8res actus. Le tout dans la bonne humeur et avec toujours un jeu de mots ou deux savamment distill\u00e9s! Fan des Saints, pour moi Drew Brees est le vrai GOAT!\",\"url\":\"https:\/\/theplayoffs.news\/fr\/author\/flavien-jumeaugmail-com\/\"}]}<\/script>\n<!-- \/ Yoast SEO plugin. -->","yoast_head_json":{"title":"Un hommage &agrave; Bud Grant par les Vikings lors de la saison 2023. - The Playoffs FR","robots":{"index":"index","follow":"follow","max-snippet":"max-snippet:-1","max-image-preview":"max-image-preview:large","max-video-preview":"max-video-preview:-1"},"canonical":"https:\/\/theplayoffs.news\/fr\/actualite-nfl\/un-hommage-a-bud-grant-vikings-saison-2023\/","og_locale":"fr_FR","og_type":"article","og_title":"Un hommage &agrave; Bud Grant par les Vikings lors de la saison 2023. - The Playoffs FR","og_url":"https:\/\/theplayoffs.news\/fr\/actualite-nfl\/un-hommage-a-bud-grant-vikings-saison-2023\/","og_site_name":"The Playoffs FR","article_publisher":"https:\/\/www.facebook.com\/TheFreeAgentFR\/","article_modified_time":"2023-08-09T06:04:05+00:00","og_image":[{"width":1536,"height":1018,"url":"https:\/\/theplayoffs.news\/fr\/wp-content\/uploads\/2023\/08\/1ECA6AA4-788B-473E-865A-5A2B931A8C91.jpeg","type":"image\/jpeg"}],"author":"Flavien Jumeau","twitter_card":"summary_large_image","twitter_creator":"@TheFreeAgentFR","twitter_site":"@TheFreeAgentFR","twitter_misc":{"\u00c9crit par":"Flavien Jumeau","Dur\u00e9e de lecture estim\u00e9e":"1 minute"},"schema":{"@context":"https:\/\/schema.org","@graph":[{"@type":"WebPage","@id":"https:\/\/theplayoffs.news\/fr\/actualite-nfl\/un-hommage-a-bud-grant-vikings-saison-2023\/","url":"https:\/\/theplayoffs.news\/fr\/actualite-nfl\/un-hommage-a-bud-grant-vikings-saison-2023\/","name":"Un hommage \u00e0 Bud Grant par les Vikings lors de la saison 2023. - The Playoffs FR","isPartOf":{"@id":"https:\/\/theplayoffs.news\/fr\/#website"},"primaryImageOfPage":{"@id":"https:\/\/theplayoffs.news\/fr\/actualite-nfl\/un-hommage-a-bud-grant-vikings-saison-2023\/#primaryimage"},"image":{"@id":"https:\/\/theplayoffs.news\/fr\/actualite-nfl\/un-hommage-a-bud-grant-vikings-saison-2023\/#primaryimage"},"thumbnailUrl":"https:\/\/theplayoffs.news\/fr\/wp-content\/uploads\/2023\/08\/1ECA6AA4-788B-473E-865A-5A2B931A8C91.jpeg","datePublished":"2023-08-09T06:00:17+00:00","dateModified":"2023-08-09T06:04:05+00:00","author":{"@id":"https:\/\/theplayoffs.news\/fr\/#\/schema\/person\/def63bc6746dc5957469b75feb99e66d"},"breadcrumb":{"@id":"https:\/\/theplayoffs.news\/fr\/actualite-nfl\/un-hommage-a-bud-grant-vikings-saison-2023\/#breadcrumb"},"inLanguage":"fr-FR","potentialAction":[{"@type":"ReadAction","target":["https:\/\/theplayoffs.news\/fr\/actualite-nfl\/un-hommage-a-bud-grant-vikings-saison-2023\/"]}]},{"@type":"ImageObject","inLanguage":"fr-FR","@id":"https:\/\/theplayoffs.news\/fr\/actualite-nfl\/un-hommage-a-bud-grant-vikings-saison-2023\/#primaryimage","url":"https:\/\/theplayoffs.news\/fr\/wp-content\/uploads\/2023\/08\/1ECA6AA4-788B-473E-865A-5A2B931A8C91.jpeg","contentUrl":"https:\/\/theplayoffs.news\/fr\/wp-content\/uploads\/2023\/08\/1ECA6AA4-788B-473E-865A-5A2B931A8C91.jpeg","width":1536,"height":1018,"caption":"Bud Grant Vikings"},{"@type":"BreadcrumbList","@id":"https:\/\/theplayoffs.news\/fr\/actualite-nfl\/un-hommage-a-bud-grant-vikings-saison-2023\/#breadcrumb","itemListElement":[{"@type":"ListItem","position":1,"name":"Accueil","item":"https:\/\/theplayoffs.news\/fr\/"},{"@type":"ListItem","position":2,"name":"Un hommage \u00e0 Bud Grant par les Vikings lors de la saison 2023."}]},{"@type":"WebSite","@id":"https:\/\/theplayoffs.news\/fr\/#website","url":"https:\/\/theplayoffs.news\/fr\/","name":"The Playoffs FR","description":"NBA-NFL-NHL-MLB","potentialAction":[{"@type":"SearchAction","target":{"@type":"EntryPoint","urlTemplate":"https:\/\/theplayoffs.news\/fr\/?s={search_term_string}"},"query-input":{"@type":"PropertyValueSpecification","valueRequired":true,"valueName":"search_term_string"}}],"inLanguage":"fr-FR"},{"@type":"Person","@id":"https:\/\/theplayoffs.news\/fr\/#\/schema\/person\/def63bc6746dc5957469b75feb99e66d","name":"Flavien Jumeau","image":{"@type":"ImageObject","inLanguage":"fr-FR","@id":"https:\/\/theplayoffs.news\/fr\/#\/schema\/person\/image\/","url":"https:\/\/secure.gravatar.com\/avatar\/e7fa8ba5a4b7e4ce35fe152f083f352db28ad0acce692004ed88a7a7d78893f7?s=96&d=mm&r=g","contentUrl":"https:\/\/secure.gravatar.com\/avatar\/e7fa8ba5a4b7e4ce35fe152f083f352db28ad0acce692004ed88a7a7d78893f7?s=96&d=mm&r=g","caption":"Flavien Jumeau"},"description":"Amoureux du sport (et de vraiment tous les sports) depuis mon plus jeune \u00e2ge, j\u2019ai longtemps h\u00e9site entre le snooker et le curling. Finalement c\u2019est le foot US que j\u2019ai d\u00e9cid\u00e9 de choisir! Responsable foot US sur TPO et animateur du podcast Tailgate j\u2019ai pour mission de vous faire d\u00e9couvrir ce sport passionnant si ce n\u2019est pas encore fait et de vous donner les derni\u00e8res actus. Le tout dans la bonne humeur et avec toujours un jeu de mots ou deux savamment distill\u00e9s! Fan des Saints, pour moi Drew Brees est le vrai GOAT!","url":"https:\/\/theplayoffs.news\/fr\/author\/flavien-jumeaugmail-com\/"}]}},"_links":{"self":[{"href":"https:\/\/theplayoffs.news\/fr\/wp-json\/wp\/v2\/posts\/775972","targetHints":{"allow":["GET"]}}],"collection":[{"href":"https:\/\/theplayoffs.news\/fr\/wp-json\/wp\/v2\/posts"}],"about":[{"href":"https:\/\/theplayoffs.news\/fr\/wp-json\/wp\/v2\/types\/post"}],"author":[{"embeddable":true,"href":"https:\/\/theplayoffs.news\/fr\/wp-json\/wp\/v2\/users\/180309964"}],"replies":[{"embeddable":true,"href":"https:\/\/theplayoffs.news\/fr\/wp-json\/wp\/v2\/comments?post=775972"}],"version-history":[{"count":2,"href":"https:\/\/theplayoffs.news\/fr\/wp-json\/wp\/v2\/posts\/775972\/revisions"}],"predecessor-version":[{"id":776059,"href":"https:\/\/theplayoffs.news\/fr\/wp-json\/wp\/v2\/posts\/775972\/revisions\/776059"}],"wp:featuredmedia":[{"embeddable":true,"href":"https:\/\/theplayoffs.news\/fr\/wp-json\/wp\/v2\/media\/776050"}],"wp:attachment":[{"href":"https:\/\/theplayoffs.news\/fr\/wp-json\/wp\/v2\/media?parent=775972"}],"wp:term":[{"taxonomy":"category","embeddable":true,"href":"https:\/\/theplayoffs.news\/fr\/wp-json\/wp\/v2\/categories?post=775972"},{"taxonomy":"post_tag","embeddable":true,"href":"https:\/\/theplayoffs.news\/fr\/wp-json\/wp\/v2\/tags?post=775972"},{"taxonomy":"sport","embeddable":true,"href":"https:\/\/theplayoffs.news\/fr\/wp-json\/wp\/v2\/sport?post=775972"},{"taxonomy":"saison","embeddable":true,"href":"https:\/\/theplayoffs.news\/fr\/wp-json\/wp\/v2\/saison?post=775972"}],"curies":[{"name":"wp","href":"https:\/\/api.w.org\/{rel}","templated":true}]}}