{"id":775077,"date":"2023-08-08T16:02:37","date_gmt":"2023-08-08T14:02:37","guid":{"rendered":"https:\/\/theplayoffs.news\/fr\/?p=775077"},"modified":"2023-08-08T16:04:06","modified_gmt":"2023-08-08T14:04:06","slug":"blake-griffin-de-retour-aux-celtics","status":"publish","type":"post","link":"https:\/\/theplayoffs.news\/fr\/actualite-nba\/blake-griffin-de-retour-aux-celtics\/","title":{"rendered":"Blake Griffin de retour aux Celtics ?"},"content":{"rendered":"<h2>Blake Griffin sera-t-il de retour en vert pour sa 15&egrave; saison NBA ?<\/h2><p>&Agrave; en croire <a href=\"https:\/\/marcstein.substack.com\/p\/the-latest-nba-whispers-out-of-usa\" class=\"trk-cta-link\" data-cta-trk='{\"ctaType\":\"Link\",\"ctaSubType\":\"main\"}'>Marc Stein<\/a>, les Celtics seraient int&eacute;ress&eacute;s par un retour de l&rsquo;ancien All-Star dans leur effectif pour la saison prochaine. Lentement, <a href=\"https:\/\/theplayoffs.news\/fr\/joueur\/blake-griffin-nba-7978\/\" class=\"trk-cta-link\" data-cta-trk='{\"ctaType\":\"Link\",\"ctaSubType\":\"main\"}'><strong>Blake Griffin<\/strong><\/a> est pass&eacute; d&rsquo;un r&ocirc;le de titulaire indiscutable en NBA &agrave; un r&ocirc;le en sortie voire fin de banc, min&eacute; par des blessures.<\/p><p>Blake Griffin pourrait pr&ocirc;ner la patience pour &eacute;valuer toutes ses opportunit&eacute;s avant de prolonger son aventure &agrave; Boston.<\/p><p>Lors de la saison pr&eacute;c&eacute;dente, les contributions statistiques de Blake Griffin &eacute;taient modestes. Une moyenne de 4,1 points et 3,8 rebonds sur une p&eacute;riode de pr&egrave;s de 14 minutes par match en 41 apparitions est un &eacute;cart par rapport &agrave; la norme de carri&egrave;re de Griffin.<\/p><p>Cependant, les statistiques peuvent parfois &ecirc;tre trompeuses. &Agrave; premi&egrave;re vue, Griffin peut sembler avoir perdu de son importance, mais pour les Celtics, son exp&eacute;rience et son leadership sur et en dehors du terrain ne peuvent pas &ecirc;tre facilement quantifi&eacute;s.<\/p><p>Bien que son utilisation en saison r&eacute;guli&egrave;re ait &eacute;t&eacute; la plus faible de sa carri&egrave;re, cela indique non seulement le r&ocirc;le r&eacute;duit de Griffin, mais peut-&ecirc;tre la strat&eacute;gie de jeu en &eacute;volution de Boston.<\/p><p>Les Celtics, au fil des ans, sont pass&eacute;s d&rsquo;une &eacute;quipe qui d&eacute;pendait fortement de ses stars &agrave; une &eacute;quipe qui met l&rsquo;accent sur une attaque &eacute;quilibr&eacute;e.<\/p><h3>Dynamique de la liste de Boston : o&ugrave; se situe Griffin ?<\/h3><p>Les Celtics ont subi des changements notables dans leur effectif ces derniers temps. Avec <a href=\"https:\/\/theplayoffs.news\/fr\/joueur\/kristaps-porzingis-nba-6205062\/\" class=\"trk-cta-link\" data-cta-trk='{\"ctaType\":\"Link\",\"ctaSubType\":\"main\"}'><strong>Kristaps Porzi&#326;&#291;is<\/strong><\/a> faisant son entr&eacute;e, l&rsquo;&eacute;quipe semble renforcer sa position de puissance de la conf&eacute;rence Est. Ce mouvement r&eacute;duit naturellement l&rsquo;importance imm&eacute;diate de Griffin, surtout compte tenu de la pr&eacute;sence d&rsquo;Al Horford et de Robert Williams III dans la rotation.<\/p><p>Et pourtant, compte tenu des historiques de blessures de Porzi&#326;&#291;is, Horford et Williams, le r&ocirc;le de Griffin ne peut &ecirc;tre ignor&eacute;. La profondeur et l&rsquo;exp&eacute;rience dans le frontcourt, en particulier lors des phases cruciales de la saison et des s&eacute;ries &eacute;liminatoires, sont essentielles. Blake Griffin, avec son histoire et son sens aigu du basket-ball, fournit exactement cela.<\/p><p>Cependant, une question se pose : Blake Griffin se satisfait-il d&rsquo;&ecirc;tre une pi&egrave;ce secondaire, ou nourrit-il toujours l&rsquo;ambition d&rsquo;&ecirc;tre une figure plus centrale, semblable &agrave; ses premiers jours ?<\/p><p>Bien que les jours de star de Griffin soient peut-&ecirc;tre derri&egrave;re lui, sa fiert&eacute; professionnelle est compr&eacute;hensible. Le march&eacute; ne lui offre peut-&ecirc;tre pas beaucoup plus de temps de jeu que Boston, mais l&rsquo;attrait d&rsquo;un nouveau d&eacute;part est quelque chose que de nombreux athl&egrave;tes ont du mal &agrave; r&eacute;sister.<\/p>\n","protected":false},"excerpt":{"rendered":"","protected":false},"author":13,"featured_media":775116,"comment_status":"open","ping_status":"closed","sticky":false,"template":"","format":"standard","meta":{"inline_featured_image":false,"kia_subtitle":"","_mux_skip_reasons":[],"proofreadBy":0,"footnotes":""},"categories":[110,10],"tags":[2019,603],"sport":[],"saison":[],"class_list":["post-775077","post","type-post","status-publish","format-standard","has-post-thumbnail","hentry","category-actualite-nba","category-nba","tag-blake-griffin","tag-boston-celtics"],"acf":[],"yoast_head":"<!-- This site is optimized with the Yoast SEO plugin v24.2 - https:\/\/yoast.com\/wordpress\/plugins\/seo\/ -->\n<title>Blake Griffin de retour aux Celtics ? - The Playoffs FR<\/title>\n<meta name=\"robots\" content=\"index, follow, max-snippet:-1, max-image-preview:large, max-video-preview:-1\" \/>\n<link rel=\"canonical\" href=\"https:\/\/theplayoffs.news\/fr\/actualite-nba\/blake-griffin-de-retour-aux-celtics\/\" \/>\n<meta property=\"og:locale\" content=\"fr_FR\" \/>\n<meta property=\"og:type\" content=\"article\" \/>\n<meta property=\"og:title\" content=\"Blake Griffin de retour aux Celtics ? - The Playoffs FR\" \/>\n<meta property=\"og:url\" content=\"https:\/\/theplayoffs.news\/fr\/actualite-nba\/blake-griffin-de-retour-aux-celtics\/\" \/>\n<meta property=\"og:site_name\" content=\"The Playoffs FR\" \/>\n<meta property=\"article:publisher\" content=\"https:\/\/www.facebook.com\/TheFreeAgentFR\/\" \/>\n<meta property=\"article:modified_time\" content=\"2023-08-08T16:04:06+02:00\" \/>\n<meta property=\"og:image\" content=\"https:\/\/theplayoffs.news\/fr\/wp-content\/uploads\/2023\/08\/Capture-decran-2023-08-08-a-15.33.20.jpg\" \/>\n\t<meta property=\"og:image:width\" content=\"1920\" \/>\n\t<meta property=\"og:image:height\" content=\"1187\" \/>\n\t<meta property=\"og:image:type\" content=\"image\/jpeg\" \/>\n<meta name=\"author\" content=\"Charles Taudin\" \/>\n<meta name=\"twitter:card\" content=\"summary_large_image\" \/>\n<meta name=\"twitter:creator\" content=\"@TheFreeAgentFR\" \/>\n<meta name=\"twitter:site\" content=\"@TheFreeAgentFR\" \/>\n<meta name=\"twitter:label1\" content=\"\u00c9crit par\" \/>\n\t<meta name=\"twitter:data1\" content=\"Charles Taudin\" \/>\n\t<meta name=\"twitter:label2\" content=\"Dur\u00e9e de lecture estim\u00e9e\" \/>\n\t<meta name=\"twitter:data2\" content=\"2 minutes\" \/>\n<script type=\"application\/ld+json\" class=\"yoast-schema-graph\">{\"@context\":\"https:\/\/schema.org\",\"@graph\":[{\"@type\":\"WebPage\",\"@id\":\"https:\/\/theplayoffs.news\/fr\/actualite-nba\/blake-griffin-de-retour-aux-celtics\/\",\"url\":\"https:\/\/theplayoffs.news\/fr\/actualite-nba\/blake-griffin-de-retour-aux-celtics\/\",\"name\":\"Blake Griffin de retour aux Celtics ? - The Playoffs FR\",\"isPartOf\":{\"@id\":\"https:\/\/theplayoffs.news\/fr\/#website\"},\"primaryImageOfPage\":{\"@id\":\"https:\/\/theplayoffs.news\/fr\/actualite-nba\/blake-griffin-de-retour-aux-celtics\/#primaryimage\"},\"image\":{\"@id\":\"https:\/\/theplayoffs.news\/fr\/actualite-nba\/blake-griffin-de-retour-aux-celtics\/#primaryimage\"},\"thumbnailUrl\":\"https:\/\/theplayoffs.news\/fr\/wp-content\/uploads\/2023\/08\/Capture-decran-2023-08-08-a-15.33.20.jpg\",\"datePublished\":\"2023-08-08T14:02:37+00:00\",\"dateModified\":\"2023-08-08T14:04:06+00:00\",\"author\":{\"@id\":\"https:\/\/theplayoffs.news\/fr\/#\/schema\/person\/eee5b69ad5d3c51cabe881c839dbe133\"},\"breadcrumb\":{\"@id\":\"https:\/\/theplayoffs.news\/fr\/actualite-nba\/blake-griffin-de-retour-aux-celtics\/#breadcrumb\"},\"inLanguage\":\"fr-FR\",\"potentialAction\":[{\"@type\":\"ReadAction\",\"target\":[\"https:\/\/theplayoffs.news\/fr\/actualite-nba\/blake-griffin-de-retour-aux-celtics\/\"]}]},{\"@type\":\"ImageObject\",\"inLanguage\":\"fr-FR\",\"@id\":\"https:\/\/theplayoffs.news\/fr\/actualite-nba\/blake-griffin-de-retour-aux-celtics\/#primaryimage\",\"url\":\"https:\/\/theplayoffs.news\/fr\/wp-content\/uploads\/2023\/08\/Capture-decran-2023-08-08-a-15.33.20.jpg\",\"contentUrl\":\"https:\/\/theplayoffs.news\/fr\/wp-content\/uploads\/2023\/08\/Capture-decran-2023-08-08-a-15.33.20.jpg\",\"width\":1920,\"height\":1187,\"caption\":\"Blake Griffin\"},{\"@type\":\"BreadcrumbList\",\"@id\":\"https:\/\/theplayoffs.news\/fr\/actualite-nba\/blake-griffin-de-retour-aux-celtics\/#breadcrumb\",\"itemListElement\":[{\"@type\":\"ListItem\",\"position\":1,\"name\":\"Accueil\",\"item\":\"https:\/\/theplayoffs.news\/fr\/\"},{\"@type\":\"ListItem\",\"position\":2,\"name\":\"Blake Griffin de retour aux Celtics ?\"}]},{\"@type\":\"WebSite\",\"@id\":\"https:\/\/theplayoffs.news\/fr\/#website\",\"url\":\"https:\/\/theplayoffs.news\/fr\/\",\"name\":\"The Playoffs FR\",\"description\":\"NBA-NFL-NHL-MLB\",\"potentialAction\":[{\"@type\":\"SearchAction\",\"target\":{\"@type\":\"EntryPoint\",\"urlTemplate\":\"https:\/\/theplayoffs.news\/fr\/?s={search_term_string}\"},\"query-input\":{\"@type\":\"PropertyValueSpecification\",\"valueRequired\":true,\"valueName\":\"search_term_string\"}}],\"inLanguage\":\"fr-FR\"},{\"@type\":\"Person\",\"@id\":\"https:\/\/theplayoffs.news\/fr\/#\/schema\/person\/eee5b69ad5d3c51cabe881c839dbe133\",\"name\":\"Charles Taudin\",\"image\":{\"@type\":\"ImageObject\",\"inLanguage\":\"fr-FR\",\"@id\":\"https:\/\/theplayoffs.news\/fr\/#\/schema\/person\/image\/\",\"url\":\"https:\/\/secure.gravatar.com\/avatar\/59a1e772205ce9fd255edfcafc93013736822e20261f294c5753b20c41ede9f2?s=96&d=mm&r=g\",\"contentUrl\":\"https:\/\/secure.gravatar.com\/avatar\/59a1e772205ce9fd255edfcafc93013736822e20261f294c5753b20c41ede9f2?s=96&d=mm&r=g\",\"caption\":\"Charles Taudin\"},\"description\":\"R\u00e9dacteur en chef global de The Playoffs, j\u2019ai cr\u00e9\u00e9 The Free Agent, devenu The Playoffs FR, en 2020 durant la pand\u00e9mie. Amoureux depuis des ann\u00e9es des 4 sports majeurs am\u00e9ricains, j\u2019organise maintenant la strat\u00e9gie \u00e9ditoriale et les r\u00e9seaux sociaux de l\u2019ensemble des versions de The Playoffs. Il m\u2019arrive encore d\u2019\u00e9crire sur certains sports que j\u2019affectionne particuli\u00e8rement comme la NFL ou la MLB. Si vous devez retenir qu\u2019une chose : Eli Manning est le vrai GOAT pour avoir battu deux fois Tom Brady.\",\"sameAs\":[\"https:\/\/www.instagram.com\/ctaudin_\/\"],\"url\":\"https:\/\/theplayoffs.news\/fr\/author\/charles-taudin\/\"}]}<\/script>\n<!-- \/ Yoast SEO plugin. -->","yoast_head_json":{"title":"Blake Griffin de retour aux Celtics ? - The Playoffs FR","robots":{"index":"index","follow":"follow","max-snippet":"max-snippet:-1","max-image-preview":"max-image-preview:large","max-video-preview":"max-video-preview:-1"},"canonical":"https:\/\/theplayoffs.news\/fr\/actualite-nba\/blake-griffin-de-retour-aux-celtics\/","og_locale":"fr_FR","og_type":"article","og_title":"Blake Griffin de retour aux Celtics ? - The Playoffs FR","og_url":"https:\/\/theplayoffs.news\/fr\/actualite-nba\/blake-griffin-de-retour-aux-celtics\/","og_site_name":"The Playoffs FR","article_publisher":"https:\/\/www.facebook.com\/TheFreeAgentFR\/","article_modified_time":"2023-08-08T14:04:06+00:00","og_image":[{"width":1920,"height":1187,"url":"https:\/\/theplayoffs.news\/fr\/wp-content\/uploads\/2023\/08\/Capture-decran-2023-08-08-a-15.33.20.jpg","type":"image\/jpeg"}],"author":"Charles Taudin","twitter_card":"summary_large_image","twitter_creator":"@TheFreeAgentFR","twitter_site":"@TheFreeAgentFR","twitter_misc":{"\u00c9crit par":"Charles Taudin","Dur\u00e9e de lecture estim\u00e9e":"2 minutes"},"schema":{"@context":"https:\/\/schema.org","@graph":[{"@type":"WebPage","@id":"https:\/\/theplayoffs.news\/fr\/actualite-nba\/blake-griffin-de-retour-aux-celtics\/","url":"https:\/\/theplayoffs.news\/fr\/actualite-nba\/blake-griffin-de-retour-aux-celtics\/","name":"Blake Griffin de retour aux Celtics ? - The Playoffs FR","isPartOf":{"@id":"https:\/\/theplayoffs.news\/fr\/#website"},"primaryImageOfPage":{"@id":"https:\/\/theplayoffs.news\/fr\/actualite-nba\/blake-griffin-de-retour-aux-celtics\/#primaryimage"},"image":{"@id":"https:\/\/theplayoffs.news\/fr\/actualite-nba\/blake-griffin-de-retour-aux-celtics\/#primaryimage"},"thumbnailUrl":"https:\/\/theplayoffs.news\/fr\/wp-content\/uploads\/2023\/08\/Capture-decran-2023-08-08-a-15.33.20.jpg","datePublished":"2023-08-08T14:02:37+00:00","dateModified":"2023-08-08T14:04:06+00:00","author":{"@id":"https:\/\/theplayoffs.news\/fr\/#\/schema\/person\/eee5b69ad5d3c51cabe881c839dbe133"},"breadcrumb":{"@id":"https:\/\/theplayoffs.news\/fr\/actualite-nba\/blake-griffin-de-retour-aux-celtics\/#breadcrumb"},"inLanguage":"fr-FR","potentialAction":[{"@type":"ReadAction","target":["https:\/\/theplayoffs.news\/fr\/actualite-nba\/blake-griffin-de-retour-aux-celtics\/"]}]},{"@type":"ImageObject","inLanguage":"fr-FR","@id":"https:\/\/theplayoffs.news\/fr\/actualite-nba\/blake-griffin-de-retour-aux-celtics\/#primaryimage","url":"https:\/\/theplayoffs.news\/fr\/wp-content\/uploads\/2023\/08\/Capture-decran-2023-08-08-a-15.33.20.jpg","contentUrl":"https:\/\/theplayoffs.news\/fr\/wp-content\/uploads\/2023\/08\/Capture-decran-2023-08-08-a-15.33.20.jpg","width":1920,"height":1187,"caption":"Blake Griffin"},{"@type":"BreadcrumbList","@id":"https:\/\/theplayoffs.news\/fr\/actualite-nba\/blake-griffin-de-retour-aux-celtics\/#breadcrumb","itemListElement":[{"@type":"ListItem","position":1,"name":"Accueil","item":"https:\/\/theplayoffs.news\/fr\/"},{"@type":"ListItem","position":2,"name":"Blake Griffin de retour aux Celtics ?"}]},{"@type":"WebSite","@id":"https:\/\/theplayoffs.news\/fr\/#website","url":"https:\/\/theplayoffs.news\/fr\/","name":"The Playoffs FR","description":"NBA-NFL-NHL-MLB","potentialAction":[{"@type":"SearchAction","target":{"@type":"EntryPoint","urlTemplate":"https:\/\/theplayoffs.news\/fr\/?s={search_term_string}"},"query-input":{"@type":"PropertyValueSpecification","valueRequired":true,"valueName":"search_term_string"}}],"inLanguage":"fr-FR"},{"@type":"Person","@id":"https:\/\/theplayoffs.news\/fr\/#\/schema\/person\/eee5b69ad5d3c51cabe881c839dbe133","name":"Charles Taudin","image":{"@type":"ImageObject","inLanguage":"fr-FR","@id":"https:\/\/theplayoffs.news\/fr\/#\/schema\/person\/image\/","url":"https:\/\/secure.gravatar.com\/avatar\/59a1e772205ce9fd255edfcafc93013736822e20261f294c5753b20c41ede9f2?s=96&d=mm&r=g","contentUrl":"https:\/\/secure.gravatar.com\/avatar\/59a1e772205ce9fd255edfcafc93013736822e20261f294c5753b20c41ede9f2?s=96&d=mm&r=g","caption":"Charles Taudin"},"description":"R\u00e9dacteur en chef global de The Playoffs, j\u2019ai cr\u00e9\u00e9 The Free Agent, devenu The Playoffs FR, en 2020 durant la pand\u00e9mie. Amoureux depuis des ann\u00e9es des 4 sports majeurs am\u00e9ricains, j\u2019organise maintenant la strat\u00e9gie \u00e9ditoriale et les r\u00e9seaux sociaux de l\u2019ensemble des versions de The Playoffs. Il m\u2019arrive encore d\u2019\u00e9crire sur certains sports que j\u2019affectionne particuli\u00e8rement comme la NFL ou la MLB. Si vous devez retenir qu\u2019une chose : Eli Manning est le vrai GOAT pour avoir battu deux fois Tom Brady.","sameAs":["https:\/\/www.instagram.com\/ctaudin_\/"],"url":"https:\/\/theplayoffs.news\/fr\/author\/charles-taudin\/"}]}},"_links":{"self":[{"href":"https:\/\/theplayoffs.news\/fr\/wp-json\/wp\/v2\/posts\/775077","targetHints":{"allow":["GET"]}}],"collection":[{"href":"https:\/\/theplayoffs.news\/fr\/wp-json\/wp\/v2\/posts"}],"about":[{"href":"https:\/\/theplayoffs.news\/fr\/wp-json\/wp\/v2\/types\/post"}],"author":[{"embeddable":true,"href":"https:\/\/theplayoffs.news\/fr\/wp-json\/wp\/v2\/users\/13"}],"replies":[{"embeddable":true,"href":"https:\/\/theplayoffs.news\/fr\/wp-json\/wp\/v2\/comments?post=775077"}],"version-history":[{"count":2,"href":"https:\/\/theplayoffs.news\/fr\/wp-json\/wp\/v2\/posts\/775077\/revisions"}],"predecessor-version":[{"id":775136,"href":"https:\/\/theplayoffs.news\/fr\/wp-json\/wp\/v2\/posts\/775077\/revisions\/775136"}],"wp:featuredmedia":[{"embeddable":true,"href":"https:\/\/theplayoffs.news\/fr\/wp-json\/wp\/v2\/media\/775116"}],"wp:attachment":[{"href":"https:\/\/theplayoffs.news\/fr\/wp-json\/wp\/v2\/media?parent=775077"}],"wp:term":[{"taxonomy":"category","embeddable":true,"href":"https:\/\/theplayoffs.news\/fr\/wp-json\/wp\/v2\/categories?post=775077"},{"taxonomy":"post_tag","embeddable":true,"href":"https:\/\/theplayoffs.news\/fr\/wp-json\/wp\/v2\/tags?post=775077"},{"taxonomy":"sport","embeddable":true,"href":"https:\/\/theplayoffs.news\/fr\/wp-json\/wp\/v2\/sport?post=775077"},{"taxonomy":"saison","embeddable":true,"href":"https:\/\/theplayoffs.news\/fr\/wp-json\/wp\/v2\/saison?post=775077"}],"curies":[{"name":"wp","href":"https:\/\/api.w.org\/{rel}","templated":true}]}}