{"id":770612,"date":"2023-08-07T10:16:51","date_gmt":"2023-08-07T08:16:51","guid":{"rendered":"https:\/\/theplayoffs.news\/fr\/?p=770612"},"modified":"2023-08-07T10:16:52","modified_gmt":"2023-08-07T08:16:52","slug":"la-rechute-de-carlos-rodon","status":"publish","type":"post","link":"https:\/\/theplayoffs.news\/fr\/actualite-mlb\/la-rechute-de-carlos-rodon\/","title":{"rendered":"La rechute de Carlos Rodon"},"content":{"rendered":"<h2>Carlos Rodon, des Yankees de New York a connu un autre accroc, quittant ses partenaires dans la troisi&egrave;me manche du duel de dimanche contre les Astros de Houston en raison d&rsquo;une blessure impr&eacute;vue aux ischio-jambiers gauches.<\/h2><p>Ce nouveau revers survient alors que Rodon s&rsquo;effor&ccedil;ait de faire son retour apr&egrave;s une s&eacute;rie d&rsquo;&eacute;v&eacute;nements malheureux depuis le d&eacute;but de la saison 2023.<\/p><h3>Les probl&egrave;mes d&rsquo;ischio-jambiers &eacute;clipsent le retour de Rodon<\/h3><p>Ce dernier contretemps s&rsquo;est ajout&eacute; &agrave; la liste croissante des d&eacute;fis de Rodon. Contraint de quitter le monticule apr&egrave;s avoir ressenti une douleur inhabituelle dans son ischio-jambier, le lanceur de 30 ans subira une IRM pour &eacute;valuer l&rsquo;&eacute;tendue de la blessure.<\/p><p><a href=\"https:\/\/theplayoffs.news\/fr\/joueur\/carlos-rodon-mlb-67392\/\" class=\"trk-cta-link\" data-cta-trk='{\"ctaType\":\"Link\",\"ctaSubType\":\"main\"}'><strong>Carlos Rodon<\/strong><\/a>, dans ses commentaires d&rsquo;apr&egrave;s-match, a exprim&eacute; sa frustration face &agrave; la situation, expliquant que l&rsquo;inconfort ressemblait &agrave; une crampe qui s&rsquo;est att&eacute;nu&eacute;e apr&egrave;s s&rsquo;&ecirc;tre r&eacute;p&eacute;t&eacute;e.<\/p><p>La blessure de Rodon survient apr&egrave;s son retour d&rsquo;une absence prolong&eacute;e de trois mois en raison d&rsquo;une entorse &agrave; l&rsquo;avant-bras gauche. Au cours d&rsquo;une saison qui l&rsquo;a vu lutter contre des probl&egrave;mes de sant&eacute;, les performances de Rodon sur le terrain ont &eacute;t&eacute; aussi tr&egrave;s difficile.<\/p><p>Le match de dimanche a vu son ERA grimper &agrave; 7,33, apr&egrave;s les home run de Jake Meyers et <a href=\"https:\/\/theplayoffs.news\/fr\/joueur\/yordan-alvarez-mlb-72036\/\" class=\"trk-cta-link\" data-cta-trk='{\"ctaType\":\"Link\",\"ctaSubType\":\"main\"}'><strong>Yordan Alvarez<\/strong><\/a>.<\/p><h3>Les difficult&eacute;s de Carlos Rodon refl&egrave;tent les probl&egrave;mes de lancer plus larges des Yankees<\/h3><p>Il convient de noter que les tribulations de Carlos Rodon se d&eacute;roulent dans un contexte de probl&egrave;mes de lancer qui affligent les Yankees. L&rsquo;&eacute;quipe a r&eacute;cemment perdu Domingo German, qui a pris une pause pour un traitement contre l&rsquo;abus d&rsquo;alcool. L&rsquo;incoh&eacute;rence de Luis Severino a &eacute;galement contraint la direction &agrave; envisager de le repositionner dans l&rsquo;enclos des releveurs.<\/p><p>Cependant, malgr&eacute; les r&eacute;centes difficult&eacute;s de lancer des Yankees, il y a des lueurs d&rsquo;espoir. Le retour de Nestor Cortes et d&rsquo;Aaron Judge apr&egrave;s des blessures renforce respectivement la rotation et l&rsquo;alignement des Yankees. Comme l&rsquo;a soulign&eacute; le manager Aaron Boone, le retour de joueurs cl&eacute;s pourrait encore renverser la vapeur pour les Yankees.<\/p><p>Bien que les probl&egrave;mes de lancer des Yankees puissent pr&eacute;senter un s&eacute;rieux obstacle dans leur qu&ecirc;te d&rsquo;une place en wild card, il leur reste 50 matchs pour changer l&rsquo;&eacute;lan. Le voltigeur Harrison Bader demeure optimiste quant au potentiel d&rsquo;excellence de l&rsquo;&eacute;quipe, &eacute;cartant toute inqui&eacute;tude quant &agrave; sa position actuelle.<\/p>\n","protected":false},"excerpt":{"rendered":"","protected":false},"author":13,"featured_media":770636,"comment_status":"open","ping_status":"closed","sticky":false,"template":"","format":"standard","meta":{"inline_featured_image":false,"kia_subtitle":"","_mux_skip_reasons":[],"proofreadBy":0,"footnotes":""},"categories":[188,9],"tags":[5127,717],"sport":[],"saison":[],"class_list":["post-770612","post","type-post","status-publish","format-standard","has-post-thumbnail","hentry","category-actualite-mlb","category-mlb","tag-carlos-rodon","tag-new-york-yankees"],"acf":[],"yoast_head":"<!-- This site is optimized with the Yoast SEO plugin v24.2 - https:\/\/yoast.com\/wordpress\/plugins\/seo\/ -->\n<title>La rechute de Carlos Rodon - The Playoffs FR<\/title>\n<meta name=\"robots\" content=\"index, follow, max-snippet:-1, max-image-preview:large, max-video-preview:-1\" \/>\n<link rel=\"canonical\" href=\"https:\/\/theplayoffs.news\/fr\/actualite-mlb\/la-rechute-de-carlos-rodon\/\" \/>\n<meta property=\"og:locale\" content=\"fr_FR\" \/>\n<meta property=\"og:type\" content=\"article\" \/>\n<meta property=\"og:title\" content=\"La rechute de Carlos Rodon - The Playoffs FR\" \/>\n<meta property=\"og:url\" content=\"https:\/\/theplayoffs.news\/fr\/actualite-mlb\/la-rechute-de-carlos-rodon\/\" \/>\n<meta property=\"og:site_name\" content=\"The Playoffs FR\" \/>\n<meta property=\"article:publisher\" content=\"https:\/\/www.facebook.com\/TheFreeAgentFR\/\" \/>\n<meta property=\"article:modified_time\" content=\"2023-08-07T10:16:52+02:00\" \/>\n<meta property=\"og:image\" content=\"https:\/\/theplayoffs.news\/fr\/wp-content\/uploads\/2023\/08\/maxresdefault-96.jpg\" \/>\n\t<meta property=\"og:image:width\" content=\"1280\" \/>\n\t<meta property=\"og:image:height\" content=\"720\" \/>\n\t<meta property=\"og:image:type\" content=\"image\/jpeg\" \/>\n<meta name=\"author\" content=\"Charles Taudin\" \/>\n<meta name=\"twitter:card\" content=\"summary_large_image\" \/>\n<meta name=\"twitter:creator\" content=\"@TheFreeAgentFR\" \/>\n<meta name=\"twitter:site\" content=\"@TheFreeAgentFR\" \/>\n<meta name=\"twitter:label1\" content=\"\u00c9crit par\" \/>\n\t<meta name=\"twitter:data1\" content=\"Charles Taudin\" \/>\n\t<meta name=\"twitter:label2\" content=\"Dur\u00e9e de lecture estim\u00e9e\" \/>\n\t<meta name=\"twitter:data2\" content=\"2 minutes\" \/>\n<script type=\"application\/ld+json\" class=\"yoast-schema-graph\">{\"@context\":\"https:\/\/schema.org\",\"@graph\":[{\"@type\":\"WebPage\",\"@id\":\"https:\/\/theplayoffs.news\/fr\/actualite-mlb\/la-rechute-de-carlos-rodon\/\",\"url\":\"https:\/\/theplayoffs.news\/fr\/actualite-mlb\/la-rechute-de-carlos-rodon\/\",\"name\":\"La rechute de Carlos Rodon - The Playoffs FR\",\"isPartOf\":{\"@id\":\"https:\/\/theplayoffs.news\/fr\/#website\"},\"primaryImageOfPage\":{\"@id\":\"https:\/\/theplayoffs.news\/fr\/actualite-mlb\/la-rechute-de-carlos-rodon\/#primaryimage\"},\"image\":{\"@id\":\"https:\/\/theplayoffs.news\/fr\/actualite-mlb\/la-rechute-de-carlos-rodon\/#primaryimage\"},\"thumbnailUrl\":\"https:\/\/theplayoffs.news\/fr\/wp-content\/uploads\/2023\/08\/maxresdefault-96.jpg\",\"datePublished\":\"2023-08-07T08:16:51+00:00\",\"dateModified\":\"2023-08-07T08:16:52+00:00\",\"author\":{\"@id\":\"https:\/\/theplayoffs.news\/fr\/#\/schema\/person\/eee5b69ad5d3c51cabe881c839dbe133\"},\"breadcrumb\":{\"@id\":\"https:\/\/theplayoffs.news\/fr\/actualite-mlb\/la-rechute-de-carlos-rodon\/#breadcrumb\"},\"inLanguage\":\"fr-FR\",\"potentialAction\":[{\"@type\":\"ReadAction\",\"target\":[\"https:\/\/theplayoffs.news\/fr\/actualite-mlb\/la-rechute-de-carlos-rodon\/\"]}]},{\"@type\":\"ImageObject\",\"inLanguage\":\"fr-FR\",\"@id\":\"https:\/\/theplayoffs.news\/fr\/actualite-mlb\/la-rechute-de-carlos-rodon\/#primaryimage\",\"url\":\"https:\/\/theplayoffs.news\/fr\/wp-content\/uploads\/2023\/08\/maxresdefault-96.jpg\",\"contentUrl\":\"https:\/\/theplayoffs.news\/fr\/wp-content\/uploads\/2023\/08\/maxresdefault-96.jpg\",\"width\":1280,\"height\":720,\"caption\":\"Carlos Rodon\"},{\"@type\":\"BreadcrumbList\",\"@id\":\"https:\/\/theplayoffs.news\/fr\/actualite-mlb\/la-rechute-de-carlos-rodon\/#breadcrumb\",\"itemListElement\":[{\"@type\":\"ListItem\",\"position\":1,\"name\":\"Accueil\",\"item\":\"https:\/\/theplayoffs.news\/fr\/\"},{\"@type\":\"ListItem\",\"position\":2,\"name\":\"La rechute de Carlos Rodon\"}]},{\"@type\":\"WebSite\",\"@id\":\"https:\/\/theplayoffs.news\/fr\/#website\",\"url\":\"https:\/\/theplayoffs.news\/fr\/\",\"name\":\"The Playoffs FR\",\"description\":\"NBA-NFL-NHL-MLB\",\"potentialAction\":[{\"@type\":\"SearchAction\",\"target\":{\"@type\":\"EntryPoint\",\"urlTemplate\":\"https:\/\/theplayoffs.news\/fr\/?s={search_term_string}\"},\"query-input\":{\"@type\":\"PropertyValueSpecification\",\"valueRequired\":true,\"valueName\":\"search_term_string\"}}],\"inLanguage\":\"fr-FR\"},{\"@type\":\"Person\",\"@id\":\"https:\/\/theplayoffs.news\/fr\/#\/schema\/person\/eee5b69ad5d3c51cabe881c839dbe133\",\"name\":\"Charles Taudin\",\"image\":{\"@type\":\"ImageObject\",\"inLanguage\":\"fr-FR\",\"@id\":\"https:\/\/theplayoffs.news\/fr\/#\/schema\/person\/image\/\",\"url\":\"https:\/\/secure.gravatar.com\/avatar\/59a1e772205ce9fd255edfcafc93013736822e20261f294c5753b20c41ede9f2?s=96&d=mm&r=g\",\"contentUrl\":\"https:\/\/secure.gravatar.com\/avatar\/59a1e772205ce9fd255edfcafc93013736822e20261f294c5753b20c41ede9f2?s=96&d=mm&r=g\",\"caption\":\"Charles Taudin\"},\"description\":\"R\u00e9dacteur en chef global de The Playoffs, j\u2019ai cr\u00e9\u00e9 The Free Agent, devenu The Playoffs FR, en 2020 durant la pand\u00e9mie. Amoureux depuis des ann\u00e9es des 4 sports majeurs am\u00e9ricains, j\u2019organise maintenant la strat\u00e9gie \u00e9ditoriale et les r\u00e9seaux sociaux de l\u2019ensemble des versions de The Playoffs. Il m\u2019arrive encore d\u2019\u00e9crire sur certains sports que j\u2019affectionne particuli\u00e8rement comme la NFL ou la MLB. Si vous devez retenir qu\u2019une chose : Eli Manning est le vrai GOAT pour avoir battu deux fois Tom Brady.\",\"sameAs\":[\"https:\/\/www.instagram.com\/ctaudin_\/\"],\"url\":\"https:\/\/theplayoffs.news\/fr\/author\/charles-taudin\/\"}]}<\/script>\n<!-- \/ Yoast SEO plugin. -->","yoast_head_json":{"title":"La rechute de Carlos Rodon - The Playoffs FR","robots":{"index":"index","follow":"follow","max-snippet":"max-snippet:-1","max-image-preview":"max-image-preview:large","max-video-preview":"max-video-preview:-1"},"canonical":"https:\/\/theplayoffs.news\/fr\/actualite-mlb\/la-rechute-de-carlos-rodon\/","og_locale":"fr_FR","og_type":"article","og_title":"La rechute de Carlos Rodon - The Playoffs FR","og_url":"https:\/\/theplayoffs.news\/fr\/actualite-mlb\/la-rechute-de-carlos-rodon\/","og_site_name":"The Playoffs FR","article_publisher":"https:\/\/www.facebook.com\/TheFreeAgentFR\/","article_modified_time":"2023-08-07T08:16:52+00:00","og_image":[{"width":1280,"height":720,"url":"https:\/\/theplayoffs.news\/fr\/wp-content\/uploads\/2023\/08\/maxresdefault-96.jpg","type":"image\/jpeg"}],"author":"Charles Taudin","twitter_card":"summary_large_image","twitter_creator":"@TheFreeAgentFR","twitter_site":"@TheFreeAgentFR","twitter_misc":{"\u00c9crit par":"Charles Taudin","Dur\u00e9e de lecture estim\u00e9e":"2 minutes"},"schema":{"@context":"https:\/\/schema.org","@graph":[{"@type":"WebPage","@id":"https:\/\/theplayoffs.news\/fr\/actualite-mlb\/la-rechute-de-carlos-rodon\/","url":"https:\/\/theplayoffs.news\/fr\/actualite-mlb\/la-rechute-de-carlos-rodon\/","name":"La rechute de Carlos Rodon - The Playoffs FR","isPartOf":{"@id":"https:\/\/theplayoffs.news\/fr\/#website"},"primaryImageOfPage":{"@id":"https:\/\/theplayoffs.news\/fr\/actualite-mlb\/la-rechute-de-carlos-rodon\/#primaryimage"},"image":{"@id":"https:\/\/theplayoffs.news\/fr\/actualite-mlb\/la-rechute-de-carlos-rodon\/#primaryimage"},"thumbnailUrl":"https:\/\/theplayoffs.news\/fr\/wp-content\/uploads\/2023\/08\/maxresdefault-96.jpg","datePublished":"2023-08-07T08:16:51+00:00","dateModified":"2023-08-07T08:16:52+00:00","author":{"@id":"https:\/\/theplayoffs.news\/fr\/#\/schema\/person\/eee5b69ad5d3c51cabe881c839dbe133"},"breadcrumb":{"@id":"https:\/\/theplayoffs.news\/fr\/actualite-mlb\/la-rechute-de-carlos-rodon\/#breadcrumb"},"inLanguage":"fr-FR","potentialAction":[{"@type":"ReadAction","target":["https:\/\/theplayoffs.news\/fr\/actualite-mlb\/la-rechute-de-carlos-rodon\/"]}]},{"@type":"ImageObject","inLanguage":"fr-FR","@id":"https:\/\/theplayoffs.news\/fr\/actualite-mlb\/la-rechute-de-carlos-rodon\/#primaryimage","url":"https:\/\/theplayoffs.news\/fr\/wp-content\/uploads\/2023\/08\/maxresdefault-96.jpg","contentUrl":"https:\/\/theplayoffs.news\/fr\/wp-content\/uploads\/2023\/08\/maxresdefault-96.jpg","width":1280,"height":720,"caption":"Carlos Rodon"},{"@type":"BreadcrumbList","@id":"https:\/\/theplayoffs.news\/fr\/actualite-mlb\/la-rechute-de-carlos-rodon\/#breadcrumb","itemListElement":[{"@type":"ListItem","position":1,"name":"Accueil","item":"https:\/\/theplayoffs.news\/fr\/"},{"@type":"ListItem","position":2,"name":"La rechute de Carlos Rodon"}]},{"@type":"WebSite","@id":"https:\/\/theplayoffs.news\/fr\/#website","url":"https:\/\/theplayoffs.news\/fr\/","name":"The Playoffs FR","description":"NBA-NFL-NHL-MLB","potentialAction":[{"@type":"SearchAction","target":{"@type":"EntryPoint","urlTemplate":"https:\/\/theplayoffs.news\/fr\/?s={search_term_string}"},"query-input":{"@type":"PropertyValueSpecification","valueRequired":true,"valueName":"search_term_string"}}],"inLanguage":"fr-FR"},{"@type":"Person","@id":"https:\/\/theplayoffs.news\/fr\/#\/schema\/person\/eee5b69ad5d3c51cabe881c839dbe133","name":"Charles Taudin","image":{"@type":"ImageObject","inLanguage":"fr-FR","@id":"https:\/\/theplayoffs.news\/fr\/#\/schema\/person\/image\/","url":"https:\/\/secure.gravatar.com\/avatar\/59a1e772205ce9fd255edfcafc93013736822e20261f294c5753b20c41ede9f2?s=96&d=mm&r=g","contentUrl":"https:\/\/secure.gravatar.com\/avatar\/59a1e772205ce9fd255edfcafc93013736822e20261f294c5753b20c41ede9f2?s=96&d=mm&r=g","caption":"Charles Taudin"},"description":"R\u00e9dacteur en chef global de The Playoffs, j\u2019ai cr\u00e9\u00e9 The Free Agent, devenu The Playoffs FR, en 2020 durant la pand\u00e9mie. Amoureux depuis des ann\u00e9es des 4 sports majeurs am\u00e9ricains, j\u2019organise maintenant la strat\u00e9gie \u00e9ditoriale et les r\u00e9seaux sociaux de l\u2019ensemble des versions de The Playoffs. Il m\u2019arrive encore d\u2019\u00e9crire sur certains sports que j\u2019affectionne particuli\u00e8rement comme la NFL ou la MLB. Si vous devez retenir qu\u2019une chose : Eli Manning est le vrai GOAT pour avoir battu deux fois Tom Brady.","sameAs":["https:\/\/www.instagram.com\/ctaudin_\/"],"url":"https:\/\/theplayoffs.news\/fr\/author\/charles-taudin\/"}]}},"_links":{"self":[{"href":"https:\/\/theplayoffs.news\/fr\/wp-json\/wp\/v2\/posts\/770612","targetHints":{"allow":["GET"]}}],"collection":[{"href":"https:\/\/theplayoffs.news\/fr\/wp-json\/wp\/v2\/posts"}],"about":[{"href":"https:\/\/theplayoffs.news\/fr\/wp-json\/wp\/v2\/types\/post"}],"author":[{"embeddable":true,"href":"https:\/\/theplayoffs.news\/fr\/wp-json\/wp\/v2\/users\/13"}],"replies":[{"embeddable":true,"href":"https:\/\/theplayoffs.news\/fr\/wp-json\/wp\/v2\/comments?post=770612"}],"version-history":[{"count":2,"href":"https:\/\/theplayoffs.news\/fr\/wp-json\/wp\/v2\/posts\/770612\/revisions"}],"predecessor-version":[{"id":770665,"href":"https:\/\/theplayoffs.news\/fr\/wp-json\/wp\/v2\/posts\/770612\/revisions\/770665"}],"wp:featuredmedia":[{"embeddable":true,"href":"https:\/\/theplayoffs.news\/fr\/wp-json\/wp\/v2\/media\/770636"}],"wp:attachment":[{"href":"https:\/\/theplayoffs.news\/fr\/wp-json\/wp\/v2\/media?parent=770612"}],"wp:term":[{"taxonomy":"category","embeddable":true,"href":"https:\/\/theplayoffs.news\/fr\/wp-json\/wp\/v2\/categories?post=770612"},{"taxonomy":"post_tag","embeddable":true,"href":"https:\/\/theplayoffs.news\/fr\/wp-json\/wp\/v2\/tags?post=770612"},{"taxonomy":"sport","embeddable":true,"href":"https:\/\/theplayoffs.news\/fr\/wp-json\/wp\/v2\/sport?post=770612"},{"taxonomy":"saison","embeddable":true,"href":"https:\/\/theplayoffs.news\/fr\/wp-json\/wp\/v2\/saison?post=770612"}],"curies":[{"name":"wp","href":"https:\/\/api.w.org\/{rel}","templated":true}]}}